{"id":153240,"date":"2016-12-10T10:30:04","date_gmt":"2016-12-10T13:30:04","guid":{"rendered":"http:\/\/quersaberpolitica.com.br\/2016\/?p=153240"},"modified":"2016-12-10T09:10:07","modified_gmt":"2016-12-10T12:10:07","slug":"um-ano-sem-beatriz-mae-faz-desabafo-sobre-o-caso","status":"publish","type":"post","link":"https:\/\/blogdofarnesio.com.br\/?p=153240","title":{"rendered":"UM ANO SEM BEATRIZ: M\u00c3E FAZ DESABAFO SOBRE O CASO"},"content":{"rendered":"<p>O Governo do Estado de Pernambuco j\u00e1 demonstrou incapacidade nas investiga\u00e7\u00f5es para solucionar o caso Beatriz Ang\u00e9lica que foi covardemente assassinada dentro do Col\u00e9gio Maria Auxiliadora em 10 de dezembro de 2015. Com o passar do tempo aumentou o n\u00famero de promotores e delegados nas investiga\u00e7\u00f5es, mas de nada adiantou para desvendar quem matou a menina Beatriz.<\/p>\n<p>Desgastado, o governo pernambucano \u00a0transferiu a responsabilidade dos trabalhos de investiga\u00e7\u00f5es para a delegada de Olinda, Gleide \u00c2ngela. Ela ir\u00e1 trabalhar ao lado do delegado Marceone Ferreira. Cansados de tanto esperar por uma solu\u00e7\u00e3o, os pais reuniram com o Ministro da Justi\u00e7a, Alexandre de Moraes, contando ainda com as presen\u00e7as do deputado federal Aldalberto Cavalcanti (PTB) e do ex-deputado federal Edson Duarte(PV), \u00a0solicitando coopera\u00e7\u00f5es nas investiga\u00e7\u00f5es atrav\u00e9s da Pol\u00edcia Federal.<!--more--><\/p>\n<p>Durante entrevista ao programa de Gra\u00e7a Ara\u00fajo, na tarde desta sexta-feira (09), a m\u00e3e de Beatriz, Lucinha Mota fez as seguintes declara\u00e7\u00f5es: \u201cAcreditamos no trabalho de Doutor Marceone. O que n\u00f3s estamos querendo \u00e9 investimentos t\u00e9cnicos na Pol\u00edcia Civil de Pernambuco, \u00e9 prec\u00e1rio entrar numa delegacia e perceber policiais civis disputando computador e uma cadeira para sentar. Mas vejo a dedica\u00e7\u00e3o do trabalho deles diante do caso (\u2026) A Policia Civil de Pernambuco precisa de apoio t\u00e9cnico da Pol\u00edcia Federal, cheguei a falar com o governador Paulo C\u00e2mara para que desse aten\u00e7\u00e3o aos policiais\u201d.<\/p>\n<p>Lucinha foi questionada se suspeitava de algu\u00e9m.\u201dEu n\u00e3o tenho como suspeitar de algu\u00e9m porque nunca existiu um fato que pudesse justificar tal brutalidade. N\u00f3s mor\u00e1vamos na sa\u00edda de Juazeiro, em uma ch\u00e1cara onde n\u00e3o tinha seguran\u00e7a p\u00fablica, ilumina\u00e7\u00e3o, ent\u00e3o se fosse algo para a nossa fam\u00edlia ali seria o local ideal\u201d. Ela n\u00e3o descartou que algu\u00e9m tenha cometido o crime para atingir a institui\u00e7\u00e3o. \u201cJ\u00e1 me passou pela cabe\u00e7a que algu\u00e9m queria atingir a institui\u00e7\u00e3o ou a Igreja Cat\u00f3lica. Existe outras linhas de investiga\u00e7\u00f5es\u201d. Ela disse ainda acreditar na justi\u00e7a. \u201cTenho certeza que a policia vai colocar as m\u00e3os nesse assassino\u201d.<\/p>\n<p><strong>Posi\u00e7\u00e3o do Col\u00e9gio<\/strong><\/p>\n<p>Ela lamentou a decis\u00e3o do col\u00e9gio por proteger a imagem da institui\u00e7\u00e3o. \u201cA dire\u00e7\u00e3o da escola tenta apenas proteger a imagem do Col\u00e9gio. Ent\u00e3o se o delegado apontou cinco suspeitos sendo funcion\u00e1rios do col\u00e9gio, ent\u00e3o tem que ser investigado. O Col\u00e9gio ou a sociedade n\u00e3o pode colocar uma pedra em cima das investiga\u00e7\u00f5es\u201d.<\/p>\n<p><strong>Fato lament\u00e1vel<\/strong><\/p>\n<p>Esta semana o ex-prefeito de Petrolina, Augusto Coelho foi para a imprensa tomar partido sobre o caso tentando proteger a imagem da escola, o que gerou indigna\u00e7\u00e3o dos pais e parte da sociedades de Petrolina e Juazeiro. \u201cTem pessoas pr\u00e9-hist\u00f3rica que acha que com o encerramento do caso vai proteger a imagem do col\u00e9gio. Na verdade a imagem do col\u00e9gio foi manchada por permitir que o fato acontecesse. O col\u00e9gio n\u00e3o tinha seguran\u00e7a, foi omisso em todos os sentidos (\u2026) O p\u00e9rito \u00a0Gilm\u00e1rio confirmou que o crime foi planejado com um dia de anteced\u00eancia\u201d.<\/p>\n<p><strong>Afastamento da unidade de ensino<\/strong><\/p>\n<p>Ela afirmou ainda que n\u00e3o tem mais contato com o col\u00e9gio. \u201cNo in\u00edcio tinha contato com as irm\u00e3s que administram o col\u00e9gio, depois n\u00e3o tivemos mais. Fiquei triste com esta posi\u00e7\u00e3o adotada. Hoje entrando no estacionamento da institui\u00e7\u00e3o n\u00e3o se v\u00ea um carro com o adesivo de Beatriz\u201d.<\/p>\n<p>Ela concluiu descartando que o movimento tenha cunho religioso. \u201cN\u00e3o \u00e9 uma luta contra a religi\u00e3o, somos cat\u00f3licos, \u00e9 uma luta por justi\u00e7a. O minimo que esper\u00e1vamos da institui\u00e7\u00e3o era que abra\u00e7asse a causa\u201d.<\/p>\n<p>Est\u00e1 programado para amanh\u00e3 (10) uma grande concentra\u00e7\u00e3o na porta do Col\u00e9gio Maria Auxiliadora a partir das 19h.<\/p>\n<p>&nbsp;<\/p>\n<p>A\u00e7\u00e3o Popular<\/p>\n","protected":false},"excerpt":{"rendered":"<p>O Governo do Estado de Pernambuco j\u00e1 demonstrou incapacidade nas investiga\u00e7\u00f5es para solucionar o caso Beatriz Ang\u00e9lica que foi covardemente assassinada dentro do Col\u00e9gio Maria Auxiliadora em 10 de dezembro de 2015. Com o passar do tempo aumentou o n\u00famero de promotores e delegados nas investiga\u00e7\u00f5es, mas de nada adiantou para desvendar quem matou a menina Beatriz. Desgastado, o governo pernambucano \u00a0transferiu a responsabilidade dos trabalhos de investiga\u00e7\u00f5es para a delegada de Olinda, Gleide \u00c2ngela. Ela ir\u00e1 trabalhar ao lado do delegado Marceone Ferreira. Cansados de tanto esperar por uma solu\u00e7\u00e3o, os pais reuniram com o Ministro da Justi\u00e7a, Alexandre de Moraes, contando ainda com as presen\u00e7as do deputado federal Aldalberto Cavalcanti (PTB) e do ex-deputado federal Edson Duarte(PV), \u00a0solicitando&hellip; <\/p>\n","protected":false},"author":1,"featured_media":152486,"comment_status":"open","ping_status":"open","sticky":false,"template":"","format":"standard","meta":{"_acf_changed":false,"footnotes":""},"categories":[9,5],"tags":[],"class_list":["post-153240","post","type-post","status-publish","format-standard","has-post-thumbnail","hentry","category-policia","category-seguranca"],"acf":[],"yoast_head":"<!-- This site is optimized with the Yoast SEO plugin v27.4 - https:\/\/yoast.com\/product\/yoast-seo-wordpress\/ -->\n<title>UM ANO SEM BEATRIZ: M\u00c3E FAZ DESABAFO SOBRE O CASO - Blog do Farn\u00e9sio<\/title>\n<meta name=\"robots\" content=\"index, follow, max-snippet:-1, max-image-preview:large, max-video-preview:-1\" \/>\n<link rel=\"canonical\" href=\"http:\/\/blogdofarnesio.com.br\/?p=153240\" \/>\n<meta property=\"og:locale\" content=\"pt_BR\" \/>\n<meta property=\"og:type\" content=\"article\" \/>\n<meta property=\"og:title\" content=\"UM ANO SEM BEATRIZ: M\u00c3E FAZ DESABAFO SOBRE O CASO - Blog do Farn\u00e9sio\" \/>\n<meta property=\"og:description\" content=\"O Governo do Estado de Pernambuco j\u00e1 demonstrou incapacidade nas investiga\u00e7\u00f5es para solucionar o caso Beatriz Ang\u00e9lica que foi covardemente assassinada dentro do Col\u00e9gio Maria Auxiliadora em 10 de dezembro de 2015. Com o passar do tempo aumentou o n\u00famero de promotores e delegados nas investiga\u00e7\u00f5es, mas de nada adiantou para desvendar quem matou a menina Beatriz. Desgastado, o governo pernambucano \u00a0transferiu a responsabilidade dos trabalhos de investiga\u00e7\u00f5es para a delegada de Olinda, Gleide \u00c2ngela. Ela ir\u00e1 trabalhar ao lado do delegado Marceone Ferreira. Cansados de tanto esperar por uma solu\u00e7\u00e3o, os pais reuniram com o Ministro da Justi\u00e7a, Alexandre de Moraes, contando ainda com as presen\u00e7as do deputado federal Aldalberto Cavalcanti (PTB) e do ex-deputado federal Edson Duarte(PV), \u00a0solicitando&hellip;\" \/>\n<meta property=\"og:url\" content=\"http:\/\/blogdofarnesio.com.br\/?p=153240\" \/>\n<meta property=\"og:site_name\" content=\"Blog do Farn\u00e9sio\" \/>\n<meta property=\"article:publisher\" content=\"https:\/\/www.facebook.com\/BlogQuerSaberPolitica\/\" \/>\n<meta property=\"article:published_time\" content=\"2016-12-10T13:30:04+00:00\" \/>\n<meta property=\"og:image\" content=\"http:\/\/blogdofarnesio.com.br\/wp-content\/uploads\/2016\/12\/blogqsp-beatriz.jpg\" \/>\n\t<meta property=\"og:image:width\" content=\"653\" \/>\n\t<meta property=\"og:image:height\" content=\"367\" \/>\n\t<meta property=\"og:image:type\" content=\"image\/jpeg\" \/>\n<meta name=\"author\" content=\"Farn\u00e9sio\" \/>\n<meta name=\"twitter:card\" content=\"summary_large_image\" \/>\n<meta name=\"twitter:label1\" content=\"Escrito por\" \/>\n\t<meta name=\"twitter:data1\" content=\"Farn\u00e9sio\" \/>\n\t<meta name=\"twitter:label2\" content=\"Est. tempo de leitura\" \/>\n\t<meta name=\"twitter:data2\" content=\"3 minutos\" \/>\n<script type=\"application\/ld+json\" class=\"yoast-schema-graph\">{\"@context\":\"https:\\\/\\\/schema.org\",\"@graph\":[{\"@type\":\"Article\",\"@id\":\"http:\\\/\\\/blogdofarnesio.com.br\\\/?p=153240#article\",\"isPartOf\":{\"@id\":\"http:\\\/\\\/blogdofarnesio.com.br\\\/?p=153240\"},\"author\":{\"name\":\"Farn\u00e9sio\",\"@id\":\"https:\\\/\\\/blogdofarnesio.com.br\\\/#\\\/schema\\\/person\\\/301c4acf522bccbfdb45af95b5b906a1\"},\"headline\":\"UM ANO SEM BEATRIZ: M\u00c3E FAZ DESABAFO SOBRE O CASO\",\"datePublished\":\"2016-12-10T13:30:04+00:00\",\"mainEntityOfPage\":{\"@id\":\"http:\\\/\\\/blogdofarnesio.com.br\\\/?p=153240\"},\"wordCount\":679,\"commentCount\":0,\"publisher\":{\"@id\":\"https:\\\/\\\/blogdofarnesio.com.br\\\/#organization\"},\"image\":{\"@id\":\"http:\\\/\\\/blogdofarnesio.com.br\\\/?p=153240#primaryimage\"},\"thumbnailUrl\":\"https:\\\/\\\/blogdofarnesio.com.br\\\/wp-content\\\/uploads\\\/2016\\\/12\\\/blogqsp-beatriz.jpg\",\"articleSection\":[\"Pol\u00edcia\",\"Seguran\u00e7a\"],\"inLanguage\":\"pt-BR\",\"potentialAction\":[{\"@type\":\"CommentAction\",\"name\":\"Comment\",\"target\":[\"http:\\\/\\\/blogdofarnesio.com.br\\\/?p=153240#respond\"]}]},{\"@type\":\"WebPage\",\"@id\":\"http:\\\/\\\/blogdofarnesio.com.br\\\/?p=153240\",\"url\":\"http:\\\/\\\/blogdofarnesio.com.br\\\/?p=153240\",\"name\":\"UM ANO SEM BEATRIZ: M\u00c3E FAZ DESABAFO SOBRE O CASO - Blog do Farn\u00e9sio\",\"isPartOf\":{\"@id\":\"https:\\\/\\\/blogdofarnesio.com.br\\\/#website\"},\"primaryImageOfPage\":{\"@id\":\"http:\\\/\\\/blogdofarnesio.com.br\\\/?p=153240#primaryimage\"},\"image\":{\"@id\":\"http:\\\/\\\/blogdofarnesio.com.br\\\/?p=153240#primaryimage\"},\"thumbnailUrl\":\"https:\\\/\\\/blogdofarnesio.com.br\\\/wp-content\\\/uploads\\\/2016\\\/12\\\/blogqsp-beatriz.jpg\",\"datePublished\":\"2016-12-10T13:30:04+00:00\",\"breadcrumb\":{\"@id\":\"http:\\\/\\\/blogdofarnesio.com.br\\\/?p=153240#breadcrumb\"},\"inLanguage\":\"pt-BR\",\"potentialAction\":[{\"@type\":\"ReadAction\",\"target\":[\"http:\\\/\\\/blogdofarnesio.com.br\\\/?p=153240\"]}]},{\"@type\":\"ImageObject\",\"inLanguage\":\"pt-BR\",\"@id\":\"http:\\\/\\\/blogdofarnesio.com.br\\\/?p=153240#primaryimage\",\"url\":\"https:\\\/\\\/blogdofarnesio.com.br\\\/wp-content\\\/uploads\\\/2016\\\/12\\\/blogqsp-beatriz.jpg\",\"contentUrl\":\"https:\\\/\\\/blogdofarnesio.com.br\\\/wp-content\\\/uploads\\\/2016\\\/12\\\/blogqsp-beatriz.jpg\",\"width\":653,\"height\":367},{\"@type\":\"BreadcrumbList\",\"@id\":\"http:\\\/\\\/blogdofarnesio.com.br\\\/?p=153240#breadcrumb\",\"itemListElement\":[{\"@type\":\"ListItem\",\"position\":1,\"name\":\"In\u00edcio\",\"item\":\"https:\\\/\\\/blogdofarnesio.com.br\\\/\"},{\"@type\":\"ListItem\",\"position\":2,\"name\":\"UM ANO SEM BEATRIZ: M\u00c3E FAZ DESABAFO SOBRE O CASO\"}]},{\"@type\":\"WebSite\",\"@id\":\"https:\\\/\\\/blogdofarnesio.com.br\\\/#website\",\"url\":\"https:\\\/\\\/blogdofarnesio.com.br\\\/\",\"name\":\"Blog do Farn\u00e9sio\",\"description\":\"Quer Saber Pol\u00edtica?\",\"publisher\":{\"@id\":\"https:\\\/\\\/blogdofarnesio.com.br\\\/#organization\"},\"potentialAction\":[{\"@type\":\"SearchAction\",\"target\":{\"@type\":\"EntryPoint\",\"urlTemplate\":\"https:\\\/\\\/blogdofarnesio.com.br\\\/?s={search_term_string}\"},\"query-input\":{\"@type\":\"PropertyValueSpecification\",\"valueRequired\":true,\"valueName\":\"search_term_string\"}}],\"inLanguage\":\"pt-BR\"},{\"@type\":\"Organization\",\"@id\":\"https:\\\/\\\/blogdofarnesio.com.br\\\/#organization\",\"name\":\"Blog do Farn\u00e9sio\",\"url\":\"https:\\\/\\\/blogdofarnesio.com.br\\\/\",\"logo\":{\"@type\":\"ImageObject\",\"inLanguage\":\"pt-BR\",\"@id\":\"https:\\\/\\\/blogdofarnesio.com.br\\\/#\\\/schema\\\/logo\\\/image\\\/\",\"url\":\"https:\\\/\\\/blogdofarnesio.com.br\\\/wp-content\\\/uploads\\\/2026\\\/03\\\/cropped-logo_new-1.png\",\"contentUrl\":\"https:\\\/\\\/blogdofarnesio.com.br\\\/wp-content\\\/uploads\\\/2026\\\/03\\\/cropped-logo_new-1.png\",\"width\":881,\"height\":685,\"caption\":\"Blog do Farn\u00e9sio\"},\"image\":{\"@id\":\"https:\\\/\\\/blogdofarnesio.com.br\\\/#\\\/schema\\\/logo\\\/image\\\/\"},\"sameAs\":[\"https:\\\/\\\/www.facebook.com\\\/BlogQuerSaberPolitica\\\/\"]},{\"@type\":\"Person\",\"@id\":\"https:\\\/\\\/blogdofarnesio.com.br\\\/#\\\/schema\\\/person\\\/301c4acf522bccbfdb45af95b5b906a1\",\"name\":\"Farn\u00e9sio\",\"image\":{\"@type\":\"ImageObject\",\"inLanguage\":\"pt-BR\",\"@id\":\"https:\\\/\\\/secure.gravatar.com\\\/avatar\\\/df0c9a14567c056f8ad6876ba5bbd1e3e2c48023eb6807342fc4663adf549f38?s=96&d=mm&r=g\",\"url\":\"https:\\\/\\\/secure.gravatar.com\\\/avatar\\\/df0c9a14567c056f8ad6876ba5bbd1e3e2c48023eb6807342fc4663adf549f38?s=96&d=mm&r=g\",\"contentUrl\":\"https:\\\/\\\/secure.gravatar.com\\\/avatar\\\/df0c9a14567c056f8ad6876ba5bbd1e3e2c48023eb6807342fc4663adf549f38?s=96&d=mm&r=g\",\"caption\":\"Farn\u00e9sio\"},\"sameAs\":[\"https:\\\/\\\/quersaberpolitica.com.br\"],\"url\":\"https:\\\/\\\/blogdofarnesio.com.br\\\/?author=1\"}]}<\/script>\n<!-- \/ Yoast SEO plugin. -->","yoast_head_json":{"title":"UM ANO SEM BEATRIZ: M\u00c3E FAZ DESABAFO SOBRE O CASO - Blog do Farn\u00e9sio","robots":{"index":"index","follow":"follow","max-snippet":"max-snippet:-1","max-image-preview":"max-image-preview:large","max-video-preview":"max-video-preview:-1"},"canonical":"http:\/\/blogdofarnesio.com.br\/?p=153240","og_locale":"pt_BR","og_type":"article","og_title":"UM ANO SEM BEATRIZ: M\u00c3E FAZ DESABAFO SOBRE O CASO - Blog do Farn\u00e9sio","og_description":"O Governo do Estado de Pernambuco j\u00e1 demonstrou incapacidade nas investiga\u00e7\u00f5es para solucionar o caso Beatriz Ang\u00e9lica que foi covardemente assassinada dentro do Col\u00e9gio Maria Auxiliadora em 10 de dezembro de 2015. Com o passar do tempo aumentou o n\u00famero de promotores e delegados nas investiga\u00e7\u00f5es, mas de nada adiantou para desvendar quem matou a menina Beatriz. Desgastado, o governo pernambucano \u00a0transferiu a responsabilidade dos trabalhos de investiga\u00e7\u00f5es para a delegada de Olinda, Gleide \u00c2ngela. Ela ir\u00e1 trabalhar ao lado do delegado Marceone Ferreira. Cansados de tanto esperar por uma solu\u00e7\u00e3o, os pais reuniram com o Ministro da Justi\u00e7a, Alexandre de Moraes, contando ainda com as presen\u00e7as do deputado federal Aldalberto Cavalcanti (PTB) e do ex-deputado federal Edson Duarte(PV), \u00a0solicitando&hellip;","og_url":"http:\/\/blogdofarnesio.com.br\/?p=153240","og_site_name":"Blog do Farn\u00e9sio","article_publisher":"https:\/\/www.facebook.com\/BlogQuerSaberPolitica\/","article_published_time":"2016-12-10T13:30:04+00:00","og_image":[{"width":653,"height":367,"url":"http:\/\/blogdofarnesio.com.br\/wp-content\/uploads\/2016\/12\/blogqsp-beatriz.jpg","type":"image\/jpeg"}],"author":"Farn\u00e9sio","twitter_card":"summary_large_image","twitter_misc":{"Escrito por":"Farn\u00e9sio","Est. tempo de leitura":"3 minutos"},"schema":{"@context":"https:\/\/schema.org","@graph":[{"@type":"Article","@id":"http:\/\/blogdofarnesio.com.br\/?p=153240#article","isPartOf":{"@id":"http:\/\/blogdofarnesio.com.br\/?p=153240"},"author":{"name":"Farn\u00e9sio","@id":"https:\/\/blogdofarnesio.com.br\/#\/schema\/person\/301c4acf522bccbfdb45af95b5b906a1"},"headline":"UM ANO SEM BEATRIZ: M\u00c3E FAZ DESABAFO SOBRE O CASO","datePublished":"2016-12-10T13:30:04+00:00","mainEntityOfPage":{"@id":"http:\/\/blogdofarnesio.com.br\/?p=153240"},"wordCount":679,"commentCount":0,"publisher":{"@id":"https:\/\/blogdofarnesio.com.br\/#organization"},"image":{"@id":"http:\/\/blogdofarnesio.com.br\/?p=153240#primaryimage"},"thumbnailUrl":"https:\/\/blogdofarnesio.com.br\/wp-content\/uploads\/2016\/12\/blogqsp-beatriz.jpg","articleSection":["Pol\u00edcia","Seguran\u00e7a"],"inLanguage":"pt-BR","potentialAction":[{"@type":"CommentAction","name":"Comment","target":["http:\/\/blogdofarnesio.com.br\/?p=153240#respond"]}]},{"@type":"WebPage","@id":"http:\/\/blogdofarnesio.com.br\/?p=153240","url":"http:\/\/blogdofarnesio.com.br\/?p=153240","name":"UM ANO SEM BEATRIZ: M\u00c3E FAZ DESABAFO SOBRE O CASO - Blog do Farn\u00e9sio","isPartOf":{"@id":"https:\/\/blogdofarnesio.com.br\/#website"},"primaryImageOfPage":{"@id":"http:\/\/blogdofarnesio.com.br\/?p=153240#primaryimage"},"image":{"@id":"http:\/\/blogdofarnesio.com.br\/?p=153240#primaryimage"},"thumbnailUrl":"https:\/\/blogdofarnesio.com.br\/wp-content\/uploads\/2016\/12\/blogqsp-beatriz.jpg","datePublished":"2016-12-10T13:30:04+00:00","breadcrumb":{"@id":"http:\/\/blogdofarnesio.com.br\/?p=153240#breadcrumb"},"inLanguage":"pt-BR","potentialAction":[{"@type":"ReadAction","target":["http:\/\/blogdofarnesio.com.br\/?p=153240"]}]},{"@type":"ImageObject","inLanguage":"pt-BR","@id":"http:\/\/blogdofarnesio.com.br\/?p=153240#primaryimage","url":"https:\/\/blogdofarnesio.com.br\/wp-content\/uploads\/2016\/12\/blogqsp-beatriz.jpg","contentUrl":"https:\/\/blogdofarnesio.com.br\/wp-content\/uploads\/2016\/12\/blogqsp-beatriz.jpg","width":653,"height":367},{"@type":"BreadcrumbList","@id":"http:\/\/blogdofarnesio.com.br\/?p=153240#breadcrumb","itemListElement":[{"@type":"ListItem","position":1,"name":"In\u00edcio","item":"https:\/\/blogdofarnesio.com.br\/"},{"@type":"ListItem","position":2,"name":"UM ANO SEM BEATRIZ: M\u00c3E FAZ DESABAFO SOBRE O CASO"}]},{"@type":"WebSite","@id":"https:\/\/blogdofarnesio.com.br\/#website","url":"https:\/\/blogdofarnesio.com.br\/","name":"Blog do Farn\u00e9sio","description":"Quer Saber Pol\u00edtica?","publisher":{"@id":"https:\/\/blogdofarnesio.com.br\/#organization"},"potentialAction":[{"@type":"SearchAction","target":{"@type":"EntryPoint","urlTemplate":"https:\/\/blogdofarnesio.com.br\/?s={search_term_string}"},"query-input":{"@type":"PropertyValueSpecification","valueRequired":true,"valueName":"search_term_string"}}],"inLanguage":"pt-BR"},{"@type":"Organization","@id":"https:\/\/blogdofarnesio.com.br\/#organization","name":"Blog do Farn\u00e9sio","url":"https:\/\/blogdofarnesio.com.br\/","logo":{"@type":"ImageObject","inLanguage":"pt-BR","@id":"https:\/\/blogdofarnesio.com.br\/#\/schema\/logo\/image\/","url":"https:\/\/blogdofarnesio.com.br\/wp-content\/uploads\/2026\/03\/cropped-logo_new-1.png","contentUrl":"https:\/\/blogdofarnesio.com.br\/wp-content\/uploads\/2026\/03\/cropped-logo_new-1.png","width":881,"height":685,"caption":"Blog do Farn\u00e9sio"},"image":{"@id":"https:\/\/blogdofarnesio.com.br\/#\/schema\/logo\/image\/"},"sameAs":["https:\/\/www.facebook.com\/BlogQuerSaberPolitica\/"]},{"@type":"Person","@id":"https:\/\/blogdofarnesio.com.br\/#\/schema\/person\/301c4acf522bccbfdb45af95b5b906a1","name":"Farn\u00e9sio","image":{"@type":"ImageObject","inLanguage":"pt-BR","@id":"https:\/\/secure.gravatar.com\/avatar\/df0c9a14567c056f8ad6876ba5bbd1e3e2c48023eb6807342fc4663adf549f38?s=96&d=mm&r=g","url":"https:\/\/secure.gravatar.com\/avatar\/df0c9a14567c056f8ad6876ba5bbd1e3e2c48023eb6807342fc4663adf549f38?s=96&d=mm&r=g","contentUrl":"https:\/\/secure.gravatar.com\/avatar\/df0c9a14567c056f8ad6876ba5bbd1e3e2c48023eb6807342fc4663adf549f38?s=96&d=mm&r=g","caption":"Farn\u00e9sio"},"sameAs":["https:\/\/quersaberpolitica.com.br"],"url":"https:\/\/blogdofarnesio.com.br\/?author=1"}]}},"_links":{"self":[{"href":"https:\/\/blogdofarnesio.com.br\/index.php?rest_route=\/wp\/v2\/posts\/153240","targetHints":{"allow":["GET"]}}],"collection":[{"href":"https:\/\/blogdofarnesio.com.br\/index.php?rest_route=\/wp\/v2\/posts"}],"about":[{"href":"https:\/\/blogdofarnesio.com.br\/index.php?rest_route=\/wp\/v2\/types\/post"}],"author":[{"embeddable":true,"href":"https:\/\/blogdofarnesio.com.br\/index.php?rest_route=\/wp\/v2\/users\/1"}],"replies":[{"embeddable":true,"href":"https:\/\/blogdofarnesio.com.br\/index.php?rest_route=%2Fwp%2Fv2%2Fcomments&post=153240"}],"version-history":[{"count":0,"href":"https:\/\/blogdofarnesio.com.br\/index.php?rest_route=\/wp\/v2\/posts\/153240\/revisions"}],"wp:featuredmedia":[{"embeddable":true,"href":"https:\/\/blogdofarnesio.com.br\/index.php?rest_route=\/wp\/v2\/media\/152486"}],"wp:attachment":[{"href":"https:\/\/blogdofarnesio.com.br\/index.php?rest_route=%2Fwp%2Fv2%2Fmedia&parent=153240"}],"wp:term":[{"taxonomy":"category","embeddable":true,"href":"https:\/\/blogdofarnesio.com.br\/index.php?rest_route=%2Fwp%2Fv2%2Fcategories&post=153240"},{"taxonomy":"post_tag","embeddable":true,"href":"https:\/\/blogdofarnesio.com.br\/index.php?rest_route=%2Fwp%2Fv2%2Ftags&post=153240"}],"curies":[{"name":"wp","href":"https:\/\/api.w.org\/{rel}","templated":true}]}}