{"id":153196,"date":"2016-12-10T12:00:15","date_gmt":"2016-12-10T15:00:15","guid":{"rendered":"http:\/\/quersaberpolitica.com.br\/2016\/?p=153196"},"modified":"2016-12-10T09:20:43","modified_gmt":"2016-12-10T12:20:43","slug":"justica-determina-bloqueio-de-bens-do-prefeito-do-rio-eduardo-paes","status":"publish","type":"post","link":"https:\/\/blogdofarnesio.com.br\/?p=153196","title":{"rendered":"JUSTI\u00c7A DETERMINA BLOQUEIO DE BENS DO PREFEITO DO RIO EDUARDO PAES"},"content":{"rendered":"<p>O juiz Leonardo Grandmasson Ferreira Chaves, da 8\u00aa Vara de Fazenda P\u00fablica da capital, decretou o bloqueio dos bens do prefeito do Rio, Eduardo Paes, e da Fiori Empreendimentos Imobili\u00e1rios. De acordo com o magistrado, houve ato de improbidade administrativa dos r\u00e9us pela isen\u00e7\u00e3o do pagamento de uma taxa de aproximadamente R$ 1,8 milh\u00e3o, o que causou danos ao er\u00e1rio municipal pela constru\u00e7\u00e3o do campo de golfe utilizado nos Jogos Ol\u00edmpicos do Rio. A taxa, respaldada por uma Lei Municipal, seria cobrada pela remo\u00e7\u00e3o de uma \u00e1rea de aproximadamente 61 mil metros quadrados de vegeta\u00e7\u00e3o. A legisla\u00e7\u00e3o em vigor prev\u00ea o pagamento do valor para o corte de \u00e1rvores em terrenos particulares.<\/p>\n<p>\u201cA f\u00f3rmula m\u00e1gica encontrada para afastar o pagamento constitui claro ato de improbidade administrativa que causou evidente dano ao er\u00e1rio municipal. Nela se reconheceu a impossibilidade de se conceder isen\u00e7\u00e3o ao pagamento da taxa e assim se reconheceu um suposto desequilibrio financeiro do contrato, sem qualquer estudo mais aprofundado, e baseado em meras afirma\u00e7\u00f5es da parte interessada, para imputar ao munic\u00edpio a responsabilidade pelo pagamento da quantia de R$ 1.860.312,30\u201d, argumentou o juiz em sua decis\u00e3o.<\/p>\n<p><!--more--><\/p>\n<p>De acordo com o magistrado, o mecanismo jur\u00eddico criado para isentar a Fiori Empreendimentos Imobili\u00e1rios do pagamento gerou preju\u00edzo aos cofres p\u00fablicos e, por essa raz\u00e3o, os bens de Paes devem ser bloqueados.<\/p>\n<p>\u201cA plausibilidade do direito invocado se afigura evidente, sendo certo o enorme receio de dano ao er\u00e1rio municipal, se justificando a concess\u00e3o da medida cautelar de indisponibilidade de bens do benefici\u00e1rio e do causador do dano, no caso, o Sr. Prefeito. Nesse sentido, a preocupa\u00e7\u00e3o se acentua, na medida em que ao t\u00e9rmino de seu mandato, j\u00e1 se anunciou que o Sr. Prefeito ir\u00e1 residir nos Estados Unidos, o que pode dificultar ainda mais a recomposi\u00e7\u00e3o dos danos causados. Dessa forma, a indisponibilidade de bens como medida assecurat\u00f3ria se faz extremamente necess\u00e1ria\u201d, afirmou o juiz.<\/p>\n<p>Na mesma decis\u00e3o, o magistrado determinou a penhora online dos ativos financeiros de Eduardo Paes e da Fiori, ressalvadas as verbas de natureza salarial.\u00a0 A medida j\u00e1 foi parcialmente cumprida.<\/p>\n<p><strong>Recurso<\/strong><\/p>\n<p>Em nota, o prefeito Eduardo Paes informou que vai recorrer da decis\u00e3o judicial de bloqueio dos seus bens. Paes defendeu que, &#8220;diferentemente do que afirma o Minist\u00e9rio P\u00fablico&#8221;, a prefeitura exigiu, no processo de licenciamento ambiental do campo de golfe, que a Fiori Empreendimentos Imobili\u00e1rios pagasse a taxa para a autoriza\u00e7\u00e3o de supress\u00e3o de vegeta\u00e7\u00e3o ex\u00f3tica. No entanto, segundo a prefeitura, apesar de ter sido emitido diversas vezes o documento de arrecada\u00e7\u00e3o de receitas municipais (DARM), a empresa n\u00e3o efetuou o pagamento.<\/p>\n<p>&#8220;Por isso, em 9 de novembro de 2016, um m\u00eas antes da a\u00e7\u00e3o ajuizada pelo MP, a Secretaria de Meio Ambiente j\u00e1 havia enviado of\u00edcio \u00e0 Procuradoria Geral do Munic\u00edpio solicitando a cobran\u00e7a dos valores atualizados e acrescidos de juros de mora (R$ 3,365 milh\u00f5es) via d\u00edvida ativa&#8221;, informou a prefeitura.<\/p>\n<p>No comunicado, o prefeito tamb\u00e9m repudiou a men\u00e7\u00e3o de que sua ida aos Estados Unidos em 2017 representaria uma forma de n\u00e3o cumprir eventuais responsabilidades referentes ao per\u00edodo do seu governo.<\/p>\n<p>&#8220;Paes refor\u00e7a que sua ida a Nova York \u00e9 de conhecimento p\u00fablico h\u00e1 mais de um ano, quando recebeu o convite de uma das mais importantes universidades americanas, a Columbia University, que faz parte da renomada Ivy League, para ser professor visitante. Al\u00e9m disso, ele tamb\u00e9m foi convidado para ser consultor do Banco Interamericano de Desenvolvimento (BID). A volta de Paes ao Brasil j\u00e1 tem data prevista, uma vez que o prefeito anunciou seu interesse em concorrer ao governo estadual em 2018&#8221;, diz a nota.<\/p>\n<p>&nbsp;<\/p>\n<p>Ag\u00eancia Brasil<\/p>\n<p>&nbsp;<\/p>\n","protected":false},"excerpt":{"rendered":"<p>O juiz Leonardo Grandmasson Ferreira Chaves, da 8\u00aa Vara de Fazenda P\u00fablica da capital, decretou o bloqueio dos bens do prefeito do Rio, Eduardo Paes, e da Fiori Empreendimentos Imobili\u00e1rios. De acordo com o magistrado, houve ato de improbidade administrativa dos r\u00e9us pela isen\u00e7\u00e3o do pagamento de uma taxa de aproximadamente R$ 1,8 milh\u00e3o, o que causou danos ao er\u00e1rio municipal pela constru\u00e7\u00e3o do campo de golfe utilizado nos Jogos Ol\u00edmpicos do Rio. A taxa, respaldada por uma Lei Municipal, seria cobrada pela remo\u00e7\u00e3o de uma \u00e1rea de aproximadamente 61 mil metros quadrados de vegeta\u00e7\u00e3o. A legisla\u00e7\u00e3o em vigor prev\u00ea o pagamento do valor para o corte de \u00e1rvores em terrenos particulares. \u201cA f\u00f3rmula m\u00e1gica encontrada para afastar o pagamento&hellip; <\/p>\n","protected":false},"author":1,"featured_media":152512,"comment_status":"open","ping_status":"open","sticky":false,"template":"","format":"standard","meta":{"_acf_changed":false,"footnotes":""},"categories":[5],"tags":[],"class_list":["post-153196","post","type-post","status-publish","format-standard","has-post-thumbnail","hentry","category-seguranca"],"acf":[],"yoast_head":"<!-- This site is optimized with the Yoast SEO plugin v27.4 - https:\/\/yoast.com\/product\/yoast-seo-wordpress\/ -->\n<title>JUSTI\u00c7A DETERMINA BLOQUEIO DE BENS DO PREFEITO DO RIO EDUARDO PAES - Blog do Farn\u00e9sio<\/title>\n<meta name=\"robots\" content=\"index, follow, max-snippet:-1, max-image-preview:large, max-video-preview:-1\" \/>\n<link rel=\"canonical\" href=\"http:\/\/blogdofarnesio.com.br\/?p=153196\" \/>\n<meta property=\"og:locale\" content=\"pt_BR\" \/>\n<meta property=\"og:type\" content=\"article\" \/>\n<meta property=\"og:title\" content=\"JUSTI\u00c7A DETERMINA BLOQUEIO DE BENS DO PREFEITO DO RIO EDUARDO PAES - Blog do Farn\u00e9sio\" \/>\n<meta property=\"og:description\" content=\"O juiz Leonardo Grandmasson Ferreira Chaves, da 8\u00aa Vara de Fazenda P\u00fablica da capital, decretou o bloqueio dos bens do prefeito do Rio, Eduardo Paes, e da Fiori Empreendimentos Imobili\u00e1rios. De acordo com o magistrado, houve ato de improbidade administrativa dos r\u00e9us pela isen\u00e7\u00e3o do pagamento de uma taxa de aproximadamente R$ 1,8 milh\u00e3o, o que causou danos ao er\u00e1rio municipal pela constru\u00e7\u00e3o do campo de golfe utilizado nos Jogos Ol\u00edmpicos do Rio. A taxa, respaldada por uma Lei Municipal, seria cobrada pela remo\u00e7\u00e3o de uma \u00e1rea de aproximadamente 61 mil metros quadrados de vegeta\u00e7\u00e3o. A legisla\u00e7\u00e3o em vigor prev\u00ea o pagamento do valor para o corte de \u00e1rvores em terrenos particulares. \u201cA f\u00f3rmula m\u00e1gica encontrada para afastar o pagamento&hellip;\" \/>\n<meta property=\"og:url\" content=\"http:\/\/blogdofarnesio.com.br\/?p=153196\" \/>\n<meta property=\"og:site_name\" content=\"Blog do Farn\u00e9sio\" \/>\n<meta property=\"article:publisher\" content=\"https:\/\/www.facebook.com\/BlogQuerSaberPolitica\/\" \/>\n<meta property=\"article:published_time\" content=\"2016-12-10T15:00:15+00:00\" \/>\n<meta property=\"og:image\" content=\"http:\/\/blogdofarnesio.com.br\/wp-content\/uploads\/2016\/12\/blog-qsp-eduardo-paes-foto-Tomaz-Silva.jpg\" \/>\n\t<meta property=\"og:image:width\" content=\"448\" \/>\n\t<meta property=\"og:image:height\" content=\"259\" \/>\n\t<meta property=\"og:image:type\" content=\"image\/jpeg\" \/>\n<meta name=\"author\" content=\"Farn\u00e9sio\" \/>\n<meta name=\"twitter:card\" content=\"summary_large_image\" \/>\n<meta name=\"twitter:label1\" content=\"Escrito por\" \/>\n\t<meta name=\"twitter:data1\" content=\"Farn\u00e9sio\" \/>\n\t<meta name=\"twitter:label2\" content=\"Est. tempo de leitura\" \/>\n\t<meta name=\"twitter:data2\" content=\"3 minutos\" \/>\n<script type=\"application\/ld+json\" class=\"yoast-schema-graph\">{\"@context\":\"https:\\\/\\\/schema.org\",\"@graph\":[{\"@type\":\"Article\",\"@id\":\"http:\\\/\\\/blogdofarnesio.com.br\\\/?p=153196#article\",\"isPartOf\":{\"@id\":\"http:\\\/\\\/blogdofarnesio.com.br\\\/?p=153196\"},\"author\":{\"name\":\"Farn\u00e9sio\",\"@id\":\"https:\\\/\\\/blogdofarnesio.com.br\\\/#\\\/schema\\\/person\\\/301c4acf522bccbfdb45af95b5b906a1\"},\"headline\":\"JUSTI\u00c7A DETERMINA BLOQUEIO DE BENS DO PREFEITO DO RIO EDUARDO PAES\",\"datePublished\":\"2016-12-10T15:00:15+00:00\",\"mainEntityOfPage\":{\"@id\":\"http:\\\/\\\/blogdofarnesio.com.br\\\/?p=153196\"},\"wordCount\":659,\"commentCount\":0,\"publisher\":{\"@id\":\"https:\\\/\\\/blogdofarnesio.com.br\\\/#organization\"},\"image\":{\"@id\":\"http:\\\/\\\/blogdofarnesio.com.br\\\/?p=153196#primaryimage\"},\"thumbnailUrl\":\"https:\\\/\\\/blogdofarnesio.com.br\\\/wp-content\\\/uploads\\\/2016\\\/12\\\/blog-qsp-eduardo-paes-foto-Tomaz-Silva.jpg\",\"articleSection\":[\"Seguran\u00e7a\"],\"inLanguage\":\"pt-BR\",\"potentialAction\":[{\"@type\":\"CommentAction\",\"name\":\"Comment\",\"target\":[\"http:\\\/\\\/blogdofarnesio.com.br\\\/?p=153196#respond\"]}]},{\"@type\":\"WebPage\",\"@id\":\"http:\\\/\\\/blogdofarnesio.com.br\\\/?p=153196\",\"url\":\"http:\\\/\\\/blogdofarnesio.com.br\\\/?p=153196\",\"name\":\"JUSTI\u00c7A DETERMINA BLOQUEIO DE BENS DO PREFEITO DO RIO EDUARDO PAES - Blog do Farn\u00e9sio\",\"isPartOf\":{\"@id\":\"https:\\\/\\\/blogdofarnesio.com.br\\\/#website\"},\"primaryImageOfPage\":{\"@id\":\"http:\\\/\\\/blogdofarnesio.com.br\\\/?p=153196#primaryimage\"},\"image\":{\"@id\":\"http:\\\/\\\/blogdofarnesio.com.br\\\/?p=153196#primaryimage\"},\"thumbnailUrl\":\"https:\\\/\\\/blogdofarnesio.com.br\\\/wp-content\\\/uploads\\\/2016\\\/12\\\/blog-qsp-eduardo-paes-foto-Tomaz-Silva.jpg\",\"datePublished\":\"2016-12-10T15:00:15+00:00\",\"breadcrumb\":{\"@id\":\"http:\\\/\\\/blogdofarnesio.com.br\\\/?p=153196#breadcrumb\"},\"inLanguage\":\"pt-BR\",\"potentialAction\":[{\"@type\":\"ReadAction\",\"target\":[\"http:\\\/\\\/blogdofarnesio.com.br\\\/?p=153196\"]}]},{\"@type\":\"ImageObject\",\"inLanguage\":\"pt-BR\",\"@id\":\"http:\\\/\\\/blogdofarnesio.com.br\\\/?p=153196#primaryimage\",\"url\":\"https:\\\/\\\/blogdofarnesio.com.br\\\/wp-content\\\/uploads\\\/2016\\\/12\\\/blog-qsp-eduardo-paes-foto-Tomaz-Silva.jpg\",\"contentUrl\":\"https:\\\/\\\/blogdofarnesio.com.br\\\/wp-content\\\/uploads\\\/2016\\\/12\\\/blog-qsp-eduardo-paes-foto-Tomaz-Silva.jpg\",\"width\":448,\"height\":259},{\"@type\":\"BreadcrumbList\",\"@id\":\"http:\\\/\\\/blogdofarnesio.com.br\\\/?p=153196#breadcrumb\",\"itemListElement\":[{\"@type\":\"ListItem\",\"position\":1,\"name\":\"In\u00edcio\",\"item\":\"https:\\\/\\\/blogdofarnesio.com.br\\\/\"},{\"@type\":\"ListItem\",\"position\":2,\"name\":\"JUSTI\u00c7A DETERMINA BLOQUEIO DE BENS DO PREFEITO DO RIO EDUARDO PAES\"}]},{\"@type\":\"WebSite\",\"@id\":\"https:\\\/\\\/blogdofarnesio.com.br\\\/#website\",\"url\":\"https:\\\/\\\/blogdofarnesio.com.br\\\/\",\"name\":\"Blog do Farn\u00e9sio\",\"description\":\"Quer Saber Pol\u00edtica?\",\"publisher\":{\"@id\":\"https:\\\/\\\/blogdofarnesio.com.br\\\/#organization\"},\"potentialAction\":[{\"@type\":\"SearchAction\",\"target\":{\"@type\":\"EntryPoint\",\"urlTemplate\":\"https:\\\/\\\/blogdofarnesio.com.br\\\/?s={search_term_string}\"},\"query-input\":{\"@type\":\"PropertyValueSpecification\",\"valueRequired\":true,\"valueName\":\"search_term_string\"}}],\"inLanguage\":\"pt-BR\"},{\"@type\":\"Organization\",\"@id\":\"https:\\\/\\\/blogdofarnesio.com.br\\\/#organization\",\"name\":\"Blog do Farn\u00e9sio\",\"url\":\"https:\\\/\\\/blogdofarnesio.com.br\\\/\",\"logo\":{\"@type\":\"ImageObject\",\"inLanguage\":\"pt-BR\",\"@id\":\"https:\\\/\\\/blogdofarnesio.com.br\\\/#\\\/schema\\\/logo\\\/image\\\/\",\"url\":\"https:\\\/\\\/blogdofarnesio.com.br\\\/wp-content\\\/uploads\\\/2026\\\/03\\\/cropped-logo_new-1.png\",\"contentUrl\":\"https:\\\/\\\/blogdofarnesio.com.br\\\/wp-content\\\/uploads\\\/2026\\\/03\\\/cropped-logo_new-1.png\",\"width\":881,\"height\":685,\"caption\":\"Blog do Farn\u00e9sio\"},\"image\":{\"@id\":\"https:\\\/\\\/blogdofarnesio.com.br\\\/#\\\/schema\\\/logo\\\/image\\\/\"},\"sameAs\":[\"https:\\\/\\\/www.facebook.com\\\/BlogQuerSaberPolitica\\\/\"]},{\"@type\":\"Person\",\"@id\":\"https:\\\/\\\/blogdofarnesio.com.br\\\/#\\\/schema\\\/person\\\/301c4acf522bccbfdb45af95b5b906a1\",\"name\":\"Farn\u00e9sio\",\"image\":{\"@type\":\"ImageObject\",\"inLanguage\":\"pt-BR\",\"@id\":\"https:\\\/\\\/secure.gravatar.com\\\/avatar\\\/df0c9a14567c056f8ad6876ba5bbd1e3e2c48023eb6807342fc4663adf549f38?s=96&d=mm&r=g\",\"url\":\"https:\\\/\\\/secure.gravatar.com\\\/avatar\\\/df0c9a14567c056f8ad6876ba5bbd1e3e2c48023eb6807342fc4663adf549f38?s=96&d=mm&r=g\",\"contentUrl\":\"https:\\\/\\\/secure.gravatar.com\\\/avatar\\\/df0c9a14567c056f8ad6876ba5bbd1e3e2c48023eb6807342fc4663adf549f38?s=96&d=mm&r=g\",\"caption\":\"Farn\u00e9sio\"},\"sameAs\":[\"https:\\\/\\\/quersaberpolitica.com.br\"],\"url\":\"https:\\\/\\\/blogdofarnesio.com.br\\\/?author=1\"}]}<\/script>\n<!-- \/ Yoast SEO plugin. -->","yoast_head_json":{"title":"JUSTI\u00c7A DETERMINA BLOQUEIO DE BENS DO PREFEITO DO RIO EDUARDO PAES - Blog do Farn\u00e9sio","robots":{"index":"index","follow":"follow","max-snippet":"max-snippet:-1","max-image-preview":"max-image-preview:large","max-video-preview":"max-video-preview:-1"},"canonical":"http:\/\/blogdofarnesio.com.br\/?p=153196","og_locale":"pt_BR","og_type":"article","og_title":"JUSTI\u00c7A DETERMINA BLOQUEIO DE BENS DO PREFEITO DO RIO EDUARDO PAES - Blog do Farn\u00e9sio","og_description":"O juiz Leonardo Grandmasson Ferreira Chaves, da 8\u00aa Vara de Fazenda P\u00fablica da capital, decretou o bloqueio dos bens do prefeito do Rio, Eduardo Paes, e da Fiori Empreendimentos Imobili\u00e1rios. De acordo com o magistrado, houve ato de improbidade administrativa dos r\u00e9us pela isen\u00e7\u00e3o do pagamento de uma taxa de aproximadamente R$ 1,8 milh\u00e3o, o que causou danos ao er\u00e1rio municipal pela constru\u00e7\u00e3o do campo de golfe utilizado nos Jogos Ol\u00edmpicos do Rio. A taxa, respaldada por uma Lei Municipal, seria cobrada pela remo\u00e7\u00e3o de uma \u00e1rea de aproximadamente 61 mil metros quadrados de vegeta\u00e7\u00e3o. A legisla\u00e7\u00e3o em vigor prev\u00ea o pagamento do valor para o corte de \u00e1rvores em terrenos particulares. \u201cA f\u00f3rmula m\u00e1gica encontrada para afastar o pagamento&hellip;","og_url":"http:\/\/blogdofarnesio.com.br\/?p=153196","og_site_name":"Blog do Farn\u00e9sio","article_publisher":"https:\/\/www.facebook.com\/BlogQuerSaberPolitica\/","article_published_time":"2016-12-10T15:00:15+00:00","og_image":[{"width":448,"height":259,"url":"http:\/\/blogdofarnesio.com.br\/wp-content\/uploads\/2016\/12\/blog-qsp-eduardo-paes-foto-Tomaz-Silva.jpg","type":"image\/jpeg"}],"author":"Farn\u00e9sio","twitter_card":"summary_large_image","twitter_misc":{"Escrito por":"Farn\u00e9sio","Est. tempo de leitura":"3 minutos"},"schema":{"@context":"https:\/\/schema.org","@graph":[{"@type":"Article","@id":"http:\/\/blogdofarnesio.com.br\/?p=153196#article","isPartOf":{"@id":"http:\/\/blogdofarnesio.com.br\/?p=153196"},"author":{"name":"Farn\u00e9sio","@id":"https:\/\/blogdofarnesio.com.br\/#\/schema\/person\/301c4acf522bccbfdb45af95b5b906a1"},"headline":"JUSTI\u00c7A DETERMINA BLOQUEIO DE BENS DO PREFEITO DO RIO EDUARDO PAES","datePublished":"2016-12-10T15:00:15+00:00","mainEntityOfPage":{"@id":"http:\/\/blogdofarnesio.com.br\/?p=153196"},"wordCount":659,"commentCount":0,"publisher":{"@id":"https:\/\/blogdofarnesio.com.br\/#organization"},"image":{"@id":"http:\/\/blogdofarnesio.com.br\/?p=153196#primaryimage"},"thumbnailUrl":"https:\/\/blogdofarnesio.com.br\/wp-content\/uploads\/2016\/12\/blog-qsp-eduardo-paes-foto-Tomaz-Silva.jpg","articleSection":["Seguran\u00e7a"],"inLanguage":"pt-BR","potentialAction":[{"@type":"CommentAction","name":"Comment","target":["http:\/\/blogdofarnesio.com.br\/?p=153196#respond"]}]},{"@type":"WebPage","@id":"http:\/\/blogdofarnesio.com.br\/?p=153196","url":"http:\/\/blogdofarnesio.com.br\/?p=153196","name":"JUSTI\u00c7A DETERMINA BLOQUEIO DE BENS DO PREFEITO DO RIO EDUARDO PAES - Blog do Farn\u00e9sio","isPartOf":{"@id":"https:\/\/blogdofarnesio.com.br\/#website"},"primaryImageOfPage":{"@id":"http:\/\/blogdofarnesio.com.br\/?p=153196#primaryimage"},"image":{"@id":"http:\/\/blogdofarnesio.com.br\/?p=153196#primaryimage"},"thumbnailUrl":"https:\/\/blogdofarnesio.com.br\/wp-content\/uploads\/2016\/12\/blog-qsp-eduardo-paes-foto-Tomaz-Silva.jpg","datePublished":"2016-12-10T15:00:15+00:00","breadcrumb":{"@id":"http:\/\/blogdofarnesio.com.br\/?p=153196#breadcrumb"},"inLanguage":"pt-BR","potentialAction":[{"@type":"ReadAction","target":["http:\/\/blogdofarnesio.com.br\/?p=153196"]}]},{"@type":"ImageObject","inLanguage":"pt-BR","@id":"http:\/\/blogdofarnesio.com.br\/?p=153196#primaryimage","url":"https:\/\/blogdofarnesio.com.br\/wp-content\/uploads\/2016\/12\/blog-qsp-eduardo-paes-foto-Tomaz-Silva.jpg","contentUrl":"https:\/\/blogdofarnesio.com.br\/wp-content\/uploads\/2016\/12\/blog-qsp-eduardo-paes-foto-Tomaz-Silva.jpg","width":448,"height":259},{"@type":"BreadcrumbList","@id":"http:\/\/blogdofarnesio.com.br\/?p=153196#breadcrumb","itemListElement":[{"@type":"ListItem","position":1,"name":"In\u00edcio","item":"https:\/\/blogdofarnesio.com.br\/"},{"@type":"ListItem","position":2,"name":"JUSTI\u00c7A DETERMINA BLOQUEIO DE BENS DO PREFEITO DO RIO EDUARDO PAES"}]},{"@type":"WebSite","@id":"https:\/\/blogdofarnesio.com.br\/#website","url":"https:\/\/blogdofarnesio.com.br\/","name":"Blog do Farn\u00e9sio","description":"Quer Saber Pol\u00edtica?","publisher":{"@id":"https:\/\/blogdofarnesio.com.br\/#organization"},"potentialAction":[{"@type":"SearchAction","target":{"@type":"EntryPoint","urlTemplate":"https:\/\/blogdofarnesio.com.br\/?s={search_term_string}"},"query-input":{"@type":"PropertyValueSpecification","valueRequired":true,"valueName":"search_term_string"}}],"inLanguage":"pt-BR"},{"@type":"Organization","@id":"https:\/\/blogdofarnesio.com.br\/#organization","name":"Blog do Farn\u00e9sio","url":"https:\/\/blogdofarnesio.com.br\/","logo":{"@type":"ImageObject","inLanguage":"pt-BR","@id":"https:\/\/blogdofarnesio.com.br\/#\/schema\/logo\/image\/","url":"https:\/\/blogdofarnesio.com.br\/wp-content\/uploads\/2026\/03\/cropped-logo_new-1.png","contentUrl":"https:\/\/blogdofarnesio.com.br\/wp-content\/uploads\/2026\/03\/cropped-logo_new-1.png","width":881,"height":685,"caption":"Blog do Farn\u00e9sio"},"image":{"@id":"https:\/\/blogdofarnesio.com.br\/#\/schema\/logo\/image\/"},"sameAs":["https:\/\/www.facebook.com\/BlogQuerSaberPolitica\/"]},{"@type":"Person","@id":"https:\/\/blogdofarnesio.com.br\/#\/schema\/person\/301c4acf522bccbfdb45af95b5b906a1","name":"Farn\u00e9sio","image":{"@type":"ImageObject","inLanguage":"pt-BR","@id":"https:\/\/secure.gravatar.com\/avatar\/df0c9a14567c056f8ad6876ba5bbd1e3e2c48023eb6807342fc4663adf549f38?s=96&d=mm&r=g","url":"https:\/\/secure.gravatar.com\/avatar\/df0c9a14567c056f8ad6876ba5bbd1e3e2c48023eb6807342fc4663adf549f38?s=96&d=mm&r=g","contentUrl":"https:\/\/secure.gravatar.com\/avatar\/df0c9a14567c056f8ad6876ba5bbd1e3e2c48023eb6807342fc4663adf549f38?s=96&d=mm&r=g","caption":"Farn\u00e9sio"},"sameAs":["https:\/\/quersaberpolitica.com.br"],"url":"https:\/\/blogdofarnesio.com.br\/?author=1"}]}},"_links":{"self":[{"href":"https:\/\/blogdofarnesio.com.br\/index.php?rest_route=\/wp\/v2\/posts\/153196","targetHints":{"allow":["GET"]}}],"collection":[{"href":"https:\/\/blogdofarnesio.com.br\/index.php?rest_route=\/wp\/v2\/posts"}],"about":[{"href":"https:\/\/blogdofarnesio.com.br\/index.php?rest_route=\/wp\/v2\/types\/post"}],"author":[{"embeddable":true,"href":"https:\/\/blogdofarnesio.com.br\/index.php?rest_route=\/wp\/v2\/users\/1"}],"replies":[{"embeddable":true,"href":"https:\/\/blogdofarnesio.com.br\/index.php?rest_route=%2Fwp%2Fv2%2Fcomments&post=153196"}],"version-history":[{"count":0,"href":"https:\/\/blogdofarnesio.com.br\/index.php?rest_route=\/wp\/v2\/posts\/153196\/revisions"}],"wp:featuredmedia":[{"embeddable":true,"href":"https:\/\/blogdofarnesio.com.br\/index.php?rest_route=\/wp\/v2\/media\/152512"}],"wp:attachment":[{"href":"https:\/\/blogdofarnesio.com.br\/index.php?rest_route=%2Fwp%2Fv2%2Fmedia&parent=153196"}],"wp:term":[{"taxonomy":"category","embeddable":true,"href":"https:\/\/blogdofarnesio.com.br\/index.php?rest_route=%2Fwp%2Fv2%2Fcategories&post=153196"},{"taxonomy":"post_tag","embeddable":true,"href":"https:\/\/blogdofarnesio.com.br\/index.php?rest_route=%2Fwp%2Fv2%2Ftags&post=153196"}],"curies":[{"name":"wp","href":"https:\/\/api.w.org\/{rel}","templated":true}]}}