{"id":153185,"date":"2016-12-10T11:30:49","date_gmt":"2016-12-10T14:30:49","guid":{"rendered":"http:\/\/quersaberpolitica.com.br\/2016\/?p=153185"},"modified":"2016-12-10T09:13:28","modified_gmt":"2016-12-10T12:13:28","slug":"wagner-geddel-aleluia-e-lidice-delator-da-odebrecht-revela-valores-pagos-a-baianos","status":"publish","type":"post","link":"https:\/\/blogdofarnesio.com.br\/?p=153185","title":{"rendered":"WAGNER, GEDDEL, ALELUIA E L\u00cdDICE: DELATOR DA ODEBRECHT REVELA VALORES PAGOS A BAIANOS"},"content":{"rendered":"<p>A dela\u00e7\u00e3o premiada da Odebrecht deve abalar a pol\u00edtica baiana. Segundo informa\u00e7\u00f5es do site Buzzfeed, as primeiras informa\u00e7\u00f5es \u2013 do delator Claudio melo Filho \u2013 revelam envolvimento de nomes como Jaques Wagner, Geddel Vieira Lima, Aleluia e L\u00eddice da Mata nas negociatas com empreiteiras.<\/p>\n<p>Segundo a publica\u00e7\u00e3o, Wagner \u00e9 chamado de \u201cPolo\u201d e teria recebido de propina R$ 9,5 milh\u00f5es, somente em 2010, segundo um dos delatores. Al\u00e9m disso, o ex-governador da Bahia teria recebido um rel\u00f3gio Hublot modelo Oscar Niemeyer que custa cerca de R$ 80 mil.<\/p>\n<p>Outro citado \u00e9 Geddel Vieira Lima, chamado de \u201cBabel\u201d . Seu irm\u00e3o, L\u00facio Vieira Lima, chamado de \u201cBitelo\u201d, para n\u00e3o atrapalhar a aprova\u00e7\u00e3o de uma medida provis\u00f3ria de interessa da Odebrecht, teria recebido entre R$ 1 milh\u00e3o a R$ 1,5 milh\u00e3o.<!--more--><\/p>\n<p>Segundo o site Buzzfeed, o delator ainda afirma que o deputado federal Jos\u00e9 Carlos Aleluia, chamado de \u201cMissa\u201d, recebeu da Odebrecht R$ 300 mil em 2010, assim como L\u00eddice da Mata (codinome Feia), que teria recebido R$ 100 mil. O deputado federal Antonio Brito (PSD) teria recebido R$ 100 mil.<\/p>\n<p>Varela Noticias<\/p>\n","protected":false},"excerpt":{"rendered":"<p>A dela\u00e7\u00e3o premiada da Odebrecht deve abalar a pol\u00edtica baiana. Segundo informa\u00e7\u00f5es do site Buzzfeed, as primeiras informa\u00e7\u00f5es \u2013 do delator Claudio melo Filho \u2013 revelam envolvimento de nomes como Jaques Wagner, Geddel Vieira Lima, Aleluia e L\u00eddice da Mata nas negociatas com empreiteiras. Segundo a publica\u00e7\u00e3o, Wagner \u00e9 chamado de \u201cPolo\u201d e teria recebido de propina R$ 9,5 milh\u00f5es, somente em 2010, segundo um dos delatores. Al\u00e9m disso, o ex-governador da Bahia teria recebido um rel\u00f3gio Hublot modelo Oscar Niemeyer que custa cerca de R$ 80 mil. Outro citado \u00e9 Geddel Vieira Lima, chamado de \u201cBabel\u201d . Seu irm\u00e3o, L\u00facio Vieira Lima, chamado de \u201cBitelo\u201d, para n\u00e3o atrapalhar a aprova\u00e7\u00e3o de uma medida provis\u00f3ria de interessa da Odebrecht, teria&hellip; <\/p>\n","protected":false},"author":1,"featured_media":152510,"comment_status":"open","ping_status":"open","sticky":false,"template":"","format":"standard","meta":{"_acf_changed":false,"footnotes":""},"categories":[1],"tags":[],"class_list":["post-153185","post","type-post","status-publish","format-standard","has-post-thumbnail","hentry","category-politica"],"acf":[],"yoast_head":"<!-- This site is optimized with the Yoast SEO plugin v27.4 - https:\/\/yoast.com\/product\/yoast-seo-wordpress\/ -->\n<title>WAGNER, GEDDEL, ALELUIA E L\u00cdDICE: DELATOR DA ODEBRECHT REVELA VALORES PAGOS A BAIANOS - Blog do Farn\u00e9sio<\/title>\n<meta name=\"robots\" content=\"index, follow, max-snippet:-1, max-image-preview:large, max-video-preview:-1\" \/>\n<link rel=\"canonical\" href=\"http:\/\/blogdofarnesio.com.br\/?p=153185\" \/>\n<meta property=\"og:locale\" content=\"pt_BR\" \/>\n<meta property=\"og:type\" content=\"article\" \/>\n<meta property=\"og:title\" content=\"WAGNER, GEDDEL, ALELUIA E L\u00cdDICE: DELATOR DA ODEBRECHT REVELA VALORES PAGOS A BAIANOS - Blog do Farn\u00e9sio\" \/>\n<meta property=\"og:description\" content=\"A dela\u00e7\u00e3o premiada da Odebrecht deve abalar a pol\u00edtica baiana. Segundo informa\u00e7\u00f5es do site Buzzfeed, as primeiras informa\u00e7\u00f5es \u2013 do delator Claudio melo Filho \u2013 revelam envolvimento de nomes como Jaques Wagner, Geddel Vieira Lima, Aleluia e L\u00eddice da Mata nas negociatas com empreiteiras. Segundo a publica\u00e7\u00e3o, Wagner \u00e9 chamado de \u201cPolo\u201d e teria recebido de propina R$ 9,5 milh\u00f5es, somente em 2010, segundo um dos delatores. Al\u00e9m disso, o ex-governador da Bahia teria recebido um rel\u00f3gio Hublot modelo Oscar Niemeyer que custa cerca de R$ 80 mil. Outro citado \u00e9 Geddel Vieira Lima, chamado de \u201cBabel\u201d . Seu irm\u00e3o, L\u00facio Vieira Lima, chamado de \u201cBitelo\u201d, para n\u00e3o atrapalhar a aprova\u00e7\u00e3o de uma medida provis\u00f3ria de interessa da Odebrecht, teria&hellip;\" \/>\n<meta property=\"og:url\" content=\"http:\/\/blogdofarnesio.com.br\/?p=153185\" \/>\n<meta property=\"og:site_name\" content=\"Blog do Farn\u00e9sio\" \/>\n<meta property=\"article:publisher\" content=\"https:\/\/www.facebook.com\/BlogQuerSaberPolitica\/\" \/>\n<meta property=\"article:published_time\" content=\"2016-12-10T14:30:49+00:00\" \/>\n<meta property=\"og:image\" content=\"http:\/\/blogdofarnesio.com.br\/wp-content\/uploads\/2016\/12\/blog-qsp-politicos-baianos-imagem-reprodu\u00e7ao.jpg\" \/>\n\t<meta property=\"og:image:width\" content=\"680\" \/>\n\t<meta property=\"og:image:height\" content=\"324\" \/>\n\t<meta property=\"og:image:type\" content=\"image\/jpeg\" \/>\n<meta name=\"author\" content=\"Farn\u00e9sio\" \/>\n<meta name=\"twitter:card\" content=\"summary_large_image\" \/>\n<meta name=\"twitter:label1\" content=\"Escrito por\" \/>\n\t<meta name=\"twitter:data1\" content=\"Farn\u00e9sio\" \/>\n\t<meta name=\"twitter:label2\" content=\"Est. tempo de leitura\" \/>\n\t<meta name=\"twitter:data2\" content=\"1 minuto\" \/>\n<script type=\"application\/ld+json\" class=\"yoast-schema-graph\">{\"@context\":\"https:\\\/\\\/schema.org\",\"@graph\":[{\"@type\":\"Article\",\"@id\":\"http:\\\/\\\/blogdofarnesio.com.br\\\/?p=153185#article\",\"isPartOf\":{\"@id\":\"http:\\\/\\\/blogdofarnesio.com.br\\\/?p=153185\"},\"author\":{\"name\":\"Farn\u00e9sio\",\"@id\":\"https:\\\/\\\/blogdofarnesio.com.br\\\/#\\\/schema\\\/person\\\/301c4acf522bccbfdb45af95b5b906a1\"},\"headline\":\"WAGNER, GEDDEL, ALELUIA E L\u00cdDICE: DELATOR DA ODEBRECHT REVELA VALORES PAGOS A BAIANOS\",\"datePublished\":\"2016-12-10T14:30:49+00:00\",\"mainEntityOfPage\":{\"@id\":\"http:\\\/\\\/blogdofarnesio.com.br\\\/?p=153185\"},\"wordCount\":198,\"commentCount\":0,\"publisher\":{\"@id\":\"https:\\\/\\\/blogdofarnesio.com.br\\\/#organization\"},\"image\":{\"@id\":\"http:\\\/\\\/blogdofarnesio.com.br\\\/?p=153185#primaryimage\"},\"thumbnailUrl\":\"https:\\\/\\\/blogdofarnesio.com.br\\\/wp-content\\\/uploads\\\/2016\\\/12\\\/blog-qsp-politicos-baianos-imagem-reprodu\u00e7ao.jpg\",\"articleSection\":[\"Pol\u00edtica\"],\"inLanguage\":\"pt-BR\",\"potentialAction\":[{\"@type\":\"CommentAction\",\"name\":\"Comment\",\"target\":[\"http:\\\/\\\/blogdofarnesio.com.br\\\/?p=153185#respond\"]}]},{\"@type\":\"WebPage\",\"@id\":\"http:\\\/\\\/blogdofarnesio.com.br\\\/?p=153185\",\"url\":\"http:\\\/\\\/blogdofarnesio.com.br\\\/?p=153185\",\"name\":\"WAGNER, GEDDEL, ALELUIA E L\u00cdDICE: DELATOR DA ODEBRECHT REVELA VALORES PAGOS A BAIANOS - Blog do Farn\u00e9sio\",\"isPartOf\":{\"@id\":\"https:\\\/\\\/blogdofarnesio.com.br\\\/#website\"},\"primaryImageOfPage\":{\"@id\":\"http:\\\/\\\/blogdofarnesio.com.br\\\/?p=153185#primaryimage\"},\"image\":{\"@id\":\"http:\\\/\\\/blogdofarnesio.com.br\\\/?p=153185#primaryimage\"},\"thumbnailUrl\":\"https:\\\/\\\/blogdofarnesio.com.br\\\/wp-content\\\/uploads\\\/2016\\\/12\\\/blog-qsp-politicos-baianos-imagem-reprodu\u00e7ao.jpg\",\"datePublished\":\"2016-12-10T14:30:49+00:00\",\"breadcrumb\":{\"@id\":\"http:\\\/\\\/blogdofarnesio.com.br\\\/?p=153185#breadcrumb\"},\"inLanguage\":\"pt-BR\",\"potentialAction\":[{\"@type\":\"ReadAction\",\"target\":[\"http:\\\/\\\/blogdofarnesio.com.br\\\/?p=153185\"]}]},{\"@type\":\"ImageObject\",\"inLanguage\":\"pt-BR\",\"@id\":\"http:\\\/\\\/blogdofarnesio.com.br\\\/?p=153185#primaryimage\",\"url\":\"https:\\\/\\\/blogdofarnesio.com.br\\\/wp-content\\\/uploads\\\/2016\\\/12\\\/blog-qsp-politicos-baianos-imagem-reprodu\u00e7ao.jpg\",\"contentUrl\":\"https:\\\/\\\/blogdofarnesio.com.br\\\/wp-content\\\/uploads\\\/2016\\\/12\\\/blog-qsp-politicos-baianos-imagem-reprodu\u00e7ao.jpg\",\"width\":680,\"height\":324},{\"@type\":\"BreadcrumbList\",\"@id\":\"http:\\\/\\\/blogdofarnesio.com.br\\\/?p=153185#breadcrumb\",\"itemListElement\":[{\"@type\":\"ListItem\",\"position\":1,\"name\":\"In\u00edcio\",\"item\":\"https:\\\/\\\/blogdofarnesio.com.br\\\/\"},{\"@type\":\"ListItem\",\"position\":2,\"name\":\"WAGNER, GEDDEL, ALELUIA E L\u00cdDICE: DELATOR DA ODEBRECHT REVELA VALORES PAGOS A BAIANOS\"}]},{\"@type\":\"WebSite\",\"@id\":\"https:\\\/\\\/blogdofarnesio.com.br\\\/#website\",\"url\":\"https:\\\/\\\/blogdofarnesio.com.br\\\/\",\"name\":\"Blog do Farn\u00e9sio\",\"description\":\"Quer Saber Pol\u00edtica?\",\"publisher\":{\"@id\":\"https:\\\/\\\/blogdofarnesio.com.br\\\/#organization\"},\"potentialAction\":[{\"@type\":\"SearchAction\",\"target\":{\"@type\":\"EntryPoint\",\"urlTemplate\":\"https:\\\/\\\/blogdofarnesio.com.br\\\/?s={search_term_string}\"},\"query-input\":{\"@type\":\"PropertyValueSpecification\",\"valueRequired\":true,\"valueName\":\"search_term_string\"}}],\"inLanguage\":\"pt-BR\"},{\"@type\":\"Organization\",\"@id\":\"https:\\\/\\\/blogdofarnesio.com.br\\\/#organization\",\"name\":\"Blog do Farn\u00e9sio\",\"url\":\"https:\\\/\\\/blogdofarnesio.com.br\\\/\",\"logo\":{\"@type\":\"ImageObject\",\"inLanguage\":\"pt-BR\",\"@id\":\"https:\\\/\\\/blogdofarnesio.com.br\\\/#\\\/schema\\\/logo\\\/image\\\/\",\"url\":\"https:\\\/\\\/blogdofarnesio.com.br\\\/wp-content\\\/uploads\\\/2026\\\/03\\\/cropped-logo_new-1.png\",\"contentUrl\":\"https:\\\/\\\/blogdofarnesio.com.br\\\/wp-content\\\/uploads\\\/2026\\\/03\\\/cropped-logo_new-1.png\",\"width\":881,\"height\":685,\"caption\":\"Blog do Farn\u00e9sio\"},\"image\":{\"@id\":\"https:\\\/\\\/blogdofarnesio.com.br\\\/#\\\/schema\\\/logo\\\/image\\\/\"},\"sameAs\":[\"https:\\\/\\\/www.facebook.com\\\/BlogQuerSaberPolitica\\\/\"]},{\"@type\":\"Person\",\"@id\":\"https:\\\/\\\/blogdofarnesio.com.br\\\/#\\\/schema\\\/person\\\/301c4acf522bccbfdb45af95b5b906a1\",\"name\":\"Farn\u00e9sio\",\"image\":{\"@type\":\"ImageObject\",\"inLanguage\":\"pt-BR\",\"@id\":\"https:\\\/\\\/secure.gravatar.com\\\/avatar\\\/df0c9a14567c056f8ad6876ba5bbd1e3e2c48023eb6807342fc4663adf549f38?s=96&d=mm&r=g\",\"url\":\"https:\\\/\\\/secure.gravatar.com\\\/avatar\\\/df0c9a14567c056f8ad6876ba5bbd1e3e2c48023eb6807342fc4663adf549f38?s=96&d=mm&r=g\",\"contentUrl\":\"https:\\\/\\\/secure.gravatar.com\\\/avatar\\\/df0c9a14567c056f8ad6876ba5bbd1e3e2c48023eb6807342fc4663adf549f38?s=96&d=mm&r=g\",\"caption\":\"Farn\u00e9sio\"},\"sameAs\":[\"https:\\\/\\\/quersaberpolitica.com.br\"],\"url\":\"https:\\\/\\\/blogdofarnesio.com.br\\\/?author=1\"}]}<\/script>\n<!-- \/ Yoast SEO plugin. -->","yoast_head_json":{"title":"WAGNER, GEDDEL, ALELUIA E L\u00cdDICE: DELATOR DA ODEBRECHT REVELA VALORES PAGOS A BAIANOS - Blog do Farn\u00e9sio","robots":{"index":"index","follow":"follow","max-snippet":"max-snippet:-1","max-image-preview":"max-image-preview:large","max-video-preview":"max-video-preview:-1"},"canonical":"http:\/\/blogdofarnesio.com.br\/?p=153185","og_locale":"pt_BR","og_type":"article","og_title":"WAGNER, GEDDEL, ALELUIA E L\u00cdDICE: DELATOR DA ODEBRECHT REVELA VALORES PAGOS A BAIANOS - Blog do Farn\u00e9sio","og_description":"A dela\u00e7\u00e3o premiada da Odebrecht deve abalar a pol\u00edtica baiana. Segundo informa\u00e7\u00f5es do site Buzzfeed, as primeiras informa\u00e7\u00f5es \u2013 do delator Claudio melo Filho \u2013 revelam envolvimento de nomes como Jaques Wagner, Geddel Vieira Lima, Aleluia e L\u00eddice da Mata nas negociatas com empreiteiras. Segundo a publica\u00e7\u00e3o, Wagner \u00e9 chamado de \u201cPolo\u201d e teria recebido de propina R$ 9,5 milh\u00f5es, somente em 2010, segundo um dos delatores. Al\u00e9m disso, o ex-governador da Bahia teria recebido um rel\u00f3gio Hublot modelo Oscar Niemeyer que custa cerca de R$ 80 mil. Outro citado \u00e9 Geddel Vieira Lima, chamado de \u201cBabel\u201d . Seu irm\u00e3o, L\u00facio Vieira Lima, chamado de \u201cBitelo\u201d, para n\u00e3o atrapalhar a aprova\u00e7\u00e3o de uma medida provis\u00f3ria de interessa da Odebrecht, teria&hellip;","og_url":"http:\/\/blogdofarnesio.com.br\/?p=153185","og_site_name":"Blog do Farn\u00e9sio","article_publisher":"https:\/\/www.facebook.com\/BlogQuerSaberPolitica\/","article_published_time":"2016-12-10T14:30:49+00:00","og_image":[{"width":680,"height":324,"url":"http:\/\/blogdofarnesio.com.br\/wp-content\/uploads\/2016\/12\/blog-qsp-politicos-baianos-imagem-reprodu\u00e7ao.jpg","type":"image\/jpeg"}],"author":"Farn\u00e9sio","twitter_card":"summary_large_image","twitter_misc":{"Escrito por":"Farn\u00e9sio","Est. tempo de leitura":"1 minuto"},"schema":{"@context":"https:\/\/schema.org","@graph":[{"@type":"Article","@id":"http:\/\/blogdofarnesio.com.br\/?p=153185#article","isPartOf":{"@id":"http:\/\/blogdofarnesio.com.br\/?p=153185"},"author":{"name":"Farn\u00e9sio","@id":"https:\/\/blogdofarnesio.com.br\/#\/schema\/person\/301c4acf522bccbfdb45af95b5b906a1"},"headline":"WAGNER, GEDDEL, ALELUIA E L\u00cdDICE: DELATOR DA ODEBRECHT REVELA VALORES PAGOS A BAIANOS","datePublished":"2016-12-10T14:30:49+00:00","mainEntityOfPage":{"@id":"http:\/\/blogdofarnesio.com.br\/?p=153185"},"wordCount":198,"commentCount":0,"publisher":{"@id":"https:\/\/blogdofarnesio.com.br\/#organization"},"image":{"@id":"http:\/\/blogdofarnesio.com.br\/?p=153185#primaryimage"},"thumbnailUrl":"https:\/\/blogdofarnesio.com.br\/wp-content\/uploads\/2016\/12\/blog-qsp-politicos-baianos-imagem-reprodu\u00e7ao.jpg","articleSection":["Pol\u00edtica"],"inLanguage":"pt-BR","potentialAction":[{"@type":"CommentAction","name":"Comment","target":["http:\/\/blogdofarnesio.com.br\/?p=153185#respond"]}]},{"@type":"WebPage","@id":"http:\/\/blogdofarnesio.com.br\/?p=153185","url":"http:\/\/blogdofarnesio.com.br\/?p=153185","name":"WAGNER, GEDDEL, ALELUIA E L\u00cdDICE: DELATOR DA ODEBRECHT REVELA VALORES PAGOS A BAIANOS - Blog do Farn\u00e9sio","isPartOf":{"@id":"https:\/\/blogdofarnesio.com.br\/#website"},"primaryImageOfPage":{"@id":"http:\/\/blogdofarnesio.com.br\/?p=153185#primaryimage"},"image":{"@id":"http:\/\/blogdofarnesio.com.br\/?p=153185#primaryimage"},"thumbnailUrl":"https:\/\/blogdofarnesio.com.br\/wp-content\/uploads\/2016\/12\/blog-qsp-politicos-baianos-imagem-reprodu\u00e7ao.jpg","datePublished":"2016-12-10T14:30:49+00:00","breadcrumb":{"@id":"http:\/\/blogdofarnesio.com.br\/?p=153185#breadcrumb"},"inLanguage":"pt-BR","potentialAction":[{"@type":"ReadAction","target":["http:\/\/blogdofarnesio.com.br\/?p=153185"]}]},{"@type":"ImageObject","inLanguage":"pt-BR","@id":"http:\/\/blogdofarnesio.com.br\/?p=153185#primaryimage","url":"https:\/\/blogdofarnesio.com.br\/wp-content\/uploads\/2016\/12\/blog-qsp-politicos-baianos-imagem-reprodu\u00e7ao.jpg","contentUrl":"https:\/\/blogdofarnesio.com.br\/wp-content\/uploads\/2016\/12\/blog-qsp-politicos-baianos-imagem-reprodu\u00e7ao.jpg","width":680,"height":324},{"@type":"BreadcrumbList","@id":"http:\/\/blogdofarnesio.com.br\/?p=153185#breadcrumb","itemListElement":[{"@type":"ListItem","position":1,"name":"In\u00edcio","item":"https:\/\/blogdofarnesio.com.br\/"},{"@type":"ListItem","position":2,"name":"WAGNER, GEDDEL, ALELUIA E L\u00cdDICE: DELATOR DA ODEBRECHT REVELA VALORES PAGOS A BAIANOS"}]},{"@type":"WebSite","@id":"https:\/\/blogdofarnesio.com.br\/#website","url":"https:\/\/blogdofarnesio.com.br\/","name":"Blog do Farn\u00e9sio","description":"Quer Saber Pol\u00edtica?","publisher":{"@id":"https:\/\/blogdofarnesio.com.br\/#organization"},"potentialAction":[{"@type":"SearchAction","target":{"@type":"EntryPoint","urlTemplate":"https:\/\/blogdofarnesio.com.br\/?s={search_term_string}"},"query-input":{"@type":"PropertyValueSpecification","valueRequired":true,"valueName":"search_term_string"}}],"inLanguage":"pt-BR"},{"@type":"Organization","@id":"https:\/\/blogdofarnesio.com.br\/#organization","name":"Blog do Farn\u00e9sio","url":"https:\/\/blogdofarnesio.com.br\/","logo":{"@type":"ImageObject","inLanguage":"pt-BR","@id":"https:\/\/blogdofarnesio.com.br\/#\/schema\/logo\/image\/","url":"https:\/\/blogdofarnesio.com.br\/wp-content\/uploads\/2026\/03\/cropped-logo_new-1.png","contentUrl":"https:\/\/blogdofarnesio.com.br\/wp-content\/uploads\/2026\/03\/cropped-logo_new-1.png","width":881,"height":685,"caption":"Blog do Farn\u00e9sio"},"image":{"@id":"https:\/\/blogdofarnesio.com.br\/#\/schema\/logo\/image\/"},"sameAs":["https:\/\/www.facebook.com\/BlogQuerSaberPolitica\/"]},{"@type":"Person","@id":"https:\/\/blogdofarnesio.com.br\/#\/schema\/person\/301c4acf522bccbfdb45af95b5b906a1","name":"Farn\u00e9sio","image":{"@type":"ImageObject","inLanguage":"pt-BR","@id":"https:\/\/secure.gravatar.com\/avatar\/df0c9a14567c056f8ad6876ba5bbd1e3e2c48023eb6807342fc4663adf549f38?s=96&d=mm&r=g","url":"https:\/\/secure.gravatar.com\/avatar\/df0c9a14567c056f8ad6876ba5bbd1e3e2c48023eb6807342fc4663adf549f38?s=96&d=mm&r=g","contentUrl":"https:\/\/secure.gravatar.com\/avatar\/df0c9a14567c056f8ad6876ba5bbd1e3e2c48023eb6807342fc4663adf549f38?s=96&d=mm&r=g","caption":"Farn\u00e9sio"},"sameAs":["https:\/\/quersaberpolitica.com.br"],"url":"https:\/\/blogdofarnesio.com.br\/?author=1"}]}},"_links":{"self":[{"href":"https:\/\/blogdofarnesio.com.br\/index.php?rest_route=\/wp\/v2\/posts\/153185","targetHints":{"allow":["GET"]}}],"collection":[{"href":"https:\/\/blogdofarnesio.com.br\/index.php?rest_route=\/wp\/v2\/posts"}],"about":[{"href":"https:\/\/blogdofarnesio.com.br\/index.php?rest_route=\/wp\/v2\/types\/post"}],"author":[{"embeddable":true,"href":"https:\/\/blogdofarnesio.com.br\/index.php?rest_route=\/wp\/v2\/users\/1"}],"replies":[{"embeddable":true,"href":"https:\/\/blogdofarnesio.com.br\/index.php?rest_route=%2Fwp%2Fv2%2Fcomments&post=153185"}],"version-history":[{"count":0,"href":"https:\/\/blogdofarnesio.com.br\/index.php?rest_route=\/wp\/v2\/posts\/153185\/revisions"}],"wp:featuredmedia":[{"embeddable":true,"href":"https:\/\/blogdofarnesio.com.br\/index.php?rest_route=\/wp\/v2\/media\/152510"}],"wp:attachment":[{"href":"https:\/\/blogdofarnesio.com.br\/index.php?rest_route=%2Fwp%2Fv2%2Fmedia&parent=153185"}],"wp:term":[{"taxonomy":"category","embeddable":true,"href":"https:\/\/blogdofarnesio.com.br\/index.php?rest_route=%2Fwp%2Fv2%2Fcategories&post=153185"},{"taxonomy":"post_tag","embeddable":true,"href":"https:\/\/blogdofarnesio.com.br\/index.php?rest_route=%2Fwp%2Fv2%2Ftags&post=153185"}],"curies":[{"name":"wp","href":"https:\/\/api.w.org\/{rel}","templated":true}]}}