{"id":153045,"date":"2016-12-09T17:00:17","date_gmt":"2016-12-09T20:00:17","guid":{"rendered":"http:\/\/quersaberpolitica.com.br\/2016\/?p=153045"},"modified":"2016-12-09T15:22:57","modified_gmt":"2016-12-09T18:22:57","slug":"estudantes-na-ba-nao-vao-as-aulas-ha-2-meses-por-falta-de-transporte","status":"publish","type":"post","link":"https:\/\/blogdofarnesio.com.br\/?p=153045","title":{"rendered":"ESTUDANTES NA  BA N\u00c3O V\u00c3O \u00c0S AULAS H\u00c1 2 MESES POR FALTA DE TRANSPORTE"},"content":{"rendered":"<p style=\"text-align: justify;\">Estudantes da zona rural de Itabela, no extremo sul da Bahia, j\u00e1 n\u00e3o v\u00e3o \u00e0 escola h\u00e1 cerca de dois meses por falta de transporte escolar. &#8220;Hoje eu at\u00e9 vesti minha roupa, fui para o ponto [pegar o \u00f4nibus], mas n\u00e3o passou n\u00e3o&#8221;, disse o estudante Rayon Santos.<\/p>\n<p style=\"text-align: justify;\">O estudante mora no distrito de Defunto Lavado, que pertence a cidade de Itabela e segundo conta, os \u00f4nibus escolares que levam as crian\u00e7as do distrito para o centro de Itabela n\u00e3o est\u00e3o buscando os estudantes. Faltando as aulas h\u00e1 cerca de dois meses Rayon teme ser reprovado neste ano.<!--more--><\/p>\n<p style=\"text-align: justify;\">A recomenda\u00e7\u00e3o da Secretaria de Educa\u00e7\u00e3o do munic\u00edpio \u00e9 estender o calend\u00e1rio letivo at\u00e9 o dia 23 de dezembro e aplicar um prov\u00e3o para aqueles que n\u00e3o conseguiram assistir aulas na terceira e quarta unidades. O Secret\u00e1rio de Educa\u00e7\u00e3o de Itabela Paulo Carvalho, disse que est\u00e1 sabendo dos problemas e que fez cobran\u00e7as a empresa.<\/p>\n<p style=\"text-align: justify;\">&#8220;A\u00a0 gente marcou uma reuni\u00e3o [coma\u00a0 empsa] para ver com eles qual \u00e9 o problema para que eles possam passar para gente&#8221;, disse Carvalho.<\/p>\n<p style=\"text-align: justify;\">Segundo a Secretaria de Educa\u00e7\u00e3o, 200 alunos est\u00e3o deixando de ir para a escola por causa da falta do transporte escolar. No povoado de Montinho, tamb\u00e9m no sul do estado, a escola Carlos Alberto Souza Parracho j\u00e1 perdeu 40 dos 300 alunos. A metade pediu transfer\u00eancia para outras escolas mais pr\u00f3ximas do domic\u00edlio, a outra metade tem deixado de vir a escola porque n\u00e3o tem como chegar at\u00e9 o col\u00e9gio.<\/p>\n<p style=\"text-align: justify;\">Meiriele Barros estuda o 1\u00ba ano do ensino m\u00e9dio e est\u00e1 perdendo aula desde 10 de outubro. &#8220;A gente vai passar [de ano] sem saber de nada e talvez, at\u00e9 perder de ano porque n\u00e3o pode ir para a escola&#8221;, disse.<\/p>\n<p style=\"text-align: justify;\">O estudante Emanuel Saldanha, de 12 anos, conta que a m\u00e3e paga R$ 10 a um vizinho para fazer o transporte para o filho. &#8220;Junto com outras m\u00e3es ela paga est\u00e1 pagando para levar a gente l\u00e1 no Montinho e trazer&#8221;, disse Emanuel.<\/p>\n<p style=\"text-align: justify;\">O motorista Wagner Figueredo alugava a van para a empresa que a prefeitura contratou pra fazer o transporte dos alunos mas parou com o servi\u00e7o porque n\u00e3o estava recebendo. &#8220;Parou tudo porque estava sem combust\u00edvel, sem motorista e sem pagamento&#8221;, disse.<\/p>\n<p style=\"text-align: justify;\">Uma ve\u00edculo modelo Kombi, que fazia o transporte de estudantes ficou no meio do caminho por conta dos buracos da estrada, foi depredada e ficou sem pneus. O presidente do conselho escolar, Adenilson Ferreira, diz que a empresa n\u00e3o foi sequer buscar o ve\u00edculo que quebrou na estrada h\u00e1 90 dias.<\/p>\n<p style=\"text-align: justify;\">&#8220;A dificuldade est\u00e1 sendo grande em rela\u00e7\u00e3o a isso. Os professores est\u00e3o tendo dificuldades para avaliar a gest\u00e3o da escola est\u00e1 amenizando a situa\u00e7\u00e3o, conversando com os professores para poder arrumar uma forma de avalia-los para fechar o ano letivo. Os alunos n\u00e3o podem ser prejudicados por esse motivo do transporte escolar&#8221;, disse<\/p>\n<p style=\"text-align: justify;\">Os respons\u00e1veis da empresa contratada pela prefeitura para fazer o transporte escolar na cidade foram procurados, mas n\u00e3o foi poss\u00edvel contato com os mesmos.<\/p>\n<p style=\"text-align: justify;\">G1\/Bahia<\/p>\n","protected":false},"excerpt":{"rendered":"<p>Estudantes da zona rural de Itabela, no extremo sul da Bahia, j\u00e1 n\u00e3o v\u00e3o \u00e0 escola h\u00e1 cerca de dois meses por falta de transporte escolar. &#8220;Hoje eu at\u00e9 vesti minha roupa, fui para o ponto [pegar o \u00f4nibus], mas n\u00e3o passou n\u00e3o&#8221;, disse o estudante Rayon Santos. O estudante mora no distrito de Defunto Lavado, que pertence a cidade de Itabela e segundo conta, os \u00f4nibus escolares que levam as crian\u00e7as do distrito para o centro de Itabela n\u00e3o est\u00e3o buscando os estudantes. Faltando as aulas h\u00e1 cerca de dois meses Rayon teme ser reprovado neste ano.<\/p>\n","protected":false},"author":1,"featured_media":152492,"comment_status":"open","ping_status":"open","sticky":false,"template":"","format":"standard","meta":{"_acf_changed":false,"footnotes":""},"categories":[44],"tags":[],"class_list":["post-153045","post","type-post","status-publish","format-standard","has-post-thumbnail","hentry","category-administracao"],"acf":[],"yoast_head":"<!-- This site is optimized with the Yoast SEO plugin v27.4 - https:\/\/yoast.com\/product\/yoast-seo-wordpress\/ -->\n<title>ESTUDANTES NA BA N\u00c3O V\u00c3O \u00c0S AULAS H\u00c1 2 MESES POR FALTA DE TRANSPORTE - Blog do Farn\u00e9sio<\/title>\n<meta name=\"robots\" content=\"index, follow, max-snippet:-1, max-image-preview:large, max-video-preview:-1\" \/>\n<link rel=\"canonical\" href=\"http:\/\/blogdofarnesio.com.br\/?p=153045\" \/>\n<meta property=\"og:locale\" content=\"pt_BR\" \/>\n<meta property=\"og:type\" content=\"article\" \/>\n<meta property=\"og:title\" content=\"ESTUDANTES NA BA N\u00c3O V\u00c3O \u00c0S AULAS H\u00c1 2 MESES POR FALTA DE TRANSPORTE - Blog do Farn\u00e9sio\" \/>\n<meta property=\"og:description\" content=\"Estudantes da zona rural de Itabela, no extremo sul da Bahia, j\u00e1 n\u00e3o v\u00e3o \u00e0 escola h\u00e1 cerca de dois meses por falta de transporte escolar. &#8220;Hoje eu at\u00e9 vesti minha roupa, fui para o ponto [pegar o \u00f4nibus], mas n\u00e3o passou n\u00e3o&#8221;, disse o estudante Rayon Santos. O estudante mora no distrito de Defunto Lavado, que pertence a cidade de Itabela e segundo conta, os \u00f4nibus escolares que levam as crian\u00e7as do distrito para o centro de Itabela n\u00e3o est\u00e3o buscando os estudantes. Faltando as aulas h\u00e1 cerca de dois meses Rayon teme ser reprovado neste ano.\" \/>\n<meta property=\"og:url\" content=\"http:\/\/blogdofarnesio.com.br\/?p=153045\" \/>\n<meta property=\"og:site_name\" content=\"Blog do Farn\u00e9sio\" \/>\n<meta property=\"article:publisher\" content=\"https:\/\/www.facebook.com\/BlogQuerSaberPolitica\/\" \/>\n<meta property=\"article:published_time\" content=\"2016-12-09T20:00:17+00:00\" \/>\n<meta property=\"og:image\" content=\"http:\/\/blogdofarnesio.com.br\/wp-content\/uploads\/2016\/12\/blog-qsp-falta-de-transporte-escolar-foto-reproducao.jpg\" \/>\n\t<meta property=\"og:image:width\" content=\"500\" \/>\n\t<meta property=\"og:image:height\" content=\"300\" \/>\n\t<meta property=\"og:image:type\" content=\"image\/jpeg\" \/>\n<meta name=\"author\" content=\"Farn\u00e9sio\" \/>\n<meta name=\"twitter:card\" content=\"summary_large_image\" \/>\n<meta name=\"twitter:label1\" content=\"Escrito por\" \/>\n\t<meta name=\"twitter:data1\" content=\"Farn\u00e9sio\" \/>\n\t<meta name=\"twitter:label2\" content=\"Est. tempo de leitura\" \/>\n\t<meta name=\"twitter:data2\" content=\"3 minutos\" \/>\n<script type=\"application\/ld+json\" class=\"yoast-schema-graph\">{\"@context\":\"https:\\\/\\\/schema.org\",\"@graph\":[{\"@type\":\"Article\",\"@id\":\"http:\\\/\\\/blogdofarnesio.com.br\\\/?p=153045#article\",\"isPartOf\":{\"@id\":\"http:\\\/\\\/blogdofarnesio.com.br\\\/?p=153045\"},\"author\":{\"name\":\"Farn\u00e9sio\",\"@id\":\"https:\\\/\\\/blogdofarnesio.com.br\\\/#\\\/schema\\\/person\\\/301c4acf522bccbfdb45af95b5b906a1\"},\"headline\":\"ESTUDANTES NA BA N\u00c3O V\u00c3O \u00c0S AULAS H\u00c1 2 MESES POR FALTA DE TRANSPORTE\",\"datePublished\":\"2016-12-09T20:00:17+00:00\",\"mainEntityOfPage\":{\"@id\":\"http:\\\/\\\/blogdofarnesio.com.br\\\/?p=153045\"},\"wordCount\":548,\"commentCount\":0,\"publisher\":{\"@id\":\"https:\\\/\\\/blogdofarnesio.com.br\\\/#organization\"},\"image\":{\"@id\":\"http:\\\/\\\/blogdofarnesio.com.br\\\/?p=153045#primaryimage\"},\"thumbnailUrl\":\"https:\\\/\\\/blogdofarnesio.com.br\\\/wp-content\\\/uploads\\\/2016\\\/12\\\/blog-qsp-falta-de-transporte-escolar-foto-reproducao.jpg\",\"articleSection\":[\"Administra\u00e7\u00e3o\"],\"inLanguage\":\"pt-BR\",\"potentialAction\":[{\"@type\":\"CommentAction\",\"name\":\"Comment\",\"target\":[\"http:\\\/\\\/blogdofarnesio.com.br\\\/?p=153045#respond\"]}]},{\"@type\":\"WebPage\",\"@id\":\"http:\\\/\\\/blogdofarnesio.com.br\\\/?p=153045\",\"url\":\"http:\\\/\\\/blogdofarnesio.com.br\\\/?p=153045\",\"name\":\"ESTUDANTES NA BA N\u00c3O V\u00c3O \u00c0S AULAS H\u00c1 2 MESES POR FALTA DE TRANSPORTE - Blog do Farn\u00e9sio\",\"isPartOf\":{\"@id\":\"https:\\\/\\\/blogdofarnesio.com.br\\\/#website\"},\"primaryImageOfPage\":{\"@id\":\"http:\\\/\\\/blogdofarnesio.com.br\\\/?p=153045#primaryimage\"},\"image\":{\"@id\":\"http:\\\/\\\/blogdofarnesio.com.br\\\/?p=153045#primaryimage\"},\"thumbnailUrl\":\"https:\\\/\\\/blogdofarnesio.com.br\\\/wp-content\\\/uploads\\\/2016\\\/12\\\/blog-qsp-falta-de-transporte-escolar-foto-reproducao.jpg\",\"datePublished\":\"2016-12-09T20:00:17+00:00\",\"breadcrumb\":{\"@id\":\"http:\\\/\\\/blogdofarnesio.com.br\\\/?p=153045#breadcrumb\"},\"inLanguage\":\"pt-BR\",\"potentialAction\":[{\"@type\":\"ReadAction\",\"target\":[\"http:\\\/\\\/blogdofarnesio.com.br\\\/?p=153045\"]}]},{\"@type\":\"ImageObject\",\"inLanguage\":\"pt-BR\",\"@id\":\"http:\\\/\\\/blogdofarnesio.com.br\\\/?p=153045#primaryimage\",\"url\":\"https:\\\/\\\/blogdofarnesio.com.br\\\/wp-content\\\/uploads\\\/2016\\\/12\\\/blog-qsp-falta-de-transporte-escolar-foto-reproducao.jpg\",\"contentUrl\":\"https:\\\/\\\/blogdofarnesio.com.br\\\/wp-content\\\/uploads\\\/2016\\\/12\\\/blog-qsp-falta-de-transporte-escolar-foto-reproducao.jpg\",\"width\":500,\"height\":300},{\"@type\":\"BreadcrumbList\",\"@id\":\"http:\\\/\\\/blogdofarnesio.com.br\\\/?p=153045#breadcrumb\",\"itemListElement\":[{\"@type\":\"ListItem\",\"position\":1,\"name\":\"In\u00edcio\",\"item\":\"https:\\\/\\\/blogdofarnesio.com.br\\\/\"},{\"@type\":\"ListItem\",\"position\":2,\"name\":\"ESTUDANTES NA BA N\u00c3O V\u00c3O \u00c0S AULAS H\u00c1 2 MESES POR FALTA DE TRANSPORTE\"}]},{\"@type\":\"WebSite\",\"@id\":\"https:\\\/\\\/blogdofarnesio.com.br\\\/#website\",\"url\":\"https:\\\/\\\/blogdofarnesio.com.br\\\/\",\"name\":\"Blog do Farn\u00e9sio\",\"description\":\"Quer Saber Pol\u00edtica?\",\"publisher\":{\"@id\":\"https:\\\/\\\/blogdofarnesio.com.br\\\/#organization\"},\"potentialAction\":[{\"@type\":\"SearchAction\",\"target\":{\"@type\":\"EntryPoint\",\"urlTemplate\":\"https:\\\/\\\/blogdofarnesio.com.br\\\/?s={search_term_string}\"},\"query-input\":{\"@type\":\"PropertyValueSpecification\",\"valueRequired\":true,\"valueName\":\"search_term_string\"}}],\"inLanguage\":\"pt-BR\"},{\"@type\":\"Organization\",\"@id\":\"https:\\\/\\\/blogdofarnesio.com.br\\\/#organization\",\"name\":\"Blog do Farn\u00e9sio\",\"url\":\"https:\\\/\\\/blogdofarnesio.com.br\\\/\",\"logo\":{\"@type\":\"ImageObject\",\"inLanguage\":\"pt-BR\",\"@id\":\"https:\\\/\\\/blogdofarnesio.com.br\\\/#\\\/schema\\\/logo\\\/image\\\/\",\"url\":\"https:\\\/\\\/blogdofarnesio.com.br\\\/wp-content\\\/uploads\\\/2026\\\/03\\\/cropped-logo_new-1.png\",\"contentUrl\":\"https:\\\/\\\/blogdofarnesio.com.br\\\/wp-content\\\/uploads\\\/2026\\\/03\\\/cropped-logo_new-1.png\",\"width\":881,\"height\":685,\"caption\":\"Blog do Farn\u00e9sio\"},\"image\":{\"@id\":\"https:\\\/\\\/blogdofarnesio.com.br\\\/#\\\/schema\\\/logo\\\/image\\\/\"},\"sameAs\":[\"https:\\\/\\\/www.facebook.com\\\/BlogQuerSaberPolitica\\\/\"]},{\"@type\":\"Person\",\"@id\":\"https:\\\/\\\/blogdofarnesio.com.br\\\/#\\\/schema\\\/person\\\/301c4acf522bccbfdb45af95b5b906a1\",\"name\":\"Farn\u00e9sio\",\"image\":{\"@type\":\"ImageObject\",\"inLanguage\":\"pt-BR\",\"@id\":\"https:\\\/\\\/secure.gravatar.com\\\/avatar\\\/df0c9a14567c056f8ad6876ba5bbd1e3e2c48023eb6807342fc4663adf549f38?s=96&d=mm&r=g\",\"url\":\"https:\\\/\\\/secure.gravatar.com\\\/avatar\\\/df0c9a14567c056f8ad6876ba5bbd1e3e2c48023eb6807342fc4663adf549f38?s=96&d=mm&r=g\",\"contentUrl\":\"https:\\\/\\\/secure.gravatar.com\\\/avatar\\\/df0c9a14567c056f8ad6876ba5bbd1e3e2c48023eb6807342fc4663adf549f38?s=96&d=mm&r=g\",\"caption\":\"Farn\u00e9sio\"},\"sameAs\":[\"https:\\\/\\\/quersaberpolitica.com.br\"],\"url\":\"https:\\\/\\\/blogdofarnesio.com.br\\\/?author=1\"}]}<\/script>\n<!-- \/ Yoast SEO plugin. -->","yoast_head_json":{"title":"ESTUDANTES NA BA N\u00c3O V\u00c3O \u00c0S AULAS H\u00c1 2 MESES POR FALTA DE TRANSPORTE - Blog do Farn\u00e9sio","robots":{"index":"index","follow":"follow","max-snippet":"max-snippet:-1","max-image-preview":"max-image-preview:large","max-video-preview":"max-video-preview:-1"},"canonical":"http:\/\/blogdofarnesio.com.br\/?p=153045","og_locale":"pt_BR","og_type":"article","og_title":"ESTUDANTES NA BA N\u00c3O V\u00c3O \u00c0S AULAS H\u00c1 2 MESES POR FALTA DE TRANSPORTE - Blog do Farn\u00e9sio","og_description":"Estudantes da zona rural de Itabela, no extremo sul da Bahia, j\u00e1 n\u00e3o v\u00e3o \u00e0 escola h\u00e1 cerca de dois meses por falta de transporte escolar. &#8220;Hoje eu at\u00e9 vesti minha roupa, fui para o ponto [pegar o \u00f4nibus], mas n\u00e3o passou n\u00e3o&#8221;, disse o estudante Rayon Santos. O estudante mora no distrito de Defunto Lavado, que pertence a cidade de Itabela e segundo conta, os \u00f4nibus escolares que levam as crian\u00e7as do distrito para o centro de Itabela n\u00e3o est\u00e3o buscando os estudantes. Faltando as aulas h\u00e1 cerca de dois meses Rayon teme ser reprovado neste ano.","og_url":"http:\/\/blogdofarnesio.com.br\/?p=153045","og_site_name":"Blog do Farn\u00e9sio","article_publisher":"https:\/\/www.facebook.com\/BlogQuerSaberPolitica\/","article_published_time":"2016-12-09T20:00:17+00:00","og_image":[{"width":500,"height":300,"url":"http:\/\/blogdofarnesio.com.br\/wp-content\/uploads\/2016\/12\/blog-qsp-falta-de-transporte-escolar-foto-reproducao.jpg","type":"image\/jpeg"}],"author":"Farn\u00e9sio","twitter_card":"summary_large_image","twitter_misc":{"Escrito por":"Farn\u00e9sio","Est. tempo de leitura":"3 minutos"},"schema":{"@context":"https:\/\/schema.org","@graph":[{"@type":"Article","@id":"http:\/\/blogdofarnesio.com.br\/?p=153045#article","isPartOf":{"@id":"http:\/\/blogdofarnesio.com.br\/?p=153045"},"author":{"name":"Farn\u00e9sio","@id":"https:\/\/blogdofarnesio.com.br\/#\/schema\/person\/301c4acf522bccbfdb45af95b5b906a1"},"headline":"ESTUDANTES NA BA N\u00c3O V\u00c3O \u00c0S AULAS H\u00c1 2 MESES POR FALTA DE TRANSPORTE","datePublished":"2016-12-09T20:00:17+00:00","mainEntityOfPage":{"@id":"http:\/\/blogdofarnesio.com.br\/?p=153045"},"wordCount":548,"commentCount":0,"publisher":{"@id":"https:\/\/blogdofarnesio.com.br\/#organization"},"image":{"@id":"http:\/\/blogdofarnesio.com.br\/?p=153045#primaryimage"},"thumbnailUrl":"https:\/\/blogdofarnesio.com.br\/wp-content\/uploads\/2016\/12\/blog-qsp-falta-de-transporte-escolar-foto-reproducao.jpg","articleSection":["Administra\u00e7\u00e3o"],"inLanguage":"pt-BR","potentialAction":[{"@type":"CommentAction","name":"Comment","target":["http:\/\/blogdofarnesio.com.br\/?p=153045#respond"]}]},{"@type":"WebPage","@id":"http:\/\/blogdofarnesio.com.br\/?p=153045","url":"http:\/\/blogdofarnesio.com.br\/?p=153045","name":"ESTUDANTES NA BA N\u00c3O V\u00c3O \u00c0S AULAS H\u00c1 2 MESES POR FALTA DE TRANSPORTE - Blog do Farn\u00e9sio","isPartOf":{"@id":"https:\/\/blogdofarnesio.com.br\/#website"},"primaryImageOfPage":{"@id":"http:\/\/blogdofarnesio.com.br\/?p=153045#primaryimage"},"image":{"@id":"http:\/\/blogdofarnesio.com.br\/?p=153045#primaryimage"},"thumbnailUrl":"https:\/\/blogdofarnesio.com.br\/wp-content\/uploads\/2016\/12\/blog-qsp-falta-de-transporte-escolar-foto-reproducao.jpg","datePublished":"2016-12-09T20:00:17+00:00","breadcrumb":{"@id":"http:\/\/blogdofarnesio.com.br\/?p=153045#breadcrumb"},"inLanguage":"pt-BR","potentialAction":[{"@type":"ReadAction","target":["http:\/\/blogdofarnesio.com.br\/?p=153045"]}]},{"@type":"ImageObject","inLanguage":"pt-BR","@id":"http:\/\/blogdofarnesio.com.br\/?p=153045#primaryimage","url":"https:\/\/blogdofarnesio.com.br\/wp-content\/uploads\/2016\/12\/blog-qsp-falta-de-transporte-escolar-foto-reproducao.jpg","contentUrl":"https:\/\/blogdofarnesio.com.br\/wp-content\/uploads\/2016\/12\/blog-qsp-falta-de-transporte-escolar-foto-reproducao.jpg","width":500,"height":300},{"@type":"BreadcrumbList","@id":"http:\/\/blogdofarnesio.com.br\/?p=153045#breadcrumb","itemListElement":[{"@type":"ListItem","position":1,"name":"In\u00edcio","item":"https:\/\/blogdofarnesio.com.br\/"},{"@type":"ListItem","position":2,"name":"ESTUDANTES NA BA N\u00c3O V\u00c3O \u00c0S AULAS H\u00c1 2 MESES POR FALTA DE TRANSPORTE"}]},{"@type":"WebSite","@id":"https:\/\/blogdofarnesio.com.br\/#website","url":"https:\/\/blogdofarnesio.com.br\/","name":"Blog do Farn\u00e9sio","description":"Quer Saber Pol\u00edtica?","publisher":{"@id":"https:\/\/blogdofarnesio.com.br\/#organization"},"potentialAction":[{"@type":"SearchAction","target":{"@type":"EntryPoint","urlTemplate":"https:\/\/blogdofarnesio.com.br\/?s={search_term_string}"},"query-input":{"@type":"PropertyValueSpecification","valueRequired":true,"valueName":"search_term_string"}}],"inLanguage":"pt-BR"},{"@type":"Organization","@id":"https:\/\/blogdofarnesio.com.br\/#organization","name":"Blog do Farn\u00e9sio","url":"https:\/\/blogdofarnesio.com.br\/","logo":{"@type":"ImageObject","inLanguage":"pt-BR","@id":"https:\/\/blogdofarnesio.com.br\/#\/schema\/logo\/image\/","url":"https:\/\/blogdofarnesio.com.br\/wp-content\/uploads\/2026\/03\/cropped-logo_new-1.png","contentUrl":"https:\/\/blogdofarnesio.com.br\/wp-content\/uploads\/2026\/03\/cropped-logo_new-1.png","width":881,"height":685,"caption":"Blog do Farn\u00e9sio"},"image":{"@id":"https:\/\/blogdofarnesio.com.br\/#\/schema\/logo\/image\/"},"sameAs":["https:\/\/www.facebook.com\/BlogQuerSaberPolitica\/"]},{"@type":"Person","@id":"https:\/\/blogdofarnesio.com.br\/#\/schema\/person\/301c4acf522bccbfdb45af95b5b906a1","name":"Farn\u00e9sio","image":{"@type":"ImageObject","inLanguage":"pt-BR","@id":"https:\/\/secure.gravatar.com\/avatar\/df0c9a14567c056f8ad6876ba5bbd1e3e2c48023eb6807342fc4663adf549f38?s=96&d=mm&r=g","url":"https:\/\/secure.gravatar.com\/avatar\/df0c9a14567c056f8ad6876ba5bbd1e3e2c48023eb6807342fc4663adf549f38?s=96&d=mm&r=g","contentUrl":"https:\/\/secure.gravatar.com\/avatar\/df0c9a14567c056f8ad6876ba5bbd1e3e2c48023eb6807342fc4663adf549f38?s=96&d=mm&r=g","caption":"Farn\u00e9sio"},"sameAs":["https:\/\/quersaberpolitica.com.br"],"url":"https:\/\/blogdofarnesio.com.br\/?author=1"}]}},"_links":{"self":[{"href":"https:\/\/blogdofarnesio.com.br\/index.php?rest_route=\/wp\/v2\/posts\/153045","targetHints":{"allow":["GET"]}}],"collection":[{"href":"https:\/\/blogdofarnesio.com.br\/index.php?rest_route=\/wp\/v2\/posts"}],"about":[{"href":"https:\/\/blogdofarnesio.com.br\/index.php?rest_route=\/wp\/v2\/types\/post"}],"author":[{"embeddable":true,"href":"https:\/\/blogdofarnesio.com.br\/index.php?rest_route=\/wp\/v2\/users\/1"}],"replies":[{"embeddable":true,"href":"https:\/\/blogdofarnesio.com.br\/index.php?rest_route=%2Fwp%2Fv2%2Fcomments&post=153045"}],"version-history":[{"count":0,"href":"https:\/\/blogdofarnesio.com.br\/index.php?rest_route=\/wp\/v2\/posts\/153045\/revisions"}],"wp:featuredmedia":[{"embeddable":true,"href":"https:\/\/blogdofarnesio.com.br\/index.php?rest_route=\/wp\/v2\/media\/152492"}],"wp:attachment":[{"href":"https:\/\/blogdofarnesio.com.br\/index.php?rest_route=%2Fwp%2Fv2%2Fmedia&parent=153045"}],"wp:term":[{"taxonomy":"category","embeddable":true,"href":"https:\/\/blogdofarnesio.com.br\/index.php?rest_route=%2Fwp%2Fv2%2Fcategories&post=153045"},{"taxonomy":"post_tag","embeddable":true,"href":"https:\/\/blogdofarnesio.com.br\/index.php?rest_route=%2Fwp%2Fv2%2Ftags&post=153045"}],"curies":[{"name":"wp","href":"https:\/\/api.w.org\/{rel}","templated":true}]}}