{"id":153035,"date":"2016-12-06T10:40:19","date_gmt":"2016-12-06T13:40:19","guid":{"rendered":"http:\/\/quersaberpolitica.com.br\/2016\/?p=153035"},"modified":"2016-12-06T09:10:30","modified_gmt":"2016-12-06T12:10:30","slug":"familia-da-garota-beatriz-angelica-repudia-declaracao-de-ex-prefeito-de-petrolina","status":"publish","type":"post","link":"https:\/\/blogdofarnesio.com.br\/?p=153035","title":{"rendered":"FAM\u00cdLIA DA GAROTA BEATRIZ ANG\u00c9LICA REPUDIA DECLARA\u00c7\u00c3O DE EX-PREFEITO DE PETROLINA"},"content":{"rendered":"<div style=\"text-align: justify;\">Como pais de Beatriz Ang\u00e9lica Mota queremos manifestar a nossa indigna\u00e7\u00e3o e rep\u00fadio com a infeliz declara\u00e7\u00e3o feita na manh\u00e3 de ontem (05)\u00a0no programa Edenelvaldo Alves, Emissora Petrolina FM, pelo senhor Augusto Coelho. \u00c9 grande e profunda a nossa dor, tristeza e saudade, e ouvir tais declara\u00e7\u00f5es, nos tr\u00e1s ainda mais SOFRIMENTO.<\/div>\n<div style=\"text-align: justify;\"><\/div>\n<div style=\"text-align: justify;\">Como pode algu\u00e9m ocupar espa\u00e7o midi\u00e1tico para defender interesses econ\u00f4micos de uma institui\u00e7\u00e3o particular, ignorando completamente a dor de uma FAM\u00cdLIA que perdeu a sua filha de forma brutal?\u00a0Como colocar uma pedra em cima do caso?<\/div>\n<div style=\"text-align: justify;\"><\/div>\n<div style=\"text-align: justify;\">O senhor esqueceria uma filha? Ou a indiferen\u00e7a desumana \u00e9 por se tratar do filho dos outros?<\/div>\n<div style=\"text-align: justify;\"><\/div>\n<div style=\"text-align: justify;\">Senhor Augusto Coelho, nos diga como podemos virar esta p\u00e1gina e esquecer de nossa princesa, e deste crime ocorrido dentro da quadra da escola em que confi\u00e1vamos?<\/div>\n<div style=\"text-align: justify;\"><\/div>\n<div style=\"text-align: justify;\">Como a nossa comunidade pode esquecer desse crime se ainda tem um ou mais assassinos soltos podendo fazer a qualquer momento outras v\u00edtimas?<\/div>\n<div style=\"text-align: justify;\"><\/div>\n<div style=\"text-align: justify;\">O que o senhor tem a dizer da INDIFEREN\u00c7A DA ESCOLA, que demonstrou preocupa\u00e7\u00e3o exclusiva com a retomada das atividades dias ap\u00f3s o ocorrido, como se fosse um caso banal a ficar apenas nas estat\u00edsticas?<\/div>\n<div style=\"text-align: justify;\"><\/div>\n<div style=\"text-align: justify;\">\u00c9 de causar PROFUNDA INDIGNA\u00c7\u00c3O senhor Augusto Coelho, que algu\u00e9m que tenha ocupado cargos eletivos, venha a p\u00fablico defender a IMPUNIDADE.<\/div>\n<div style=\"text-align: justify;\"><\/div>\n<div style=\"text-align: justify;\">Defender o fim da apura\u00e7\u00e3o sem que os culpados sejam apresentados?<\/div>\n<div style=\"text-align: justify;\">Por qu\u00ea?<\/div>\n<div style=\"text-align: justify;\">Qual o seu interesse no ENCERRAMENTO das investiga\u00e7\u00f5es?<\/div>\n<div style=\"text-align: justify;\">O senhor sabe de algo que a nossa comunidade ainda n\u00e3o sabe?<\/div>\n<div style=\"text-align: justify;\">Toda sociedade, assim como n\u00f3s, quer que o crime seja desvendado e o que esper\u00e1vamos, no m\u00ednimo, seria o seu apoio e solidariedade.<\/div>\n<div style=\"text-align: justify;\"><\/div>\n<div style=\"text-align: justify;\">Em rela\u00e7\u00e3o a nossa campanha em busca de justi\u00e7a, que o senhor afirma ser injusta e estaria denegrindo a IMAGEM DO COL\u00c9GIO, n\u00f3s reafirmamos que tal imagem j\u00e1 foi manchada pelo crime ocorrido em seu interior e a neglig\u00eancia que levou a tal ocorrido.<\/div>\n<div style=\"text-align: justify;\"><\/div>\n<div style=\"text-align: justify;\">Encerramos senhor Augusto Coelho, dizendo que n\u00f3s gostar\u00edamos de colocar uma pedra em cima da indiferen\u00e7a e virar a p\u00e1gina da estupidez humana.<\/div>\n<div style=\"text-align: justify;\"><\/div>\n<div style=\"text-align: justify;\">Sandro Romilton &amp; Lucinha Mota<\/div>\n<div style=\"text-align: justify;\">(PAIS DE BEATRIZ ANG\u00c9LICA)<\/div>\n","protected":false},"excerpt":{"rendered":"<p>Como pais de Beatriz Ang\u00e9lica Mota queremos manifestar a nossa indigna\u00e7\u00e3o e rep\u00fadio com a infeliz declara\u00e7\u00e3o feita na manh\u00e3 de ontem (05)\u00a0no programa Edenelvaldo Alves, Emissora Petrolina FM, pelo senhor Augusto Coelho. \u00c9 grande e profunda a nossa dor, tristeza e saudade, e ouvir tais declara\u00e7\u00f5es, nos tr\u00e1s ainda mais SOFRIMENTO. Como pode algu\u00e9m ocupar espa\u00e7o midi\u00e1tico para defender interesses econ\u00f4micos de uma institui\u00e7\u00e3o particular, ignorando completamente a dor de uma FAM\u00cdLIA que perdeu a sua filha de forma brutal?\u00a0Como colocar uma pedra em cima do caso? O senhor esqueceria uma filha? Ou a indiferen\u00e7a desumana \u00e9 por se tratar do filho dos outros? Senhor Augusto Coelho, nos diga como podemos virar esta p\u00e1gina e esquecer de nossa princesa,&hellip; <\/p>\n","protected":false},"author":1,"featured_media":152108,"comment_status":"open","ping_status":"open","sticky":false,"template":"","format":"standard","meta":{"_acf_changed":false,"footnotes":""},"categories":[44],"tags":[],"class_list":["post-153035","post","type-post","status-publish","format-standard","has-post-thumbnail","hentry","category-administracao"],"acf":[],"yoast_head":"<!-- This site is optimized with the Yoast SEO plugin v27.4 - https:\/\/yoast.com\/product\/yoast-seo-wordpress\/ -->\n<title>FAM\u00cdLIA DA GAROTA BEATRIZ ANG\u00c9LICA REPUDIA DECLARA\u00c7\u00c3O DE EX-PREFEITO DE PETROLINA - Blog do Farn\u00e9sio<\/title>\n<meta name=\"robots\" content=\"index, follow, max-snippet:-1, max-image-preview:large, max-video-preview:-1\" \/>\n<link rel=\"canonical\" href=\"https:\/\/blogdofarnesio.com.br\/?p=153035\" \/>\n<meta property=\"og:locale\" content=\"pt_BR\" \/>\n<meta property=\"og:type\" content=\"article\" \/>\n<meta property=\"og:title\" content=\"FAM\u00cdLIA DA GAROTA BEATRIZ ANG\u00c9LICA REPUDIA DECLARA\u00c7\u00c3O DE EX-PREFEITO DE PETROLINA - Blog do Farn\u00e9sio\" \/>\n<meta property=\"og:description\" content=\"Como pais de Beatriz Ang\u00e9lica Mota queremos manifestar a nossa indigna\u00e7\u00e3o e rep\u00fadio com a infeliz declara\u00e7\u00e3o feita na manh\u00e3 de ontem (05)\u00a0no programa Edenelvaldo Alves, Emissora Petrolina FM, pelo senhor Augusto Coelho. \u00c9 grande e profunda a nossa dor, tristeza e saudade, e ouvir tais declara\u00e7\u00f5es, nos tr\u00e1s ainda mais SOFRIMENTO. Como pode algu\u00e9m ocupar espa\u00e7o midi\u00e1tico para defender interesses econ\u00f4micos de uma institui\u00e7\u00e3o particular, ignorando completamente a dor de uma FAM\u00cdLIA que perdeu a sua filha de forma brutal?\u00a0Como colocar uma pedra em cima do caso? O senhor esqueceria uma filha? Ou a indiferen\u00e7a desumana \u00e9 por se tratar do filho dos outros? Senhor Augusto Coelho, nos diga como podemos virar esta p\u00e1gina e esquecer de nossa princesa,&hellip;\" \/>\n<meta property=\"og:url\" content=\"https:\/\/blogdofarnesio.com.br\/?p=153035\" \/>\n<meta property=\"og:site_name\" content=\"Blog do Farn\u00e9sio\" \/>\n<meta property=\"article:publisher\" content=\"https:\/\/www.facebook.com\/BlogQuerSaberPolitica\/\" \/>\n<meta property=\"article:published_time\" content=\"2016-12-06T13:40:19+00:00\" \/>\n<meta property=\"og:image\" content=\"https:\/\/blogdofarnesio.com.br\/wp-content\/uploads\/2016\/12\/blogqsp-familia-beatrizmota.jpg\" \/>\n\t<meta property=\"og:image:width\" content=\"461\" \/>\n\t<meta property=\"og:image:height\" content=\"446\" \/>\n\t<meta property=\"og:image:type\" content=\"image\/jpeg\" \/>\n<meta name=\"author\" content=\"Farn\u00e9sio\" \/>\n<meta name=\"twitter:card\" content=\"summary_large_image\" \/>\n<meta name=\"twitter:label1\" content=\"Escrito por\" \/>\n\t<meta name=\"twitter:data1\" content=\"Farn\u00e9sio\" \/>\n\t<meta name=\"twitter:label2\" content=\"Est. tempo de leitura\" \/>\n\t<meta name=\"twitter:data2\" content=\"2 minutos\" \/>\n<script type=\"application\/ld+json\" class=\"yoast-schema-graph\">{\"@context\":\"https:\\\/\\\/schema.org\",\"@graph\":[{\"@type\":\"Article\",\"@id\":\"https:\\\/\\\/blogdofarnesio.com.br\\\/?p=153035#article\",\"isPartOf\":{\"@id\":\"https:\\\/\\\/blogdofarnesio.com.br\\\/?p=153035\"},\"author\":{\"name\":\"Farn\u00e9sio\",\"@id\":\"https:\\\/\\\/blogdofarnesio.com.br\\\/#\\\/schema\\\/person\\\/301c4acf522bccbfdb45af95b5b906a1\"},\"headline\":\"FAM\u00cdLIA DA GAROTA BEATRIZ ANG\u00c9LICA REPUDIA DECLARA\u00c7\u00c3O DE EX-PREFEITO DE PETROLINA\",\"datePublished\":\"2016-12-06T13:40:19+00:00\",\"mainEntityOfPage\":{\"@id\":\"https:\\\/\\\/blogdofarnesio.com.br\\\/?p=153035\"},\"wordCount\":394,\"commentCount\":0,\"publisher\":{\"@id\":\"https:\\\/\\\/blogdofarnesio.com.br\\\/#organization\"},\"image\":{\"@id\":\"https:\\\/\\\/blogdofarnesio.com.br\\\/?p=153035#primaryimage\"},\"thumbnailUrl\":\"https:\\\/\\\/blogdofarnesio.com.br\\\/wp-content\\\/uploads\\\/2016\\\/12\\\/blogqsp-familia-beatrizmota.jpg\",\"articleSection\":[\"Administra\u00e7\u00e3o\"],\"inLanguage\":\"pt-BR\",\"potentialAction\":[{\"@type\":\"CommentAction\",\"name\":\"Comment\",\"target\":[\"https:\\\/\\\/blogdofarnesio.com.br\\\/?p=153035#respond\"]}]},{\"@type\":\"WebPage\",\"@id\":\"https:\\\/\\\/blogdofarnesio.com.br\\\/?p=153035\",\"url\":\"https:\\\/\\\/blogdofarnesio.com.br\\\/?p=153035\",\"name\":\"FAM\u00cdLIA DA GAROTA BEATRIZ ANG\u00c9LICA REPUDIA DECLARA\u00c7\u00c3O DE EX-PREFEITO DE PETROLINA - Blog do Farn\u00e9sio\",\"isPartOf\":{\"@id\":\"https:\\\/\\\/blogdofarnesio.com.br\\\/#website\"},\"primaryImageOfPage\":{\"@id\":\"https:\\\/\\\/blogdofarnesio.com.br\\\/?p=153035#primaryimage\"},\"image\":{\"@id\":\"https:\\\/\\\/blogdofarnesio.com.br\\\/?p=153035#primaryimage\"},\"thumbnailUrl\":\"https:\\\/\\\/blogdofarnesio.com.br\\\/wp-content\\\/uploads\\\/2016\\\/12\\\/blogqsp-familia-beatrizmota.jpg\",\"datePublished\":\"2016-12-06T13:40:19+00:00\",\"breadcrumb\":{\"@id\":\"https:\\\/\\\/blogdofarnesio.com.br\\\/?p=153035#breadcrumb\"},\"inLanguage\":\"pt-BR\",\"potentialAction\":[{\"@type\":\"ReadAction\",\"target\":[\"https:\\\/\\\/blogdofarnesio.com.br\\\/?p=153035\"]}]},{\"@type\":\"ImageObject\",\"inLanguage\":\"pt-BR\",\"@id\":\"https:\\\/\\\/blogdofarnesio.com.br\\\/?p=153035#primaryimage\",\"url\":\"https:\\\/\\\/blogdofarnesio.com.br\\\/wp-content\\\/uploads\\\/2016\\\/12\\\/blogqsp-familia-beatrizmota.jpg\",\"contentUrl\":\"https:\\\/\\\/blogdofarnesio.com.br\\\/wp-content\\\/uploads\\\/2016\\\/12\\\/blogqsp-familia-beatrizmota.jpg\",\"width\":461,\"height\":446},{\"@type\":\"BreadcrumbList\",\"@id\":\"https:\\\/\\\/blogdofarnesio.com.br\\\/?p=153035#breadcrumb\",\"itemListElement\":[{\"@type\":\"ListItem\",\"position\":1,\"name\":\"In\u00edcio\",\"item\":\"https:\\\/\\\/blogdofarnesio.com.br\\\/\"},{\"@type\":\"ListItem\",\"position\":2,\"name\":\"FAM\u00cdLIA DA GAROTA BEATRIZ ANG\u00c9LICA REPUDIA DECLARA\u00c7\u00c3O DE EX-PREFEITO DE PETROLINA\"}]},{\"@type\":\"WebSite\",\"@id\":\"https:\\\/\\\/blogdofarnesio.com.br\\\/#website\",\"url\":\"https:\\\/\\\/blogdofarnesio.com.br\\\/\",\"name\":\"Blog do Farn\u00e9sio\",\"description\":\"Quer Saber Pol\u00edtica?\",\"publisher\":{\"@id\":\"https:\\\/\\\/blogdofarnesio.com.br\\\/#organization\"},\"potentialAction\":[{\"@type\":\"SearchAction\",\"target\":{\"@type\":\"EntryPoint\",\"urlTemplate\":\"https:\\\/\\\/blogdofarnesio.com.br\\\/?s={search_term_string}\"},\"query-input\":{\"@type\":\"PropertyValueSpecification\",\"valueRequired\":true,\"valueName\":\"search_term_string\"}}],\"inLanguage\":\"pt-BR\"},{\"@type\":\"Organization\",\"@id\":\"https:\\\/\\\/blogdofarnesio.com.br\\\/#organization\",\"name\":\"Blog do Farn\u00e9sio\",\"url\":\"https:\\\/\\\/blogdofarnesio.com.br\\\/\",\"logo\":{\"@type\":\"ImageObject\",\"inLanguage\":\"pt-BR\",\"@id\":\"https:\\\/\\\/blogdofarnesio.com.br\\\/#\\\/schema\\\/logo\\\/image\\\/\",\"url\":\"https:\\\/\\\/blogdofarnesio.com.br\\\/wp-content\\\/uploads\\\/2026\\\/03\\\/cropped-logo_new-1.png\",\"contentUrl\":\"https:\\\/\\\/blogdofarnesio.com.br\\\/wp-content\\\/uploads\\\/2026\\\/03\\\/cropped-logo_new-1.png\",\"width\":881,\"height\":685,\"caption\":\"Blog do Farn\u00e9sio\"},\"image\":{\"@id\":\"https:\\\/\\\/blogdofarnesio.com.br\\\/#\\\/schema\\\/logo\\\/image\\\/\"},\"sameAs\":[\"https:\\\/\\\/www.facebook.com\\\/BlogQuerSaberPolitica\\\/\"]},{\"@type\":\"Person\",\"@id\":\"https:\\\/\\\/blogdofarnesio.com.br\\\/#\\\/schema\\\/person\\\/301c4acf522bccbfdb45af95b5b906a1\",\"name\":\"Farn\u00e9sio\",\"image\":{\"@type\":\"ImageObject\",\"inLanguage\":\"pt-BR\",\"@id\":\"https:\\\/\\\/secure.gravatar.com\\\/avatar\\\/df0c9a14567c056f8ad6876ba5bbd1e3e2c48023eb6807342fc4663adf549f38?s=96&d=mm&r=g\",\"url\":\"https:\\\/\\\/secure.gravatar.com\\\/avatar\\\/df0c9a14567c056f8ad6876ba5bbd1e3e2c48023eb6807342fc4663adf549f38?s=96&d=mm&r=g\",\"contentUrl\":\"https:\\\/\\\/secure.gravatar.com\\\/avatar\\\/df0c9a14567c056f8ad6876ba5bbd1e3e2c48023eb6807342fc4663adf549f38?s=96&d=mm&r=g\",\"caption\":\"Farn\u00e9sio\"},\"sameAs\":[\"https:\\\/\\\/quersaberpolitica.com.br\"],\"url\":\"https:\\\/\\\/blogdofarnesio.com.br\\\/?author=1\"}]}<\/script>\n<!-- \/ Yoast SEO plugin. -->","yoast_head_json":{"title":"FAM\u00cdLIA DA GAROTA BEATRIZ ANG\u00c9LICA REPUDIA DECLARA\u00c7\u00c3O DE EX-PREFEITO DE PETROLINA - Blog do Farn\u00e9sio","robots":{"index":"index","follow":"follow","max-snippet":"max-snippet:-1","max-image-preview":"max-image-preview:large","max-video-preview":"max-video-preview:-1"},"canonical":"https:\/\/blogdofarnesio.com.br\/?p=153035","og_locale":"pt_BR","og_type":"article","og_title":"FAM\u00cdLIA DA GAROTA BEATRIZ ANG\u00c9LICA REPUDIA DECLARA\u00c7\u00c3O DE EX-PREFEITO DE PETROLINA - Blog do Farn\u00e9sio","og_description":"Como pais de Beatriz Ang\u00e9lica Mota queremos manifestar a nossa indigna\u00e7\u00e3o e rep\u00fadio com a infeliz declara\u00e7\u00e3o feita na manh\u00e3 de ontem (05)\u00a0no programa Edenelvaldo Alves, Emissora Petrolina FM, pelo senhor Augusto Coelho. \u00c9 grande e profunda a nossa dor, tristeza e saudade, e ouvir tais declara\u00e7\u00f5es, nos tr\u00e1s ainda mais SOFRIMENTO. Como pode algu\u00e9m ocupar espa\u00e7o midi\u00e1tico para defender interesses econ\u00f4micos de uma institui\u00e7\u00e3o particular, ignorando completamente a dor de uma FAM\u00cdLIA que perdeu a sua filha de forma brutal?\u00a0Como colocar uma pedra em cima do caso? O senhor esqueceria uma filha? Ou a indiferen\u00e7a desumana \u00e9 por se tratar do filho dos outros? Senhor Augusto Coelho, nos diga como podemos virar esta p\u00e1gina e esquecer de nossa princesa,&hellip;","og_url":"https:\/\/blogdofarnesio.com.br\/?p=153035","og_site_name":"Blog do Farn\u00e9sio","article_publisher":"https:\/\/www.facebook.com\/BlogQuerSaberPolitica\/","article_published_time":"2016-12-06T13:40:19+00:00","og_image":[{"width":461,"height":446,"url":"https:\/\/blogdofarnesio.com.br\/wp-content\/uploads\/2016\/12\/blogqsp-familia-beatrizmota.jpg","type":"image\/jpeg"}],"author":"Farn\u00e9sio","twitter_card":"summary_large_image","twitter_misc":{"Escrito por":"Farn\u00e9sio","Est. tempo de leitura":"2 minutos"},"schema":{"@context":"https:\/\/schema.org","@graph":[{"@type":"Article","@id":"https:\/\/blogdofarnesio.com.br\/?p=153035#article","isPartOf":{"@id":"https:\/\/blogdofarnesio.com.br\/?p=153035"},"author":{"name":"Farn\u00e9sio","@id":"https:\/\/blogdofarnesio.com.br\/#\/schema\/person\/301c4acf522bccbfdb45af95b5b906a1"},"headline":"FAM\u00cdLIA DA GAROTA BEATRIZ ANG\u00c9LICA REPUDIA DECLARA\u00c7\u00c3O DE EX-PREFEITO DE PETROLINA","datePublished":"2016-12-06T13:40:19+00:00","mainEntityOfPage":{"@id":"https:\/\/blogdofarnesio.com.br\/?p=153035"},"wordCount":394,"commentCount":0,"publisher":{"@id":"https:\/\/blogdofarnesio.com.br\/#organization"},"image":{"@id":"https:\/\/blogdofarnesio.com.br\/?p=153035#primaryimage"},"thumbnailUrl":"https:\/\/blogdofarnesio.com.br\/wp-content\/uploads\/2016\/12\/blogqsp-familia-beatrizmota.jpg","articleSection":["Administra\u00e7\u00e3o"],"inLanguage":"pt-BR","potentialAction":[{"@type":"CommentAction","name":"Comment","target":["https:\/\/blogdofarnesio.com.br\/?p=153035#respond"]}]},{"@type":"WebPage","@id":"https:\/\/blogdofarnesio.com.br\/?p=153035","url":"https:\/\/blogdofarnesio.com.br\/?p=153035","name":"FAM\u00cdLIA DA GAROTA BEATRIZ ANG\u00c9LICA REPUDIA DECLARA\u00c7\u00c3O DE EX-PREFEITO DE PETROLINA - Blog do Farn\u00e9sio","isPartOf":{"@id":"https:\/\/blogdofarnesio.com.br\/#website"},"primaryImageOfPage":{"@id":"https:\/\/blogdofarnesio.com.br\/?p=153035#primaryimage"},"image":{"@id":"https:\/\/blogdofarnesio.com.br\/?p=153035#primaryimage"},"thumbnailUrl":"https:\/\/blogdofarnesio.com.br\/wp-content\/uploads\/2016\/12\/blogqsp-familia-beatrizmota.jpg","datePublished":"2016-12-06T13:40:19+00:00","breadcrumb":{"@id":"https:\/\/blogdofarnesio.com.br\/?p=153035#breadcrumb"},"inLanguage":"pt-BR","potentialAction":[{"@type":"ReadAction","target":["https:\/\/blogdofarnesio.com.br\/?p=153035"]}]},{"@type":"ImageObject","inLanguage":"pt-BR","@id":"https:\/\/blogdofarnesio.com.br\/?p=153035#primaryimage","url":"https:\/\/blogdofarnesio.com.br\/wp-content\/uploads\/2016\/12\/blogqsp-familia-beatrizmota.jpg","contentUrl":"https:\/\/blogdofarnesio.com.br\/wp-content\/uploads\/2016\/12\/blogqsp-familia-beatrizmota.jpg","width":461,"height":446},{"@type":"BreadcrumbList","@id":"https:\/\/blogdofarnesio.com.br\/?p=153035#breadcrumb","itemListElement":[{"@type":"ListItem","position":1,"name":"In\u00edcio","item":"https:\/\/blogdofarnesio.com.br\/"},{"@type":"ListItem","position":2,"name":"FAM\u00cdLIA DA GAROTA BEATRIZ ANG\u00c9LICA REPUDIA DECLARA\u00c7\u00c3O DE EX-PREFEITO DE PETROLINA"}]},{"@type":"WebSite","@id":"https:\/\/blogdofarnesio.com.br\/#website","url":"https:\/\/blogdofarnesio.com.br\/","name":"Blog do Farn\u00e9sio","description":"Quer Saber Pol\u00edtica?","publisher":{"@id":"https:\/\/blogdofarnesio.com.br\/#organization"},"potentialAction":[{"@type":"SearchAction","target":{"@type":"EntryPoint","urlTemplate":"https:\/\/blogdofarnesio.com.br\/?s={search_term_string}"},"query-input":{"@type":"PropertyValueSpecification","valueRequired":true,"valueName":"search_term_string"}}],"inLanguage":"pt-BR"},{"@type":"Organization","@id":"https:\/\/blogdofarnesio.com.br\/#organization","name":"Blog do Farn\u00e9sio","url":"https:\/\/blogdofarnesio.com.br\/","logo":{"@type":"ImageObject","inLanguage":"pt-BR","@id":"https:\/\/blogdofarnesio.com.br\/#\/schema\/logo\/image\/","url":"https:\/\/blogdofarnesio.com.br\/wp-content\/uploads\/2026\/03\/cropped-logo_new-1.png","contentUrl":"https:\/\/blogdofarnesio.com.br\/wp-content\/uploads\/2026\/03\/cropped-logo_new-1.png","width":881,"height":685,"caption":"Blog do Farn\u00e9sio"},"image":{"@id":"https:\/\/blogdofarnesio.com.br\/#\/schema\/logo\/image\/"},"sameAs":["https:\/\/www.facebook.com\/BlogQuerSaberPolitica\/"]},{"@type":"Person","@id":"https:\/\/blogdofarnesio.com.br\/#\/schema\/person\/301c4acf522bccbfdb45af95b5b906a1","name":"Farn\u00e9sio","image":{"@type":"ImageObject","inLanguage":"pt-BR","@id":"https:\/\/secure.gravatar.com\/avatar\/df0c9a14567c056f8ad6876ba5bbd1e3e2c48023eb6807342fc4663adf549f38?s=96&d=mm&r=g","url":"https:\/\/secure.gravatar.com\/avatar\/df0c9a14567c056f8ad6876ba5bbd1e3e2c48023eb6807342fc4663adf549f38?s=96&d=mm&r=g","contentUrl":"https:\/\/secure.gravatar.com\/avatar\/df0c9a14567c056f8ad6876ba5bbd1e3e2c48023eb6807342fc4663adf549f38?s=96&d=mm&r=g","caption":"Farn\u00e9sio"},"sameAs":["https:\/\/quersaberpolitica.com.br"],"url":"https:\/\/blogdofarnesio.com.br\/?author=1"}]}},"_links":{"self":[{"href":"https:\/\/blogdofarnesio.com.br\/index.php?rest_route=\/wp\/v2\/posts\/153035","targetHints":{"allow":["GET"]}}],"collection":[{"href":"https:\/\/blogdofarnesio.com.br\/index.php?rest_route=\/wp\/v2\/posts"}],"about":[{"href":"https:\/\/blogdofarnesio.com.br\/index.php?rest_route=\/wp\/v2\/types\/post"}],"author":[{"embeddable":true,"href":"https:\/\/blogdofarnesio.com.br\/index.php?rest_route=\/wp\/v2\/users\/1"}],"replies":[{"embeddable":true,"href":"https:\/\/blogdofarnesio.com.br\/index.php?rest_route=%2Fwp%2Fv2%2Fcomments&post=153035"}],"version-history":[{"count":0,"href":"https:\/\/blogdofarnesio.com.br\/index.php?rest_route=\/wp\/v2\/posts\/153035\/revisions"}],"wp:featuredmedia":[{"embeddable":true,"href":"https:\/\/blogdofarnesio.com.br\/index.php?rest_route=\/wp\/v2\/media\/152108"}],"wp:attachment":[{"href":"https:\/\/blogdofarnesio.com.br\/index.php?rest_route=%2Fwp%2Fv2%2Fmedia&parent=153035"}],"wp:term":[{"taxonomy":"category","embeddable":true,"href":"https:\/\/blogdofarnesio.com.br\/index.php?rest_route=%2Fwp%2Fv2%2Fcategories&post=153035"},{"taxonomy":"post_tag","embeddable":true,"href":"https:\/\/blogdofarnesio.com.br\/index.php?rest_route=%2Fwp%2Fv2%2Ftags&post=153035"}],"curies":[{"name":"wp","href":"https:\/\/api.w.org\/{rel}","templated":true}]}}