{"id":152989,"date":"2016-12-09T10:20:48","date_gmt":"2016-12-09T13:20:48","guid":{"rendered":"http:\/\/quersaberpolitica.com.br\/2016\/?p=152989"},"modified":"2016-12-09T09:36:19","modified_gmt":"2016-12-09T12:36:19","slug":"chefe-de-policia-realizara-hoje-09-entrevista-coletiva-sobre-o-caso-beatriz","status":"publish","type":"post","link":"https:\/\/blogdofarnesio.com.br\/?p=152989","title":{"rendered":"CHEFE DE POL\u00cdCIA REALIZAR\u00c1 HOJE (09) ENTREVISTA COLETIVA SOBRE O CASO BEATRIZ"},"content":{"rendered":"<p class=\"name post-title entry-title\" style=\"text-align: justify;\">Logo mais por volta das 10h30, o Chefe da Pol\u00edcia Civil, o delegado Ant\u00f4nio Barros, vai falar sobre as investiga\u00e7\u00f5es do Caso Beatriz Ang\u00e9lica Mota no Gabinete de Pol\u00edcia Civil, localizado na rua da Aurora, 405, 1\u00ba andar, Boa Vista em Recife.<\/p>\n<div class=\"entry\">\n<p style=\"text-align: justify;\">Os pais da garota, Sandro e Lucinha, n\u00e3o estar\u00e3o presentes na entrevista. Beatriz, 7 anos, foi encontrada morta no dia 10 de dezembro de 2015, no dep\u00f3sito de material esportivo desativado, no Col\u00e9gio Nossa Senhora Auxiliadora, no centro de Petrolina,, onde ela e a irm\u00e3 estudavam e o pai era professor.<\/p>\n<p style=\"text-align: justify;\">A menina tinha 42 perfura\u00e7\u00f5es pelo corpo e a faca do tipo peixeira usada no crime foi encontrada junto ao corpo dela.<\/p>\n<\/div>\n","protected":false},"excerpt":{"rendered":"<p>Logo mais por volta das 10h30, o Chefe da Pol\u00edcia Civil, o delegado Ant\u00f4nio Barros, vai falar sobre as investiga\u00e7\u00f5es do Caso Beatriz Ang\u00e9lica Mota no Gabinete de Pol\u00edcia Civil, localizado na rua da Aurora, 405, 1\u00ba andar, Boa Vista em Recife. Os pais da garota, Sandro e Lucinha, n\u00e3o estar\u00e3o presentes na entrevista. Beatriz, 7 anos, foi encontrada morta no dia 10 de dezembro de 2015, no dep\u00f3sito de material esportivo desativado, no Col\u00e9gio Nossa Senhora Auxiliadora, no centro de Petrolina,, onde ela e a irm\u00e3 estudavam e o pai era professor. A menina tinha 42 perfura\u00e7\u00f5es pelo corpo e a faca do tipo peixeira usada no crime foi encontrada junto ao corpo dela.<\/p>\n","protected":false},"author":1,"featured_media":152486,"comment_status":"open","ping_status":"open","sticky":false,"template":"","format":"standard","meta":{"_acf_changed":false,"footnotes":""},"categories":[9],"tags":[],"class_list":["post-152989","post","type-post","status-publish","format-standard","has-post-thumbnail","hentry","category-policia"],"acf":[],"yoast_head":"<!-- This site is optimized with the Yoast SEO plugin v27.4 - https:\/\/yoast.com\/product\/yoast-seo-wordpress\/ -->\n<title>CHEFE DE POL\u00cdCIA REALIZAR\u00c1 HOJE (09) ENTREVISTA COLETIVA SOBRE O CASO BEATRIZ - Blog do Farn\u00e9sio<\/title>\n<meta name=\"robots\" content=\"index, follow, max-snippet:-1, max-image-preview:large, max-video-preview:-1\" \/>\n<link rel=\"canonical\" href=\"https:\/\/blogdofarnesio.com.br\/?p=152989\" \/>\n<meta property=\"og:locale\" content=\"pt_BR\" \/>\n<meta property=\"og:type\" content=\"article\" \/>\n<meta property=\"og:title\" content=\"CHEFE DE POL\u00cdCIA REALIZAR\u00c1 HOJE (09) ENTREVISTA COLETIVA SOBRE O CASO BEATRIZ - Blog do Farn\u00e9sio\" \/>\n<meta property=\"og:description\" content=\"Logo mais por volta das 10h30, o Chefe da Pol\u00edcia Civil, o delegado Ant\u00f4nio Barros, vai falar sobre as investiga\u00e7\u00f5es do Caso Beatriz Ang\u00e9lica Mota no Gabinete de Pol\u00edcia Civil, localizado na rua da Aurora, 405, 1\u00ba andar, Boa Vista em Recife. Os pais da garota, Sandro e Lucinha, n\u00e3o estar\u00e3o presentes na entrevista. Beatriz, 7 anos, foi encontrada morta no dia 10 de dezembro de 2015, no dep\u00f3sito de material esportivo desativado, no Col\u00e9gio Nossa Senhora Auxiliadora, no centro de Petrolina,, onde ela e a irm\u00e3 estudavam e o pai era professor. A menina tinha 42 perfura\u00e7\u00f5es pelo corpo e a faca do tipo peixeira usada no crime foi encontrada junto ao corpo dela.\" \/>\n<meta property=\"og:url\" content=\"https:\/\/blogdofarnesio.com.br\/?p=152989\" \/>\n<meta property=\"og:site_name\" content=\"Blog do Farn\u00e9sio\" \/>\n<meta property=\"article:publisher\" content=\"https:\/\/www.facebook.com\/BlogQuerSaberPolitica\/\" \/>\n<meta property=\"article:published_time\" content=\"2016-12-09T13:20:48+00:00\" \/>\n<meta property=\"og:image\" content=\"https:\/\/blogdofarnesio.com.br\/wp-content\/uploads\/2016\/12\/blogqsp-beatriz.jpg\" \/>\n\t<meta property=\"og:image:width\" content=\"653\" \/>\n\t<meta property=\"og:image:height\" content=\"367\" \/>\n\t<meta property=\"og:image:type\" content=\"image\/jpeg\" \/>\n<meta name=\"author\" content=\"Farn\u00e9sio\" \/>\n<meta name=\"twitter:card\" content=\"summary_large_image\" \/>\n<meta name=\"twitter:label1\" content=\"Escrito por\" \/>\n\t<meta name=\"twitter:data1\" content=\"Farn\u00e9sio\" \/>\n\t<meta name=\"twitter:label2\" content=\"Est. tempo de leitura\" \/>\n\t<meta name=\"twitter:data2\" content=\"1 minuto\" \/>\n<script type=\"application\/ld+json\" class=\"yoast-schema-graph\">{\"@context\":\"https:\\\/\\\/schema.org\",\"@graph\":[{\"@type\":\"Article\",\"@id\":\"https:\\\/\\\/blogdofarnesio.com.br\\\/?p=152989#article\",\"isPartOf\":{\"@id\":\"https:\\\/\\\/blogdofarnesio.com.br\\\/?p=152989\"},\"author\":{\"name\":\"Farn\u00e9sio\",\"@id\":\"https:\\\/\\\/blogdofarnesio.com.br\\\/#\\\/schema\\\/person\\\/301c4acf522bccbfdb45af95b5b906a1\"},\"headline\":\"CHEFE DE POL\u00cdCIA REALIZAR\u00c1 HOJE (09) ENTREVISTA COLETIVA SOBRE O CASO BEATRIZ\",\"datePublished\":\"2016-12-09T13:20:48+00:00\",\"mainEntityOfPage\":{\"@id\":\"https:\\\/\\\/blogdofarnesio.com.br\\\/?p=152989\"},\"wordCount\":131,\"commentCount\":0,\"publisher\":{\"@id\":\"https:\\\/\\\/blogdofarnesio.com.br\\\/#organization\"},\"image\":{\"@id\":\"https:\\\/\\\/blogdofarnesio.com.br\\\/?p=152989#primaryimage\"},\"thumbnailUrl\":\"https:\\\/\\\/blogdofarnesio.com.br\\\/wp-content\\\/uploads\\\/2016\\\/12\\\/blogqsp-beatriz.jpg\",\"articleSection\":[\"Pol\u00edcia\"],\"inLanguage\":\"pt-BR\",\"potentialAction\":[{\"@type\":\"CommentAction\",\"name\":\"Comment\",\"target\":[\"https:\\\/\\\/blogdofarnesio.com.br\\\/?p=152989#respond\"]}]},{\"@type\":\"WebPage\",\"@id\":\"https:\\\/\\\/blogdofarnesio.com.br\\\/?p=152989\",\"url\":\"https:\\\/\\\/blogdofarnesio.com.br\\\/?p=152989\",\"name\":\"CHEFE DE POL\u00cdCIA REALIZAR\u00c1 HOJE (09) ENTREVISTA COLETIVA SOBRE O CASO BEATRIZ - Blog do Farn\u00e9sio\",\"isPartOf\":{\"@id\":\"https:\\\/\\\/blogdofarnesio.com.br\\\/#website\"},\"primaryImageOfPage\":{\"@id\":\"https:\\\/\\\/blogdofarnesio.com.br\\\/?p=152989#primaryimage\"},\"image\":{\"@id\":\"https:\\\/\\\/blogdofarnesio.com.br\\\/?p=152989#primaryimage\"},\"thumbnailUrl\":\"https:\\\/\\\/blogdofarnesio.com.br\\\/wp-content\\\/uploads\\\/2016\\\/12\\\/blogqsp-beatriz.jpg\",\"datePublished\":\"2016-12-09T13:20:48+00:00\",\"breadcrumb\":{\"@id\":\"https:\\\/\\\/blogdofarnesio.com.br\\\/?p=152989#breadcrumb\"},\"inLanguage\":\"pt-BR\",\"potentialAction\":[{\"@type\":\"ReadAction\",\"target\":[\"https:\\\/\\\/blogdofarnesio.com.br\\\/?p=152989\"]}]},{\"@type\":\"ImageObject\",\"inLanguage\":\"pt-BR\",\"@id\":\"https:\\\/\\\/blogdofarnesio.com.br\\\/?p=152989#primaryimage\",\"url\":\"https:\\\/\\\/blogdofarnesio.com.br\\\/wp-content\\\/uploads\\\/2016\\\/12\\\/blogqsp-beatriz.jpg\",\"contentUrl\":\"https:\\\/\\\/blogdofarnesio.com.br\\\/wp-content\\\/uploads\\\/2016\\\/12\\\/blogqsp-beatriz.jpg\",\"width\":653,\"height\":367},{\"@type\":\"BreadcrumbList\",\"@id\":\"https:\\\/\\\/blogdofarnesio.com.br\\\/?p=152989#breadcrumb\",\"itemListElement\":[{\"@type\":\"ListItem\",\"position\":1,\"name\":\"In\u00edcio\",\"item\":\"https:\\\/\\\/blogdofarnesio.com.br\\\/\"},{\"@type\":\"ListItem\",\"position\":2,\"name\":\"CHEFE DE POL\u00cdCIA REALIZAR\u00c1 HOJE (09) ENTREVISTA COLETIVA SOBRE O CASO BEATRIZ\"}]},{\"@type\":\"WebSite\",\"@id\":\"https:\\\/\\\/blogdofarnesio.com.br\\\/#website\",\"url\":\"https:\\\/\\\/blogdofarnesio.com.br\\\/\",\"name\":\"Blog do Farn\u00e9sio\",\"description\":\"Quer Saber Pol\u00edtica?\",\"publisher\":{\"@id\":\"https:\\\/\\\/blogdofarnesio.com.br\\\/#organization\"},\"potentialAction\":[{\"@type\":\"SearchAction\",\"target\":{\"@type\":\"EntryPoint\",\"urlTemplate\":\"https:\\\/\\\/blogdofarnesio.com.br\\\/?s={search_term_string}\"},\"query-input\":{\"@type\":\"PropertyValueSpecification\",\"valueRequired\":true,\"valueName\":\"search_term_string\"}}],\"inLanguage\":\"pt-BR\"},{\"@type\":\"Organization\",\"@id\":\"https:\\\/\\\/blogdofarnesio.com.br\\\/#organization\",\"name\":\"Blog do Farn\u00e9sio\",\"url\":\"https:\\\/\\\/blogdofarnesio.com.br\\\/\",\"logo\":{\"@type\":\"ImageObject\",\"inLanguage\":\"pt-BR\",\"@id\":\"https:\\\/\\\/blogdofarnesio.com.br\\\/#\\\/schema\\\/logo\\\/image\\\/\",\"url\":\"https:\\\/\\\/blogdofarnesio.com.br\\\/wp-content\\\/uploads\\\/2026\\\/03\\\/cropped-logo_new-1.png\",\"contentUrl\":\"https:\\\/\\\/blogdofarnesio.com.br\\\/wp-content\\\/uploads\\\/2026\\\/03\\\/cropped-logo_new-1.png\",\"width\":881,\"height\":685,\"caption\":\"Blog do Farn\u00e9sio\"},\"image\":{\"@id\":\"https:\\\/\\\/blogdofarnesio.com.br\\\/#\\\/schema\\\/logo\\\/image\\\/\"},\"sameAs\":[\"https:\\\/\\\/www.facebook.com\\\/BlogQuerSaberPolitica\\\/\"]},{\"@type\":\"Person\",\"@id\":\"https:\\\/\\\/blogdofarnesio.com.br\\\/#\\\/schema\\\/person\\\/301c4acf522bccbfdb45af95b5b906a1\",\"name\":\"Farn\u00e9sio\",\"image\":{\"@type\":\"ImageObject\",\"inLanguage\":\"pt-BR\",\"@id\":\"https:\\\/\\\/secure.gravatar.com\\\/avatar\\\/df0c9a14567c056f8ad6876ba5bbd1e3e2c48023eb6807342fc4663adf549f38?s=96&d=mm&r=g\",\"url\":\"https:\\\/\\\/secure.gravatar.com\\\/avatar\\\/df0c9a14567c056f8ad6876ba5bbd1e3e2c48023eb6807342fc4663adf549f38?s=96&d=mm&r=g\",\"contentUrl\":\"https:\\\/\\\/secure.gravatar.com\\\/avatar\\\/df0c9a14567c056f8ad6876ba5bbd1e3e2c48023eb6807342fc4663adf549f38?s=96&d=mm&r=g\",\"caption\":\"Farn\u00e9sio\"},\"sameAs\":[\"https:\\\/\\\/quersaberpolitica.com.br\"],\"url\":\"https:\\\/\\\/blogdofarnesio.com.br\\\/?author=1\"}]}<\/script>\n<!-- \/ Yoast SEO plugin. -->","yoast_head_json":{"title":"CHEFE DE POL\u00cdCIA REALIZAR\u00c1 HOJE (09) ENTREVISTA COLETIVA SOBRE O CASO BEATRIZ - Blog do Farn\u00e9sio","robots":{"index":"index","follow":"follow","max-snippet":"max-snippet:-1","max-image-preview":"max-image-preview:large","max-video-preview":"max-video-preview:-1"},"canonical":"https:\/\/blogdofarnesio.com.br\/?p=152989","og_locale":"pt_BR","og_type":"article","og_title":"CHEFE DE POL\u00cdCIA REALIZAR\u00c1 HOJE (09) ENTREVISTA COLETIVA SOBRE O CASO BEATRIZ - Blog do Farn\u00e9sio","og_description":"Logo mais por volta das 10h30, o Chefe da Pol\u00edcia Civil, o delegado Ant\u00f4nio Barros, vai falar sobre as investiga\u00e7\u00f5es do Caso Beatriz Ang\u00e9lica Mota no Gabinete de Pol\u00edcia Civil, localizado na rua da Aurora, 405, 1\u00ba andar, Boa Vista em Recife. Os pais da garota, Sandro e Lucinha, n\u00e3o estar\u00e3o presentes na entrevista. Beatriz, 7 anos, foi encontrada morta no dia 10 de dezembro de 2015, no dep\u00f3sito de material esportivo desativado, no Col\u00e9gio Nossa Senhora Auxiliadora, no centro de Petrolina,, onde ela e a irm\u00e3 estudavam e o pai era professor. A menina tinha 42 perfura\u00e7\u00f5es pelo corpo e a faca do tipo peixeira usada no crime foi encontrada junto ao corpo dela.","og_url":"https:\/\/blogdofarnesio.com.br\/?p=152989","og_site_name":"Blog do Farn\u00e9sio","article_publisher":"https:\/\/www.facebook.com\/BlogQuerSaberPolitica\/","article_published_time":"2016-12-09T13:20:48+00:00","og_image":[{"width":653,"height":367,"url":"https:\/\/blogdofarnesio.com.br\/wp-content\/uploads\/2016\/12\/blogqsp-beatriz.jpg","type":"image\/jpeg"}],"author":"Farn\u00e9sio","twitter_card":"summary_large_image","twitter_misc":{"Escrito por":"Farn\u00e9sio","Est. tempo de leitura":"1 minuto"},"schema":{"@context":"https:\/\/schema.org","@graph":[{"@type":"Article","@id":"https:\/\/blogdofarnesio.com.br\/?p=152989#article","isPartOf":{"@id":"https:\/\/blogdofarnesio.com.br\/?p=152989"},"author":{"name":"Farn\u00e9sio","@id":"https:\/\/blogdofarnesio.com.br\/#\/schema\/person\/301c4acf522bccbfdb45af95b5b906a1"},"headline":"CHEFE DE POL\u00cdCIA REALIZAR\u00c1 HOJE (09) ENTREVISTA COLETIVA SOBRE O CASO BEATRIZ","datePublished":"2016-12-09T13:20:48+00:00","mainEntityOfPage":{"@id":"https:\/\/blogdofarnesio.com.br\/?p=152989"},"wordCount":131,"commentCount":0,"publisher":{"@id":"https:\/\/blogdofarnesio.com.br\/#organization"},"image":{"@id":"https:\/\/blogdofarnesio.com.br\/?p=152989#primaryimage"},"thumbnailUrl":"https:\/\/blogdofarnesio.com.br\/wp-content\/uploads\/2016\/12\/blogqsp-beatriz.jpg","articleSection":["Pol\u00edcia"],"inLanguage":"pt-BR","potentialAction":[{"@type":"CommentAction","name":"Comment","target":["https:\/\/blogdofarnesio.com.br\/?p=152989#respond"]}]},{"@type":"WebPage","@id":"https:\/\/blogdofarnesio.com.br\/?p=152989","url":"https:\/\/blogdofarnesio.com.br\/?p=152989","name":"CHEFE DE POL\u00cdCIA REALIZAR\u00c1 HOJE (09) ENTREVISTA COLETIVA SOBRE O CASO BEATRIZ - Blog do Farn\u00e9sio","isPartOf":{"@id":"https:\/\/blogdofarnesio.com.br\/#website"},"primaryImageOfPage":{"@id":"https:\/\/blogdofarnesio.com.br\/?p=152989#primaryimage"},"image":{"@id":"https:\/\/blogdofarnesio.com.br\/?p=152989#primaryimage"},"thumbnailUrl":"https:\/\/blogdofarnesio.com.br\/wp-content\/uploads\/2016\/12\/blogqsp-beatriz.jpg","datePublished":"2016-12-09T13:20:48+00:00","breadcrumb":{"@id":"https:\/\/blogdofarnesio.com.br\/?p=152989#breadcrumb"},"inLanguage":"pt-BR","potentialAction":[{"@type":"ReadAction","target":["https:\/\/blogdofarnesio.com.br\/?p=152989"]}]},{"@type":"ImageObject","inLanguage":"pt-BR","@id":"https:\/\/blogdofarnesio.com.br\/?p=152989#primaryimage","url":"https:\/\/blogdofarnesio.com.br\/wp-content\/uploads\/2016\/12\/blogqsp-beatriz.jpg","contentUrl":"https:\/\/blogdofarnesio.com.br\/wp-content\/uploads\/2016\/12\/blogqsp-beatriz.jpg","width":653,"height":367},{"@type":"BreadcrumbList","@id":"https:\/\/blogdofarnesio.com.br\/?p=152989#breadcrumb","itemListElement":[{"@type":"ListItem","position":1,"name":"In\u00edcio","item":"https:\/\/blogdofarnesio.com.br\/"},{"@type":"ListItem","position":2,"name":"CHEFE DE POL\u00cdCIA REALIZAR\u00c1 HOJE (09) ENTREVISTA COLETIVA SOBRE O CASO BEATRIZ"}]},{"@type":"WebSite","@id":"https:\/\/blogdofarnesio.com.br\/#website","url":"https:\/\/blogdofarnesio.com.br\/","name":"Blog do Farn\u00e9sio","description":"Quer Saber Pol\u00edtica?","publisher":{"@id":"https:\/\/blogdofarnesio.com.br\/#organization"},"potentialAction":[{"@type":"SearchAction","target":{"@type":"EntryPoint","urlTemplate":"https:\/\/blogdofarnesio.com.br\/?s={search_term_string}"},"query-input":{"@type":"PropertyValueSpecification","valueRequired":true,"valueName":"search_term_string"}}],"inLanguage":"pt-BR"},{"@type":"Organization","@id":"https:\/\/blogdofarnesio.com.br\/#organization","name":"Blog do Farn\u00e9sio","url":"https:\/\/blogdofarnesio.com.br\/","logo":{"@type":"ImageObject","inLanguage":"pt-BR","@id":"https:\/\/blogdofarnesio.com.br\/#\/schema\/logo\/image\/","url":"https:\/\/blogdofarnesio.com.br\/wp-content\/uploads\/2026\/03\/cropped-logo_new-1.png","contentUrl":"https:\/\/blogdofarnesio.com.br\/wp-content\/uploads\/2026\/03\/cropped-logo_new-1.png","width":881,"height":685,"caption":"Blog do Farn\u00e9sio"},"image":{"@id":"https:\/\/blogdofarnesio.com.br\/#\/schema\/logo\/image\/"},"sameAs":["https:\/\/www.facebook.com\/BlogQuerSaberPolitica\/"]},{"@type":"Person","@id":"https:\/\/blogdofarnesio.com.br\/#\/schema\/person\/301c4acf522bccbfdb45af95b5b906a1","name":"Farn\u00e9sio","image":{"@type":"ImageObject","inLanguage":"pt-BR","@id":"https:\/\/secure.gravatar.com\/avatar\/df0c9a14567c056f8ad6876ba5bbd1e3e2c48023eb6807342fc4663adf549f38?s=96&d=mm&r=g","url":"https:\/\/secure.gravatar.com\/avatar\/df0c9a14567c056f8ad6876ba5bbd1e3e2c48023eb6807342fc4663adf549f38?s=96&d=mm&r=g","contentUrl":"https:\/\/secure.gravatar.com\/avatar\/df0c9a14567c056f8ad6876ba5bbd1e3e2c48023eb6807342fc4663adf549f38?s=96&d=mm&r=g","caption":"Farn\u00e9sio"},"sameAs":["https:\/\/quersaberpolitica.com.br"],"url":"https:\/\/blogdofarnesio.com.br\/?author=1"}]}},"_links":{"self":[{"href":"https:\/\/blogdofarnesio.com.br\/index.php?rest_route=\/wp\/v2\/posts\/152989","targetHints":{"allow":["GET"]}}],"collection":[{"href":"https:\/\/blogdofarnesio.com.br\/index.php?rest_route=\/wp\/v2\/posts"}],"about":[{"href":"https:\/\/blogdofarnesio.com.br\/index.php?rest_route=\/wp\/v2\/types\/post"}],"author":[{"embeddable":true,"href":"https:\/\/blogdofarnesio.com.br\/index.php?rest_route=\/wp\/v2\/users\/1"}],"replies":[{"embeddable":true,"href":"https:\/\/blogdofarnesio.com.br\/index.php?rest_route=%2Fwp%2Fv2%2Fcomments&post=152989"}],"version-history":[{"count":0,"href":"https:\/\/blogdofarnesio.com.br\/index.php?rest_route=\/wp\/v2\/posts\/152989\/revisions"}],"wp:featuredmedia":[{"embeddable":true,"href":"https:\/\/blogdofarnesio.com.br\/index.php?rest_route=\/wp\/v2\/media\/152486"}],"wp:attachment":[{"href":"https:\/\/blogdofarnesio.com.br\/index.php?rest_route=%2Fwp%2Fv2%2Fmedia&parent=152989"}],"wp:term":[{"taxonomy":"category","embeddable":true,"href":"https:\/\/blogdofarnesio.com.br\/index.php?rest_route=%2Fwp%2Fv2%2Fcategories&post=152989"},{"taxonomy":"post_tag","embeddable":true,"href":"https:\/\/blogdofarnesio.com.br\/index.php?rest_route=%2Fwp%2Fv2%2Ftags&post=152989"}],"curies":[{"name":"wp","href":"https:\/\/api.w.org\/{rel}","templated":true}]}}