{"id":152894,"date":"2016-12-06T12:30:07","date_gmt":"2016-12-06T15:30:07","guid":{"rendered":"http:\/\/quersaberpolitica.com.br\/2016\/?p=152894"},"modified":"2016-12-06T10:00:27","modified_gmt":"2016-12-06T13:00:27","slug":"artistas-locais-lamentam-indicacao-politica-na-diretoria-do-centro-de-cultura","status":"publish","type":"post","link":"https:\/\/blogdofarnesio.com.br\/?p=152894","title":{"rendered":"ARTISTAS LOCAIS LAMENTAM INDICA\u00c7\u00c3O POL\u00cdTICA NA DIRETORIA DO CENTRO DE CULTURA"},"content":{"rendered":"<p style=\"text-align: justify;\">No in\u00edcio de novembro o diretor do Centro de Cultura Jo\u00e3o Gilberto, Jo\u00e3o Leopoldo foi exonerado do seu cargo, gerando assim uma insatisfa\u00e7\u00e3o local. A nova gestora T\u00e2mara Rocha recebeu a fun\u00e7\u00e3o atrav\u00e9s de indica\u00e7\u00e3o pol\u00edtica, o que causou ainda mais, descontentamento de alguns artistas da cidade.<\/p>\n<p style=\"text-align: justify;\">O diretor e ator, Devilles Sena, falou sobre a mudan\u00e7a de gest\u00e3o. \u201cEnquanto o processo for por indica\u00e7\u00e3o, for pol\u00edtico que indique, a casa vai est\u00e1 sempre a merc\u00ea dessas mudan\u00e7as, que nem sempre foram mudan\u00e7as ruins, n\u00f3s tivemos gest\u00f5es terr\u00edveis aqui, mas tamb\u00e9m tivemos gest\u00f5es extraordin\u00e1rias que fizeram a casa funcionar bem\u201d, disse.<!--more--><\/p>\n<p style=\"text-align: justify;\">O produtor Cultural Chico Eg\u00eddio, tamb\u00e9m se manifestou. \u201cA gente torce para que essa nova gest\u00e3o fa\u00e7a um bom trabalho, mas acho que essa escolha deveria ser de outra forma, normalmente essas escolhas s\u00e3o pol\u00edticas, mas a gente tamb\u00e9m pensa que os gestores que estejam indicando sejam mais sens\u00edveis com as causas da cultura, a gente acha que n\u00e3o deve fazer uma troca assim, sem um di\u00e1logo, sem abrir, sem apresentar\u201d, opinou.<\/p>\n<p style=\"text-align: justify;\">Por sua vez, o secret\u00e1rio de Cultura e Juventude da Cidade, Donizete Menezes falou sobre a nova dire\u00e7\u00e3o . \u201cA gente ficou um pouco preocupado quando soube da not\u00edcia que o diretor teria sido exonerado, mas tamb\u00e9m entendemos que na gest\u00e3o p\u00fablica tudo tem um ciclo e principalmente entendemos que ele saiu bem, ele realizou um \u00f3timo trabalho. Esperamos que essa parceria continue. Temos percebido que alguns artistas ficaram frustrados com o acontecimento, mas tanto os artistas como n\u00f3s esperamos que essa parceria seja continua\u201d, ressaltou o secret\u00e1rio.<\/p>\n<p style=\"text-align: justify;\">A Reda\u00e7\u00e3o do <em>BlogQSP <\/em>procurou a nova gestora e ela disse que ainda era muito cedo para falar sobre alguma coisa do Centro de Cultura Jo\u00e3o Gilberto.\u00a0T\u00e2mara Rocha \u00e9 formada em administra\u00e7\u00e3o e recebeu a indica\u00e7\u00e3o do deputado estadual Roberto Carlos. Tomou posse no m\u00eas passado, e segue na sua fun\u00e7\u00e3o.<\/p>\n<p style=\"text-align: justify;\"><em>Da Reda\u00e7\u00e3o\/BlogQSP<\/em><\/p>\n<p>&nbsp;<\/p>\n","protected":false},"excerpt":{"rendered":"<p>No in\u00edcio de novembro o diretor do Centro de Cultura Jo\u00e3o Gilberto, Jo\u00e3o Leopoldo foi exonerado do seu cargo, gerando assim uma insatisfa\u00e7\u00e3o local. A nova gestora T\u00e2mara Rocha recebeu a fun\u00e7\u00e3o atrav\u00e9s de indica\u00e7\u00e3o pol\u00edtica, o que causou ainda mais, descontentamento de alguns artistas da cidade. O diretor e ator, Devilles Sena, falou sobre a mudan\u00e7a de gest\u00e3o. \u201cEnquanto o processo for por indica\u00e7\u00e3o, for pol\u00edtico que indique, a casa vai est\u00e1 sempre a merc\u00ea dessas mudan\u00e7as, que nem sempre foram mudan\u00e7as ruins, n\u00f3s tivemos gest\u00f5es terr\u00edveis aqui, mas tamb\u00e9m tivemos gest\u00f5es extraordin\u00e1rias que fizeram a casa funcionar bem\u201d, disse.<\/p>\n","protected":false},"author":1,"featured_media":152073,"comment_status":"open","ping_status":"open","sticky":false,"template":"","format":"standard","meta":{"_acf_changed":false,"footnotes":""},"categories":[44,10],"tags":[],"class_list":["post-152894","post","type-post","status-publish","format-standard","has-post-thumbnail","hentry","category-administracao","category-cultura"],"acf":[],"yoast_head":"<!-- This site is optimized with the Yoast SEO plugin v27.4 - https:\/\/yoast.com\/product\/yoast-seo-wordpress\/ -->\n<title>ARTISTAS LOCAIS LAMENTAM INDICA\u00c7\u00c3O POL\u00cdTICA NA DIRETORIA DO CENTRO DE CULTURA - Blog do Farn\u00e9sio<\/title>\n<meta name=\"robots\" content=\"index, follow, max-snippet:-1, max-image-preview:large, max-video-preview:-1\" \/>\n<link rel=\"canonical\" href=\"https:\/\/blogdofarnesio.com.br\/?p=152894\" \/>\n<meta property=\"og:locale\" content=\"pt_BR\" \/>\n<meta property=\"og:type\" content=\"article\" \/>\n<meta property=\"og:title\" content=\"ARTISTAS LOCAIS LAMENTAM INDICA\u00c7\u00c3O POL\u00cdTICA NA DIRETORIA DO CENTRO DE CULTURA - Blog do Farn\u00e9sio\" \/>\n<meta property=\"og:description\" content=\"No in\u00edcio de novembro o diretor do Centro de Cultura Jo\u00e3o Gilberto, Jo\u00e3o Leopoldo foi exonerado do seu cargo, gerando assim uma insatisfa\u00e7\u00e3o local. A nova gestora T\u00e2mara Rocha recebeu a fun\u00e7\u00e3o atrav\u00e9s de indica\u00e7\u00e3o pol\u00edtica, o que causou ainda mais, descontentamento de alguns artistas da cidade. O diretor e ator, Devilles Sena, falou sobre a mudan\u00e7a de gest\u00e3o. \u201cEnquanto o processo for por indica\u00e7\u00e3o, for pol\u00edtico que indique, a casa vai est\u00e1 sempre a merc\u00ea dessas mudan\u00e7as, que nem sempre foram mudan\u00e7as ruins, n\u00f3s tivemos gest\u00f5es terr\u00edveis aqui, mas tamb\u00e9m tivemos gest\u00f5es extraordin\u00e1rias que fizeram a casa funcionar bem\u201d, disse.\" \/>\n<meta property=\"og:url\" content=\"https:\/\/blogdofarnesio.com.br\/?p=152894\" \/>\n<meta property=\"og:site_name\" content=\"Blog do Farn\u00e9sio\" \/>\n<meta property=\"article:publisher\" content=\"https:\/\/www.facebook.com\/BlogQuerSaberPolitica\/\" \/>\n<meta property=\"article:published_time\" content=\"2016-12-06T15:30:07+00:00\" \/>\n<meta property=\"og:image\" content=\"https:\/\/blogdofarnesio.com.br\/wp-content\/uploads\/2016\/12\/blogqsp.centrodeculturajo\u00e3ogilberto-reprodu\u00e7\u00e3o.jpg\" \/>\n\t<meta property=\"og:image:width\" content=\"448\" \/>\n\t<meta property=\"og:image:height\" content=\"252\" \/>\n\t<meta property=\"og:image:type\" content=\"image\/jpeg\" \/>\n<meta name=\"author\" content=\"Farn\u00e9sio\" \/>\n<meta name=\"twitter:card\" content=\"summary_large_image\" \/>\n<meta name=\"twitter:label1\" content=\"Escrito por\" \/>\n\t<meta name=\"twitter:data1\" content=\"Farn\u00e9sio\" \/>\n\t<meta name=\"twitter:label2\" content=\"Est. tempo de leitura\" \/>\n\t<meta name=\"twitter:data2\" content=\"2 minutos\" \/>\n<script type=\"application\/ld+json\" class=\"yoast-schema-graph\">{\"@context\":\"https:\\\/\\\/schema.org\",\"@graph\":[{\"@type\":\"Article\",\"@id\":\"https:\\\/\\\/blogdofarnesio.com.br\\\/?p=152894#article\",\"isPartOf\":{\"@id\":\"https:\\\/\\\/blogdofarnesio.com.br\\\/?p=152894\"},\"author\":{\"name\":\"Farn\u00e9sio\",\"@id\":\"https:\\\/\\\/blogdofarnesio.com.br\\\/#\\\/schema\\\/person\\\/301c4acf522bccbfdb45af95b5b906a1\"},\"headline\":\"ARTISTAS LOCAIS LAMENTAM INDICA\u00c7\u00c3O POL\u00cdTICA NA DIRETORIA DO CENTRO DE CULTURA\",\"datePublished\":\"2016-12-06T15:30:07+00:00\",\"mainEntityOfPage\":{\"@id\":\"https:\\\/\\\/blogdofarnesio.com.br\\\/?p=152894\"},\"wordCount\":375,\"commentCount\":4,\"publisher\":{\"@id\":\"https:\\\/\\\/blogdofarnesio.com.br\\\/#organization\"},\"image\":{\"@id\":\"https:\\\/\\\/blogdofarnesio.com.br\\\/?p=152894#primaryimage\"},\"thumbnailUrl\":\"https:\\\/\\\/blogdofarnesio.com.br\\\/wp-content\\\/uploads\\\/2016\\\/12\\\/blogqsp.centrodeculturajo\u00e3ogilberto-reprodu\u00e7\u00e3o.jpg\",\"articleSection\":[\"Administra\u00e7\u00e3o\",\"Cultura\"],\"inLanguage\":\"pt-BR\",\"potentialAction\":[{\"@type\":\"CommentAction\",\"name\":\"Comment\",\"target\":[\"https:\\\/\\\/blogdofarnesio.com.br\\\/?p=152894#respond\"]}]},{\"@type\":\"WebPage\",\"@id\":\"https:\\\/\\\/blogdofarnesio.com.br\\\/?p=152894\",\"url\":\"https:\\\/\\\/blogdofarnesio.com.br\\\/?p=152894\",\"name\":\"ARTISTAS LOCAIS LAMENTAM INDICA\u00c7\u00c3O POL\u00cdTICA NA DIRETORIA DO CENTRO DE CULTURA - Blog do Farn\u00e9sio\",\"isPartOf\":{\"@id\":\"https:\\\/\\\/blogdofarnesio.com.br\\\/#website\"},\"primaryImageOfPage\":{\"@id\":\"https:\\\/\\\/blogdofarnesio.com.br\\\/?p=152894#primaryimage\"},\"image\":{\"@id\":\"https:\\\/\\\/blogdofarnesio.com.br\\\/?p=152894#primaryimage\"},\"thumbnailUrl\":\"https:\\\/\\\/blogdofarnesio.com.br\\\/wp-content\\\/uploads\\\/2016\\\/12\\\/blogqsp.centrodeculturajo\u00e3ogilberto-reprodu\u00e7\u00e3o.jpg\",\"datePublished\":\"2016-12-06T15:30:07+00:00\",\"breadcrumb\":{\"@id\":\"https:\\\/\\\/blogdofarnesio.com.br\\\/?p=152894#breadcrumb\"},\"inLanguage\":\"pt-BR\",\"potentialAction\":[{\"@type\":\"ReadAction\",\"target\":[\"https:\\\/\\\/blogdofarnesio.com.br\\\/?p=152894\"]}]},{\"@type\":\"ImageObject\",\"inLanguage\":\"pt-BR\",\"@id\":\"https:\\\/\\\/blogdofarnesio.com.br\\\/?p=152894#primaryimage\",\"url\":\"https:\\\/\\\/blogdofarnesio.com.br\\\/wp-content\\\/uploads\\\/2016\\\/12\\\/blogqsp.centrodeculturajo\u00e3ogilberto-reprodu\u00e7\u00e3o.jpg\",\"contentUrl\":\"https:\\\/\\\/blogdofarnesio.com.br\\\/wp-content\\\/uploads\\\/2016\\\/12\\\/blogqsp.centrodeculturajo\u00e3ogilberto-reprodu\u00e7\u00e3o.jpg\",\"width\":448,\"height\":252},{\"@type\":\"BreadcrumbList\",\"@id\":\"https:\\\/\\\/blogdofarnesio.com.br\\\/?p=152894#breadcrumb\",\"itemListElement\":[{\"@type\":\"ListItem\",\"position\":1,\"name\":\"In\u00edcio\",\"item\":\"https:\\\/\\\/blogdofarnesio.com.br\\\/\"},{\"@type\":\"ListItem\",\"position\":2,\"name\":\"ARTISTAS LOCAIS LAMENTAM INDICA\u00c7\u00c3O POL\u00cdTICA NA DIRETORIA DO CENTRO DE CULTURA\"}]},{\"@type\":\"WebSite\",\"@id\":\"https:\\\/\\\/blogdofarnesio.com.br\\\/#website\",\"url\":\"https:\\\/\\\/blogdofarnesio.com.br\\\/\",\"name\":\"Blog do Farn\u00e9sio\",\"description\":\"Quer Saber Pol\u00edtica?\",\"publisher\":{\"@id\":\"https:\\\/\\\/blogdofarnesio.com.br\\\/#organization\"},\"potentialAction\":[{\"@type\":\"SearchAction\",\"target\":{\"@type\":\"EntryPoint\",\"urlTemplate\":\"https:\\\/\\\/blogdofarnesio.com.br\\\/?s={search_term_string}\"},\"query-input\":{\"@type\":\"PropertyValueSpecification\",\"valueRequired\":true,\"valueName\":\"search_term_string\"}}],\"inLanguage\":\"pt-BR\"},{\"@type\":\"Organization\",\"@id\":\"https:\\\/\\\/blogdofarnesio.com.br\\\/#organization\",\"name\":\"Blog do Farn\u00e9sio\",\"url\":\"https:\\\/\\\/blogdofarnesio.com.br\\\/\",\"logo\":{\"@type\":\"ImageObject\",\"inLanguage\":\"pt-BR\",\"@id\":\"https:\\\/\\\/blogdofarnesio.com.br\\\/#\\\/schema\\\/logo\\\/image\\\/\",\"url\":\"https:\\\/\\\/blogdofarnesio.com.br\\\/wp-content\\\/uploads\\\/2026\\\/03\\\/cropped-logo_new-1.png\",\"contentUrl\":\"https:\\\/\\\/blogdofarnesio.com.br\\\/wp-content\\\/uploads\\\/2026\\\/03\\\/cropped-logo_new-1.png\",\"width\":881,\"height\":685,\"caption\":\"Blog do Farn\u00e9sio\"},\"image\":{\"@id\":\"https:\\\/\\\/blogdofarnesio.com.br\\\/#\\\/schema\\\/logo\\\/image\\\/\"},\"sameAs\":[\"https:\\\/\\\/www.facebook.com\\\/BlogQuerSaberPolitica\\\/\"]},{\"@type\":\"Person\",\"@id\":\"https:\\\/\\\/blogdofarnesio.com.br\\\/#\\\/schema\\\/person\\\/301c4acf522bccbfdb45af95b5b906a1\",\"name\":\"Farn\u00e9sio\",\"image\":{\"@type\":\"ImageObject\",\"inLanguage\":\"pt-BR\",\"@id\":\"https:\\\/\\\/secure.gravatar.com\\\/avatar\\\/df0c9a14567c056f8ad6876ba5bbd1e3e2c48023eb6807342fc4663adf549f38?s=96&d=mm&r=g\",\"url\":\"https:\\\/\\\/secure.gravatar.com\\\/avatar\\\/df0c9a14567c056f8ad6876ba5bbd1e3e2c48023eb6807342fc4663adf549f38?s=96&d=mm&r=g\",\"contentUrl\":\"https:\\\/\\\/secure.gravatar.com\\\/avatar\\\/df0c9a14567c056f8ad6876ba5bbd1e3e2c48023eb6807342fc4663adf549f38?s=96&d=mm&r=g\",\"caption\":\"Farn\u00e9sio\"},\"sameAs\":[\"https:\\\/\\\/quersaberpolitica.com.br\"],\"url\":\"https:\\\/\\\/blogdofarnesio.com.br\\\/?author=1\"}]}<\/script>\n<!-- \/ Yoast SEO plugin. -->","yoast_head_json":{"title":"ARTISTAS LOCAIS LAMENTAM INDICA\u00c7\u00c3O POL\u00cdTICA NA DIRETORIA DO CENTRO DE CULTURA - Blog do Farn\u00e9sio","robots":{"index":"index","follow":"follow","max-snippet":"max-snippet:-1","max-image-preview":"max-image-preview:large","max-video-preview":"max-video-preview:-1"},"canonical":"https:\/\/blogdofarnesio.com.br\/?p=152894","og_locale":"pt_BR","og_type":"article","og_title":"ARTISTAS LOCAIS LAMENTAM INDICA\u00c7\u00c3O POL\u00cdTICA NA DIRETORIA DO CENTRO DE CULTURA - Blog do Farn\u00e9sio","og_description":"No in\u00edcio de novembro o diretor do Centro de Cultura Jo\u00e3o Gilberto, Jo\u00e3o Leopoldo foi exonerado do seu cargo, gerando assim uma insatisfa\u00e7\u00e3o local. A nova gestora T\u00e2mara Rocha recebeu a fun\u00e7\u00e3o atrav\u00e9s de indica\u00e7\u00e3o pol\u00edtica, o que causou ainda mais, descontentamento de alguns artistas da cidade. O diretor e ator, Devilles Sena, falou sobre a mudan\u00e7a de gest\u00e3o. \u201cEnquanto o processo for por indica\u00e7\u00e3o, for pol\u00edtico que indique, a casa vai est\u00e1 sempre a merc\u00ea dessas mudan\u00e7as, que nem sempre foram mudan\u00e7as ruins, n\u00f3s tivemos gest\u00f5es terr\u00edveis aqui, mas tamb\u00e9m tivemos gest\u00f5es extraordin\u00e1rias que fizeram a casa funcionar bem\u201d, disse.","og_url":"https:\/\/blogdofarnesio.com.br\/?p=152894","og_site_name":"Blog do Farn\u00e9sio","article_publisher":"https:\/\/www.facebook.com\/BlogQuerSaberPolitica\/","article_published_time":"2016-12-06T15:30:07+00:00","og_image":[{"width":448,"height":252,"url":"https:\/\/blogdofarnesio.com.br\/wp-content\/uploads\/2016\/12\/blogqsp.centrodeculturajo\u00e3ogilberto-reprodu\u00e7\u00e3o.jpg","type":"image\/jpeg"}],"author":"Farn\u00e9sio","twitter_card":"summary_large_image","twitter_misc":{"Escrito por":"Farn\u00e9sio","Est. tempo de leitura":"2 minutos"},"schema":{"@context":"https:\/\/schema.org","@graph":[{"@type":"Article","@id":"https:\/\/blogdofarnesio.com.br\/?p=152894#article","isPartOf":{"@id":"https:\/\/blogdofarnesio.com.br\/?p=152894"},"author":{"name":"Farn\u00e9sio","@id":"https:\/\/blogdofarnesio.com.br\/#\/schema\/person\/301c4acf522bccbfdb45af95b5b906a1"},"headline":"ARTISTAS LOCAIS LAMENTAM INDICA\u00c7\u00c3O POL\u00cdTICA NA DIRETORIA DO CENTRO DE CULTURA","datePublished":"2016-12-06T15:30:07+00:00","mainEntityOfPage":{"@id":"https:\/\/blogdofarnesio.com.br\/?p=152894"},"wordCount":375,"commentCount":4,"publisher":{"@id":"https:\/\/blogdofarnesio.com.br\/#organization"},"image":{"@id":"https:\/\/blogdofarnesio.com.br\/?p=152894#primaryimage"},"thumbnailUrl":"https:\/\/blogdofarnesio.com.br\/wp-content\/uploads\/2016\/12\/blogqsp.centrodeculturajo\u00e3ogilberto-reprodu\u00e7\u00e3o.jpg","articleSection":["Administra\u00e7\u00e3o","Cultura"],"inLanguage":"pt-BR","potentialAction":[{"@type":"CommentAction","name":"Comment","target":["https:\/\/blogdofarnesio.com.br\/?p=152894#respond"]}]},{"@type":"WebPage","@id":"https:\/\/blogdofarnesio.com.br\/?p=152894","url":"https:\/\/blogdofarnesio.com.br\/?p=152894","name":"ARTISTAS LOCAIS LAMENTAM INDICA\u00c7\u00c3O POL\u00cdTICA NA DIRETORIA DO CENTRO DE CULTURA - Blog do Farn\u00e9sio","isPartOf":{"@id":"https:\/\/blogdofarnesio.com.br\/#website"},"primaryImageOfPage":{"@id":"https:\/\/blogdofarnesio.com.br\/?p=152894#primaryimage"},"image":{"@id":"https:\/\/blogdofarnesio.com.br\/?p=152894#primaryimage"},"thumbnailUrl":"https:\/\/blogdofarnesio.com.br\/wp-content\/uploads\/2016\/12\/blogqsp.centrodeculturajo\u00e3ogilberto-reprodu\u00e7\u00e3o.jpg","datePublished":"2016-12-06T15:30:07+00:00","breadcrumb":{"@id":"https:\/\/blogdofarnesio.com.br\/?p=152894#breadcrumb"},"inLanguage":"pt-BR","potentialAction":[{"@type":"ReadAction","target":["https:\/\/blogdofarnesio.com.br\/?p=152894"]}]},{"@type":"ImageObject","inLanguage":"pt-BR","@id":"https:\/\/blogdofarnesio.com.br\/?p=152894#primaryimage","url":"https:\/\/blogdofarnesio.com.br\/wp-content\/uploads\/2016\/12\/blogqsp.centrodeculturajo\u00e3ogilberto-reprodu\u00e7\u00e3o.jpg","contentUrl":"https:\/\/blogdofarnesio.com.br\/wp-content\/uploads\/2016\/12\/blogqsp.centrodeculturajo\u00e3ogilberto-reprodu\u00e7\u00e3o.jpg","width":448,"height":252},{"@type":"BreadcrumbList","@id":"https:\/\/blogdofarnesio.com.br\/?p=152894#breadcrumb","itemListElement":[{"@type":"ListItem","position":1,"name":"In\u00edcio","item":"https:\/\/blogdofarnesio.com.br\/"},{"@type":"ListItem","position":2,"name":"ARTISTAS LOCAIS LAMENTAM INDICA\u00c7\u00c3O POL\u00cdTICA NA DIRETORIA DO CENTRO DE CULTURA"}]},{"@type":"WebSite","@id":"https:\/\/blogdofarnesio.com.br\/#website","url":"https:\/\/blogdofarnesio.com.br\/","name":"Blog do Farn\u00e9sio","description":"Quer Saber Pol\u00edtica?","publisher":{"@id":"https:\/\/blogdofarnesio.com.br\/#organization"},"potentialAction":[{"@type":"SearchAction","target":{"@type":"EntryPoint","urlTemplate":"https:\/\/blogdofarnesio.com.br\/?s={search_term_string}"},"query-input":{"@type":"PropertyValueSpecification","valueRequired":true,"valueName":"search_term_string"}}],"inLanguage":"pt-BR"},{"@type":"Organization","@id":"https:\/\/blogdofarnesio.com.br\/#organization","name":"Blog do Farn\u00e9sio","url":"https:\/\/blogdofarnesio.com.br\/","logo":{"@type":"ImageObject","inLanguage":"pt-BR","@id":"https:\/\/blogdofarnesio.com.br\/#\/schema\/logo\/image\/","url":"https:\/\/blogdofarnesio.com.br\/wp-content\/uploads\/2026\/03\/cropped-logo_new-1.png","contentUrl":"https:\/\/blogdofarnesio.com.br\/wp-content\/uploads\/2026\/03\/cropped-logo_new-1.png","width":881,"height":685,"caption":"Blog do Farn\u00e9sio"},"image":{"@id":"https:\/\/blogdofarnesio.com.br\/#\/schema\/logo\/image\/"},"sameAs":["https:\/\/www.facebook.com\/BlogQuerSaberPolitica\/"]},{"@type":"Person","@id":"https:\/\/blogdofarnesio.com.br\/#\/schema\/person\/301c4acf522bccbfdb45af95b5b906a1","name":"Farn\u00e9sio","image":{"@type":"ImageObject","inLanguage":"pt-BR","@id":"https:\/\/secure.gravatar.com\/avatar\/df0c9a14567c056f8ad6876ba5bbd1e3e2c48023eb6807342fc4663adf549f38?s=96&d=mm&r=g","url":"https:\/\/secure.gravatar.com\/avatar\/df0c9a14567c056f8ad6876ba5bbd1e3e2c48023eb6807342fc4663adf549f38?s=96&d=mm&r=g","contentUrl":"https:\/\/secure.gravatar.com\/avatar\/df0c9a14567c056f8ad6876ba5bbd1e3e2c48023eb6807342fc4663adf549f38?s=96&d=mm&r=g","caption":"Farn\u00e9sio"},"sameAs":["https:\/\/quersaberpolitica.com.br"],"url":"https:\/\/blogdofarnesio.com.br\/?author=1"}]}},"_links":{"self":[{"href":"https:\/\/blogdofarnesio.com.br\/index.php?rest_route=\/wp\/v2\/posts\/152894","targetHints":{"allow":["GET"]}}],"collection":[{"href":"https:\/\/blogdofarnesio.com.br\/index.php?rest_route=\/wp\/v2\/posts"}],"about":[{"href":"https:\/\/blogdofarnesio.com.br\/index.php?rest_route=\/wp\/v2\/types\/post"}],"author":[{"embeddable":true,"href":"https:\/\/blogdofarnesio.com.br\/index.php?rest_route=\/wp\/v2\/users\/1"}],"replies":[{"embeddable":true,"href":"https:\/\/blogdofarnesio.com.br\/index.php?rest_route=%2Fwp%2Fv2%2Fcomments&post=152894"}],"version-history":[{"count":0,"href":"https:\/\/blogdofarnesio.com.br\/index.php?rest_route=\/wp\/v2\/posts\/152894\/revisions"}],"wp:featuredmedia":[{"embeddable":true,"href":"https:\/\/blogdofarnesio.com.br\/index.php?rest_route=\/wp\/v2\/media\/152073"}],"wp:attachment":[{"href":"https:\/\/blogdofarnesio.com.br\/index.php?rest_route=%2Fwp%2Fv2%2Fmedia&parent=152894"}],"wp:term":[{"taxonomy":"category","embeddable":true,"href":"https:\/\/blogdofarnesio.com.br\/index.php?rest_route=%2Fwp%2Fv2%2Fcategories&post=152894"},{"taxonomy":"post_tag","embeddable":true,"href":"https:\/\/blogdofarnesio.com.br\/index.php?rest_route=%2Fwp%2Fv2%2Ftags&post=152894"}],"curies":[{"name":"wp","href":"https:\/\/api.w.org\/{rel}","templated":true}]}}