{"id":152785,"date":"2016-12-05T16:20:17","date_gmt":"2016-12-05T19:20:17","guid":{"rendered":"http:\/\/quersaberpolitica.com.br\/2016\/?p=152785"},"modified":"2016-12-05T15:32:51","modified_gmt":"2016-12-05T18:32:51","slug":"petrolina-e-reconhecida-com-o-selo-unicef","status":"publish","type":"post","link":"https:\/\/blogdofarnesio.com.br\/?p=152785","title":{"rendered":"PETROLINA \u00c9 RECONHECIDA COM O SELO UNICEF"},"content":{"rendered":"<p style=\"text-align: justify;\">O Fundo das Na\u00e7\u00f5es Unidas para a Inf\u00e2ncia (Unicef), \u00a0entregar\u00e1 a comenda \u201c Selo Unicef Munic\u00edpio Aprovado\u201d para diversos munic\u00edpios de Pernambuco em\u00a0 solenidade\u00a0 que acontecer\u00e1 no dia 12 de dezembro\u00a0 de 2016.<\/p>\n<p>Petrolina n\u00e3o ficou de fora e receber\u00e1 o reconhecimento internacional por seus avan\u00e7os nas \u00e1reas de Sa\u00fade, Educa\u00e7\u00e3o, Prote\u00e7\u00e3o e Participa\u00e7\u00e3o Social em dire\u00e7\u00e3o \u00e0 redu\u00e7\u00e3o das desigualdades que afetam as vidas de crian\u00e7as e adolescentes, na edi\u00e7\u00e3o 2013 &#8211; 2016.<\/p>\n<p>A solenidade reunir\u00e1 \u00a0gestores municipais e estaduais, t\u00e9cnicos e adolescentes na cidade do Recife. O evento faz parte do encerramento da edi\u00e7\u00e3o 2013 &#8211; 2016 do Selo UNICEF Munic\u00edpio Aprovado no Semi\u00e1rido, que acontece entre 1\u00ba e 19 de dezembro em 10 estados.\u00a0 No Semi\u00e1rido, foram 1.502 munic\u00edpios convidados em 2013, dos quais 1.134 se inscreveram e 658 seguiram na iniciativa at\u00e9 2016. Os 308 munic\u00edpios certificados integram o grupo dos que mais se destacaram, realizando pelo menos 70% das a\u00e7\u00f5es previstas na metodologia do Selo UNICEF. Em Pernambuco apenas 35 munic\u00edpios foram aprovados com a comenda Selo UNICEF edi\u00e7\u00e3o 2013 &#8211; 2016.<\/p>\n<p style=\"text-align: justify;\"><!--more--><\/p>\n<p>Petrolina tem lugar de destaque\u00a0 no Semi\u00e1rido, por ter sido o munic\u00edpio que sempre\u00a0 buscou\u00a0 fortalecer as pol\u00edticas p\u00fablicas orientadas \u00e0 inf\u00e2ncia e \u00e0 adolesc\u00eancia e deu especial aten\u00e7\u00e3o a a\u00e7\u00f5es integradas entre as \u00e1reas de sa\u00fade, educa\u00e7\u00e3o, prote\u00e7\u00e3o e assist\u00eancia social na gest\u00e3o\u00a0 municipal para se alcan\u00e7ar \u00a0resultados.<br \/>\nProgramas como o Nova semente e Anjo da guarda somados aos\u00a0 projetos voltados para a crian\u00e7a atrav\u00e9s da Rede de sustentabilidade com os Centros de Referencia em assist\u00eancia Social (CRAS), elevaram o patamar de melhorias dentro do munic\u00edpio quando o assunto \u00e9 crian\u00e7a e adolescente.<\/p>\n<p>As atividades desenvolvidas no munic\u00edpio chamaram a aten\u00e7\u00e3o do UNICEF pela seriedade como todos os processos foram conduzidos. A realiza\u00e7\u00e3o da Semana do Beb\u00ea, a cria\u00e7\u00e3o e institui\u00e7\u00e3o como Lei da semana voltada para o beb\u00ea , foi um dos grandes marcos da gest\u00e3o do prefeito Julio Lossio. N\u00e3o contente ainda, o munic\u00edpio criou e instituiu o Plano municipal para inf\u00e2ncia e Adolesc\u00eancia (PMIA), que fecha com chave de ouro o apoio \u00e0s crian\u00e7as de Petrolina, garantindo seus direitos respaldados por uma Lei que assegura o melhor para crian\u00e7as e adolescentes do munic\u00edpio.<\/p>\n<p>O Selo Unicef Munic\u00edpio Aprovado \u00e9 uma metodologia para estimular os munic\u00edpios a implementarem pol\u00edticas p\u00fablicas para diminuir as desigualdades e garantir os direitos das crian\u00e7as e dos adolescentes previstos na Conven\u00e7\u00e3o Internacional sobre os Direitos da Crian\u00e7a e no Estatuto da Crian\u00e7a e do Adolescente (ECA).<\/p>\n<p>A metodologia desta edi\u00e7\u00e3o inclui A\u00e7\u00f5es Estrat\u00e9gicas (o que os munic\u00edpios precisam realizar) e Indicadores de Impacto Social (os resultados que os munic\u00edpios precisam melhorar) que envolvem sete direitos: de sobreviver e se desenvolver; de aprender; de proteger-se e ser protegido do HIV\/AIDS; de crescer sem viol\u00eancia; de ser adolescente; de ser prioridade nas pol\u00edticas p\u00fablicas; e de brincar, praticar esportes e se divertir.<br \/>\nO Unicef capacita gestores e t\u00e9cnicos das secretarias municipais para qualificar a elabora\u00e7\u00e3o e execu\u00e7\u00e3o das pol\u00edticas p\u00fablicas e para estimular que elas continuem mesmo ap\u00f3s o fim de cada edi\u00e7\u00e3o.<\/p>\n<p>Rela\u00e7\u00e3o do 35 munic\u00edpios Aprovados em Pernambuco<\/p>\n<p>\u00c1guas Belas \u2013 PE<br \/>\nArcoverde \u2013 PE<br \/>\nBezerros \u2013 PE<br \/>\nBonito \u2013 PE<br \/>\nBrejinho \u2013 PE<br \/>\nCabrob\u00f3 \u2013 PE<br \/>\nCaruaru \u2013 PE<br \/>\nCasinhas \u2013 PE<br \/>\nCedro \u2013 PE<br \/>\nFlores \u2013 PE<br \/>\nIbimirim \u2013 PE<br \/>\nItacuruba \u2013 PE<br \/>\nItamb\u00e9 \u2013 PE<br \/>\nJo\u00e3o Alfredo \u2013 PE<br \/>\nLagoa Grande \u2013 PE<br \/>\nLimoeiro \u2013 PE<br \/>\nOrob\u00f3 \u2013 PE<br \/>\nPanelas \u2013 PE<br \/>\nPetrol\u00e2ndia \u2013 PE<br \/>\nPetrolina \u2013 PE<br \/>\nPo\u00e7\u00e3o \u2013 PE<br \/>\nSalgueiro \u2013 PE<br \/>\nSanta Cruz da Baixa Verde \u2013 PE<br \/>\nSanta Maria da Boa Vista \u2013 PE<br \/>\nSanta Terezinha \u2013 PE<br \/>\nS\u00e3o Bento do Una \u2013 PE<br \/>\nS\u00e3o Caitano \u2013 PE<br \/>\nS\u00e3o Jos\u00e9 do Egito \u2013 PE<br \/>\nSerra Talhada \u2013 PE<br \/>\nSert\u00e2nia \u2013 PE<br \/>\nSurubim \u2013 PE<br \/>\nTacaimb\u00f3 \u2013 PE<br \/>\nTacaratu \u2013 PE<br \/>\nTuparetama \u2013 PE<br \/>\nVenturosa \u2013 PE<\/p>\n<p>Por Cauby Fernandes<\/p>\n","protected":false},"excerpt":{"rendered":"<p>O Fundo das Na\u00e7\u00f5es Unidas para a Inf\u00e2ncia (Unicef), \u00a0entregar\u00e1 a comenda \u201c Selo Unicef Munic\u00edpio Aprovado\u201d para diversos munic\u00edpios de Pernambuco em\u00a0 solenidade\u00a0 que acontecer\u00e1 no dia 12 de dezembro\u00a0 de 2016. Petrolina n\u00e3o ficou de fora e receber\u00e1 o reconhecimento internacional por seus avan\u00e7os nas \u00e1reas de Sa\u00fade, Educa\u00e7\u00e3o, Prote\u00e7\u00e3o e Participa\u00e7\u00e3o Social em dire\u00e7\u00e3o \u00e0 redu\u00e7\u00e3o das desigualdades que afetam as vidas de crian\u00e7as e adolescentes, na edi\u00e7\u00e3o 2013 &#8211; 2016. A solenidade reunir\u00e1 \u00a0gestores municipais e estaduais, t\u00e9cnicos e adolescentes na cidade do Recife. O evento faz parte do encerramento da edi\u00e7\u00e3o 2013 &#8211; 2016 do Selo UNICEF Munic\u00edpio Aprovado no Semi\u00e1rido, que acontece entre 1\u00ba e 19 de dezembro em 10 estados.\u00a0 No Semi\u00e1rido, foram&hellip; <\/p>\n","protected":false},"author":1,"featured_media":152050,"comment_status":"open","ping_status":"open","sticky":false,"template":"","format":"standard","meta":{"_acf_changed":false,"footnotes":""},"categories":[44],"tags":[],"class_list":["post-152785","post","type-post","status-publish","format-standard","has-post-thumbnail","hentry","category-administracao"],"acf":[],"yoast_head":"<!-- This site is optimized with the Yoast SEO plugin v27.4 - https:\/\/yoast.com\/product\/yoast-seo-wordpress\/ -->\n<title>PETROLINA \u00c9 RECONHECIDA COM O SELO UNICEF - Blog do Farn\u00e9sio<\/title>\n<meta name=\"robots\" content=\"index, follow, max-snippet:-1, max-image-preview:large, max-video-preview:-1\" \/>\n<link rel=\"canonical\" href=\"https:\/\/blogdofarnesio.com.br\/?p=152785\" \/>\n<meta property=\"og:locale\" content=\"pt_BR\" \/>\n<meta property=\"og:type\" content=\"article\" \/>\n<meta property=\"og:title\" content=\"PETROLINA \u00c9 RECONHECIDA COM O SELO UNICEF - Blog do Farn\u00e9sio\" \/>\n<meta property=\"og:description\" content=\"O Fundo das Na\u00e7\u00f5es Unidas para a Inf\u00e2ncia (Unicef), \u00a0entregar\u00e1 a comenda \u201c Selo Unicef Munic\u00edpio Aprovado\u201d para diversos munic\u00edpios de Pernambuco em\u00a0 solenidade\u00a0 que acontecer\u00e1 no dia 12 de dezembro\u00a0 de 2016. Petrolina n\u00e3o ficou de fora e receber\u00e1 o reconhecimento internacional por seus avan\u00e7os nas \u00e1reas de Sa\u00fade, Educa\u00e7\u00e3o, Prote\u00e7\u00e3o e Participa\u00e7\u00e3o Social em dire\u00e7\u00e3o \u00e0 redu\u00e7\u00e3o das desigualdades que afetam as vidas de crian\u00e7as e adolescentes, na edi\u00e7\u00e3o 2013 &#8211; 2016. A solenidade reunir\u00e1 \u00a0gestores municipais e estaduais, t\u00e9cnicos e adolescentes na cidade do Recife. O evento faz parte do encerramento da edi\u00e7\u00e3o 2013 &#8211; 2016 do Selo UNICEF Munic\u00edpio Aprovado no Semi\u00e1rido, que acontece entre 1\u00ba e 19 de dezembro em 10 estados.\u00a0 No Semi\u00e1rido, foram&hellip;\" \/>\n<meta property=\"og:url\" content=\"https:\/\/blogdofarnesio.com.br\/?p=152785\" \/>\n<meta property=\"og:site_name\" content=\"Blog do Farn\u00e9sio\" \/>\n<meta property=\"article:publisher\" content=\"https:\/\/www.facebook.com\/BlogQuerSaberPolitica\/\" \/>\n<meta property=\"article:published_time\" content=\"2016-12-05T19:20:17+00:00\" \/>\n<meta property=\"og:image\" content=\"https:\/\/blogdofarnesio.com.br\/wp-content\/uploads\/2016\/12\/blogqsp-selounicef.gif\" \/>\n\t<meta property=\"og:image:width\" content=\"242\" \/>\n\t<meta property=\"og:image:height\" content=\"385\" \/>\n\t<meta property=\"og:image:type\" content=\"image\/gif\" \/>\n<meta name=\"author\" content=\"Farn\u00e9sio\" \/>\n<meta name=\"twitter:card\" content=\"summary_large_image\" \/>\n<meta name=\"twitter:label1\" content=\"Escrito por\" \/>\n\t<meta name=\"twitter:data1\" content=\"Farn\u00e9sio\" \/>\n\t<meta name=\"twitter:label2\" content=\"Est. tempo de leitura\" \/>\n\t<meta name=\"twitter:data2\" content=\"3 minutos\" \/>\n<script type=\"application\/ld+json\" class=\"yoast-schema-graph\">{\"@context\":\"https:\\\/\\\/schema.org\",\"@graph\":[{\"@type\":\"Article\",\"@id\":\"https:\\\/\\\/blogdofarnesio.com.br\\\/?p=152785#article\",\"isPartOf\":{\"@id\":\"https:\\\/\\\/blogdofarnesio.com.br\\\/?p=152785\"},\"author\":{\"name\":\"Farn\u00e9sio\",\"@id\":\"https:\\\/\\\/blogdofarnesio.com.br\\\/#\\\/schema\\\/person\\\/301c4acf522bccbfdb45af95b5b906a1\"},\"headline\":\"PETROLINA \u00c9 RECONHECIDA COM O SELO UNICEF\",\"datePublished\":\"2016-12-05T19:20:17+00:00\",\"mainEntityOfPage\":{\"@id\":\"https:\\\/\\\/blogdofarnesio.com.br\\\/?p=152785\"},\"wordCount\":674,\"commentCount\":0,\"publisher\":{\"@id\":\"https:\\\/\\\/blogdofarnesio.com.br\\\/#organization\"},\"image\":{\"@id\":\"https:\\\/\\\/blogdofarnesio.com.br\\\/?p=152785#primaryimage\"},\"thumbnailUrl\":\"https:\\\/\\\/blogdofarnesio.com.br\\\/wp-content\\\/uploads\\\/2016\\\/12\\\/blogqsp-selounicef.gif\",\"articleSection\":[\"Administra\u00e7\u00e3o\"],\"inLanguage\":\"pt-BR\",\"potentialAction\":[{\"@type\":\"CommentAction\",\"name\":\"Comment\",\"target\":[\"https:\\\/\\\/blogdofarnesio.com.br\\\/?p=152785#respond\"]}]},{\"@type\":\"WebPage\",\"@id\":\"https:\\\/\\\/blogdofarnesio.com.br\\\/?p=152785\",\"url\":\"https:\\\/\\\/blogdofarnesio.com.br\\\/?p=152785\",\"name\":\"PETROLINA \u00c9 RECONHECIDA COM O SELO UNICEF - Blog do Farn\u00e9sio\",\"isPartOf\":{\"@id\":\"https:\\\/\\\/blogdofarnesio.com.br\\\/#website\"},\"primaryImageOfPage\":{\"@id\":\"https:\\\/\\\/blogdofarnesio.com.br\\\/?p=152785#primaryimage\"},\"image\":{\"@id\":\"https:\\\/\\\/blogdofarnesio.com.br\\\/?p=152785#primaryimage\"},\"thumbnailUrl\":\"https:\\\/\\\/blogdofarnesio.com.br\\\/wp-content\\\/uploads\\\/2016\\\/12\\\/blogqsp-selounicef.gif\",\"datePublished\":\"2016-12-05T19:20:17+00:00\",\"breadcrumb\":{\"@id\":\"https:\\\/\\\/blogdofarnesio.com.br\\\/?p=152785#breadcrumb\"},\"inLanguage\":\"pt-BR\",\"potentialAction\":[{\"@type\":\"ReadAction\",\"target\":[\"https:\\\/\\\/blogdofarnesio.com.br\\\/?p=152785\"]}]},{\"@type\":\"ImageObject\",\"inLanguage\":\"pt-BR\",\"@id\":\"https:\\\/\\\/blogdofarnesio.com.br\\\/?p=152785#primaryimage\",\"url\":\"https:\\\/\\\/blogdofarnesio.com.br\\\/wp-content\\\/uploads\\\/2016\\\/12\\\/blogqsp-selounicef.gif\",\"contentUrl\":\"https:\\\/\\\/blogdofarnesio.com.br\\\/wp-content\\\/uploads\\\/2016\\\/12\\\/blogqsp-selounicef.gif\",\"width\":242,\"height\":385},{\"@type\":\"BreadcrumbList\",\"@id\":\"https:\\\/\\\/blogdofarnesio.com.br\\\/?p=152785#breadcrumb\",\"itemListElement\":[{\"@type\":\"ListItem\",\"position\":1,\"name\":\"In\u00edcio\",\"item\":\"https:\\\/\\\/blogdofarnesio.com.br\\\/\"},{\"@type\":\"ListItem\",\"position\":2,\"name\":\"PETROLINA \u00c9 RECONHECIDA COM O SELO UNICEF\"}]},{\"@type\":\"WebSite\",\"@id\":\"https:\\\/\\\/blogdofarnesio.com.br\\\/#website\",\"url\":\"https:\\\/\\\/blogdofarnesio.com.br\\\/\",\"name\":\"Blog do Farn\u00e9sio\",\"description\":\"Quer Saber Pol\u00edtica?\",\"publisher\":{\"@id\":\"https:\\\/\\\/blogdofarnesio.com.br\\\/#organization\"},\"potentialAction\":[{\"@type\":\"SearchAction\",\"target\":{\"@type\":\"EntryPoint\",\"urlTemplate\":\"https:\\\/\\\/blogdofarnesio.com.br\\\/?s={search_term_string}\"},\"query-input\":{\"@type\":\"PropertyValueSpecification\",\"valueRequired\":true,\"valueName\":\"search_term_string\"}}],\"inLanguage\":\"pt-BR\"},{\"@type\":\"Organization\",\"@id\":\"https:\\\/\\\/blogdofarnesio.com.br\\\/#organization\",\"name\":\"Blog do Farn\u00e9sio\",\"url\":\"https:\\\/\\\/blogdofarnesio.com.br\\\/\",\"logo\":{\"@type\":\"ImageObject\",\"inLanguage\":\"pt-BR\",\"@id\":\"https:\\\/\\\/blogdofarnesio.com.br\\\/#\\\/schema\\\/logo\\\/image\\\/\",\"url\":\"https:\\\/\\\/blogdofarnesio.com.br\\\/wp-content\\\/uploads\\\/2026\\\/03\\\/cropped-logo_new-1.png\",\"contentUrl\":\"https:\\\/\\\/blogdofarnesio.com.br\\\/wp-content\\\/uploads\\\/2026\\\/03\\\/cropped-logo_new-1.png\",\"width\":881,\"height\":685,\"caption\":\"Blog do Farn\u00e9sio\"},\"image\":{\"@id\":\"https:\\\/\\\/blogdofarnesio.com.br\\\/#\\\/schema\\\/logo\\\/image\\\/\"},\"sameAs\":[\"https:\\\/\\\/www.facebook.com\\\/BlogQuerSaberPolitica\\\/\"]},{\"@type\":\"Person\",\"@id\":\"https:\\\/\\\/blogdofarnesio.com.br\\\/#\\\/schema\\\/person\\\/301c4acf522bccbfdb45af95b5b906a1\",\"name\":\"Farn\u00e9sio\",\"image\":{\"@type\":\"ImageObject\",\"inLanguage\":\"pt-BR\",\"@id\":\"https:\\\/\\\/secure.gravatar.com\\\/avatar\\\/df0c9a14567c056f8ad6876ba5bbd1e3e2c48023eb6807342fc4663adf549f38?s=96&d=mm&r=g\",\"url\":\"https:\\\/\\\/secure.gravatar.com\\\/avatar\\\/df0c9a14567c056f8ad6876ba5bbd1e3e2c48023eb6807342fc4663adf549f38?s=96&d=mm&r=g\",\"contentUrl\":\"https:\\\/\\\/secure.gravatar.com\\\/avatar\\\/df0c9a14567c056f8ad6876ba5bbd1e3e2c48023eb6807342fc4663adf549f38?s=96&d=mm&r=g\",\"caption\":\"Farn\u00e9sio\"},\"sameAs\":[\"https:\\\/\\\/quersaberpolitica.com.br\"],\"url\":\"https:\\\/\\\/blogdofarnesio.com.br\\\/?author=1\"}]}<\/script>\n<!-- \/ Yoast SEO plugin. -->","yoast_head_json":{"title":"PETROLINA \u00c9 RECONHECIDA COM O SELO UNICEF - Blog do Farn\u00e9sio","robots":{"index":"index","follow":"follow","max-snippet":"max-snippet:-1","max-image-preview":"max-image-preview:large","max-video-preview":"max-video-preview:-1"},"canonical":"https:\/\/blogdofarnesio.com.br\/?p=152785","og_locale":"pt_BR","og_type":"article","og_title":"PETROLINA \u00c9 RECONHECIDA COM O SELO UNICEF - Blog do Farn\u00e9sio","og_description":"O Fundo das Na\u00e7\u00f5es Unidas para a Inf\u00e2ncia (Unicef), \u00a0entregar\u00e1 a comenda \u201c Selo Unicef Munic\u00edpio Aprovado\u201d para diversos munic\u00edpios de Pernambuco em\u00a0 solenidade\u00a0 que acontecer\u00e1 no dia 12 de dezembro\u00a0 de 2016. Petrolina n\u00e3o ficou de fora e receber\u00e1 o reconhecimento internacional por seus avan\u00e7os nas \u00e1reas de Sa\u00fade, Educa\u00e7\u00e3o, Prote\u00e7\u00e3o e Participa\u00e7\u00e3o Social em dire\u00e7\u00e3o \u00e0 redu\u00e7\u00e3o das desigualdades que afetam as vidas de crian\u00e7as e adolescentes, na edi\u00e7\u00e3o 2013 &#8211; 2016. A solenidade reunir\u00e1 \u00a0gestores municipais e estaduais, t\u00e9cnicos e adolescentes na cidade do Recife. O evento faz parte do encerramento da edi\u00e7\u00e3o 2013 &#8211; 2016 do Selo UNICEF Munic\u00edpio Aprovado no Semi\u00e1rido, que acontece entre 1\u00ba e 19 de dezembro em 10 estados.\u00a0 No Semi\u00e1rido, foram&hellip;","og_url":"https:\/\/blogdofarnesio.com.br\/?p=152785","og_site_name":"Blog do Farn\u00e9sio","article_publisher":"https:\/\/www.facebook.com\/BlogQuerSaberPolitica\/","article_published_time":"2016-12-05T19:20:17+00:00","og_image":[{"width":242,"height":385,"url":"https:\/\/blogdofarnesio.com.br\/wp-content\/uploads\/2016\/12\/blogqsp-selounicef.gif","type":"image\/gif"}],"author":"Farn\u00e9sio","twitter_card":"summary_large_image","twitter_misc":{"Escrito por":"Farn\u00e9sio","Est. tempo de leitura":"3 minutos"},"schema":{"@context":"https:\/\/schema.org","@graph":[{"@type":"Article","@id":"https:\/\/blogdofarnesio.com.br\/?p=152785#article","isPartOf":{"@id":"https:\/\/blogdofarnesio.com.br\/?p=152785"},"author":{"name":"Farn\u00e9sio","@id":"https:\/\/blogdofarnesio.com.br\/#\/schema\/person\/301c4acf522bccbfdb45af95b5b906a1"},"headline":"PETROLINA \u00c9 RECONHECIDA COM O SELO UNICEF","datePublished":"2016-12-05T19:20:17+00:00","mainEntityOfPage":{"@id":"https:\/\/blogdofarnesio.com.br\/?p=152785"},"wordCount":674,"commentCount":0,"publisher":{"@id":"https:\/\/blogdofarnesio.com.br\/#organization"},"image":{"@id":"https:\/\/blogdofarnesio.com.br\/?p=152785#primaryimage"},"thumbnailUrl":"https:\/\/blogdofarnesio.com.br\/wp-content\/uploads\/2016\/12\/blogqsp-selounicef.gif","articleSection":["Administra\u00e7\u00e3o"],"inLanguage":"pt-BR","potentialAction":[{"@type":"CommentAction","name":"Comment","target":["https:\/\/blogdofarnesio.com.br\/?p=152785#respond"]}]},{"@type":"WebPage","@id":"https:\/\/blogdofarnesio.com.br\/?p=152785","url":"https:\/\/blogdofarnesio.com.br\/?p=152785","name":"PETROLINA \u00c9 RECONHECIDA COM O SELO UNICEF - Blog do Farn\u00e9sio","isPartOf":{"@id":"https:\/\/blogdofarnesio.com.br\/#website"},"primaryImageOfPage":{"@id":"https:\/\/blogdofarnesio.com.br\/?p=152785#primaryimage"},"image":{"@id":"https:\/\/blogdofarnesio.com.br\/?p=152785#primaryimage"},"thumbnailUrl":"https:\/\/blogdofarnesio.com.br\/wp-content\/uploads\/2016\/12\/blogqsp-selounicef.gif","datePublished":"2016-12-05T19:20:17+00:00","breadcrumb":{"@id":"https:\/\/blogdofarnesio.com.br\/?p=152785#breadcrumb"},"inLanguage":"pt-BR","potentialAction":[{"@type":"ReadAction","target":["https:\/\/blogdofarnesio.com.br\/?p=152785"]}]},{"@type":"ImageObject","inLanguage":"pt-BR","@id":"https:\/\/blogdofarnesio.com.br\/?p=152785#primaryimage","url":"https:\/\/blogdofarnesio.com.br\/wp-content\/uploads\/2016\/12\/blogqsp-selounicef.gif","contentUrl":"https:\/\/blogdofarnesio.com.br\/wp-content\/uploads\/2016\/12\/blogqsp-selounicef.gif","width":242,"height":385},{"@type":"BreadcrumbList","@id":"https:\/\/blogdofarnesio.com.br\/?p=152785#breadcrumb","itemListElement":[{"@type":"ListItem","position":1,"name":"In\u00edcio","item":"https:\/\/blogdofarnesio.com.br\/"},{"@type":"ListItem","position":2,"name":"PETROLINA \u00c9 RECONHECIDA COM O SELO UNICEF"}]},{"@type":"WebSite","@id":"https:\/\/blogdofarnesio.com.br\/#website","url":"https:\/\/blogdofarnesio.com.br\/","name":"Blog do Farn\u00e9sio","description":"Quer Saber Pol\u00edtica?","publisher":{"@id":"https:\/\/blogdofarnesio.com.br\/#organization"},"potentialAction":[{"@type":"SearchAction","target":{"@type":"EntryPoint","urlTemplate":"https:\/\/blogdofarnesio.com.br\/?s={search_term_string}"},"query-input":{"@type":"PropertyValueSpecification","valueRequired":true,"valueName":"search_term_string"}}],"inLanguage":"pt-BR"},{"@type":"Organization","@id":"https:\/\/blogdofarnesio.com.br\/#organization","name":"Blog do Farn\u00e9sio","url":"https:\/\/blogdofarnesio.com.br\/","logo":{"@type":"ImageObject","inLanguage":"pt-BR","@id":"https:\/\/blogdofarnesio.com.br\/#\/schema\/logo\/image\/","url":"https:\/\/blogdofarnesio.com.br\/wp-content\/uploads\/2026\/03\/cropped-logo_new-1.png","contentUrl":"https:\/\/blogdofarnesio.com.br\/wp-content\/uploads\/2026\/03\/cropped-logo_new-1.png","width":881,"height":685,"caption":"Blog do Farn\u00e9sio"},"image":{"@id":"https:\/\/blogdofarnesio.com.br\/#\/schema\/logo\/image\/"},"sameAs":["https:\/\/www.facebook.com\/BlogQuerSaberPolitica\/"]},{"@type":"Person","@id":"https:\/\/blogdofarnesio.com.br\/#\/schema\/person\/301c4acf522bccbfdb45af95b5b906a1","name":"Farn\u00e9sio","image":{"@type":"ImageObject","inLanguage":"pt-BR","@id":"https:\/\/secure.gravatar.com\/avatar\/df0c9a14567c056f8ad6876ba5bbd1e3e2c48023eb6807342fc4663adf549f38?s=96&d=mm&r=g","url":"https:\/\/secure.gravatar.com\/avatar\/df0c9a14567c056f8ad6876ba5bbd1e3e2c48023eb6807342fc4663adf549f38?s=96&d=mm&r=g","contentUrl":"https:\/\/secure.gravatar.com\/avatar\/df0c9a14567c056f8ad6876ba5bbd1e3e2c48023eb6807342fc4663adf549f38?s=96&d=mm&r=g","caption":"Farn\u00e9sio"},"sameAs":["https:\/\/quersaberpolitica.com.br"],"url":"https:\/\/blogdofarnesio.com.br\/?author=1"}]}},"_links":{"self":[{"href":"https:\/\/blogdofarnesio.com.br\/index.php?rest_route=\/wp\/v2\/posts\/152785","targetHints":{"allow":["GET"]}}],"collection":[{"href":"https:\/\/blogdofarnesio.com.br\/index.php?rest_route=\/wp\/v2\/posts"}],"about":[{"href":"https:\/\/blogdofarnesio.com.br\/index.php?rest_route=\/wp\/v2\/types\/post"}],"author":[{"embeddable":true,"href":"https:\/\/blogdofarnesio.com.br\/index.php?rest_route=\/wp\/v2\/users\/1"}],"replies":[{"embeddable":true,"href":"https:\/\/blogdofarnesio.com.br\/index.php?rest_route=%2Fwp%2Fv2%2Fcomments&post=152785"}],"version-history":[{"count":0,"href":"https:\/\/blogdofarnesio.com.br\/index.php?rest_route=\/wp\/v2\/posts\/152785\/revisions"}],"wp:featuredmedia":[{"embeddable":true,"href":"https:\/\/blogdofarnesio.com.br\/index.php?rest_route=\/wp\/v2\/media\/152050"}],"wp:attachment":[{"href":"https:\/\/blogdofarnesio.com.br\/index.php?rest_route=%2Fwp%2Fv2%2Fmedia&parent=152785"}],"wp:term":[{"taxonomy":"category","embeddable":true,"href":"https:\/\/blogdofarnesio.com.br\/index.php?rest_route=%2Fwp%2Fv2%2Fcategories&post=152785"},{"taxonomy":"post_tag","embeddable":true,"href":"https:\/\/blogdofarnesio.com.br\/index.php?rest_route=%2Fwp%2Fv2%2Ftags&post=152785"}],"curies":[{"name":"wp","href":"https:\/\/api.w.org\/{rel}","templated":true}]}}