{"id":152626,"date":"2016-12-08T08:30:46","date_gmt":"2016-12-08T11:30:46","guid":{"rendered":"http:\/\/quersaberpolitica.com.br\/2016\/?p=152626"},"modified":"2016-12-08T07:08:12","modified_gmt":"2016-12-08T10:08:12","slug":"governo-de-pe-obriga-usuario-a-pagar-ipva-em-janeiro-independente-da-placa","status":"publish","type":"post","link":"https:\/\/blogdofarnesio.com.br\/2016\/12\/governo-de-pe-obriga-usuario-a-pagar-ipva-em-janeiro-independente-da-placa\/","title":{"rendered":"GOVERNO DE PE OBRIGA USU\u00c1RIO A PAGAR IPVA EM JANEIRO, INDEPENDENTE DA PLACA"},"content":{"rendered":"<p style=\"text-align: justify;\">N\u00e3o bastassem todas as despesas do in\u00edcio do ano, os propriet\u00e1rios de ve\u00edculos usados ter\u00e3o que arcar com mais um pagamento na virada de 2017. O governo de Pernambuco publicou o Decreto N\u00ba 43.866, estabelecendo novos prazos para o recolhimento do Imposto Sobre Propriedade de Ve\u00edculos Automotores (IPVA). \u00a0Pela nova regra, todos os pagamentos (independente do \u00faltimo d\u00edgito da placa) ter\u00e3o que ser iniciados em janeiro.<\/p>\n<p style=\"text-align: justify;\">DATAS<\/p>\n<p>A partir de 2017, o escalonamento passa a ser apenas de dias no m\u00eas de janeiro. Os ve\u00edculos de placas com final 1 e 2 ter\u00e3o que pagar a cota \u00fanica no dia 17 de janeiro e para quem optar pelo parcelamento a primeira cota ser\u00e1 em 17 de janeiro e a segunda em 9 de fevereiro. No ano passado, o calend\u00e1rio do IPVA come\u00e7ava em mar\u00e7o e os \u00faltimos pagamentos eram realizados em maio. Com o decreto, at\u00e9 mar\u00e7o j\u00e1 ter\u00e1 sido feito todo o recolhimento.<\/p>\n<p style=\"text-align: justify;\">Para quem tem placa com finais 3 e 4, o pagamento ter\u00e1 que come\u00e7ar a ser feito em 20 de janeiro. Os carros de placa com final 5 e 6 pagam em 24 de janeiro, os de 7 e 8 em 27 de janeiro e os de 9 e 0 em 31 de janeiro.<\/p>\n<p style=\"text-align: justify;\">Em ano de crise, a antecipa\u00e7\u00e3o do recolhimento do IPVA \u00e9 uma estrat\u00e9gia para o governo do Estado fazer caixa, enquanto o usu\u00e1rio se descapitaliza ainda mais num m\u00eas em que j\u00e1 precisa arcar com matr\u00edcula escolar e IPTU. (Com informa\u00e7\u00f5es do DP)<\/p>\n","protected":false},"excerpt":{"rendered":"<p>N\u00e3o bastassem todas as despesas do in\u00edcio do ano, os propriet\u00e1rios de ve\u00edculos usados ter\u00e3o que arcar com mais um pagamento na virada de 2017. O governo de Pernambuco publicou o Decreto N\u00ba 43.866, estabelecendo novos prazos para o recolhimento do Imposto Sobre Propriedade de Ve\u00edculos Automotores (IPVA). \u00a0Pela nova regra, todos os pagamentos (independente do \u00faltimo d\u00edgito da placa) ter\u00e3o que ser iniciados em janeiro. DATAS A partir de 2017, o escalonamento passa a ser apenas de dias no m\u00eas de janeiro. Os ve\u00edculos de placas com final 1 e 2 ter\u00e3o que pagar a cota \u00fanica no dia 17 de janeiro e para quem optar pelo parcelamento a primeira cota ser\u00e1 em 17 de janeiro e a segunda&hellip; <\/p>\n","protected":false},"author":1,"featured_media":152350,"comment_status":"open","ping_status":"open","sticky":false,"template":"","format":"standard","meta":{"_acf_changed":false,"footnotes":""},"categories":[44],"tags":[],"class_list":["post-152626","post","type-post","status-publish","format-standard","has-post-thumbnail","hentry","category-administracao"],"acf":[],"yoast_head":"<!-- This site is optimized with the Yoast SEO plugin v27.5 - https:\/\/yoast.com\/product\/yoast-seo-wordpress\/ -->\n<title>GOVERNO DE PE OBRIGA USU\u00c1RIO A PAGAR IPVA EM JANEIRO, INDEPENDENTE DA PLACA - Blog do Farn\u00e9sio<\/title>\n<meta name=\"robots\" content=\"index, follow, max-snippet:-1, max-image-preview:large, max-video-preview:-1\" \/>\n<link rel=\"canonical\" href=\"https:\/\/blogdofarnesio.com.br\/2016\/12\/governo-de-pe-obriga-usuario-a-pagar-ipva-em-janeiro-independente-da-placa\/\" \/>\n<meta property=\"og:locale\" content=\"pt_BR\" \/>\n<meta property=\"og:type\" content=\"article\" \/>\n<meta property=\"og:title\" content=\"GOVERNO DE PE OBRIGA USU\u00c1RIO A PAGAR IPVA EM JANEIRO, INDEPENDENTE DA PLACA - Blog do Farn\u00e9sio\" \/>\n<meta property=\"og:description\" content=\"N\u00e3o bastassem todas as despesas do in\u00edcio do ano, os propriet\u00e1rios de ve\u00edculos usados ter\u00e3o que arcar com mais um pagamento na virada de 2017. O governo de Pernambuco publicou o Decreto N\u00ba 43.866, estabelecendo novos prazos para o recolhimento do Imposto Sobre Propriedade de Ve\u00edculos Automotores (IPVA). \u00a0Pela nova regra, todos os pagamentos (independente do \u00faltimo d\u00edgito da placa) ter\u00e3o que ser iniciados em janeiro. DATAS A partir de 2017, o escalonamento passa a ser apenas de dias no m\u00eas de janeiro. Os ve\u00edculos de placas com final 1 e 2 ter\u00e3o que pagar a cota \u00fanica no dia 17 de janeiro e para quem optar pelo parcelamento a primeira cota ser\u00e1 em 17 de janeiro e a segunda&hellip;\" \/>\n<meta property=\"og:url\" content=\"https:\/\/blogdofarnesio.com.br\/2016\/12\/governo-de-pe-obriga-usuario-a-pagar-ipva-em-janeiro-independente-da-placa\/\" \/>\n<meta property=\"og:site_name\" content=\"Blog do Farn\u00e9sio\" \/>\n<meta property=\"article:publisher\" content=\"https:\/\/www.facebook.com\/BlogQuerSaberPolitica\/\" \/>\n<meta property=\"article:published_time\" content=\"2016-12-08T11:30:46+00:00\" \/>\n<meta property=\"og:image\" content=\"https:\/\/blogdofarnesio.com.br\/wp-content\/uploads\/2016\/12\/blogqsp-carros.jpg\" \/>\n\t<meta property=\"og:image:width\" content=\"470\" \/>\n\t<meta property=\"og:image:height\" content=\"230\" \/>\n\t<meta property=\"og:image:type\" content=\"image\/jpeg\" \/>\n<meta name=\"author\" content=\"Farn\u00e9sio\" \/>\n<meta name=\"twitter:card\" content=\"summary_large_image\" \/>\n<meta name=\"twitter:label1\" content=\"Escrito por\" \/>\n\t<meta name=\"twitter:data1\" content=\"Farn\u00e9sio\" \/>\n\t<meta name=\"twitter:label2\" content=\"Est. tempo de leitura\" \/>\n\t<meta name=\"twitter:data2\" content=\"1 minuto\" \/>\n<script type=\"application\/ld+json\" class=\"yoast-schema-graph\">{\"@context\":\"https:\\\/\\\/schema.org\",\"@graph\":[{\"@type\":\"Article\",\"@id\":\"https:\\\/\\\/blogdofarnesio.com.br\\\/2016\\\/12\\\/governo-de-pe-obriga-usuario-a-pagar-ipva-em-janeiro-independente-da-placa\\\/#article\",\"isPartOf\":{\"@id\":\"https:\\\/\\\/blogdofarnesio.com.br\\\/2016\\\/12\\\/governo-de-pe-obriga-usuario-a-pagar-ipva-em-janeiro-independente-da-placa\\\/\"},\"author\":{\"name\":\"Farn\u00e9sio\",\"@id\":\"https:\\\/\\\/blogdofarnesio.com.br\\\/#\\\/schema\\\/person\\\/301c4acf522bccbfdb45af95b5b906a1\"},\"headline\":\"GOVERNO DE PE OBRIGA USU\u00c1RIO A PAGAR IPVA EM JANEIRO, INDEPENDENTE DA PLACA\",\"datePublished\":\"2016-12-08T11:30:46+00:00\",\"mainEntityOfPage\":{\"@id\":\"https:\\\/\\\/blogdofarnesio.com.br\\\/2016\\\/12\\\/governo-de-pe-obriga-usuario-a-pagar-ipva-em-janeiro-independente-da-placa\\\/\"},\"wordCount\":266,\"commentCount\":0,\"publisher\":{\"@id\":\"https:\\\/\\\/blogdofarnesio.com.br\\\/#organization\"},\"image\":{\"@id\":\"https:\\\/\\\/blogdofarnesio.com.br\\\/2016\\\/12\\\/governo-de-pe-obriga-usuario-a-pagar-ipva-em-janeiro-independente-da-placa\\\/#primaryimage\"},\"thumbnailUrl\":\"https:\\\/\\\/blogdofarnesio.com.br\\\/wp-content\\\/uploads\\\/2016\\\/12\\\/blogqsp-carros.jpg\",\"articleSection\":[\"Administra\u00e7\u00e3o\"],\"inLanguage\":\"pt-BR\",\"potentialAction\":[{\"@type\":\"CommentAction\",\"name\":\"Comment\",\"target\":[\"https:\\\/\\\/blogdofarnesio.com.br\\\/2016\\\/12\\\/governo-de-pe-obriga-usuario-a-pagar-ipva-em-janeiro-independente-da-placa\\\/#respond\"]}]},{\"@type\":\"WebPage\",\"@id\":\"https:\\\/\\\/blogdofarnesio.com.br\\\/2016\\\/12\\\/governo-de-pe-obriga-usuario-a-pagar-ipva-em-janeiro-independente-da-placa\\\/\",\"url\":\"https:\\\/\\\/blogdofarnesio.com.br\\\/2016\\\/12\\\/governo-de-pe-obriga-usuario-a-pagar-ipva-em-janeiro-independente-da-placa\\\/\",\"name\":\"GOVERNO DE PE OBRIGA USU\u00c1RIO A PAGAR IPVA EM JANEIRO, INDEPENDENTE DA PLACA - Blog do Farn\u00e9sio\",\"isPartOf\":{\"@id\":\"https:\\\/\\\/blogdofarnesio.com.br\\\/#website\"},\"primaryImageOfPage\":{\"@id\":\"https:\\\/\\\/blogdofarnesio.com.br\\\/2016\\\/12\\\/governo-de-pe-obriga-usuario-a-pagar-ipva-em-janeiro-independente-da-placa\\\/#primaryimage\"},\"image\":{\"@id\":\"https:\\\/\\\/blogdofarnesio.com.br\\\/2016\\\/12\\\/governo-de-pe-obriga-usuario-a-pagar-ipva-em-janeiro-independente-da-placa\\\/#primaryimage\"},\"thumbnailUrl\":\"https:\\\/\\\/blogdofarnesio.com.br\\\/wp-content\\\/uploads\\\/2016\\\/12\\\/blogqsp-carros.jpg\",\"datePublished\":\"2016-12-08T11:30:46+00:00\",\"breadcrumb\":{\"@id\":\"https:\\\/\\\/blogdofarnesio.com.br\\\/2016\\\/12\\\/governo-de-pe-obriga-usuario-a-pagar-ipva-em-janeiro-independente-da-placa\\\/#breadcrumb\"},\"inLanguage\":\"pt-BR\",\"potentialAction\":[{\"@type\":\"ReadAction\",\"target\":[\"https:\\\/\\\/blogdofarnesio.com.br\\\/2016\\\/12\\\/governo-de-pe-obriga-usuario-a-pagar-ipva-em-janeiro-independente-da-placa\\\/\"]}]},{\"@type\":\"ImageObject\",\"inLanguage\":\"pt-BR\",\"@id\":\"https:\\\/\\\/blogdofarnesio.com.br\\\/2016\\\/12\\\/governo-de-pe-obriga-usuario-a-pagar-ipva-em-janeiro-independente-da-placa\\\/#primaryimage\",\"url\":\"https:\\\/\\\/blogdofarnesio.com.br\\\/wp-content\\\/uploads\\\/2016\\\/12\\\/blogqsp-carros.jpg\",\"contentUrl\":\"https:\\\/\\\/blogdofarnesio.com.br\\\/wp-content\\\/uploads\\\/2016\\\/12\\\/blogqsp-carros.jpg\",\"width\":470,\"height\":230},{\"@type\":\"BreadcrumbList\",\"@id\":\"https:\\\/\\\/blogdofarnesio.com.br\\\/2016\\\/12\\\/governo-de-pe-obriga-usuario-a-pagar-ipva-em-janeiro-independente-da-placa\\\/#breadcrumb\",\"itemListElement\":[{\"@type\":\"ListItem\",\"position\":1,\"name\":\"In\u00edcio\",\"item\":\"https:\\\/\\\/blogdofarnesio.com.br\\\/\"},{\"@type\":\"ListItem\",\"position\":2,\"name\":\"GOVERNO DE PE OBRIGA USU\u00c1RIO A PAGAR IPVA EM JANEIRO, INDEPENDENTE DA PLACA\"}]},{\"@type\":\"WebSite\",\"@id\":\"https:\\\/\\\/blogdofarnesio.com.br\\\/#website\",\"url\":\"https:\\\/\\\/blogdofarnesio.com.br\\\/\",\"name\":\"Blog do Farn\u00e9sio\",\"description\":\"Quer Saber Pol\u00edtica?\",\"publisher\":{\"@id\":\"https:\\\/\\\/blogdofarnesio.com.br\\\/#organization\"},\"potentialAction\":[{\"@type\":\"SearchAction\",\"target\":{\"@type\":\"EntryPoint\",\"urlTemplate\":\"https:\\\/\\\/blogdofarnesio.com.br\\\/?s={search_term_string}\"},\"query-input\":{\"@type\":\"PropertyValueSpecification\",\"valueRequired\":true,\"valueName\":\"search_term_string\"}}],\"inLanguage\":\"pt-BR\"},{\"@type\":\"Organization\",\"@id\":\"https:\\\/\\\/blogdofarnesio.com.br\\\/#organization\",\"name\":\"Blog do Farn\u00e9sio\",\"url\":\"https:\\\/\\\/blogdofarnesio.com.br\\\/\",\"logo\":{\"@type\":\"ImageObject\",\"inLanguage\":\"pt-BR\",\"@id\":\"https:\\\/\\\/blogdofarnesio.com.br\\\/#\\\/schema\\\/logo\\\/image\\\/\",\"url\":\"https:\\\/\\\/blogdofarnesio.com.br\\\/wp-content\\\/uploads\\\/2026\\\/03\\\/cropped-logo_new-1.png\",\"contentUrl\":\"https:\\\/\\\/blogdofarnesio.com.br\\\/wp-content\\\/uploads\\\/2026\\\/03\\\/cropped-logo_new-1.png\",\"width\":881,\"height\":685,\"caption\":\"Blog do Farn\u00e9sio\"},\"image\":{\"@id\":\"https:\\\/\\\/blogdofarnesio.com.br\\\/#\\\/schema\\\/logo\\\/image\\\/\"},\"sameAs\":[\"https:\\\/\\\/www.facebook.com\\\/BlogQuerSaberPolitica\\\/\"]},{\"@type\":\"Person\",\"@id\":\"https:\\\/\\\/blogdofarnesio.com.br\\\/#\\\/schema\\\/person\\\/301c4acf522bccbfdb45af95b5b906a1\",\"name\":\"Farn\u00e9sio\",\"image\":{\"@type\":\"ImageObject\",\"inLanguage\":\"pt-BR\",\"@id\":\"https:\\\/\\\/secure.gravatar.com\\\/avatar\\\/df0c9a14567c056f8ad6876ba5bbd1e3e2c48023eb6807342fc4663adf549f38?s=96&d=mm&r=g\",\"url\":\"https:\\\/\\\/secure.gravatar.com\\\/avatar\\\/df0c9a14567c056f8ad6876ba5bbd1e3e2c48023eb6807342fc4663adf549f38?s=96&d=mm&r=g\",\"contentUrl\":\"https:\\\/\\\/secure.gravatar.com\\\/avatar\\\/df0c9a14567c056f8ad6876ba5bbd1e3e2c48023eb6807342fc4663adf549f38?s=96&d=mm&r=g\",\"caption\":\"Farn\u00e9sio\"},\"sameAs\":[\"https:\\\/\\\/quersaberpolitica.com.br\"],\"url\":\"https:\\\/\\\/blogdofarnesio.com.br\\\/author\\\/farnesio\\\/\"}]}<\/script>\n<!-- \/ Yoast SEO plugin. -->","yoast_head_json":{"title":"GOVERNO DE PE OBRIGA USU\u00c1RIO A PAGAR IPVA EM JANEIRO, INDEPENDENTE DA PLACA - Blog do Farn\u00e9sio","robots":{"index":"index","follow":"follow","max-snippet":"max-snippet:-1","max-image-preview":"max-image-preview:large","max-video-preview":"max-video-preview:-1"},"canonical":"https:\/\/blogdofarnesio.com.br\/2016\/12\/governo-de-pe-obriga-usuario-a-pagar-ipva-em-janeiro-independente-da-placa\/","og_locale":"pt_BR","og_type":"article","og_title":"GOVERNO DE PE OBRIGA USU\u00c1RIO A PAGAR IPVA EM JANEIRO, INDEPENDENTE DA PLACA - Blog do Farn\u00e9sio","og_description":"N\u00e3o bastassem todas as despesas do in\u00edcio do ano, os propriet\u00e1rios de ve\u00edculos usados ter\u00e3o que arcar com mais um pagamento na virada de 2017. O governo de Pernambuco publicou o Decreto N\u00ba 43.866, estabelecendo novos prazos para o recolhimento do Imposto Sobre Propriedade de Ve\u00edculos Automotores (IPVA). \u00a0Pela nova regra, todos os pagamentos (independente do \u00faltimo d\u00edgito da placa) ter\u00e3o que ser iniciados em janeiro. DATAS A partir de 2017, o escalonamento passa a ser apenas de dias no m\u00eas de janeiro. Os ve\u00edculos de placas com final 1 e 2 ter\u00e3o que pagar a cota \u00fanica no dia 17 de janeiro e para quem optar pelo parcelamento a primeira cota ser\u00e1 em 17 de janeiro e a segunda&hellip;","og_url":"https:\/\/blogdofarnesio.com.br\/2016\/12\/governo-de-pe-obriga-usuario-a-pagar-ipva-em-janeiro-independente-da-placa\/","og_site_name":"Blog do Farn\u00e9sio","article_publisher":"https:\/\/www.facebook.com\/BlogQuerSaberPolitica\/","article_published_time":"2016-12-08T11:30:46+00:00","og_image":[{"width":470,"height":230,"url":"https:\/\/blogdofarnesio.com.br\/wp-content\/uploads\/2016\/12\/blogqsp-carros.jpg","type":"image\/jpeg"}],"author":"Farn\u00e9sio","twitter_card":"summary_large_image","twitter_misc":{"Escrito por":"Farn\u00e9sio","Est. tempo de leitura":"1 minuto"},"schema":{"@context":"https:\/\/schema.org","@graph":[{"@type":"Article","@id":"https:\/\/blogdofarnesio.com.br\/2016\/12\/governo-de-pe-obriga-usuario-a-pagar-ipva-em-janeiro-independente-da-placa\/#article","isPartOf":{"@id":"https:\/\/blogdofarnesio.com.br\/2016\/12\/governo-de-pe-obriga-usuario-a-pagar-ipva-em-janeiro-independente-da-placa\/"},"author":{"name":"Farn\u00e9sio","@id":"https:\/\/blogdofarnesio.com.br\/#\/schema\/person\/301c4acf522bccbfdb45af95b5b906a1"},"headline":"GOVERNO DE PE OBRIGA USU\u00c1RIO A PAGAR IPVA EM JANEIRO, INDEPENDENTE DA PLACA","datePublished":"2016-12-08T11:30:46+00:00","mainEntityOfPage":{"@id":"https:\/\/blogdofarnesio.com.br\/2016\/12\/governo-de-pe-obriga-usuario-a-pagar-ipva-em-janeiro-independente-da-placa\/"},"wordCount":266,"commentCount":0,"publisher":{"@id":"https:\/\/blogdofarnesio.com.br\/#organization"},"image":{"@id":"https:\/\/blogdofarnesio.com.br\/2016\/12\/governo-de-pe-obriga-usuario-a-pagar-ipva-em-janeiro-independente-da-placa\/#primaryimage"},"thumbnailUrl":"https:\/\/blogdofarnesio.com.br\/wp-content\/uploads\/2016\/12\/blogqsp-carros.jpg","articleSection":["Administra\u00e7\u00e3o"],"inLanguage":"pt-BR","potentialAction":[{"@type":"CommentAction","name":"Comment","target":["https:\/\/blogdofarnesio.com.br\/2016\/12\/governo-de-pe-obriga-usuario-a-pagar-ipva-em-janeiro-independente-da-placa\/#respond"]}]},{"@type":"WebPage","@id":"https:\/\/blogdofarnesio.com.br\/2016\/12\/governo-de-pe-obriga-usuario-a-pagar-ipva-em-janeiro-independente-da-placa\/","url":"https:\/\/blogdofarnesio.com.br\/2016\/12\/governo-de-pe-obriga-usuario-a-pagar-ipva-em-janeiro-independente-da-placa\/","name":"GOVERNO DE PE OBRIGA USU\u00c1RIO A PAGAR IPVA EM JANEIRO, INDEPENDENTE DA PLACA - Blog do Farn\u00e9sio","isPartOf":{"@id":"https:\/\/blogdofarnesio.com.br\/#website"},"primaryImageOfPage":{"@id":"https:\/\/blogdofarnesio.com.br\/2016\/12\/governo-de-pe-obriga-usuario-a-pagar-ipva-em-janeiro-independente-da-placa\/#primaryimage"},"image":{"@id":"https:\/\/blogdofarnesio.com.br\/2016\/12\/governo-de-pe-obriga-usuario-a-pagar-ipva-em-janeiro-independente-da-placa\/#primaryimage"},"thumbnailUrl":"https:\/\/blogdofarnesio.com.br\/wp-content\/uploads\/2016\/12\/blogqsp-carros.jpg","datePublished":"2016-12-08T11:30:46+00:00","breadcrumb":{"@id":"https:\/\/blogdofarnesio.com.br\/2016\/12\/governo-de-pe-obriga-usuario-a-pagar-ipva-em-janeiro-independente-da-placa\/#breadcrumb"},"inLanguage":"pt-BR","potentialAction":[{"@type":"ReadAction","target":["https:\/\/blogdofarnesio.com.br\/2016\/12\/governo-de-pe-obriga-usuario-a-pagar-ipva-em-janeiro-independente-da-placa\/"]}]},{"@type":"ImageObject","inLanguage":"pt-BR","@id":"https:\/\/blogdofarnesio.com.br\/2016\/12\/governo-de-pe-obriga-usuario-a-pagar-ipva-em-janeiro-independente-da-placa\/#primaryimage","url":"https:\/\/blogdofarnesio.com.br\/wp-content\/uploads\/2016\/12\/blogqsp-carros.jpg","contentUrl":"https:\/\/blogdofarnesio.com.br\/wp-content\/uploads\/2016\/12\/blogqsp-carros.jpg","width":470,"height":230},{"@type":"BreadcrumbList","@id":"https:\/\/blogdofarnesio.com.br\/2016\/12\/governo-de-pe-obriga-usuario-a-pagar-ipva-em-janeiro-independente-da-placa\/#breadcrumb","itemListElement":[{"@type":"ListItem","position":1,"name":"In\u00edcio","item":"https:\/\/blogdofarnesio.com.br\/"},{"@type":"ListItem","position":2,"name":"GOVERNO DE PE OBRIGA USU\u00c1RIO A PAGAR IPVA EM JANEIRO, INDEPENDENTE DA PLACA"}]},{"@type":"WebSite","@id":"https:\/\/blogdofarnesio.com.br\/#website","url":"https:\/\/blogdofarnesio.com.br\/","name":"Blog do Farn\u00e9sio","description":"Quer Saber Pol\u00edtica?","publisher":{"@id":"https:\/\/blogdofarnesio.com.br\/#organization"},"potentialAction":[{"@type":"SearchAction","target":{"@type":"EntryPoint","urlTemplate":"https:\/\/blogdofarnesio.com.br\/?s={search_term_string}"},"query-input":{"@type":"PropertyValueSpecification","valueRequired":true,"valueName":"search_term_string"}}],"inLanguage":"pt-BR"},{"@type":"Organization","@id":"https:\/\/blogdofarnesio.com.br\/#organization","name":"Blog do Farn\u00e9sio","url":"https:\/\/blogdofarnesio.com.br\/","logo":{"@type":"ImageObject","inLanguage":"pt-BR","@id":"https:\/\/blogdofarnesio.com.br\/#\/schema\/logo\/image\/","url":"https:\/\/blogdofarnesio.com.br\/wp-content\/uploads\/2026\/03\/cropped-logo_new-1.png","contentUrl":"https:\/\/blogdofarnesio.com.br\/wp-content\/uploads\/2026\/03\/cropped-logo_new-1.png","width":881,"height":685,"caption":"Blog do Farn\u00e9sio"},"image":{"@id":"https:\/\/blogdofarnesio.com.br\/#\/schema\/logo\/image\/"},"sameAs":["https:\/\/www.facebook.com\/BlogQuerSaberPolitica\/"]},{"@type":"Person","@id":"https:\/\/blogdofarnesio.com.br\/#\/schema\/person\/301c4acf522bccbfdb45af95b5b906a1","name":"Farn\u00e9sio","image":{"@type":"ImageObject","inLanguage":"pt-BR","@id":"https:\/\/secure.gravatar.com\/avatar\/df0c9a14567c056f8ad6876ba5bbd1e3e2c48023eb6807342fc4663adf549f38?s=96&d=mm&r=g","url":"https:\/\/secure.gravatar.com\/avatar\/df0c9a14567c056f8ad6876ba5bbd1e3e2c48023eb6807342fc4663adf549f38?s=96&d=mm&r=g","contentUrl":"https:\/\/secure.gravatar.com\/avatar\/df0c9a14567c056f8ad6876ba5bbd1e3e2c48023eb6807342fc4663adf549f38?s=96&d=mm&r=g","caption":"Farn\u00e9sio"},"sameAs":["https:\/\/quersaberpolitica.com.br"],"url":"https:\/\/blogdofarnesio.com.br\/author\/farnesio\/"}]}},"_links":{"self":[{"href":"https:\/\/blogdofarnesio.com.br\/wp-json\/wp\/v2\/posts\/152626","targetHints":{"allow":["GET"]}}],"collection":[{"href":"https:\/\/blogdofarnesio.com.br\/wp-json\/wp\/v2\/posts"}],"about":[{"href":"https:\/\/blogdofarnesio.com.br\/wp-json\/wp\/v2\/types\/post"}],"author":[{"embeddable":true,"href":"https:\/\/blogdofarnesio.com.br\/wp-json\/wp\/v2\/users\/1"}],"replies":[{"embeddable":true,"href":"https:\/\/blogdofarnesio.com.br\/wp-json\/wp\/v2\/comments?post=152626"}],"version-history":[{"count":0,"href":"https:\/\/blogdofarnesio.com.br\/wp-json\/wp\/v2\/posts\/152626\/revisions"}],"wp:featuredmedia":[{"embeddable":true,"href":"https:\/\/blogdofarnesio.com.br\/wp-json\/wp\/v2\/media\/152350"}],"wp:attachment":[{"href":"https:\/\/blogdofarnesio.com.br\/wp-json\/wp\/v2\/media?parent=152626"}],"wp:term":[{"taxonomy":"category","embeddable":true,"href":"https:\/\/blogdofarnesio.com.br\/wp-json\/wp\/v2\/categories?post=152626"},{"taxonomy":"post_tag","embeddable":true,"href":"https:\/\/blogdofarnesio.com.br\/wp-json\/wp\/v2\/tags?post=152626"}],"curies":[{"name":"wp","href":"https:\/\/api.w.org\/{rel}","templated":true}]}}