{"id":15180,"date":"2012-06-26T09:00:09","date_gmt":"2012-06-26T09:00:09","guid":{"rendered":"http:\/\/www.quersaberpolitica.com.br?p=15180"},"modified":"-0001-11-30T00:00:00","modified_gmt":"-0001-11-30T03:00:00","slug":"secretaria-da-saude-de-juazeiro-reforca-combate-a-muricoca","status":"publish","type":"post","link":"https:\/\/blogdofarnesio.com.br\/?p=15180","title":{"rendered":"Secretaria da Sa\u00fade de Juazeiro refor\u00e7a combate \u00e0 muri\u00e7oca"},"content":{"rendered":"<p style=\"text-align: justify;\"><span style=\"font-size: small;\"><span style=\"font-family: arial,helvetica,sans-serif;\"><a rel=\"lightbox\" href=\"http:\/\/www.quersaberpolitica.com.br\/2016\/wp-content\/uploads\/2012\/12\/blogqspmuricoca50.jpg\"><img loading=\"lazy\" decoding=\"async\" style=\"float: left; margin: 5px 10px;\" src=\"http:\/\/www.quersaberpolitica.com.br\/2016\/wp-content\/uploads\/2012\/12\/blogqspmuricoca50.jpg\" alt=\"\" width=\"200\" height=\"150\" \/><\/a>A  Secretaria da Sa&uacute;de de Juazeiro (Sesau) continua o trabalho de controle  da muri&ccedil;oca. Durante esta semana o fumac&ecirc; refor&ccedil;ar&aacute; a a&ccedil;&atilde;o em alguns  bairros. Nesta segunda-feira (25), no Alto do Cruzeiro, na ter&ccedil;a-feira  (26) ser&aacute; visitado o Novo Encontro, na quarta (27) os bairros Lomanto  J&uacute;nior e S&atilde;o Geraldo recebem a passagem do carro fumac&ecirc; e na quinta, no  bairro Cajueiro. As equipes trabalham com o fumac&ecirc; das 16h &agrave;s 21h.<\/span><\/span><\/p>\n<p style=\"text-align: justify;\"><span style=\"font-size: small;\"><span style=\"font-family: arial,helvetica,sans-serif;\"><br \/> <\/span><\/span><\/p>\n<p style=\"text-align: justify;\"><span style=\"font-size: small;\"><span style=\"font-family: arial,helvetica,sans-serif;\">No  &uacute;ltimo s&aacute;bado (23), a equipe t&eacute;cnica realizou pela manh&atilde; a aplica&ccedil;&atilde;o do  larvicida (inseticida) nos locais de grandes focos da praga, como os  canais localizados nos bairros: Jardim S&atilde;o Paulo, Jo&atilde;o XXIII e Alto do  Alencar.<\/span><\/span><\/p>\n<p style=\"text-align: justify;\"><span style=\"font-size: small;\"><span style=\"font-family: arial,helvetica,sans-serif;\"><br \/> <\/span><\/span><\/p>\n<p style=\"text-align: justify;\"><span style=\"font-size: small;\"><span style=\"font-family: arial,helvetica,sans-serif;\">O  Programa de Controle do inseto iniciou no munic&iacute;pio em outubro do ano  passado. O fumac&ecirc; j&aacute; passou por toda a zona urbana e pelo interior. O  objetivo &eacute; promover mais qualidade de vida e sa&uacute;de para a comunidade.  Al&eacute;m de reduzir o incomodo da muri&ccedil;oca, a a&ccedil;&atilde;o tamb&eacute;m controla a  prolifera&ccedil;&atilde;o da dengue.<\/span><\/span><\/p>\n<p style=\"text-align: justify;\"><span style=\"font-size: small;\"><span style=\"font-family: arial,helvetica,sans-serif;\"><br \/> <\/span><\/span><\/p>\n<p style=\"text-align: justify;\"><span style=\"font-size: small;\"><span style=\"font-family: arial,helvetica,sans-serif;\"><br \/> <\/span><\/span><\/p>\n<p style=\"text-align: justify;\"><span style=\"font-size: small;\"><span style=\"font-family: arial,helvetica,sans-serif;\"><br \/> <\/span><\/span><\/p>\n<p style=\"text-align: justify;\"><span style=\"font-size: small;\"><span style=\"font-family: arial,helvetica,sans-serif;\"><br \/> <\/span><\/span><\/p>\n<p style=\"text-align: justify;\"><span style=\"font-size: small;\"><span style=\"font-family: arial,helvetica,sans-serif;\"> V&acirc;nia Castro &#8211; assessoria de imprensa\/ SESAU <\/span><\/span><\/p>\n<p style=\"text-align: justify;\"><span style=\"font-size: small;\"><span style=\"font-family: arial,helvetica,sans-serif;\"><br \/> <\/span><\/span><\/p>\n","protected":false},"excerpt":{"rendered":"<p>A Secretaria da Sa&uacute;de de Juazeiro (Sesau) continua o trabalho de controle da muri&ccedil;oca. Durante esta semana o fumac&ecirc; refor&ccedil;ar&aacute; a a&ccedil;&atilde;o em alguns bairros. Nesta segunda-feira (25), no Alto do Cruzeiro, na ter&ccedil;a-feira (26) ser&aacute; visitado o Novo Encontro, na quarta (27) os bairros Lomanto J&uacute;nior e S&atilde;o Geraldo recebem a passagem do carro fumac&ecirc; e na quinta, no bairro Cajueiro. As equipes trabalham com o fumac&ecirc; das 16h &agrave;s 21h. No &uacute;ltimo s&aacute;bado (23), a equipe t&eacute;cnica realizou pela manh&atilde; a aplica&ccedil;&atilde;o do larvicida (inseticida) nos locais de grandes focos da praga, como os canais localizados nos bairros: Jardim S&atilde;o Paulo, Jo&atilde;o XXIII e Alto do Alencar. O Programa de Controle do inseto iniciou no munic&iacute;pio em outubro&hellip; <\/p>\n","protected":false},"author":0,"featured_media":0,"comment_status":"open","ping_status":"open","sticky":false,"template":"","format":"standard","meta":{"_acf_changed":false,"footnotes":""},"categories":[3],"tags":[],"class_list":["post-15180","post","type-post","status-publish","format-standard","hentry","category-entretenimento"],"acf":[],"yoast_head":"<!-- This site is optimized with the Yoast SEO plugin v27.4 - https:\/\/yoast.com\/product\/yoast-seo-wordpress\/ -->\n<title>Secretaria da Sa\u00fade de Juazeiro refor\u00e7a combate \u00e0 muri\u00e7oca - Blog do Farn\u00e9sio<\/title>\n<meta name=\"robots\" content=\"index, follow, max-snippet:-1, max-image-preview:large, max-video-preview:-1\" \/>\n<link rel=\"canonical\" href=\"https:\/\/blogdofarnesio.com.br\/?p=15180\" \/>\n<meta property=\"og:locale\" content=\"pt_BR\" \/>\n<meta property=\"og:type\" content=\"article\" \/>\n<meta property=\"og:title\" content=\"Secretaria da Sa\u00fade de Juazeiro refor\u00e7a combate \u00e0 muri\u00e7oca - Blog do Farn\u00e9sio\" \/>\n<meta property=\"og:description\" content=\"A Secretaria da Sa&uacute;de de Juazeiro (Sesau) continua o trabalho de controle da muri&ccedil;oca. Durante esta semana o fumac&ecirc; refor&ccedil;ar&aacute; a a&ccedil;&atilde;o em alguns bairros. Nesta segunda-feira (25), no Alto do Cruzeiro, na ter&ccedil;a-feira (26) ser&aacute; visitado o Novo Encontro, na quarta (27) os bairros Lomanto J&uacute;nior e S&atilde;o Geraldo recebem a passagem do carro fumac&ecirc; e na quinta, no bairro Cajueiro. As equipes trabalham com o fumac&ecirc; das 16h &agrave;s 21h. No &uacute;ltimo s&aacute;bado (23), a equipe t&eacute;cnica realizou pela manh&atilde; a aplica&ccedil;&atilde;o do larvicida (inseticida) nos locais de grandes focos da praga, como os canais localizados nos bairros: Jardim S&atilde;o Paulo, Jo&atilde;o XXIII e Alto do Alencar. O Programa de Controle do inseto iniciou no munic&iacute;pio em outubro&hellip;\" \/>\n<meta property=\"og:url\" content=\"https:\/\/blogdofarnesio.com.br\/?p=15180\" \/>\n<meta property=\"og:site_name\" content=\"Blog do Farn\u00e9sio\" \/>\n<meta property=\"article:publisher\" content=\"https:\/\/www.facebook.com\/BlogQuerSaberPolitica\/\" \/>\n<meta property=\"article:published_time\" content=\"2012-06-26T09:00:09+00:00\" \/>\n<meta property=\"og:image\" content=\"http:\/\/www.quersaberpolitica.com.br\/2016\/wp-content\/uploads\/2012\/12\/blogqspmuricoca50.jpg\" \/>\n<meta name=\"twitter:card\" content=\"summary_large_image\" \/>\n<meta name=\"twitter:label1\" content=\"Est. tempo de leitura\" \/>\n\t<meta name=\"twitter:data1\" content=\"1 minuto\" \/>\n<script type=\"application\/ld+json\" class=\"yoast-schema-graph\">{\"@context\":\"https:\\\/\\\/schema.org\",\"@graph\":[{\"@type\":\"Article\",\"@id\":\"https:\\\/\\\/blogdofarnesio.com.br\\\/?p=15180#article\",\"isPartOf\":{\"@id\":\"https:\\\/\\\/blogdofarnesio.com.br\\\/?p=15180\"},\"author\":{\"name\":\"\",\"@id\":\"\"},\"headline\":\"Secretaria da Sa\u00fade de Juazeiro refor\u00e7a combate \u00e0 muri\u00e7oca\",\"datePublished\":\"2012-06-26T09:00:09+00:00\",\"mainEntityOfPage\":{\"@id\":\"https:\\\/\\\/blogdofarnesio.com.br\\\/?p=15180\"},\"wordCount\":231,\"commentCount\":0,\"publisher\":{\"@id\":\"https:\\\/\\\/blogdofarnesio.com.br\\\/#organization\"},\"image\":{\"@id\":\"https:\\\/\\\/blogdofarnesio.com.br\\\/?p=15180#primaryimage\"},\"thumbnailUrl\":\"http:\\\/\\\/www.quersaberpolitica.com.br\\\/2016\\\/wp-content\\\/uploads\\\/2012\\\/12\\\/blogqspmuricoca50.jpg\",\"articleSection\":[\"Entretenimento\"],\"inLanguage\":\"pt-BR\",\"potentialAction\":[{\"@type\":\"CommentAction\",\"name\":\"Comment\",\"target\":[\"https:\\\/\\\/blogdofarnesio.com.br\\\/?p=15180#respond\"]}]},{\"@type\":\"WebPage\",\"@id\":\"https:\\\/\\\/blogdofarnesio.com.br\\\/?p=15180\",\"url\":\"https:\\\/\\\/blogdofarnesio.com.br\\\/?p=15180\",\"name\":\"Secretaria da Sa\u00fade de Juazeiro refor\u00e7a combate \u00e0 muri\u00e7oca - Blog do Farn\u00e9sio\",\"isPartOf\":{\"@id\":\"https:\\\/\\\/blogdofarnesio.com.br\\\/#website\"},\"primaryImageOfPage\":{\"@id\":\"https:\\\/\\\/blogdofarnesio.com.br\\\/?p=15180#primaryimage\"},\"image\":{\"@id\":\"https:\\\/\\\/blogdofarnesio.com.br\\\/?p=15180#primaryimage\"},\"thumbnailUrl\":\"http:\\\/\\\/www.quersaberpolitica.com.br\\\/2016\\\/wp-content\\\/uploads\\\/2012\\\/12\\\/blogqspmuricoca50.jpg\",\"datePublished\":\"2012-06-26T09:00:09+00:00\",\"breadcrumb\":{\"@id\":\"https:\\\/\\\/blogdofarnesio.com.br\\\/?p=15180#breadcrumb\"},\"inLanguage\":\"pt-BR\",\"potentialAction\":[{\"@type\":\"ReadAction\",\"target\":[\"https:\\\/\\\/blogdofarnesio.com.br\\\/?p=15180\"]}]},{\"@type\":\"ImageObject\",\"inLanguage\":\"pt-BR\",\"@id\":\"https:\\\/\\\/blogdofarnesio.com.br\\\/?p=15180#primaryimage\",\"url\":\"http:\\\/\\\/www.quersaberpolitica.com.br\\\/2016\\\/wp-content\\\/uploads\\\/2012\\\/12\\\/blogqspmuricoca50.jpg\",\"contentUrl\":\"http:\\\/\\\/www.quersaberpolitica.com.br\\\/2016\\\/wp-content\\\/uploads\\\/2012\\\/12\\\/blogqspmuricoca50.jpg\"},{\"@type\":\"BreadcrumbList\",\"@id\":\"https:\\\/\\\/blogdofarnesio.com.br\\\/?p=15180#breadcrumb\",\"itemListElement\":[{\"@type\":\"ListItem\",\"position\":1,\"name\":\"In\u00edcio\",\"item\":\"https:\\\/\\\/blogdofarnesio.com.br\\\/\"},{\"@type\":\"ListItem\",\"position\":2,\"name\":\"Secretaria da Sa\u00fade de Juazeiro refor\u00e7a combate \u00e0 muri\u00e7oca\"}]},{\"@type\":\"WebSite\",\"@id\":\"https:\\\/\\\/blogdofarnesio.com.br\\\/#website\",\"url\":\"https:\\\/\\\/blogdofarnesio.com.br\\\/\",\"name\":\"Blog do Farn\u00e9sio\",\"description\":\"Quer Saber Pol\u00edtica?\",\"publisher\":{\"@id\":\"https:\\\/\\\/blogdofarnesio.com.br\\\/#organization\"},\"potentialAction\":[{\"@type\":\"SearchAction\",\"target\":{\"@type\":\"EntryPoint\",\"urlTemplate\":\"https:\\\/\\\/blogdofarnesio.com.br\\\/?s={search_term_string}\"},\"query-input\":{\"@type\":\"PropertyValueSpecification\",\"valueRequired\":true,\"valueName\":\"search_term_string\"}}],\"inLanguage\":\"pt-BR\"},{\"@type\":\"Organization\",\"@id\":\"https:\\\/\\\/blogdofarnesio.com.br\\\/#organization\",\"name\":\"Blog do Farn\u00e9sio\",\"url\":\"https:\\\/\\\/blogdofarnesio.com.br\\\/\",\"logo\":{\"@type\":\"ImageObject\",\"inLanguage\":\"pt-BR\",\"@id\":\"https:\\\/\\\/blogdofarnesio.com.br\\\/#\\\/schema\\\/logo\\\/image\\\/\",\"url\":\"https:\\\/\\\/blogdofarnesio.com.br\\\/wp-content\\\/uploads\\\/2026\\\/03\\\/cropped-logo_new-1.png\",\"contentUrl\":\"https:\\\/\\\/blogdofarnesio.com.br\\\/wp-content\\\/uploads\\\/2026\\\/03\\\/cropped-logo_new-1.png\",\"width\":881,\"height\":685,\"caption\":\"Blog do Farn\u00e9sio\"},\"image\":{\"@id\":\"https:\\\/\\\/blogdofarnesio.com.br\\\/#\\\/schema\\\/logo\\\/image\\\/\"},\"sameAs\":[\"https:\\\/\\\/www.facebook.com\\\/BlogQuerSaberPolitica\\\/\"]}]}<\/script>\n<!-- \/ Yoast SEO plugin. -->","yoast_head_json":{"title":"Secretaria da Sa\u00fade de Juazeiro refor\u00e7a combate \u00e0 muri\u00e7oca - Blog do Farn\u00e9sio","robots":{"index":"index","follow":"follow","max-snippet":"max-snippet:-1","max-image-preview":"max-image-preview:large","max-video-preview":"max-video-preview:-1"},"canonical":"https:\/\/blogdofarnesio.com.br\/?p=15180","og_locale":"pt_BR","og_type":"article","og_title":"Secretaria da Sa\u00fade de Juazeiro refor\u00e7a combate \u00e0 muri\u00e7oca - Blog do Farn\u00e9sio","og_description":"A Secretaria da Sa&uacute;de de Juazeiro (Sesau) continua o trabalho de controle da muri&ccedil;oca. Durante esta semana o fumac&ecirc; refor&ccedil;ar&aacute; a a&ccedil;&atilde;o em alguns bairros. Nesta segunda-feira (25), no Alto do Cruzeiro, na ter&ccedil;a-feira (26) ser&aacute; visitado o Novo Encontro, na quarta (27) os bairros Lomanto J&uacute;nior e S&atilde;o Geraldo recebem a passagem do carro fumac&ecirc; e na quinta, no bairro Cajueiro. As equipes trabalham com o fumac&ecirc; das 16h &agrave;s 21h. No &uacute;ltimo s&aacute;bado (23), a equipe t&eacute;cnica realizou pela manh&atilde; a aplica&ccedil;&atilde;o do larvicida (inseticida) nos locais de grandes focos da praga, como os canais localizados nos bairros: Jardim S&atilde;o Paulo, Jo&atilde;o XXIII e Alto do Alencar. O Programa de Controle do inseto iniciou no munic&iacute;pio em outubro&hellip;","og_url":"https:\/\/blogdofarnesio.com.br\/?p=15180","og_site_name":"Blog do Farn\u00e9sio","article_publisher":"https:\/\/www.facebook.com\/BlogQuerSaberPolitica\/","article_published_time":"2012-06-26T09:00:09+00:00","og_image":[{"url":"http:\/\/www.quersaberpolitica.com.br\/2016\/wp-content\/uploads\/2012\/12\/blogqspmuricoca50.jpg","type":"","width":"","height":""}],"twitter_card":"summary_large_image","twitter_misc":{"Est. tempo de leitura":"1 minuto"},"schema":{"@context":"https:\/\/schema.org","@graph":[{"@type":"Article","@id":"https:\/\/blogdofarnesio.com.br\/?p=15180#article","isPartOf":{"@id":"https:\/\/blogdofarnesio.com.br\/?p=15180"},"author":{"name":"","@id":""},"headline":"Secretaria da Sa\u00fade de Juazeiro refor\u00e7a combate \u00e0 muri\u00e7oca","datePublished":"2012-06-26T09:00:09+00:00","mainEntityOfPage":{"@id":"https:\/\/blogdofarnesio.com.br\/?p=15180"},"wordCount":231,"commentCount":0,"publisher":{"@id":"https:\/\/blogdofarnesio.com.br\/#organization"},"image":{"@id":"https:\/\/blogdofarnesio.com.br\/?p=15180#primaryimage"},"thumbnailUrl":"http:\/\/www.quersaberpolitica.com.br\/2016\/wp-content\/uploads\/2012\/12\/blogqspmuricoca50.jpg","articleSection":["Entretenimento"],"inLanguage":"pt-BR","potentialAction":[{"@type":"CommentAction","name":"Comment","target":["https:\/\/blogdofarnesio.com.br\/?p=15180#respond"]}]},{"@type":"WebPage","@id":"https:\/\/blogdofarnesio.com.br\/?p=15180","url":"https:\/\/blogdofarnesio.com.br\/?p=15180","name":"Secretaria da Sa\u00fade de Juazeiro refor\u00e7a combate \u00e0 muri\u00e7oca - Blog do Farn\u00e9sio","isPartOf":{"@id":"https:\/\/blogdofarnesio.com.br\/#website"},"primaryImageOfPage":{"@id":"https:\/\/blogdofarnesio.com.br\/?p=15180#primaryimage"},"image":{"@id":"https:\/\/blogdofarnesio.com.br\/?p=15180#primaryimage"},"thumbnailUrl":"http:\/\/www.quersaberpolitica.com.br\/2016\/wp-content\/uploads\/2012\/12\/blogqspmuricoca50.jpg","datePublished":"2012-06-26T09:00:09+00:00","breadcrumb":{"@id":"https:\/\/blogdofarnesio.com.br\/?p=15180#breadcrumb"},"inLanguage":"pt-BR","potentialAction":[{"@type":"ReadAction","target":["https:\/\/blogdofarnesio.com.br\/?p=15180"]}]},{"@type":"ImageObject","inLanguage":"pt-BR","@id":"https:\/\/blogdofarnesio.com.br\/?p=15180#primaryimage","url":"http:\/\/www.quersaberpolitica.com.br\/2016\/wp-content\/uploads\/2012\/12\/blogqspmuricoca50.jpg","contentUrl":"http:\/\/www.quersaberpolitica.com.br\/2016\/wp-content\/uploads\/2012\/12\/blogqspmuricoca50.jpg"},{"@type":"BreadcrumbList","@id":"https:\/\/blogdofarnesio.com.br\/?p=15180#breadcrumb","itemListElement":[{"@type":"ListItem","position":1,"name":"In\u00edcio","item":"https:\/\/blogdofarnesio.com.br\/"},{"@type":"ListItem","position":2,"name":"Secretaria da Sa\u00fade de Juazeiro refor\u00e7a combate \u00e0 muri\u00e7oca"}]},{"@type":"WebSite","@id":"https:\/\/blogdofarnesio.com.br\/#website","url":"https:\/\/blogdofarnesio.com.br\/","name":"Blog do Farn\u00e9sio","description":"Quer Saber Pol\u00edtica?","publisher":{"@id":"https:\/\/blogdofarnesio.com.br\/#organization"},"potentialAction":[{"@type":"SearchAction","target":{"@type":"EntryPoint","urlTemplate":"https:\/\/blogdofarnesio.com.br\/?s={search_term_string}"},"query-input":{"@type":"PropertyValueSpecification","valueRequired":true,"valueName":"search_term_string"}}],"inLanguage":"pt-BR"},{"@type":"Organization","@id":"https:\/\/blogdofarnesio.com.br\/#organization","name":"Blog do Farn\u00e9sio","url":"https:\/\/blogdofarnesio.com.br\/","logo":{"@type":"ImageObject","inLanguage":"pt-BR","@id":"https:\/\/blogdofarnesio.com.br\/#\/schema\/logo\/image\/","url":"https:\/\/blogdofarnesio.com.br\/wp-content\/uploads\/2026\/03\/cropped-logo_new-1.png","contentUrl":"https:\/\/blogdofarnesio.com.br\/wp-content\/uploads\/2026\/03\/cropped-logo_new-1.png","width":881,"height":685,"caption":"Blog do Farn\u00e9sio"},"image":{"@id":"https:\/\/blogdofarnesio.com.br\/#\/schema\/logo\/image\/"},"sameAs":["https:\/\/www.facebook.com\/BlogQuerSaberPolitica\/"]}]}},"_links":{"self":[{"href":"https:\/\/blogdofarnesio.com.br\/index.php?rest_route=\/wp\/v2\/posts\/15180","targetHints":{"allow":["GET"]}}],"collection":[{"href":"https:\/\/blogdofarnesio.com.br\/index.php?rest_route=\/wp\/v2\/posts"}],"about":[{"href":"https:\/\/blogdofarnesio.com.br\/index.php?rest_route=\/wp\/v2\/types\/post"}],"replies":[{"embeddable":true,"href":"https:\/\/blogdofarnesio.com.br\/index.php?rest_route=%2Fwp%2Fv2%2Fcomments&post=15180"}],"version-history":[{"count":0,"href":"https:\/\/blogdofarnesio.com.br\/index.php?rest_route=\/wp\/v2\/posts\/15180\/revisions"}],"wp:attachment":[{"href":"https:\/\/blogdofarnesio.com.br\/index.php?rest_route=%2Fwp%2Fv2%2Fmedia&parent=15180"}],"wp:term":[{"taxonomy":"category","embeddable":true,"href":"https:\/\/blogdofarnesio.com.br\/index.php?rest_route=%2Fwp%2Fv2%2Fcategories&post=15180"},{"taxonomy":"post_tag","embeddable":true,"href":"https:\/\/blogdofarnesio.com.br\/index.php?rest_route=%2Fwp%2Fv2%2Ftags&post=15180"}],"curies":[{"name":"wp","href":"https:\/\/api.w.org\/{rel}","templated":true}]}}