{"id":15165,"date":"2012-06-29T14:00:14","date_gmt":"2012-06-29T14:00:14","guid":{"rendered":"http:\/\/www.quersaberpolitica.com.br?p=15165"},"modified":"2012-06-29T07:48:57","modified_gmt":"2012-06-29T07:48:57","slug":"partido-trabalhista-cristao-convoca-convencao-em-juazeiro-para-o-dia-30","status":"publish","type":"post","link":"https:\/\/blogdofarnesio.com.br\/?p=15165","title":{"rendered":"Partido Trabalhista Crist\u00e3o convoca conven\u00e7\u00e3o em Juazeiro para o dia 30"},"content":{"rendered":"<p>&nbsp;<\/p>\n<p style=\"text-align: justify; \">&nbsp;<\/p>\n<p style=\"text-align: justify; \"><span style=\"font-family: arial, helvetica, sans-serif; font-size: medium;\"><a rel=\"lightbox\" href=\"http:\/\/www.quersaberpolitica.com.br\/2016\/wp-content\/uploads\/2012\/12\/blogqspptc.jpg\"><img loading=\"lazy\" decoding=\"async\" style=\"float: left; margin: 5px 10px;\" src=\"http:\/\/www.quersaberpolitica.com.br\/2016\/wp-content\/uploads\/2012\/12\/blogqspptc.jpg\" alt=\"\" width=\"124\" height=\"78\" \/><\/a>O Presidente da Comiss&atilde;o Provis&oacute;ria de Juazeiro-Bahia,do PTC &#8211; Partido Trabalhista Crist&atilde;o, na forma da lei vigente, de acordo com seu programa MANIFESTO E ESTATUTO com base na lei n.9.504\/98 CONVOCA, todos os membros da Comiss&atilde;o Provis&oacute;ria, Vereadores, Prefeito, Vice-Prefeito e demais filiados, com domicilio neste Munic&iacute;pio de &#8211; Juazeiro &#8211; Bahia, para a CONVEN&Ccedil;&Atilde;O DE HOMOLOGA&Ccedil;&Atilde;O dos PRE- CANDIDATOS, que ser&aacute; realizada no dia 30 do m&ecirc;s em curso, com inicio as 09:00 Hs, (nove horas) e t&eacute;rmino previsto para as 17:00 hs ( Dezessete Horas), no CENTRO DE CULTURA, nesta Cidade, para deliberarem sobre a seguinte pauta:<\/span><\/p>\n<p style=\"text-align: justify; \"><span style=\"font-size: medium;\"><span style=\"font-family: arial, helvetica, sans-serif;\">ORDEM DO DIA:<br \/>DELIBERA&Ccedil;&Atilde;O SOBRE COLIGA&Ccedil;&Otilde;ES;<br \/>DENOMINA&Ccedil;&Atilde;O DAS COLIGA&Ccedil;&Otilde;ES;<br \/>ESCOLHAS DE CANDIDATOS A: PREFEITO(A) VICE-PREFEITO (A) E VEREADORES(AS);<br \/>SORTEIO DE NUMEROS DE PRE-CANDIDATOS;<br \/>OUTROS ASSUNTOS DE INTERESSES DO PARTIDO;<\/p>\n<p>Juazeiro, 15 de Junho de 2012&nbsp;<\/p>\n<p>Jailson Barbosa da Silva<br \/>Presidente da Comiss&atilde;o Provis&oacute;ria Municipal.<\/span><\/span><\/p>\n<div><span style=\"font-size: medium;\"><span style=\"font-family: arial, helvetica, sans-serif;\"><br \/><\/span><\/span><\/div>\n<p>&nbsp;<\/p>\n<p>&nbsp;<\/p>\n","protected":false},"excerpt":{"rendered":"<p>&nbsp; &nbsp; O Presidente da Comiss&atilde;o Provis&oacute;ria de Juazeiro-Bahia,do PTC &#8211; Partido Trabalhista Crist&atilde;o, na forma da lei vigente, de acordo com seu programa MANIFESTO E ESTATUTO com base na lei n.9.504\/98 CONVOCA, todos os membros da Comiss&atilde;o Provis&oacute;ria, Vereadores, Prefeito, Vice-Prefeito e demais filiados, com domicilio neste Munic&iacute;pio de &#8211; Juazeiro &#8211; Bahia, para a CONVEN&Ccedil;&Atilde;O DE HOMOLOGA&Ccedil;&Atilde;O dos PRE- CANDIDATOS, que ser&aacute; realizada no dia 30 do m&ecirc;s em curso, com inicio as 09:00 Hs, (nove horas) e t&eacute;rmino previsto para as 17:00 hs ( Dezessete Horas), no CENTRO DE CULTURA, nesta Cidade, para deliberarem sobre a seguinte pauta: ORDEM DO DIA:DELIBERA&Ccedil;&Atilde;O SOBRE COLIGA&Ccedil;&Otilde;ES;DENOMINA&Ccedil;&Atilde;O DAS COLIGA&Ccedil;&Otilde;ES;ESCOLHAS DE CANDIDATOS A: PREFEITO(A) VICE-PREFEITO (A) E VEREADORES(AS);SORTEIO DE NUMEROS DE PRE-CANDIDATOS;OUTROS&hellip; <\/p>\n","protected":false},"author":0,"featured_media":0,"comment_status":"open","ping_status":"open","sticky":false,"template":"","format":"standard","meta":{"_acf_changed":false,"footnotes":""},"categories":[34],"tags":[],"class_list":["post-15165","post","type-post","status-publish","format-standard","hentry","category-eleicoes"],"acf":[],"yoast_head":"<!-- This site is optimized with the Yoast SEO plugin v27.4 - https:\/\/yoast.com\/product\/yoast-seo-wordpress\/ -->\n<title>Partido Trabalhista Crist\u00e3o convoca conven\u00e7\u00e3o em Juazeiro para o dia 30  - Blog do Farn\u00e9sio<\/title>\n<meta name=\"robots\" content=\"index, follow, max-snippet:-1, max-image-preview:large, max-video-preview:-1\" \/>\n<link rel=\"canonical\" href=\"https:\/\/blogdofarnesio.com.br\/?p=15165\" \/>\n<meta property=\"og:locale\" content=\"pt_BR\" \/>\n<meta property=\"og:type\" content=\"article\" \/>\n<meta property=\"og:title\" content=\"Partido Trabalhista Crist\u00e3o convoca conven\u00e7\u00e3o em Juazeiro para o dia 30  - Blog do Farn\u00e9sio\" \/>\n<meta property=\"og:description\" content=\"&nbsp; &nbsp; O Presidente da Comiss&atilde;o Provis&oacute;ria de Juazeiro-Bahia,do PTC &#8211; Partido Trabalhista Crist&atilde;o, na forma da lei vigente, de acordo com seu programa MANIFESTO E ESTATUTO com base na lei n.9.504\/98 CONVOCA, todos os membros da Comiss&atilde;o Provis&oacute;ria, Vereadores, Prefeito, Vice-Prefeito e demais filiados, com domicilio neste Munic&iacute;pio de &#8211; Juazeiro &#8211; Bahia, para a CONVEN&Ccedil;&Atilde;O DE HOMOLOGA&Ccedil;&Atilde;O dos PRE- CANDIDATOS, que ser&aacute; realizada no dia 30 do m&ecirc;s em curso, com inicio as 09:00 Hs, (nove horas) e t&eacute;rmino previsto para as 17:00 hs ( Dezessete Horas), no CENTRO DE CULTURA, nesta Cidade, para deliberarem sobre a seguinte pauta: ORDEM DO DIA:DELIBERA&Ccedil;&Atilde;O SOBRE COLIGA&Ccedil;&Otilde;ES;DENOMINA&Ccedil;&Atilde;O DAS COLIGA&Ccedil;&Otilde;ES;ESCOLHAS DE CANDIDATOS A: PREFEITO(A) VICE-PREFEITO (A) E VEREADORES(AS);SORTEIO DE NUMEROS DE PRE-CANDIDATOS;OUTROS&hellip;\" \/>\n<meta property=\"og:url\" content=\"https:\/\/blogdofarnesio.com.br\/?p=15165\" \/>\n<meta property=\"og:site_name\" content=\"Blog do Farn\u00e9sio\" \/>\n<meta property=\"article:publisher\" content=\"https:\/\/www.facebook.com\/BlogQuerSaberPolitica\/\" \/>\n<meta property=\"article:published_time\" content=\"2012-06-29T14:00:14+00:00\" \/>\n<meta property=\"og:image\" content=\"http:\/\/www.quersaberpolitica.com.br\/2016\/wp-content\/uploads\/2012\/12\/blogqspptc.jpg\" \/>\n<meta name=\"twitter:card\" content=\"summary_large_image\" \/>\n<meta name=\"twitter:label1\" content=\"Est. tempo de leitura\" \/>\n\t<meta name=\"twitter:data1\" content=\"1 minuto\" \/>\n<script type=\"application\/ld+json\" class=\"yoast-schema-graph\">{\"@context\":\"https:\\\/\\\/schema.org\",\"@graph\":[{\"@type\":\"Article\",\"@id\":\"https:\\\/\\\/blogdofarnesio.com.br\\\/?p=15165#article\",\"isPartOf\":{\"@id\":\"https:\\\/\\\/blogdofarnesio.com.br\\\/?p=15165\"},\"author\":{\"name\":\"\",\"@id\":\"\"},\"headline\":\"Partido Trabalhista Crist\u00e3o convoca conven\u00e7\u00e3o em Juazeiro para o dia 30\",\"datePublished\":\"2012-06-29T14:00:14+00:00\",\"mainEntityOfPage\":{\"@id\":\"https:\\\/\\\/blogdofarnesio.com.br\\\/?p=15165\"},\"wordCount\":195,\"commentCount\":0,\"publisher\":{\"@id\":\"https:\\\/\\\/blogdofarnesio.com.br\\\/#organization\"},\"image\":{\"@id\":\"https:\\\/\\\/blogdofarnesio.com.br\\\/?p=15165#primaryimage\"},\"thumbnailUrl\":\"http:\\\/\\\/www.quersaberpolitica.com.br\\\/2016\\\/wp-content\\\/uploads\\\/2012\\\/12\\\/blogqspptc.jpg\",\"articleSection\":[\"Elei\u00e7\u00f5es\"],\"inLanguage\":\"pt-BR\",\"potentialAction\":[{\"@type\":\"CommentAction\",\"name\":\"Comment\",\"target\":[\"https:\\\/\\\/blogdofarnesio.com.br\\\/?p=15165#respond\"]}]},{\"@type\":\"WebPage\",\"@id\":\"https:\\\/\\\/blogdofarnesio.com.br\\\/?p=15165\",\"url\":\"https:\\\/\\\/blogdofarnesio.com.br\\\/?p=15165\",\"name\":\"Partido Trabalhista Crist\u00e3o convoca conven\u00e7\u00e3o em Juazeiro para o dia 30 - Blog do Farn\u00e9sio\",\"isPartOf\":{\"@id\":\"https:\\\/\\\/blogdofarnesio.com.br\\\/#website\"},\"primaryImageOfPage\":{\"@id\":\"https:\\\/\\\/blogdofarnesio.com.br\\\/?p=15165#primaryimage\"},\"image\":{\"@id\":\"https:\\\/\\\/blogdofarnesio.com.br\\\/?p=15165#primaryimage\"},\"thumbnailUrl\":\"http:\\\/\\\/www.quersaberpolitica.com.br\\\/2016\\\/wp-content\\\/uploads\\\/2012\\\/12\\\/blogqspptc.jpg\",\"datePublished\":\"2012-06-29T14:00:14+00:00\",\"breadcrumb\":{\"@id\":\"https:\\\/\\\/blogdofarnesio.com.br\\\/?p=15165#breadcrumb\"},\"inLanguage\":\"pt-BR\",\"potentialAction\":[{\"@type\":\"ReadAction\",\"target\":[\"https:\\\/\\\/blogdofarnesio.com.br\\\/?p=15165\"]}]},{\"@type\":\"ImageObject\",\"inLanguage\":\"pt-BR\",\"@id\":\"https:\\\/\\\/blogdofarnesio.com.br\\\/?p=15165#primaryimage\",\"url\":\"http:\\\/\\\/www.quersaberpolitica.com.br\\\/2016\\\/wp-content\\\/uploads\\\/2012\\\/12\\\/blogqspptc.jpg\",\"contentUrl\":\"http:\\\/\\\/www.quersaberpolitica.com.br\\\/2016\\\/wp-content\\\/uploads\\\/2012\\\/12\\\/blogqspptc.jpg\"},{\"@type\":\"BreadcrumbList\",\"@id\":\"https:\\\/\\\/blogdofarnesio.com.br\\\/?p=15165#breadcrumb\",\"itemListElement\":[{\"@type\":\"ListItem\",\"position\":1,\"name\":\"In\u00edcio\",\"item\":\"https:\\\/\\\/blogdofarnesio.com.br\\\/\"},{\"@type\":\"ListItem\",\"position\":2,\"name\":\"Partido Trabalhista Crist\u00e3o convoca conven\u00e7\u00e3o em Juazeiro para o dia 30\"}]},{\"@type\":\"WebSite\",\"@id\":\"https:\\\/\\\/blogdofarnesio.com.br\\\/#website\",\"url\":\"https:\\\/\\\/blogdofarnesio.com.br\\\/\",\"name\":\"Blog do Farn\u00e9sio\",\"description\":\"Quer Saber Pol\u00edtica?\",\"publisher\":{\"@id\":\"https:\\\/\\\/blogdofarnesio.com.br\\\/#organization\"},\"potentialAction\":[{\"@type\":\"SearchAction\",\"target\":{\"@type\":\"EntryPoint\",\"urlTemplate\":\"https:\\\/\\\/blogdofarnesio.com.br\\\/?s={search_term_string}\"},\"query-input\":{\"@type\":\"PropertyValueSpecification\",\"valueRequired\":true,\"valueName\":\"search_term_string\"}}],\"inLanguage\":\"pt-BR\"},{\"@type\":\"Organization\",\"@id\":\"https:\\\/\\\/blogdofarnesio.com.br\\\/#organization\",\"name\":\"Blog do Farn\u00e9sio\",\"url\":\"https:\\\/\\\/blogdofarnesio.com.br\\\/\",\"logo\":{\"@type\":\"ImageObject\",\"inLanguage\":\"pt-BR\",\"@id\":\"https:\\\/\\\/blogdofarnesio.com.br\\\/#\\\/schema\\\/logo\\\/image\\\/\",\"url\":\"https:\\\/\\\/blogdofarnesio.com.br\\\/wp-content\\\/uploads\\\/2026\\\/03\\\/cropped-logo_new-1.png\",\"contentUrl\":\"https:\\\/\\\/blogdofarnesio.com.br\\\/wp-content\\\/uploads\\\/2026\\\/03\\\/cropped-logo_new-1.png\",\"width\":881,\"height\":685,\"caption\":\"Blog do Farn\u00e9sio\"},\"image\":{\"@id\":\"https:\\\/\\\/blogdofarnesio.com.br\\\/#\\\/schema\\\/logo\\\/image\\\/\"},\"sameAs\":[\"https:\\\/\\\/www.facebook.com\\\/BlogQuerSaberPolitica\\\/\"]}]}<\/script>\n<!-- \/ Yoast SEO plugin. -->","yoast_head_json":{"title":"Partido Trabalhista Crist\u00e3o convoca conven\u00e7\u00e3o em Juazeiro para o dia 30  - Blog do Farn\u00e9sio","robots":{"index":"index","follow":"follow","max-snippet":"max-snippet:-1","max-image-preview":"max-image-preview:large","max-video-preview":"max-video-preview:-1"},"canonical":"https:\/\/blogdofarnesio.com.br\/?p=15165","og_locale":"pt_BR","og_type":"article","og_title":"Partido Trabalhista Crist\u00e3o convoca conven\u00e7\u00e3o em Juazeiro para o dia 30  - Blog do Farn\u00e9sio","og_description":"&nbsp; &nbsp; O Presidente da Comiss&atilde;o Provis&oacute;ria de Juazeiro-Bahia,do PTC &#8211; Partido Trabalhista Crist&atilde;o, na forma da lei vigente, de acordo com seu programa MANIFESTO E ESTATUTO com base na lei n.9.504\/98 CONVOCA, todos os membros da Comiss&atilde;o Provis&oacute;ria, Vereadores, Prefeito, Vice-Prefeito e demais filiados, com domicilio neste Munic&iacute;pio de &#8211; Juazeiro &#8211; Bahia, para a CONVEN&Ccedil;&Atilde;O DE HOMOLOGA&Ccedil;&Atilde;O dos PRE- CANDIDATOS, que ser&aacute; realizada no dia 30 do m&ecirc;s em curso, com inicio as 09:00 Hs, (nove horas) e t&eacute;rmino previsto para as 17:00 hs ( Dezessete Horas), no CENTRO DE CULTURA, nesta Cidade, para deliberarem sobre a seguinte pauta: ORDEM DO DIA:DELIBERA&Ccedil;&Atilde;O SOBRE COLIGA&Ccedil;&Otilde;ES;DENOMINA&Ccedil;&Atilde;O DAS COLIGA&Ccedil;&Otilde;ES;ESCOLHAS DE CANDIDATOS A: PREFEITO(A) VICE-PREFEITO (A) E VEREADORES(AS);SORTEIO DE NUMEROS DE PRE-CANDIDATOS;OUTROS&hellip;","og_url":"https:\/\/blogdofarnesio.com.br\/?p=15165","og_site_name":"Blog do Farn\u00e9sio","article_publisher":"https:\/\/www.facebook.com\/BlogQuerSaberPolitica\/","article_published_time":"2012-06-29T14:00:14+00:00","og_image":[{"url":"http:\/\/www.quersaberpolitica.com.br\/2016\/wp-content\/uploads\/2012\/12\/blogqspptc.jpg","type":"","width":"","height":""}],"twitter_card":"summary_large_image","twitter_misc":{"Est. tempo de leitura":"1 minuto"},"schema":{"@context":"https:\/\/schema.org","@graph":[{"@type":"Article","@id":"https:\/\/blogdofarnesio.com.br\/?p=15165#article","isPartOf":{"@id":"https:\/\/blogdofarnesio.com.br\/?p=15165"},"author":{"name":"","@id":""},"headline":"Partido Trabalhista Crist\u00e3o convoca conven\u00e7\u00e3o em Juazeiro para o dia 30","datePublished":"2012-06-29T14:00:14+00:00","mainEntityOfPage":{"@id":"https:\/\/blogdofarnesio.com.br\/?p=15165"},"wordCount":195,"commentCount":0,"publisher":{"@id":"https:\/\/blogdofarnesio.com.br\/#organization"},"image":{"@id":"https:\/\/blogdofarnesio.com.br\/?p=15165#primaryimage"},"thumbnailUrl":"http:\/\/www.quersaberpolitica.com.br\/2016\/wp-content\/uploads\/2012\/12\/blogqspptc.jpg","articleSection":["Elei\u00e7\u00f5es"],"inLanguage":"pt-BR","potentialAction":[{"@type":"CommentAction","name":"Comment","target":["https:\/\/blogdofarnesio.com.br\/?p=15165#respond"]}]},{"@type":"WebPage","@id":"https:\/\/blogdofarnesio.com.br\/?p=15165","url":"https:\/\/blogdofarnesio.com.br\/?p=15165","name":"Partido Trabalhista Crist\u00e3o convoca conven\u00e7\u00e3o em Juazeiro para o dia 30 - Blog do Farn\u00e9sio","isPartOf":{"@id":"https:\/\/blogdofarnesio.com.br\/#website"},"primaryImageOfPage":{"@id":"https:\/\/blogdofarnesio.com.br\/?p=15165#primaryimage"},"image":{"@id":"https:\/\/blogdofarnesio.com.br\/?p=15165#primaryimage"},"thumbnailUrl":"http:\/\/www.quersaberpolitica.com.br\/2016\/wp-content\/uploads\/2012\/12\/blogqspptc.jpg","datePublished":"2012-06-29T14:00:14+00:00","breadcrumb":{"@id":"https:\/\/blogdofarnesio.com.br\/?p=15165#breadcrumb"},"inLanguage":"pt-BR","potentialAction":[{"@type":"ReadAction","target":["https:\/\/blogdofarnesio.com.br\/?p=15165"]}]},{"@type":"ImageObject","inLanguage":"pt-BR","@id":"https:\/\/blogdofarnesio.com.br\/?p=15165#primaryimage","url":"http:\/\/www.quersaberpolitica.com.br\/2016\/wp-content\/uploads\/2012\/12\/blogqspptc.jpg","contentUrl":"http:\/\/www.quersaberpolitica.com.br\/2016\/wp-content\/uploads\/2012\/12\/blogqspptc.jpg"},{"@type":"BreadcrumbList","@id":"https:\/\/blogdofarnesio.com.br\/?p=15165#breadcrumb","itemListElement":[{"@type":"ListItem","position":1,"name":"In\u00edcio","item":"https:\/\/blogdofarnesio.com.br\/"},{"@type":"ListItem","position":2,"name":"Partido Trabalhista Crist\u00e3o convoca conven\u00e7\u00e3o em Juazeiro para o dia 30"}]},{"@type":"WebSite","@id":"https:\/\/blogdofarnesio.com.br\/#website","url":"https:\/\/blogdofarnesio.com.br\/","name":"Blog do Farn\u00e9sio","description":"Quer Saber Pol\u00edtica?","publisher":{"@id":"https:\/\/blogdofarnesio.com.br\/#organization"},"potentialAction":[{"@type":"SearchAction","target":{"@type":"EntryPoint","urlTemplate":"https:\/\/blogdofarnesio.com.br\/?s={search_term_string}"},"query-input":{"@type":"PropertyValueSpecification","valueRequired":true,"valueName":"search_term_string"}}],"inLanguage":"pt-BR"},{"@type":"Organization","@id":"https:\/\/blogdofarnesio.com.br\/#organization","name":"Blog do Farn\u00e9sio","url":"https:\/\/blogdofarnesio.com.br\/","logo":{"@type":"ImageObject","inLanguage":"pt-BR","@id":"https:\/\/blogdofarnesio.com.br\/#\/schema\/logo\/image\/","url":"https:\/\/blogdofarnesio.com.br\/wp-content\/uploads\/2026\/03\/cropped-logo_new-1.png","contentUrl":"https:\/\/blogdofarnesio.com.br\/wp-content\/uploads\/2026\/03\/cropped-logo_new-1.png","width":881,"height":685,"caption":"Blog do Farn\u00e9sio"},"image":{"@id":"https:\/\/blogdofarnesio.com.br\/#\/schema\/logo\/image\/"},"sameAs":["https:\/\/www.facebook.com\/BlogQuerSaberPolitica\/"]}]}},"_links":{"self":[{"href":"https:\/\/blogdofarnesio.com.br\/index.php?rest_route=\/wp\/v2\/posts\/15165","targetHints":{"allow":["GET"]}}],"collection":[{"href":"https:\/\/blogdofarnesio.com.br\/index.php?rest_route=\/wp\/v2\/posts"}],"about":[{"href":"https:\/\/blogdofarnesio.com.br\/index.php?rest_route=\/wp\/v2\/types\/post"}],"replies":[{"embeddable":true,"href":"https:\/\/blogdofarnesio.com.br\/index.php?rest_route=%2Fwp%2Fv2%2Fcomments&post=15165"}],"version-history":[{"count":0,"href":"https:\/\/blogdofarnesio.com.br\/index.php?rest_route=\/wp\/v2\/posts\/15165\/revisions"}],"wp:attachment":[{"href":"https:\/\/blogdofarnesio.com.br\/index.php?rest_route=%2Fwp%2Fv2%2Fmedia&parent=15165"}],"wp:term":[{"taxonomy":"category","embeddable":true,"href":"https:\/\/blogdofarnesio.com.br\/index.php?rest_route=%2Fwp%2Fv2%2Fcategories&post=15165"},{"taxonomy":"post_tag","embeddable":true,"href":"https:\/\/blogdofarnesio.com.br\/index.php?rest_route=%2Fwp%2Fv2%2Ftags&post=15165"}],"curies":[{"name":"wp","href":"https:\/\/api.w.org\/{rel}","templated":true}]}}