{"id":151473,"date":"2016-11-25T11:00:45","date_gmt":"2016-11-25T14:00:45","guid":{"rendered":"http:\/\/www.quersaberpolitica.com.br\/?p=151473"},"modified":"2016-11-25T10:41:51","modified_gmt":"2016-11-25T13:41:51","slug":"geddel-pede-demissao-apos-crise-gerada-com-denuncia-de-ex-ministro-facebook","status":"publish","type":"post","link":"https:\/\/blogdofarnesio.com.br\/?p=151473","title":{"rendered":"GEDDEL PEDE DEMISS\u00c3O AP\u00d3S CRISE GERADA COM DEN\u00daNCIA DE EX-MINISTRO  FACEBOOK"},"content":{"rendered":"<p style=\"text-align: justify\"><a href=\"http:\/\/www.quersaberpolitica.com.br\/2016\/wp-content\/uploads\/2013\/06\/blogqspgeddel.jpg\"><img loading=\"lazy\" decoding=\"async\" class=\"aligncenter  wp-image-46439\" src=\"http:\/\/www.quersaberpolitica.com.br\/2016\/wp-content\/uploads\/2013\/06\/blogqspgeddel.jpg\" alt=\"blogqspgeddel\" width=\"406\" height=\"277\" \/><\/a><\/p>\n<p style=\"text-align: justify\">Acusado de ter pressionado o ex-titular da Cultura para liberar uma obra em Salvador, o ministro da Secretaria de Governo, Geddel Vieira Lima, enviou na manh\u00e3 desta sexta-feira (25), por e-mail, uma carta de demiss\u00e3o ao presidente Michel Temer. Segundo a assessoria do Pal\u00e1cio do Planalto, o presidente Michel Temer aceitou o pedido de Geddel, que era respons\u00e1vel pela articula\u00e7\u00e3o pol\u00edtica do governo federal com o Congresso Nacional.<\/p>\n<p style=\"text-align: justify\">Geddel \u00e9 o sexto ministro a deixar o governo desde que Michel Temer assumiu o comando do pa\u00eds em maio. Antes dele, ca\u00edram Romero Juc\u00e1 (Planejamento), Fabiano Silveira (Transpar\u00eancia), F\u00e1bio Medina Os\u00f3rio (AGU), Henrique Eduardo Alves (Turismo) e Marcelo Calero (Cultura).<!--more--><\/p>\n<p style=\"text-align: justify\">Na carta de demiss\u00e3o, na qual se referiu ao presidente da Rep\u00fablica como &#8220;fraterno amigo&#8221;, Geddel escreveu que &#8220;avolumaram-se as cr\u00edticas&#8221; sobre ele e, em Salvador, v\u00ea o&#8221;sofrimento&#8221; de sua fam\u00edlia, que \u00e9 o &#8220;limite da dor que suporta&#8221;. Ele, ent\u00e3o, diz ao presidente que &#8220;\u00e9 hora de sair&#8221;.<\/p>\n<p style=\"text-align: justify\">Na mensagem, ele tamb\u00e9m pediu desculpas a Temer pela dimens\u00e3o das &#8220;interpreta\u00e7\u00f5es dadas&#8221;, referindo-se \u00e0 acusa\u00e7\u00e3o do ex-ministro da Cultura Marcelo Calero de que Geddel o pressionou para desembargar a constru\u00e7\u00e3o de um condom\u00ednio de luxo em um bairro nobre de Salvador.<\/p>\n<p style=\"text-align: justify\">Em meio ao texto, o agora ex-ministro da Secretaria de Governo ainda diz que retorna \u00e0 Bahia, mas seguir\u00e1 como &#8220;ardoroso torcedor&#8221; do governo.<\/p>\n<p style=\"text-align: justify\">Ele tamb\u00e9m aproveitou a carta para fazer um afago na base aliada, agradecendo o apoio e a colabora\u00e7\u00e3o na aprova\u00e7\u00e3o de &#8220;importantes medidas&#8221; para o pa\u00eds.<\/p>\n<p style=\"text-align: justify\"><strong>A queda de Geddel<\/strong><br \/>\nAt\u00e9 ent\u00e3o um dos homens forte de Temer no Planalto, Geddel come\u00e7ou a balan\u00e7ar no cargo de ministro da Secretaria de Governo na semana passada, quando Calero concedeu uma entrevista ao jornal &#8220;Folha de S.Paulo&#8221; denunciando a press\u00e3o do ex-colega da Esplanada dos Minist\u00e9rios.<\/p>\n<p style=\"text-align: justify\">A turbul\u00eancia pol\u00edtica provocada pela den\u00fancia chegou ao gabinete presidencial nesta quinta (24), quando veio \u00e0 tona o teor do depoimento prestado nesta semana por Calero \u00e0 Pol\u00edcia Federal (PF). O ex-ministro disse aos policiais que, durante uma audi\u00eancia no Pal\u00e1cio do Planalto, Temer interveio em favor dos interesses do ent\u00e3o ministro da Secretaria de Governo.<\/p>\n<p style=\"text-align: justify\">Calero, que pediu demiss\u00e3o na \u00faltima sexta (18), gravou a conversa que teve na semana passada com Temer no Planalto, informou o\u00a0<a href=\"http:\/\/g1.globo.com\/bom-dia-brasil\/\"><strong>Bom Dia Brasil<\/strong><\/a>. Procurado pela TV Globo, Calero disse que n\u00e3o pode falar desse assunto. Segundo o\u00a0<strong>G1<\/strong>\u00a0apurou, ele entregou c\u00f3pia da grava\u00e7\u00e3o \u00e0 PF, que encaminhou o material para o Supremo Tribunal Federal (STF).<\/p>\n<p style=\"text-align: justify\"><strong>Depoimento \u00e0 PF<\/strong><br \/>\nNo depoimento \u00e0 PF prestado na \u00faltima quarta (23), o ex-ministro disse que Temer o &#8220;enquadrou&#8221; para que ele encontrasse uma &#8220;sa\u00edda&#8221; para desembargar a constru\u00e7\u00e3o do condom\u00ednio La Vue, na capital baiana, no qual Geddel comprou um apartamento.<\/p>\n<p style=\"text-align: justify\">Ap\u00f3s o depoimento de Marcelo Calero \u00e0 PF vazar na imprensa,\u00a0<a href=\"http:\/\/g1.globo.com\/politica\/noticia\/2016\/11\/temer-procurou-calero-para-resolver-impasse-com-geddel-diz-porta-voz.html\"><strong>o porta-voz da Presid\u00eancia da Rep\u00fablica, Alexandre Parola<\/strong><\/a>, afirmou que Temer procurou o ex-ministro da Cultura para resolver o &#8220;impasse&#8221; entre ele, Calero, e o chefe da Secretaria de Governo (leia a \u00edntegra do pronunciamento de Parola ao final desta reportagem).<\/p>\n<p style=\"text-align: justify\">Segundo o colunista do\u00a0<strong>G1<\/strong>\u00a0Matheus Leit\u00e3o, a Procuradoria Geral da Rep\u00fablica (PGR) havia decidido\u00a0<a href=\"http:\/\/g1.globo.com\/politica\/blog\/matheus-leitao\/post\/pgr-deve-pedir-abertura-de-investigacao-no-caso-geddel.html\"><strong>pedir ao STF a abertura de uma investiga\u00e7\u00e3o<\/strong><\/a>\u00a0para apurar se Geddel fez tr\u00e1fico de influ\u00eancia ao pressionar o ex-colega da Esplanadas.<\/p>\n<p style=\"text-align: justify\">A PGR\u00a0<a href=\"http:\/\/g1.globo.com\/politica\/noticia\/2016\/11\/pgr-recebe-depoimento-de-calero-e-avalia-se-pede-investigacao-de-geddel.html\"><strong>recebeu nesta quinta-feira (24)<\/strong><\/a>\u00a0o depoimento que Calero prestou \u00e0 Pol\u00edcia Federal. O documento inicialmente foi enviado ao Supremo, que o encaminhou para a an\u00e1lise dos procuradores da Rep\u00fablica. A presidente do STF, ministra C\u00e1rmen L\u00facia, remeteu o depoimento \u00e0 PGR antes de mandar sortear o caso para relatoria de algum dos minstros do tribunal.<\/p>\n<p style=\"text-align: justify\">Na condi\u00e7\u00e3o de ministro, Geddel tinha direito ao chamado &#8220;foro privilegiado&#8221;, ou seja, ser investigado e processado pelo STF, a mais alta Corte do pa\u00eds. Agora, diante da demiss\u00e3o do ministro, o caso pode ser remetido \u00e0 primeira inst\u00e2ncia da Justi\u00e7a<\/p>\n<p style=\"text-align: justify\"><strong>Comiss\u00e3o de \u00c9tica<\/strong><br \/>\nNa segunda-feira (21), a Comiss\u00e3o de \u00c9tica P\u00fablica da Presid\u00eancia da Rep\u00fablica decidiu\u00a0<a href=\"http:\/\/g1.globo.com\/politica\/noticia\/2016\/11\/comissao-de-etica-abre-processo-para-apurar-conduta-de-geddel.html\"><strong>abrir um processo para investigar a conduta de Geddel<\/strong><\/a>\u00a0no epis\u00f3dio relatado pelo ex-ministro da Cultura.<\/p>\n<p style=\"text-align: justify\">O colegiado fiscaliza eventuais conflitos de interesse envolvendo integrantes do governo, mas n\u00e3o tem poder para punir nenhum servidor p\u00fablico, apenas pode recomendar ao chefe do Executivo san\u00e7\u00f5es a integrantes do governo, entre as quais demiss\u00f5es.<\/p>\n<p style=\"text-align: justify\">Nos \u00faltimos dias, Geddel admitiu que \u00e9 propriet\u00e1rio de um apartamento no empreendimento, confirmou que procurou o ent\u00e3o ministro da Cultura para tratar do embargo \u00e0 obra, mas\u00a0<a href=\"http:\/\/g1.globo.com\/politica\/noticia\/2016\/11\/geddel-admite-conversas-sobre-predio-embargado-mas-sem-pressao.html\"><strong>negou que tivesse pressionado Calero<\/strong><\/a>\u00a0para liberar a constru\u00e7\u00e3o do edif\u00edcio.<\/p>\n<p style=\"text-align: justify\"><strong>A obra embargada<\/strong><br \/>\nO empreendimento imobili\u00e1rio piv\u00f4 da sa\u00edda de Marcelo Calero do Minist\u00e9rio da Cultura foi embargado pela dire\u00e7\u00e3o nacional do Iphan em raz\u00e3o de estar localizado em uma \u00e1rea tombada como patrim\u00f4nio cultural da Uni\u00e3o, sujeita a regramento especial. Os construtores pretendem erguer um pr\u00e9dio com 31 andares, mas o Iphan autorizou a constru\u00e7\u00e3o de, no m\u00e1ximo, 13 pavimentos.<\/p>\n<p style=\"text-align: justify\">Com vista privilegiada para a Ba\u00eda de Todos-os-Santos, o condom\u00edvio La Vue come\u00e7ou a ser constru\u00eddo em outubro de 2015. O metro quadrado dos apartamentos \u2013 um por andar \u2013 custa em torno de R$ 10 mil. O edif\u00edcio tem apartamentos com quatro su\u00edtes de 259m\u00b2 e uma cobertura chamada &#8220;Top House&#8221; de 450 m\u00b2. Os im\u00f3veis no La Vue\u00a0<a href=\"http:\/\/g1.globo.com\/bahia\/noticia\/2016\/11\/obra-embargada-que-gerou-saida-de-ministro-tem-unidade-de-ate-r-45-mi.html\"><strong>variam de R$ 2,6 milh\u00f5es a R$ 4,5 milh\u00f5es<\/strong><\/a>.<\/p>\n<p style=\"text-align: justify\">No s\u00e1bado, o instituto informou que a obra foi embargada ap\u00f3s estudos t\u00e9cnicos apontarem impacto do empreendimento em cinco im\u00f3veis tombados da vizinhan\u00e7a do condom\u00ednio: o forte e farol de Santo Ant\u00f4nio, o forte de Santa Maria, o conjunto arquitet\u00f4nico do Outeiro de Santo Ant\u00f4nio (que inclui o forte de S\u00e3o Diogo), al\u00e9m da pr\u00f3pria Igreja de Santo Ant\u00f4nio .<\/p>\n<p style=\"text-align: justify\">G1<\/p>\n","protected":false},"excerpt":{"rendered":"<p>Acusado de ter pressionado o ex-titular da Cultura para liberar uma obra em Salvador, o ministro da Secretaria de Governo, Geddel Vieira Lima, enviou na manh\u00e3 desta sexta-feira (25), por e-mail, uma carta de demiss\u00e3o ao presidente Michel Temer. Segundo a assessoria do Pal\u00e1cio do Planalto, o presidente Michel Temer aceitou o pedido de Geddel, que era respons\u00e1vel pela articula\u00e7\u00e3o pol\u00edtica do governo federal com o Congresso Nacional. Geddel \u00e9 o sexto ministro a deixar o governo desde que Michel Temer assumiu o comando do pa\u00eds em maio. Antes dele, ca\u00edram Romero Juc\u00e1 (Planejamento), Fabiano Silveira (Transpar\u00eancia), F\u00e1bio Medina Os\u00f3rio (AGU), Henrique Eduardo Alves (Turismo) e Marcelo Calero (Cultura).<\/p>\n","protected":false},"author":7,"featured_media":0,"comment_status":"open","ping_status":"open","sticky":false,"template":"","format":"standard","meta":{"_acf_changed":false,"footnotes":""},"categories":[1],"tags":[],"class_list":["post-151473","post","type-post","status-publish","format-standard","hentry","category-politica"],"acf":[],"yoast_head":"<!-- This site is optimized with the Yoast SEO plugin v27.4 - https:\/\/yoast.com\/product\/yoast-seo-wordpress\/ -->\n<title>GEDDEL PEDE DEMISS\u00c3O AP\u00d3S CRISE GERADA COM DEN\u00daNCIA DE EX-MINISTRO FACEBOOK - Blog do Farn\u00e9sio<\/title>\n<meta name=\"robots\" content=\"index, follow, max-snippet:-1, max-image-preview:large, max-video-preview:-1\" \/>\n<link rel=\"canonical\" href=\"https:\/\/blogdofarnesio.com.br\/?p=151473\" \/>\n<meta property=\"og:locale\" content=\"pt_BR\" \/>\n<meta property=\"og:type\" content=\"article\" \/>\n<meta property=\"og:title\" content=\"GEDDEL PEDE DEMISS\u00c3O AP\u00d3S CRISE GERADA COM DEN\u00daNCIA DE EX-MINISTRO FACEBOOK - Blog do Farn\u00e9sio\" \/>\n<meta property=\"og:description\" content=\"Acusado de ter pressionado o ex-titular da Cultura para liberar uma obra em Salvador, o ministro da Secretaria de Governo, Geddel Vieira Lima, enviou na manh\u00e3 desta sexta-feira (25), por e-mail, uma carta de demiss\u00e3o ao presidente Michel Temer. Segundo a assessoria do Pal\u00e1cio do Planalto, o presidente Michel Temer aceitou o pedido de Geddel, que era respons\u00e1vel pela articula\u00e7\u00e3o pol\u00edtica do governo federal com o Congresso Nacional. Geddel \u00e9 o sexto ministro a deixar o governo desde que Michel Temer assumiu o comando do pa\u00eds em maio. Antes dele, ca\u00edram Romero Juc\u00e1 (Planejamento), Fabiano Silveira (Transpar\u00eancia), F\u00e1bio Medina Os\u00f3rio (AGU), Henrique Eduardo Alves (Turismo) e Marcelo Calero (Cultura).\" \/>\n<meta property=\"og:url\" content=\"https:\/\/blogdofarnesio.com.br\/?p=151473\" \/>\n<meta property=\"og:site_name\" content=\"Blog do Farn\u00e9sio\" \/>\n<meta property=\"article:publisher\" content=\"https:\/\/www.facebook.com\/BlogQuerSaberPolitica\/\" \/>\n<meta property=\"article:published_time\" content=\"2016-11-25T14:00:45+00:00\" \/>\n<meta property=\"og:image\" content=\"http:\/\/www.quersaberpolitica.com.br\/2016\/wp-content\/uploads\/2013\/06\/blogqspgeddel.jpg\" \/>\n<meta name=\"twitter:card\" content=\"summary_large_image\" \/>\n<meta name=\"twitter:label1\" content=\"Escrito por\" \/>\n\t<meta name=\"twitter:data1\" content=\"\" \/>\n\t<meta name=\"twitter:label2\" content=\"Est. tempo de leitura\" \/>\n\t<meta name=\"twitter:data2\" content=\"5 minutos\" \/>\n<script type=\"application\/ld+json\" class=\"yoast-schema-graph\">{\"@context\":\"https:\\\/\\\/schema.org\",\"@graph\":[{\"@type\":\"Article\",\"@id\":\"https:\\\/\\\/blogdofarnesio.com.br\\\/?p=151473#article\",\"isPartOf\":{\"@id\":\"https:\\\/\\\/blogdofarnesio.com.br\\\/?p=151473\"},\"author\":{\"name\":\"\",\"@id\":\"\"},\"headline\":\"GEDDEL PEDE DEMISS\u00c3O AP\u00d3S CRISE GERADA COM DEN\u00daNCIA DE EX-MINISTRO FACEBOOK\",\"datePublished\":\"2016-11-25T14:00:45+00:00\",\"mainEntityOfPage\":{\"@id\":\"https:\\\/\\\/blogdofarnesio.com.br\\\/?p=151473\"},\"wordCount\":1031,\"commentCount\":0,\"publisher\":{\"@id\":\"https:\\\/\\\/blogdofarnesio.com.br\\\/#organization\"},\"image\":{\"@id\":\"https:\\\/\\\/blogdofarnesio.com.br\\\/?p=151473#primaryimage\"},\"thumbnailUrl\":\"http:\\\/\\\/www.quersaberpolitica.com.br\\\/2016\\\/wp-content\\\/uploads\\\/2013\\\/06\\\/blogqspgeddel.jpg\",\"articleSection\":[\"Pol\u00edtica\"],\"inLanguage\":\"pt-BR\",\"potentialAction\":[{\"@type\":\"CommentAction\",\"name\":\"Comment\",\"target\":[\"https:\\\/\\\/blogdofarnesio.com.br\\\/?p=151473#respond\"]}]},{\"@type\":\"WebPage\",\"@id\":\"https:\\\/\\\/blogdofarnesio.com.br\\\/?p=151473\",\"url\":\"https:\\\/\\\/blogdofarnesio.com.br\\\/?p=151473\",\"name\":\"GEDDEL PEDE DEMISS\u00c3O AP\u00d3S CRISE GERADA COM DEN\u00daNCIA DE EX-MINISTRO FACEBOOK - Blog do Farn\u00e9sio\",\"isPartOf\":{\"@id\":\"https:\\\/\\\/blogdofarnesio.com.br\\\/#website\"},\"primaryImageOfPage\":{\"@id\":\"https:\\\/\\\/blogdofarnesio.com.br\\\/?p=151473#primaryimage\"},\"image\":{\"@id\":\"https:\\\/\\\/blogdofarnesio.com.br\\\/?p=151473#primaryimage\"},\"thumbnailUrl\":\"http:\\\/\\\/www.quersaberpolitica.com.br\\\/2016\\\/wp-content\\\/uploads\\\/2013\\\/06\\\/blogqspgeddel.jpg\",\"datePublished\":\"2016-11-25T14:00:45+00:00\",\"breadcrumb\":{\"@id\":\"https:\\\/\\\/blogdofarnesio.com.br\\\/?p=151473#breadcrumb\"},\"inLanguage\":\"pt-BR\",\"potentialAction\":[{\"@type\":\"ReadAction\",\"target\":[\"https:\\\/\\\/blogdofarnesio.com.br\\\/?p=151473\"]}]},{\"@type\":\"ImageObject\",\"inLanguage\":\"pt-BR\",\"@id\":\"https:\\\/\\\/blogdofarnesio.com.br\\\/?p=151473#primaryimage\",\"url\":\"http:\\\/\\\/www.quersaberpolitica.com.br\\\/2016\\\/wp-content\\\/uploads\\\/2013\\\/06\\\/blogqspgeddel.jpg\",\"contentUrl\":\"http:\\\/\\\/www.quersaberpolitica.com.br\\\/2016\\\/wp-content\\\/uploads\\\/2013\\\/06\\\/blogqspgeddel.jpg\"},{\"@type\":\"BreadcrumbList\",\"@id\":\"https:\\\/\\\/blogdofarnesio.com.br\\\/?p=151473#breadcrumb\",\"itemListElement\":[{\"@type\":\"ListItem\",\"position\":1,\"name\":\"In\u00edcio\",\"item\":\"https:\\\/\\\/blogdofarnesio.com.br\\\/\"},{\"@type\":\"ListItem\",\"position\":2,\"name\":\"GEDDEL PEDE DEMISS\u00c3O AP\u00d3S CRISE GERADA COM DEN\u00daNCIA DE EX-MINISTRO FACEBOOK\"}]},{\"@type\":\"WebSite\",\"@id\":\"https:\\\/\\\/blogdofarnesio.com.br\\\/#website\",\"url\":\"https:\\\/\\\/blogdofarnesio.com.br\\\/\",\"name\":\"Blog do Farn\u00e9sio\",\"description\":\"Quer Saber Pol\u00edtica?\",\"publisher\":{\"@id\":\"https:\\\/\\\/blogdofarnesio.com.br\\\/#organization\"},\"potentialAction\":[{\"@type\":\"SearchAction\",\"target\":{\"@type\":\"EntryPoint\",\"urlTemplate\":\"https:\\\/\\\/blogdofarnesio.com.br\\\/?s={search_term_string}\"},\"query-input\":{\"@type\":\"PropertyValueSpecification\",\"valueRequired\":true,\"valueName\":\"search_term_string\"}}],\"inLanguage\":\"pt-BR\"},{\"@type\":\"Organization\",\"@id\":\"https:\\\/\\\/blogdofarnesio.com.br\\\/#organization\",\"name\":\"Blog do Farn\u00e9sio\",\"url\":\"https:\\\/\\\/blogdofarnesio.com.br\\\/\",\"logo\":{\"@type\":\"ImageObject\",\"inLanguage\":\"pt-BR\",\"@id\":\"https:\\\/\\\/blogdofarnesio.com.br\\\/#\\\/schema\\\/logo\\\/image\\\/\",\"url\":\"https:\\\/\\\/blogdofarnesio.com.br\\\/wp-content\\\/uploads\\\/2026\\\/03\\\/cropped-logo_new-1.png\",\"contentUrl\":\"https:\\\/\\\/blogdofarnesio.com.br\\\/wp-content\\\/uploads\\\/2026\\\/03\\\/cropped-logo_new-1.png\",\"width\":881,\"height\":685,\"caption\":\"Blog do Farn\u00e9sio\"},\"image\":{\"@id\":\"https:\\\/\\\/blogdofarnesio.com.br\\\/#\\\/schema\\\/logo\\\/image\\\/\"},\"sameAs\":[\"https:\\\/\\\/www.facebook.com\\\/BlogQuerSaberPolitica\\\/\"]},{\"@type\":\"Person\",\"@id\":\"\",\"url\":\"https:\\\/\\\/blogdofarnesio.com.br\\\/?author=7\"}]}<\/script>\n<!-- \/ Yoast SEO plugin. -->","yoast_head_json":{"title":"GEDDEL PEDE DEMISS\u00c3O AP\u00d3S CRISE GERADA COM DEN\u00daNCIA DE EX-MINISTRO FACEBOOK - Blog do Farn\u00e9sio","robots":{"index":"index","follow":"follow","max-snippet":"max-snippet:-1","max-image-preview":"max-image-preview:large","max-video-preview":"max-video-preview:-1"},"canonical":"https:\/\/blogdofarnesio.com.br\/?p=151473","og_locale":"pt_BR","og_type":"article","og_title":"GEDDEL PEDE DEMISS\u00c3O AP\u00d3S CRISE GERADA COM DEN\u00daNCIA DE EX-MINISTRO FACEBOOK - Blog do Farn\u00e9sio","og_description":"Acusado de ter pressionado o ex-titular da Cultura para liberar uma obra em Salvador, o ministro da Secretaria de Governo, Geddel Vieira Lima, enviou na manh\u00e3 desta sexta-feira (25), por e-mail, uma carta de demiss\u00e3o ao presidente Michel Temer. Segundo a assessoria do Pal\u00e1cio do Planalto, o presidente Michel Temer aceitou o pedido de Geddel, que era respons\u00e1vel pela articula\u00e7\u00e3o pol\u00edtica do governo federal com o Congresso Nacional. Geddel \u00e9 o sexto ministro a deixar o governo desde que Michel Temer assumiu o comando do pa\u00eds em maio. Antes dele, ca\u00edram Romero Juc\u00e1 (Planejamento), Fabiano Silveira (Transpar\u00eancia), F\u00e1bio Medina Os\u00f3rio (AGU), Henrique Eduardo Alves (Turismo) e Marcelo Calero (Cultura).","og_url":"https:\/\/blogdofarnesio.com.br\/?p=151473","og_site_name":"Blog do Farn\u00e9sio","article_publisher":"https:\/\/www.facebook.com\/BlogQuerSaberPolitica\/","article_published_time":"2016-11-25T14:00:45+00:00","og_image":[{"url":"http:\/\/www.quersaberpolitica.com.br\/2016\/wp-content\/uploads\/2013\/06\/blogqspgeddel.jpg","type":"","width":"","height":""}],"twitter_card":"summary_large_image","twitter_misc":{"Escrito por":"","Est. tempo de leitura":"5 minutos"},"schema":{"@context":"https:\/\/schema.org","@graph":[{"@type":"Article","@id":"https:\/\/blogdofarnesio.com.br\/?p=151473#article","isPartOf":{"@id":"https:\/\/blogdofarnesio.com.br\/?p=151473"},"author":{"name":"","@id":""},"headline":"GEDDEL PEDE DEMISS\u00c3O AP\u00d3S CRISE GERADA COM DEN\u00daNCIA DE EX-MINISTRO FACEBOOK","datePublished":"2016-11-25T14:00:45+00:00","mainEntityOfPage":{"@id":"https:\/\/blogdofarnesio.com.br\/?p=151473"},"wordCount":1031,"commentCount":0,"publisher":{"@id":"https:\/\/blogdofarnesio.com.br\/#organization"},"image":{"@id":"https:\/\/blogdofarnesio.com.br\/?p=151473#primaryimage"},"thumbnailUrl":"http:\/\/www.quersaberpolitica.com.br\/2016\/wp-content\/uploads\/2013\/06\/blogqspgeddel.jpg","articleSection":["Pol\u00edtica"],"inLanguage":"pt-BR","potentialAction":[{"@type":"CommentAction","name":"Comment","target":["https:\/\/blogdofarnesio.com.br\/?p=151473#respond"]}]},{"@type":"WebPage","@id":"https:\/\/blogdofarnesio.com.br\/?p=151473","url":"https:\/\/blogdofarnesio.com.br\/?p=151473","name":"GEDDEL PEDE DEMISS\u00c3O AP\u00d3S CRISE GERADA COM DEN\u00daNCIA DE EX-MINISTRO FACEBOOK - Blog do Farn\u00e9sio","isPartOf":{"@id":"https:\/\/blogdofarnesio.com.br\/#website"},"primaryImageOfPage":{"@id":"https:\/\/blogdofarnesio.com.br\/?p=151473#primaryimage"},"image":{"@id":"https:\/\/blogdofarnesio.com.br\/?p=151473#primaryimage"},"thumbnailUrl":"http:\/\/www.quersaberpolitica.com.br\/2016\/wp-content\/uploads\/2013\/06\/blogqspgeddel.jpg","datePublished":"2016-11-25T14:00:45+00:00","breadcrumb":{"@id":"https:\/\/blogdofarnesio.com.br\/?p=151473#breadcrumb"},"inLanguage":"pt-BR","potentialAction":[{"@type":"ReadAction","target":["https:\/\/blogdofarnesio.com.br\/?p=151473"]}]},{"@type":"ImageObject","inLanguage":"pt-BR","@id":"https:\/\/blogdofarnesio.com.br\/?p=151473#primaryimage","url":"http:\/\/www.quersaberpolitica.com.br\/2016\/wp-content\/uploads\/2013\/06\/blogqspgeddel.jpg","contentUrl":"http:\/\/www.quersaberpolitica.com.br\/2016\/wp-content\/uploads\/2013\/06\/blogqspgeddel.jpg"},{"@type":"BreadcrumbList","@id":"https:\/\/blogdofarnesio.com.br\/?p=151473#breadcrumb","itemListElement":[{"@type":"ListItem","position":1,"name":"In\u00edcio","item":"https:\/\/blogdofarnesio.com.br\/"},{"@type":"ListItem","position":2,"name":"GEDDEL PEDE DEMISS\u00c3O AP\u00d3S CRISE GERADA COM DEN\u00daNCIA DE EX-MINISTRO FACEBOOK"}]},{"@type":"WebSite","@id":"https:\/\/blogdofarnesio.com.br\/#website","url":"https:\/\/blogdofarnesio.com.br\/","name":"Blog do Farn\u00e9sio","description":"Quer Saber Pol\u00edtica?","publisher":{"@id":"https:\/\/blogdofarnesio.com.br\/#organization"},"potentialAction":[{"@type":"SearchAction","target":{"@type":"EntryPoint","urlTemplate":"https:\/\/blogdofarnesio.com.br\/?s={search_term_string}"},"query-input":{"@type":"PropertyValueSpecification","valueRequired":true,"valueName":"search_term_string"}}],"inLanguage":"pt-BR"},{"@type":"Organization","@id":"https:\/\/blogdofarnesio.com.br\/#organization","name":"Blog do Farn\u00e9sio","url":"https:\/\/blogdofarnesio.com.br\/","logo":{"@type":"ImageObject","inLanguage":"pt-BR","@id":"https:\/\/blogdofarnesio.com.br\/#\/schema\/logo\/image\/","url":"https:\/\/blogdofarnesio.com.br\/wp-content\/uploads\/2026\/03\/cropped-logo_new-1.png","contentUrl":"https:\/\/blogdofarnesio.com.br\/wp-content\/uploads\/2026\/03\/cropped-logo_new-1.png","width":881,"height":685,"caption":"Blog do Farn\u00e9sio"},"image":{"@id":"https:\/\/blogdofarnesio.com.br\/#\/schema\/logo\/image\/"},"sameAs":["https:\/\/www.facebook.com\/BlogQuerSaberPolitica\/"]},{"@type":"Person","@id":"","url":"https:\/\/blogdofarnesio.com.br\/?author=7"}]}},"_links":{"self":[{"href":"https:\/\/blogdofarnesio.com.br\/index.php?rest_route=\/wp\/v2\/posts\/151473","targetHints":{"allow":["GET"]}}],"collection":[{"href":"https:\/\/blogdofarnesio.com.br\/index.php?rest_route=\/wp\/v2\/posts"}],"about":[{"href":"https:\/\/blogdofarnesio.com.br\/index.php?rest_route=\/wp\/v2\/types\/post"}],"author":[{"embeddable":true,"href":"https:\/\/blogdofarnesio.com.br\/index.php?rest_route=\/wp\/v2\/users\/7"}],"replies":[{"embeddable":true,"href":"https:\/\/blogdofarnesio.com.br\/index.php?rest_route=%2Fwp%2Fv2%2Fcomments&post=151473"}],"version-history":[{"count":0,"href":"https:\/\/blogdofarnesio.com.br\/index.php?rest_route=\/wp\/v2\/posts\/151473\/revisions"}],"wp:attachment":[{"href":"https:\/\/blogdofarnesio.com.br\/index.php?rest_route=%2Fwp%2Fv2%2Fmedia&parent=151473"}],"wp:term":[{"taxonomy":"category","embeddable":true,"href":"https:\/\/blogdofarnesio.com.br\/index.php?rest_route=%2Fwp%2Fv2%2Fcategories&post=151473"},{"taxonomy":"post_tag","embeddable":true,"href":"https:\/\/blogdofarnesio.com.br\/index.php?rest_route=%2Fwp%2Fv2%2Ftags&post=151473"}],"curies":[{"name":"wp","href":"https:\/\/api.w.org\/{rel}","templated":true}]}}