{"id":151471,"date":"2016-11-25T11:30:33","date_gmt":"2016-11-25T14:30:33","guid":{"rendered":"http:\/\/www.quersaberpolitica.com.br\/?p=151471"},"modified":"2016-11-25T09:01:57","modified_gmt":"2016-11-25T12:01:57","slug":"mec-quer-mudar-fies","status":"publish","type":"post","link":"https:\/\/blogdofarnesio.com.br\/?p=151471","title":{"rendered":"MEC QUER MUDAR FIES"},"content":{"rendered":"<p><img loading=\"lazy\" decoding=\"async\" class=\"aligncenter\" src=\"http:\/\/granderiofm.com.br\/media\/uploads\/2016\/11\/48ce6c63aef4150b42d69e3dab74d69d-1.jpg\" alt=\"\" width=\"453\" height=\"227\" \/><\/p>\n<p style=\"text-align: justify\">Um dia ap\u00f3s o Tribunal de Contas da Uni\u00e3o (TCU) se posicionar de forma muito dura sobre o Fies, questionado a efic\u00e1cia do programa, o secret\u00e1rio de Regula\u00e7\u00e3o e Supervis\u00e3o da Educa\u00e7\u00e3o Superior do Minist\u00e9rio da Educa\u00e7\u00e3o, Maur\u00edcio Rom\u00e3o, adiantou que um novo modelo de financiamento estudantil deve ser anunciado em janeiro pelo ministro Mendon\u00e7a Filho (DEM-PE).<\/p>\n<p style=\"text-align: justify\">\u201cEssa nova concep\u00e7\u00e3o vai envolver formas de financiamento que v\u00eam do setor p\u00fablico, notoriamente faz parte do nosso prop\u00f3sito. Mas a\u00ed tamb\u00e9m dividir esse financiamento com as entidades participantes, as institui\u00e7\u00f5es de ensino, com o aluno, com todos aqueles que est\u00e3o sendo objeto de aprecia\u00e7\u00e3o por parte desses estudos\u201d, afirmou Rom\u00e3o.<\/p>\n<p style=\"text-align: justify\"><!--more--><\/p>\n<p style=\"text-align: justify\">Entre 2009 e 2014, quase R$ 50 bilh\u00f5es foram destinados para o financiamento de estudantes universit\u00e1rios. \u201cO modelo que est\u00e1 a\u00ed ele \u00e9 notoriamente insuficiente do ponto de vista financeiro. Ele n\u00e3o se sustenta mais. \u00c9 uma fortuna que n\u00e3o pode ser mais conseguida para mant\u00ea-lo\u201d, completou o secret\u00e1rio.<\/p>\n<p style=\"text-align: justify\">A reformula\u00e7\u00e3o do Fies come\u00e7ou a ser discutida ap\u00f3s o presidente Michel Temer (PMDB) assumir e vem no bojo de outras mudan\u00e7as no MEC, como a reforma do Ensino M\u00e9dio \u2013 um dos motivos das ocupa\u00e7\u00f5es nas escolas.<\/p>\n<p style=\"text-align: justify\">Rom\u00e3o fez quest\u00e3o de ressaltar que o novo Fies n\u00e3o est\u00e1 sendo concebido a portas fechadas, mas ouvindo diversos atores do setor. O novo modelo est\u00e1 sendo elaborado em di\u00e1logo com os minist\u00e9rios da Fazenda e do Planejamento, com a participa\u00e7\u00e3o de institui\u00e7\u00f5es p\u00fablicas e privadas e de consultorias.<\/p>\n<p style=\"text-align: justify\"><strong>AUDITORIA<\/strong><\/p>\n<p>Relat\u00f3rio de uma auditoria do TCU aponta que o Fies ajudou empresas do setor da educa\u00e7\u00e3o a aumentarem seus lucros e beneficiou majoritariamente estudantes que n\u00e3o precisavam dos recursos e que, em alguns casos, ganharam dinheiro especulando com empr\u00e9stimos a juros subsidiados. Quatro ex-ministros da ex-presidente Dilma Rousseff (PT) foram chamados para explicar as irregularidades; inclusive o prefeito de S\u00e3o Paulo, Fernando Haddad. (Com informa\u00e7\u00f5es do JC)<\/p>\n","protected":false},"excerpt":{"rendered":"<p>Um dia ap\u00f3s o Tribunal de Contas da Uni\u00e3o (TCU) se posicionar de forma muito dura sobre o Fies, questionado a efic\u00e1cia do programa, o secret\u00e1rio de Regula\u00e7\u00e3o e Supervis\u00e3o da Educa\u00e7\u00e3o Superior do Minist\u00e9rio da Educa\u00e7\u00e3o, Maur\u00edcio Rom\u00e3o, adiantou que um novo modelo de financiamento estudantil deve ser anunciado em janeiro pelo ministro Mendon\u00e7a Filho (DEM-PE). \u201cEssa nova concep\u00e7\u00e3o vai envolver formas de financiamento que v\u00eam do setor p\u00fablico, notoriamente faz parte do nosso prop\u00f3sito. Mas a\u00ed tamb\u00e9m dividir esse financiamento com as entidades participantes, as institui\u00e7\u00f5es de ensino, com o aluno, com todos aqueles que est\u00e3o sendo objeto de aprecia\u00e7\u00e3o por parte desses estudos\u201d, afirmou Rom\u00e3o.<\/p>\n","protected":false},"author":7,"featured_media":0,"comment_status":"open","ping_status":"open","sticky":false,"template":"","format":"standard","meta":{"_acf_changed":false,"footnotes":""},"categories":[44,6],"tags":[],"class_list":["post-151471","post","type-post","status-publish","format-standard","hentry","category-administracao","category-educacao"],"acf":[],"yoast_head":"<!-- This site is optimized with the Yoast SEO plugin v27.4 - https:\/\/yoast.com\/product\/yoast-seo-wordpress\/ -->\n<title>MEC QUER MUDAR FIES - Blog do Farn\u00e9sio<\/title>\n<meta name=\"robots\" content=\"index, follow, max-snippet:-1, max-image-preview:large, max-video-preview:-1\" \/>\n<link rel=\"canonical\" href=\"https:\/\/blogdofarnesio.com.br\/?p=151471\" \/>\n<meta property=\"og:locale\" content=\"pt_BR\" \/>\n<meta property=\"og:type\" content=\"article\" \/>\n<meta property=\"og:title\" content=\"MEC QUER MUDAR FIES - Blog do Farn\u00e9sio\" \/>\n<meta property=\"og:description\" content=\"Um dia ap\u00f3s o Tribunal de Contas da Uni\u00e3o (TCU) se posicionar de forma muito dura sobre o Fies, questionado a efic\u00e1cia do programa, o secret\u00e1rio de Regula\u00e7\u00e3o e Supervis\u00e3o da Educa\u00e7\u00e3o Superior do Minist\u00e9rio da Educa\u00e7\u00e3o, Maur\u00edcio Rom\u00e3o, adiantou que um novo modelo de financiamento estudantil deve ser anunciado em janeiro pelo ministro Mendon\u00e7a Filho (DEM-PE). \u201cEssa nova concep\u00e7\u00e3o vai envolver formas de financiamento que v\u00eam do setor p\u00fablico, notoriamente faz parte do nosso prop\u00f3sito. Mas a\u00ed tamb\u00e9m dividir esse financiamento com as entidades participantes, as institui\u00e7\u00f5es de ensino, com o aluno, com todos aqueles que est\u00e3o sendo objeto de aprecia\u00e7\u00e3o por parte desses estudos\u201d, afirmou Rom\u00e3o.\" \/>\n<meta property=\"og:url\" content=\"https:\/\/blogdofarnesio.com.br\/?p=151471\" \/>\n<meta property=\"og:site_name\" content=\"Blog do Farn\u00e9sio\" \/>\n<meta property=\"article:publisher\" content=\"https:\/\/www.facebook.com\/BlogQuerSaberPolitica\/\" \/>\n<meta property=\"article:published_time\" content=\"2016-11-25T14:30:33+00:00\" \/>\n<meta property=\"og:image\" content=\"http:\/\/granderiofm.com.br\/media\/uploads\/2016\/11\/48ce6c63aef4150b42d69e3dab74d69d-1.jpg\" \/>\n<meta name=\"twitter:card\" content=\"summary_large_image\" \/>\n<meta name=\"twitter:label1\" content=\"Escrito por\" \/>\n\t<meta name=\"twitter:data1\" content=\"\" \/>\n\t<meta name=\"twitter:label2\" content=\"Est. tempo de leitura\" \/>\n\t<meta name=\"twitter:data2\" content=\"2 minutos\" \/>\n<script type=\"application\/ld+json\" class=\"yoast-schema-graph\">{\"@context\":\"https:\\\/\\\/schema.org\",\"@graph\":[{\"@type\":\"Article\",\"@id\":\"https:\\\/\\\/blogdofarnesio.com.br\\\/?p=151471#article\",\"isPartOf\":{\"@id\":\"https:\\\/\\\/blogdofarnesio.com.br\\\/?p=151471\"},\"author\":{\"name\":\"\",\"@id\":\"\"},\"headline\":\"MEC QUER MUDAR FIES\",\"datePublished\":\"2016-11-25T14:30:33+00:00\",\"mainEntityOfPage\":{\"@id\":\"https:\\\/\\\/blogdofarnesio.com.br\\\/?p=151471\"},\"wordCount\":357,\"commentCount\":0,\"publisher\":{\"@id\":\"https:\\\/\\\/blogdofarnesio.com.br\\\/#organization\"},\"image\":{\"@id\":\"https:\\\/\\\/blogdofarnesio.com.br\\\/?p=151471#primaryimage\"},\"thumbnailUrl\":\"http:\\\/\\\/granderiofm.com.br\\\/media\\\/uploads\\\/2016\\\/11\\\/48ce6c63aef4150b42d69e3dab74d69d-1.jpg\",\"articleSection\":[\"Administra\u00e7\u00e3o\",\"Educa\u00e7\u00e3o\"],\"inLanguage\":\"pt-BR\",\"potentialAction\":[{\"@type\":\"CommentAction\",\"name\":\"Comment\",\"target\":[\"https:\\\/\\\/blogdofarnesio.com.br\\\/?p=151471#respond\"]}]},{\"@type\":\"WebPage\",\"@id\":\"https:\\\/\\\/blogdofarnesio.com.br\\\/?p=151471\",\"url\":\"https:\\\/\\\/blogdofarnesio.com.br\\\/?p=151471\",\"name\":\"MEC QUER MUDAR FIES - Blog do Farn\u00e9sio\",\"isPartOf\":{\"@id\":\"https:\\\/\\\/blogdofarnesio.com.br\\\/#website\"},\"primaryImageOfPage\":{\"@id\":\"https:\\\/\\\/blogdofarnesio.com.br\\\/?p=151471#primaryimage\"},\"image\":{\"@id\":\"https:\\\/\\\/blogdofarnesio.com.br\\\/?p=151471#primaryimage\"},\"thumbnailUrl\":\"http:\\\/\\\/granderiofm.com.br\\\/media\\\/uploads\\\/2016\\\/11\\\/48ce6c63aef4150b42d69e3dab74d69d-1.jpg\",\"datePublished\":\"2016-11-25T14:30:33+00:00\",\"breadcrumb\":{\"@id\":\"https:\\\/\\\/blogdofarnesio.com.br\\\/?p=151471#breadcrumb\"},\"inLanguage\":\"pt-BR\",\"potentialAction\":[{\"@type\":\"ReadAction\",\"target\":[\"https:\\\/\\\/blogdofarnesio.com.br\\\/?p=151471\"]}]},{\"@type\":\"ImageObject\",\"inLanguage\":\"pt-BR\",\"@id\":\"https:\\\/\\\/blogdofarnesio.com.br\\\/?p=151471#primaryimage\",\"url\":\"http:\\\/\\\/granderiofm.com.br\\\/media\\\/uploads\\\/2016\\\/11\\\/48ce6c63aef4150b42d69e3dab74d69d-1.jpg\",\"contentUrl\":\"http:\\\/\\\/granderiofm.com.br\\\/media\\\/uploads\\\/2016\\\/11\\\/48ce6c63aef4150b42d69e3dab74d69d-1.jpg\"},{\"@type\":\"BreadcrumbList\",\"@id\":\"https:\\\/\\\/blogdofarnesio.com.br\\\/?p=151471#breadcrumb\",\"itemListElement\":[{\"@type\":\"ListItem\",\"position\":1,\"name\":\"In\u00edcio\",\"item\":\"https:\\\/\\\/blogdofarnesio.com.br\\\/\"},{\"@type\":\"ListItem\",\"position\":2,\"name\":\"MEC QUER MUDAR FIES\"}]},{\"@type\":\"WebSite\",\"@id\":\"https:\\\/\\\/blogdofarnesio.com.br\\\/#website\",\"url\":\"https:\\\/\\\/blogdofarnesio.com.br\\\/\",\"name\":\"Blog do Farn\u00e9sio\",\"description\":\"Quer Saber Pol\u00edtica?\",\"publisher\":{\"@id\":\"https:\\\/\\\/blogdofarnesio.com.br\\\/#organization\"},\"potentialAction\":[{\"@type\":\"SearchAction\",\"target\":{\"@type\":\"EntryPoint\",\"urlTemplate\":\"https:\\\/\\\/blogdofarnesio.com.br\\\/?s={search_term_string}\"},\"query-input\":{\"@type\":\"PropertyValueSpecification\",\"valueRequired\":true,\"valueName\":\"search_term_string\"}}],\"inLanguage\":\"pt-BR\"},{\"@type\":\"Organization\",\"@id\":\"https:\\\/\\\/blogdofarnesio.com.br\\\/#organization\",\"name\":\"Blog do Farn\u00e9sio\",\"url\":\"https:\\\/\\\/blogdofarnesio.com.br\\\/\",\"logo\":{\"@type\":\"ImageObject\",\"inLanguage\":\"pt-BR\",\"@id\":\"https:\\\/\\\/blogdofarnesio.com.br\\\/#\\\/schema\\\/logo\\\/image\\\/\",\"url\":\"https:\\\/\\\/blogdofarnesio.com.br\\\/wp-content\\\/uploads\\\/2026\\\/03\\\/cropped-logo_new-1.png\",\"contentUrl\":\"https:\\\/\\\/blogdofarnesio.com.br\\\/wp-content\\\/uploads\\\/2026\\\/03\\\/cropped-logo_new-1.png\",\"width\":881,\"height\":685,\"caption\":\"Blog do Farn\u00e9sio\"},\"image\":{\"@id\":\"https:\\\/\\\/blogdofarnesio.com.br\\\/#\\\/schema\\\/logo\\\/image\\\/\"},\"sameAs\":[\"https:\\\/\\\/www.facebook.com\\\/BlogQuerSaberPolitica\\\/\"]},{\"@type\":\"Person\",\"@id\":\"\",\"url\":\"https:\\\/\\\/blogdofarnesio.com.br\\\/?author=7\"}]}<\/script>\n<!-- \/ Yoast SEO plugin. -->","yoast_head_json":{"title":"MEC QUER MUDAR FIES - Blog do Farn\u00e9sio","robots":{"index":"index","follow":"follow","max-snippet":"max-snippet:-1","max-image-preview":"max-image-preview:large","max-video-preview":"max-video-preview:-1"},"canonical":"https:\/\/blogdofarnesio.com.br\/?p=151471","og_locale":"pt_BR","og_type":"article","og_title":"MEC QUER MUDAR FIES - Blog do Farn\u00e9sio","og_description":"Um dia ap\u00f3s o Tribunal de Contas da Uni\u00e3o (TCU) se posicionar de forma muito dura sobre o Fies, questionado a efic\u00e1cia do programa, o secret\u00e1rio de Regula\u00e7\u00e3o e Supervis\u00e3o da Educa\u00e7\u00e3o Superior do Minist\u00e9rio da Educa\u00e7\u00e3o, Maur\u00edcio Rom\u00e3o, adiantou que um novo modelo de financiamento estudantil deve ser anunciado em janeiro pelo ministro Mendon\u00e7a Filho (DEM-PE). \u201cEssa nova concep\u00e7\u00e3o vai envolver formas de financiamento que v\u00eam do setor p\u00fablico, notoriamente faz parte do nosso prop\u00f3sito. Mas a\u00ed tamb\u00e9m dividir esse financiamento com as entidades participantes, as institui\u00e7\u00f5es de ensino, com o aluno, com todos aqueles que est\u00e3o sendo objeto de aprecia\u00e7\u00e3o por parte desses estudos\u201d, afirmou Rom\u00e3o.","og_url":"https:\/\/blogdofarnesio.com.br\/?p=151471","og_site_name":"Blog do Farn\u00e9sio","article_publisher":"https:\/\/www.facebook.com\/BlogQuerSaberPolitica\/","article_published_time":"2016-11-25T14:30:33+00:00","og_image":[{"url":"http:\/\/granderiofm.com.br\/media\/uploads\/2016\/11\/48ce6c63aef4150b42d69e3dab74d69d-1.jpg","type":"","width":"","height":""}],"twitter_card":"summary_large_image","twitter_misc":{"Escrito por":"","Est. tempo de leitura":"2 minutos"},"schema":{"@context":"https:\/\/schema.org","@graph":[{"@type":"Article","@id":"https:\/\/blogdofarnesio.com.br\/?p=151471#article","isPartOf":{"@id":"https:\/\/blogdofarnesio.com.br\/?p=151471"},"author":{"name":"","@id":""},"headline":"MEC QUER MUDAR FIES","datePublished":"2016-11-25T14:30:33+00:00","mainEntityOfPage":{"@id":"https:\/\/blogdofarnesio.com.br\/?p=151471"},"wordCount":357,"commentCount":0,"publisher":{"@id":"https:\/\/blogdofarnesio.com.br\/#organization"},"image":{"@id":"https:\/\/blogdofarnesio.com.br\/?p=151471#primaryimage"},"thumbnailUrl":"http:\/\/granderiofm.com.br\/media\/uploads\/2016\/11\/48ce6c63aef4150b42d69e3dab74d69d-1.jpg","articleSection":["Administra\u00e7\u00e3o","Educa\u00e7\u00e3o"],"inLanguage":"pt-BR","potentialAction":[{"@type":"CommentAction","name":"Comment","target":["https:\/\/blogdofarnesio.com.br\/?p=151471#respond"]}]},{"@type":"WebPage","@id":"https:\/\/blogdofarnesio.com.br\/?p=151471","url":"https:\/\/blogdofarnesio.com.br\/?p=151471","name":"MEC QUER MUDAR FIES - Blog do Farn\u00e9sio","isPartOf":{"@id":"https:\/\/blogdofarnesio.com.br\/#website"},"primaryImageOfPage":{"@id":"https:\/\/blogdofarnesio.com.br\/?p=151471#primaryimage"},"image":{"@id":"https:\/\/blogdofarnesio.com.br\/?p=151471#primaryimage"},"thumbnailUrl":"http:\/\/granderiofm.com.br\/media\/uploads\/2016\/11\/48ce6c63aef4150b42d69e3dab74d69d-1.jpg","datePublished":"2016-11-25T14:30:33+00:00","breadcrumb":{"@id":"https:\/\/blogdofarnesio.com.br\/?p=151471#breadcrumb"},"inLanguage":"pt-BR","potentialAction":[{"@type":"ReadAction","target":["https:\/\/blogdofarnesio.com.br\/?p=151471"]}]},{"@type":"ImageObject","inLanguage":"pt-BR","@id":"https:\/\/blogdofarnesio.com.br\/?p=151471#primaryimage","url":"http:\/\/granderiofm.com.br\/media\/uploads\/2016\/11\/48ce6c63aef4150b42d69e3dab74d69d-1.jpg","contentUrl":"http:\/\/granderiofm.com.br\/media\/uploads\/2016\/11\/48ce6c63aef4150b42d69e3dab74d69d-1.jpg"},{"@type":"BreadcrumbList","@id":"https:\/\/blogdofarnesio.com.br\/?p=151471#breadcrumb","itemListElement":[{"@type":"ListItem","position":1,"name":"In\u00edcio","item":"https:\/\/blogdofarnesio.com.br\/"},{"@type":"ListItem","position":2,"name":"MEC QUER MUDAR FIES"}]},{"@type":"WebSite","@id":"https:\/\/blogdofarnesio.com.br\/#website","url":"https:\/\/blogdofarnesio.com.br\/","name":"Blog do Farn\u00e9sio","description":"Quer Saber Pol\u00edtica?","publisher":{"@id":"https:\/\/blogdofarnesio.com.br\/#organization"},"potentialAction":[{"@type":"SearchAction","target":{"@type":"EntryPoint","urlTemplate":"https:\/\/blogdofarnesio.com.br\/?s={search_term_string}"},"query-input":{"@type":"PropertyValueSpecification","valueRequired":true,"valueName":"search_term_string"}}],"inLanguage":"pt-BR"},{"@type":"Organization","@id":"https:\/\/blogdofarnesio.com.br\/#organization","name":"Blog do Farn\u00e9sio","url":"https:\/\/blogdofarnesio.com.br\/","logo":{"@type":"ImageObject","inLanguage":"pt-BR","@id":"https:\/\/blogdofarnesio.com.br\/#\/schema\/logo\/image\/","url":"https:\/\/blogdofarnesio.com.br\/wp-content\/uploads\/2026\/03\/cropped-logo_new-1.png","contentUrl":"https:\/\/blogdofarnesio.com.br\/wp-content\/uploads\/2026\/03\/cropped-logo_new-1.png","width":881,"height":685,"caption":"Blog do Farn\u00e9sio"},"image":{"@id":"https:\/\/blogdofarnesio.com.br\/#\/schema\/logo\/image\/"},"sameAs":["https:\/\/www.facebook.com\/BlogQuerSaberPolitica\/"]},{"@type":"Person","@id":"","url":"https:\/\/blogdofarnesio.com.br\/?author=7"}]}},"_links":{"self":[{"href":"https:\/\/blogdofarnesio.com.br\/index.php?rest_route=\/wp\/v2\/posts\/151471","targetHints":{"allow":["GET"]}}],"collection":[{"href":"https:\/\/blogdofarnesio.com.br\/index.php?rest_route=\/wp\/v2\/posts"}],"about":[{"href":"https:\/\/blogdofarnesio.com.br\/index.php?rest_route=\/wp\/v2\/types\/post"}],"author":[{"embeddable":true,"href":"https:\/\/blogdofarnesio.com.br\/index.php?rest_route=\/wp\/v2\/users\/7"}],"replies":[{"embeddable":true,"href":"https:\/\/blogdofarnesio.com.br\/index.php?rest_route=%2Fwp%2Fv2%2Fcomments&post=151471"}],"version-history":[{"count":0,"href":"https:\/\/blogdofarnesio.com.br\/index.php?rest_route=\/wp\/v2\/posts\/151471\/revisions"}],"wp:attachment":[{"href":"https:\/\/blogdofarnesio.com.br\/index.php?rest_route=%2Fwp%2Fv2%2Fmedia&parent=151471"}],"wp:term":[{"taxonomy":"category","embeddable":true,"href":"https:\/\/blogdofarnesio.com.br\/index.php?rest_route=%2Fwp%2Fv2%2Fcategories&post=151471"},{"taxonomy":"post_tag","embeddable":true,"href":"https:\/\/blogdofarnesio.com.br\/index.php?rest_route=%2Fwp%2Fv2%2Ftags&post=151471"}],"curies":[{"name":"wp","href":"https:\/\/api.w.org\/{rel}","templated":true}]}}