{"id":150918,"date":"2016-11-13T08:00:21","date_gmt":"2016-11-13T11:00:21","guid":{"rendered":"http:\/\/www.quersaberpolitica.com.br\/?p=150918"},"modified":"2016-11-12T16:48:13","modified_gmt":"2016-11-12T19:48:13","slug":"cunha-pediu-a-inclusao-de-duas-testemunhas-de-defesa-na-acao-penal-da-lava-jato","status":"publish","type":"post","link":"https:\/\/blogdofarnesio.com.br\/?p=150918","title":{"rendered":"CUNHA PEDIU A INCLUS\u00c3O DE DUAS TESTEMUNHAS DE DEFESA NA A\u00c7\u00c3O PENAL DA LAVA JATO"},"content":{"rendered":"<p style=\"line-height: 19.2pt;background: #F3F3F3\"><span style=\"font-size: 9.5pt;font-family: 'Arial','sans-serif';color: #333333\">A Justi\u00e7a Federal do Paran\u00e1 recebeu dos advogados do ex-presidente da C\u00e2mara dos Deputados, Eduardo Cunha (PMDB-RJ), pedido para mudar duas testemunhas de defesa na a\u00e7\u00e3o penal da Opera\u00e7\u00e3o Lava Jato. A peti\u00e7\u00e3o foi protocolada na \u00faltima sexta-feira (11).\u00a0<\/span><\/p>\n<p style=\"line-height: 19.2pt;background: #F3F3F3\"><span style=\"font-size: 9.5pt;font-family: 'Arial','sans-serif';color: #333333\">Os advogados solicitam a inclus\u00e3o do ex-ministro da Fazenda, Guido Mantega, que tamb\u00e9m foi presidente do Conselho de Administra\u00e7\u00e3o da Petrobr\u00e1s, e do prefeito do Rio de Janeiro Eduardo da Costa Paes. O motivo seria a dificuldade de localiza\u00e7\u00e3o das testemunhas inicialmente arroladas, o ex-gerente da Petrobr\u00e1s, Pedro Augusto Cortes Xavier Bastos, e o ex-deputado e presidente da C\u00e2mara, Jo\u00e3o Paulo Cunha.<\/span><\/p>\n<p style=\"line-height: 19.2pt;background: #F3F3F3\"><!--more--><\/p>\n<p style=\"line-height: 19.2pt;background: #F3F3F3\"><span style=\"font-size: 9.5pt;font-family: 'Arial','sans-serif';color: #333333\">As primeiras audi\u00eancias de testemunhas de defesa de Eduardo Cunha est\u00e3o marcadas para ocorrer nos dias 23 e 24 de novembro, quando ser\u00e3o ouvidos, entre outras testemunhas, o pecuarista Jos\u00e9 Carlos da Costa Marques Bumlai, o ex-senador Delc\u00eddio do Amaral Gomez, o ex-diretor da Petrobr\u00e1s Nestor Cunat Cerver\u00f3 e o lobista Hamylton Padilha. O ex-presidente Luiz In\u00e1cio Lula da Silva deve prestar depoimento no pr\u00f3ximo dia 30. As testemunhas de acusa\u00e7\u00e3o indicadas pelo Minist\u00e9rio P\u00fablico Federal\u00a0 s\u00e3o o ex-gerente da Petrobras Eduardo Musa e o auditor da estatal Rafael de Castro Silva.\u00a0<\/span><\/p>\n<p style=\"line-height: 19.2pt;background: #F3F3F3\"><span style=\"font-size: 9.5pt;font-family: 'Arial','sans-serif';color: #333333\">Cunha est\u00e1 preso na Superintend\u00eancia da Pol\u00edcia Federal em Curitiba desde o dia 19 de outubro. Segundo a for\u00e7a-tarefa do Minist\u00e9rio P\u00fablico Federal, &#8220;h\u00e1 evid\u00eancias&#8221; de que existem contas pertencentes a Cunha no exterior que ainda n\u00e3o foram identificadas, fato que, segundo os procuradores, coloca em risco as investiga\u00e7\u00f5es. Al\u00e9m disso, os procuradores ressaltaram que Cunha tem dupla nacionalidade (brasileira e italiana) e poderia fugir do pa\u00eds.<\/span><\/p>\n<p style=\"line-height: 19.2pt;background: #F3F3F3\"><span style=\"font-size: 9.5pt;font-family: 'Arial','sans-serif';color: #333333\">A pris\u00e3o foi decretada na a\u00e7\u00e3o penal em que o deputado cassado \u00e9 acusado de receber R$ 5 milh\u00f5es, que foram depositados em contas n\u00e3o declaradas na Su\u00ed\u00e7a. O valor seria oriundo de vantagens indevidas, obtidas com a compra de um campo de petr\u00f3leo pela Petrobras em Benin, na \u00c1frica.<\/span><\/p>\n<p style=\"line-height: 19.2pt;background: #F3F3F3\">Ag\u00eancia Brasil<\/p>\n","protected":false},"excerpt":{"rendered":"<p>A Justi\u00e7a Federal do Paran\u00e1 recebeu dos advogados do ex-presidente da C\u00e2mara dos Deputados, Eduardo Cunha (PMDB-RJ), pedido para mudar duas testemunhas de defesa na a\u00e7\u00e3o penal da Opera\u00e7\u00e3o Lava Jato. A peti\u00e7\u00e3o foi protocolada na \u00faltima sexta-feira (11).\u00a0 Os advogados solicitam a inclus\u00e3o do ex-ministro da Fazenda, Guido Mantega, que tamb\u00e9m foi presidente do Conselho de Administra\u00e7\u00e3o da Petrobr\u00e1s, e do prefeito do Rio de Janeiro Eduardo da Costa Paes. O motivo seria a dificuldade de localiza\u00e7\u00e3o das testemunhas inicialmente arroladas, o ex-gerente da Petrobr\u00e1s, Pedro Augusto Cortes Xavier Bastos, e o ex-deputado e presidente da C\u00e2mara, Jo\u00e3o Paulo Cunha.<\/p>\n","protected":false},"author":7,"featured_media":0,"comment_status":"open","ping_status":"open","sticky":false,"template":"","format":"standard","meta":{"_acf_changed":false,"footnotes":""},"categories":[23,9],"tags":[],"class_list":["post-150918","post","type-post","status-publish","format-standard","hentry","category-justica","category-policia"],"acf":[],"yoast_head":"<!-- This site is optimized with the Yoast SEO plugin v27.4 - https:\/\/yoast.com\/product\/yoast-seo-wordpress\/ -->\n<title>CUNHA PEDIU A INCLUS\u00c3O DE DUAS TESTEMUNHAS DE DEFESA NA A\u00c7\u00c3O PENAL DA LAVA JATO - Blog do Farn\u00e9sio<\/title>\n<meta name=\"robots\" content=\"index, follow, max-snippet:-1, max-image-preview:large, max-video-preview:-1\" \/>\n<link rel=\"canonical\" href=\"https:\/\/blogdofarnesio.com.br\/?p=150918\" \/>\n<meta property=\"og:locale\" content=\"pt_BR\" \/>\n<meta property=\"og:type\" content=\"article\" \/>\n<meta property=\"og:title\" content=\"CUNHA PEDIU A INCLUS\u00c3O DE DUAS TESTEMUNHAS DE DEFESA NA A\u00c7\u00c3O PENAL DA LAVA JATO - Blog do Farn\u00e9sio\" \/>\n<meta property=\"og:description\" content=\"A Justi\u00e7a Federal do Paran\u00e1 recebeu dos advogados do ex-presidente da C\u00e2mara dos Deputados, Eduardo Cunha (PMDB-RJ), pedido para mudar duas testemunhas de defesa na a\u00e7\u00e3o penal da Opera\u00e7\u00e3o Lava Jato. A peti\u00e7\u00e3o foi protocolada na \u00faltima sexta-feira (11).\u00a0 Os advogados solicitam a inclus\u00e3o do ex-ministro da Fazenda, Guido Mantega, que tamb\u00e9m foi presidente do Conselho de Administra\u00e7\u00e3o da Petrobr\u00e1s, e do prefeito do Rio de Janeiro Eduardo da Costa Paes. O motivo seria a dificuldade de localiza\u00e7\u00e3o das testemunhas inicialmente arroladas, o ex-gerente da Petrobr\u00e1s, Pedro Augusto Cortes Xavier Bastos, e o ex-deputado e presidente da C\u00e2mara, Jo\u00e3o Paulo Cunha.\" \/>\n<meta property=\"og:url\" content=\"https:\/\/blogdofarnesio.com.br\/?p=150918\" \/>\n<meta property=\"og:site_name\" content=\"Blog do Farn\u00e9sio\" \/>\n<meta property=\"article:publisher\" content=\"https:\/\/www.facebook.com\/BlogQuerSaberPolitica\/\" \/>\n<meta property=\"article:published_time\" content=\"2016-11-13T11:00:21+00:00\" \/>\n<meta name=\"twitter:card\" content=\"summary_large_image\" \/>\n<meta name=\"twitter:label1\" content=\"Escrito por\" \/>\n\t<meta name=\"twitter:data1\" content=\"\" \/>\n\t<meta name=\"twitter:label2\" content=\"Est. tempo de leitura\" \/>\n\t<meta name=\"twitter:data2\" content=\"2 minutos\" \/>\n<script type=\"application\/ld+json\" class=\"yoast-schema-graph\">{\"@context\":\"https:\\\/\\\/schema.org\",\"@graph\":[{\"@type\":\"Article\",\"@id\":\"https:\\\/\\\/blogdofarnesio.com.br\\\/?p=150918#article\",\"isPartOf\":{\"@id\":\"https:\\\/\\\/blogdofarnesio.com.br\\\/?p=150918\"},\"author\":{\"name\":\"\",\"@id\":\"\"},\"headline\":\"CUNHA PEDIU A INCLUS\u00c3O DE DUAS TESTEMUNHAS DE DEFESA NA A\u00c7\u00c3O PENAL DA LAVA JATO\",\"datePublished\":\"2016-11-13T11:00:21+00:00\",\"mainEntityOfPage\":{\"@id\":\"https:\\\/\\\/blogdofarnesio.com.br\\\/?p=150918\"},\"wordCount\":363,\"commentCount\":0,\"publisher\":{\"@id\":\"https:\\\/\\\/blogdofarnesio.com.br\\\/#organization\"},\"articleSection\":[\"Justi\u00e7a\",\"Pol\u00edcia\"],\"inLanguage\":\"pt-BR\",\"potentialAction\":[{\"@type\":\"CommentAction\",\"name\":\"Comment\",\"target\":[\"https:\\\/\\\/blogdofarnesio.com.br\\\/?p=150918#respond\"]}]},{\"@type\":\"WebPage\",\"@id\":\"https:\\\/\\\/blogdofarnesio.com.br\\\/?p=150918\",\"url\":\"https:\\\/\\\/blogdofarnesio.com.br\\\/?p=150918\",\"name\":\"CUNHA PEDIU A INCLUS\u00c3O DE DUAS TESTEMUNHAS DE DEFESA NA A\u00c7\u00c3O PENAL DA LAVA JATO - Blog do Farn\u00e9sio\",\"isPartOf\":{\"@id\":\"https:\\\/\\\/blogdofarnesio.com.br\\\/#website\"},\"datePublished\":\"2016-11-13T11:00:21+00:00\",\"breadcrumb\":{\"@id\":\"https:\\\/\\\/blogdofarnesio.com.br\\\/?p=150918#breadcrumb\"},\"inLanguage\":\"pt-BR\",\"potentialAction\":[{\"@type\":\"ReadAction\",\"target\":[\"https:\\\/\\\/blogdofarnesio.com.br\\\/?p=150918\"]}]},{\"@type\":\"BreadcrumbList\",\"@id\":\"https:\\\/\\\/blogdofarnesio.com.br\\\/?p=150918#breadcrumb\",\"itemListElement\":[{\"@type\":\"ListItem\",\"position\":1,\"name\":\"In\u00edcio\",\"item\":\"https:\\\/\\\/blogdofarnesio.com.br\\\/\"},{\"@type\":\"ListItem\",\"position\":2,\"name\":\"CUNHA PEDIU A INCLUS\u00c3O DE DUAS TESTEMUNHAS DE DEFESA NA A\u00c7\u00c3O PENAL DA LAVA JATO\"}]},{\"@type\":\"WebSite\",\"@id\":\"https:\\\/\\\/blogdofarnesio.com.br\\\/#website\",\"url\":\"https:\\\/\\\/blogdofarnesio.com.br\\\/\",\"name\":\"Blog do Farn\u00e9sio\",\"description\":\"Quer Saber Pol\u00edtica?\",\"publisher\":{\"@id\":\"https:\\\/\\\/blogdofarnesio.com.br\\\/#organization\"},\"potentialAction\":[{\"@type\":\"SearchAction\",\"target\":{\"@type\":\"EntryPoint\",\"urlTemplate\":\"https:\\\/\\\/blogdofarnesio.com.br\\\/?s={search_term_string}\"},\"query-input\":{\"@type\":\"PropertyValueSpecification\",\"valueRequired\":true,\"valueName\":\"search_term_string\"}}],\"inLanguage\":\"pt-BR\"},{\"@type\":\"Organization\",\"@id\":\"https:\\\/\\\/blogdofarnesio.com.br\\\/#organization\",\"name\":\"Blog do Farn\u00e9sio\",\"url\":\"https:\\\/\\\/blogdofarnesio.com.br\\\/\",\"logo\":{\"@type\":\"ImageObject\",\"inLanguage\":\"pt-BR\",\"@id\":\"https:\\\/\\\/blogdofarnesio.com.br\\\/#\\\/schema\\\/logo\\\/image\\\/\",\"url\":\"https:\\\/\\\/blogdofarnesio.com.br\\\/wp-content\\\/uploads\\\/2026\\\/03\\\/cropped-logo_new-1.png\",\"contentUrl\":\"https:\\\/\\\/blogdofarnesio.com.br\\\/wp-content\\\/uploads\\\/2026\\\/03\\\/cropped-logo_new-1.png\",\"width\":881,\"height\":685,\"caption\":\"Blog do Farn\u00e9sio\"},\"image\":{\"@id\":\"https:\\\/\\\/blogdofarnesio.com.br\\\/#\\\/schema\\\/logo\\\/image\\\/\"},\"sameAs\":[\"https:\\\/\\\/www.facebook.com\\\/BlogQuerSaberPolitica\\\/\"]},{\"@type\":\"Person\",\"@id\":\"\",\"url\":\"https:\\\/\\\/blogdofarnesio.com.br\\\/?author=7\"}]}<\/script>\n<!-- \/ Yoast SEO plugin. -->","yoast_head_json":{"title":"CUNHA PEDIU A INCLUS\u00c3O DE DUAS TESTEMUNHAS DE DEFESA NA A\u00c7\u00c3O PENAL DA LAVA JATO - Blog do Farn\u00e9sio","robots":{"index":"index","follow":"follow","max-snippet":"max-snippet:-1","max-image-preview":"max-image-preview:large","max-video-preview":"max-video-preview:-1"},"canonical":"https:\/\/blogdofarnesio.com.br\/?p=150918","og_locale":"pt_BR","og_type":"article","og_title":"CUNHA PEDIU A INCLUS\u00c3O DE DUAS TESTEMUNHAS DE DEFESA NA A\u00c7\u00c3O PENAL DA LAVA JATO - Blog do Farn\u00e9sio","og_description":"A Justi\u00e7a Federal do Paran\u00e1 recebeu dos advogados do ex-presidente da C\u00e2mara dos Deputados, Eduardo Cunha (PMDB-RJ), pedido para mudar duas testemunhas de defesa na a\u00e7\u00e3o penal da Opera\u00e7\u00e3o Lava Jato. A peti\u00e7\u00e3o foi protocolada na \u00faltima sexta-feira (11).\u00a0 Os advogados solicitam a inclus\u00e3o do ex-ministro da Fazenda, Guido Mantega, que tamb\u00e9m foi presidente do Conselho de Administra\u00e7\u00e3o da Petrobr\u00e1s, e do prefeito do Rio de Janeiro Eduardo da Costa Paes. O motivo seria a dificuldade de localiza\u00e7\u00e3o das testemunhas inicialmente arroladas, o ex-gerente da Petrobr\u00e1s, Pedro Augusto Cortes Xavier Bastos, e o ex-deputado e presidente da C\u00e2mara, Jo\u00e3o Paulo Cunha.","og_url":"https:\/\/blogdofarnesio.com.br\/?p=150918","og_site_name":"Blog do Farn\u00e9sio","article_publisher":"https:\/\/www.facebook.com\/BlogQuerSaberPolitica\/","article_published_time":"2016-11-13T11:00:21+00:00","twitter_card":"summary_large_image","twitter_misc":{"Escrito por":"","Est. tempo de leitura":"2 minutos"},"schema":{"@context":"https:\/\/schema.org","@graph":[{"@type":"Article","@id":"https:\/\/blogdofarnesio.com.br\/?p=150918#article","isPartOf":{"@id":"https:\/\/blogdofarnesio.com.br\/?p=150918"},"author":{"name":"","@id":""},"headline":"CUNHA PEDIU A INCLUS\u00c3O DE DUAS TESTEMUNHAS DE DEFESA NA A\u00c7\u00c3O PENAL DA LAVA JATO","datePublished":"2016-11-13T11:00:21+00:00","mainEntityOfPage":{"@id":"https:\/\/blogdofarnesio.com.br\/?p=150918"},"wordCount":363,"commentCount":0,"publisher":{"@id":"https:\/\/blogdofarnesio.com.br\/#organization"},"articleSection":["Justi\u00e7a","Pol\u00edcia"],"inLanguage":"pt-BR","potentialAction":[{"@type":"CommentAction","name":"Comment","target":["https:\/\/blogdofarnesio.com.br\/?p=150918#respond"]}]},{"@type":"WebPage","@id":"https:\/\/blogdofarnesio.com.br\/?p=150918","url":"https:\/\/blogdofarnesio.com.br\/?p=150918","name":"CUNHA PEDIU A INCLUS\u00c3O DE DUAS TESTEMUNHAS DE DEFESA NA A\u00c7\u00c3O PENAL DA LAVA JATO - Blog do Farn\u00e9sio","isPartOf":{"@id":"https:\/\/blogdofarnesio.com.br\/#website"},"datePublished":"2016-11-13T11:00:21+00:00","breadcrumb":{"@id":"https:\/\/blogdofarnesio.com.br\/?p=150918#breadcrumb"},"inLanguage":"pt-BR","potentialAction":[{"@type":"ReadAction","target":["https:\/\/blogdofarnesio.com.br\/?p=150918"]}]},{"@type":"BreadcrumbList","@id":"https:\/\/blogdofarnesio.com.br\/?p=150918#breadcrumb","itemListElement":[{"@type":"ListItem","position":1,"name":"In\u00edcio","item":"https:\/\/blogdofarnesio.com.br\/"},{"@type":"ListItem","position":2,"name":"CUNHA PEDIU A INCLUS\u00c3O DE DUAS TESTEMUNHAS DE DEFESA NA A\u00c7\u00c3O PENAL DA LAVA JATO"}]},{"@type":"WebSite","@id":"https:\/\/blogdofarnesio.com.br\/#website","url":"https:\/\/blogdofarnesio.com.br\/","name":"Blog do Farn\u00e9sio","description":"Quer Saber Pol\u00edtica?","publisher":{"@id":"https:\/\/blogdofarnesio.com.br\/#organization"},"potentialAction":[{"@type":"SearchAction","target":{"@type":"EntryPoint","urlTemplate":"https:\/\/blogdofarnesio.com.br\/?s={search_term_string}"},"query-input":{"@type":"PropertyValueSpecification","valueRequired":true,"valueName":"search_term_string"}}],"inLanguage":"pt-BR"},{"@type":"Organization","@id":"https:\/\/blogdofarnesio.com.br\/#organization","name":"Blog do Farn\u00e9sio","url":"https:\/\/blogdofarnesio.com.br\/","logo":{"@type":"ImageObject","inLanguage":"pt-BR","@id":"https:\/\/blogdofarnesio.com.br\/#\/schema\/logo\/image\/","url":"https:\/\/blogdofarnesio.com.br\/wp-content\/uploads\/2026\/03\/cropped-logo_new-1.png","contentUrl":"https:\/\/blogdofarnesio.com.br\/wp-content\/uploads\/2026\/03\/cropped-logo_new-1.png","width":881,"height":685,"caption":"Blog do Farn\u00e9sio"},"image":{"@id":"https:\/\/blogdofarnesio.com.br\/#\/schema\/logo\/image\/"},"sameAs":["https:\/\/www.facebook.com\/BlogQuerSaberPolitica\/"]},{"@type":"Person","@id":"","url":"https:\/\/blogdofarnesio.com.br\/?author=7"}]}},"_links":{"self":[{"href":"https:\/\/blogdofarnesio.com.br\/index.php?rest_route=\/wp\/v2\/posts\/150918","targetHints":{"allow":["GET"]}}],"collection":[{"href":"https:\/\/blogdofarnesio.com.br\/index.php?rest_route=\/wp\/v2\/posts"}],"about":[{"href":"https:\/\/blogdofarnesio.com.br\/index.php?rest_route=\/wp\/v2\/types\/post"}],"author":[{"embeddable":true,"href":"https:\/\/blogdofarnesio.com.br\/index.php?rest_route=\/wp\/v2\/users\/7"}],"replies":[{"embeddable":true,"href":"https:\/\/blogdofarnesio.com.br\/index.php?rest_route=%2Fwp%2Fv2%2Fcomments&post=150918"}],"version-history":[{"count":0,"href":"https:\/\/blogdofarnesio.com.br\/index.php?rest_route=\/wp\/v2\/posts\/150918\/revisions"}],"wp:attachment":[{"href":"https:\/\/blogdofarnesio.com.br\/index.php?rest_route=%2Fwp%2Fv2%2Fmedia&parent=150918"}],"wp:term":[{"taxonomy":"category","embeddable":true,"href":"https:\/\/blogdofarnesio.com.br\/index.php?rest_route=%2Fwp%2Fv2%2Fcategories&post=150918"},{"taxonomy":"post_tag","embeddable":true,"href":"https:\/\/blogdofarnesio.com.br\/index.php?rest_route=%2Fwp%2Fv2%2Ftags&post=150918"}],"curies":[{"name":"wp","href":"https:\/\/api.w.org\/{rel}","templated":true}]}}