{"id":150855,"date":"2016-11-11T12:00:03","date_gmt":"2016-11-11T15:00:03","guid":{"rendered":"http:\/\/www.quersaberpolitica.com.br\/?p=150855"},"modified":"2016-11-11T11:18:49","modified_gmt":"2016-11-11T14:18:49","slug":"grupos-bloqueiam-rodovias-da-bahia-em-atos-contra-pec-que-limita-gastos","status":"publish","type":"post","link":"https:\/\/blogdofarnesio.com.br\/?p=150855","title":{"rendered":"GRUPOS BLOQUEIAM RODOVIAS DA BAHIA EM ATOS CONTRA PEC QUE LIMITA GASTOS"},"content":{"rendered":"<p style=\"text-align: justify\"><a href=\"http:\/\/www.quersaberpolitica.com.br\/2016\/wp-content\/uploads\/2016\/11\/blog-qsp-protestos-bahia-pec.jpg\"><img loading=\"lazy\" decoding=\"async\" class=\" wp-image-150865 aligncenter\" src=\"http:\/\/www.quersaberpolitica.com.br\/2016\/wp-content\/uploads\/2016\/11\/blog-qsp-protestos-bahia-pec-300x225.jpg\" alt=\"blog-qsp-protestos-bahia-pec\" width=\"405\" height=\"308\" \/><\/a><\/p>\n<p style=\"text-align: justify\">Um grupo de manifestantes bloqueia os dois sentidos da BR-116, na altura do km 366, pr\u00f3ximo ao munic\u00edpio de Lamar\u00e3o, a cerca de 180 quil\u00f4metros de Salvador, na manh\u00e3 desta sexta-feira (11). Segundo informa\u00e7\u00f5es da Pol\u00edcia Rodovi\u00e1ria Federal, o protesto acontece contra a PEC 55\/16 &#8211; a conhecida PEC 241\/16 &#8211; que prev\u00ea o congelamento dos investimentos p\u00fablicos em todas as \u00e1reas pelos pr\u00f3ximos 20 anos, nas tr\u00eas esferas de poder. Tamb\u00e9m h\u00e1 atos na BR-415, na regi\u00e3o de Itabuna, e\u00a0BA-535 (Via Parafuso), em Cama\u00e7ari.<\/p>\n<p style=\"text-align: justify\">Ainda de acordo com a PRF, o ato come\u00e7ou por volta das 6h30 e \u00e9 organizado pela Central \u00danica dos Trabalhadores (CUT). O grupo queima galhos na pista para bloquear a passagem de ve\u00edculos e causa congestionamento na regi\u00e3o.<\/p>\n<p style=\"text-align: justify\"><!--more--><\/p>\n<p style=\"text-align: justify\">Em contato com o\u00a0<strong>G1<\/strong>, o presidente da CUT, Cedro Silva, confirmou a participa\u00e7\u00e3o da Central \u00danica dos Trabalhadores em diversos protestos em estradas do estado.<\/p>\n<p style=\"text-align: justify\">\u201cEstamos com v\u00e1rias mobiliza\u00e7\u00f5es a n\u00edvel de estado, em v\u00e1rias BR\u2019s e BA\u2019s. Hoje \u00e9 um dia de greve geral e paralisa\u00e7\u00e3o contra a PEC, por tirar direitos dos trabalhadores. Por isso que esse dia est\u00e1 acontecendo, para chamar a aten\u00e7\u00e3o da popula\u00e7\u00e3o, porque ela precisa reagir, se n\u00e3o s\u00f3 nos vai restar o direito de morrer nesse pa\u00eds, e morrer sem dignidade\u201d, disse Cedro.<\/p>\n<p style=\"text-align: justify\">Equipes da PRF se deslocaram at\u00e9 o local para negociar a libera\u00e7\u00e3o da pista, mas at\u00e9 por volta das 9h o protesto ainda ocorria.<\/p>\n<p style=\"text-align: justify\"><strong>Outros protestos<\/strong><br \/>\nNa BR-415, pr\u00f3ximo ao munic\u00edpio de\u00a0Itabuna, na regi\u00e3o sul do estado, um grupo estudantes bloqueou os dois sentidos da pista entre \u00e0s 7h e 8h30 desta sexta-feira. Os manifestantes tamb\u00e9m protestam contra a PEC 55\/16. Por volta das 9h, apesar da pista j\u00e1 estar liberada, o tr\u00e2nsito da regi\u00e3o ainda sofria com os reflexos da manifesta\u00e7\u00e3o.<\/p>\n<p style=\"text-align: justify\">Cerca de 50 manifestantes\u00a0tamb\u00e9m fecham os dois sentidos da BA-535 (Via Parafuso<a href=\"http:\/\/g1.globo.com\/bahia\/noticia\/2016\/11\/protesto-contra-pec-55-fecha-os-2-sentidos-da-ba-535-na-parafuso.html\">)<\/a>, em Cama\u00e7ari, na regi\u00e3o metropolitana de Salvador, na manh\u00e3 desta sexta-feira. O protesto \u00e9 promovido pelo Sindicato dos Trabalhadores da Ind\u00fastria Qu\u00edmica, Petroqu\u00edmica, Pl\u00e1stica, Farmac\u00eautica do Estado da Bahia (Sindiqu\u00edmica) e Central \u00danica dos Trabalhadores (CUT). Por volta das 9h30, o bloqueia seguia acontecendo no local.<\/p>\n<p style=\"text-align: justify\">A Pol\u00edcia Rodovi\u00e1ria Federal (PRF) tamb\u00e9m registrou protestos contra a PEC de gastos no Km 639, da BR-110; no Km 23 da BR-415, em Ilh\u00e9us; no Km 665 da BR-101, em Itapebi; no km 713 e da BR-101, em Eun\u00e1polis.<\/p>\n<p style=\"text-align: justify\"><strong>Salvador<\/strong><br \/>\nNa capital baiana, um\u00a0grupo de manifestantes bloqueia a pista da Avenida ACM, sentido Av. Paralela, em frente ao Shopping da Bahia, na manh\u00e3 desta sexta-feira (11).\u00a0A manifesta\u00e7\u00e3o come\u00e7ou por volta das 7h desta sexta. Segundo informa\u00e7\u00f5es da Transalvador, cerca de 40 pessoas participam do protesto, que causa grande congestionamento no local.<\/p>\n<p style=\"text-align: justify\">G1\/ Bahia<\/p>\n","protected":false},"excerpt":{"rendered":"<p>Um grupo de manifestantes bloqueia os dois sentidos da BR-116, na altura do km 366, pr\u00f3ximo ao munic\u00edpio de Lamar\u00e3o, a cerca de 180 quil\u00f4metros de Salvador, na manh\u00e3 desta sexta-feira (11). Segundo informa\u00e7\u00f5es da Pol\u00edcia Rodovi\u00e1ria Federal, o protesto acontece contra a PEC 55\/16 &#8211; a conhecida PEC 241\/16 &#8211; que prev\u00ea o congelamento dos investimentos p\u00fablicos em todas as \u00e1reas pelos pr\u00f3ximos 20 anos, nas tr\u00eas esferas de poder. Tamb\u00e9m h\u00e1 atos na BR-415, na regi\u00e3o de Itabuna, e\u00a0BA-535 (Via Parafuso), em Cama\u00e7ari. Ainda de acordo com a PRF, o ato come\u00e7ou por volta das 6h30 e \u00e9 organizado pela Central \u00danica dos Trabalhadores (CUT). O grupo queima galhos na pista para bloquear a passagem de ve\u00edculos e&hellip; <\/p>\n","protected":false},"author":7,"featured_media":0,"comment_status":"open","ping_status":"open","sticky":false,"template":"","format":"standard","meta":{"_acf_changed":false,"footnotes":""},"categories":[17],"tags":[],"class_list":["post-150855","post","type-post","status-publish","format-standard","hentry","category-estradas"],"acf":[],"yoast_head":"<!-- This site is optimized with the Yoast SEO plugin v27.4 - https:\/\/yoast.com\/product\/yoast-seo-wordpress\/ -->\n<title>GRUPOS BLOQUEIAM RODOVIAS DA BAHIA EM ATOS CONTRA PEC QUE LIMITA GASTOS - Blog do Farn\u00e9sio<\/title>\n<meta name=\"robots\" content=\"index, follow, max-snippet:-1, max-image-preview:large, max-video-preview:-1\" \/>\n<link rel=\"canonical\" href=\"https:\/\/blogdofarnesio.com.br\/?p=150855\" \/>\n<meta property=\"og:locale\" content=\"pt_BR\" \/>\n<meta property=\"og:type\" content=\"article\" \/>\n<meta property=\"og:title\" content=\"GRUPOS BLOQUEIAM RODOVIAS DA BAHIA EM ATOS CONTRA PEC QUE LIMITA GASTOS - Blog do Farn\u00e9sio\" \/>\n<meta property=\"og:description\" content=\"Um grupo de manifestantes bloqueia os dois sentidos da BR-116, na altura do km 366, pr\u00f3ximo ao munic\u00edpio de Lamar\u00e3o, a cerca de 180 quil\u00f4metros de Salvador, na manh\u00e3 desta sexta-feira (11). Segundo informa\u00e7\u00f5es da Pol\u00edcia Rodovi\u00e1ria Federal, o protesto acontece contra a PEC 55\/16 &#8211; a conhecida PEC 241\/16 &#8211; que prev\u00ea o congelamento dos investimentos p\u00fablicos em todas as \u00e1reas pelos pr\u00f3ximos 20 anos, nas tr\u00eas esferas de poder. Tamb\u00e9m h\u00e1 atos na BR-415, na regi\u00e3o de Itabuna, e\u00a0BA-535 (Via Parafuso), em Cama\u00e7ari. Ainda de acordo com a PRF, o ato come\u00e7ou por volta das 6h30 e \u00e9 organizado pela Central \u00danica dos Trabalhadores (CUT). O grupo queima galhos na pista para bloquear a passagem de ve\u00edculos e&hellip;\" \/>\n<meta property=\"og:url\" content=\"https:\/\/blogdofarnesio.com.br\/?p=150855\" \/>\n<meta property=\"og:site_name\" content=\"Blog do Farn\u00e9sio\" \/>\n<meta property=\"article:publisher\" content=\"https:\/\/www.facebook.com\/BlogQuerSaberPolitica\/\" \/>\n<meta property=\"article:published_time\" content=\"2016-11-11T15:00:03+00:00\" \/>\n<meta property=\"og:image\" content=\"http:\/\/www.quersaberpolitica.com.br\/2016\/wp-content\/uploads\/2016\/11\/blog-qsp-protestos-bahia-pec-300x225.jpg\" \/>\n<meta name=\"twitter:card\" content=\"summary_large_image\" \/>\n<meta name=\"twitter:label1\" content=\"Escrito por\" \/>\n\t<meta name=\"twitter:data1\" content=\"\" \/>\n\t<meta name=\"twitter:label2\" content=\"Est. tempo de leitura\" \/>\n\t<meta name=\"twitter:data2\" content=\"2 minutos\" \/>\n<script type=\"application\/ld+json\" class=\"yoast-schema-graph\">{\"@context\":\"https:\\\/\\\/schema.org\",\"@graph\":[{\"@type\":\"Article\",\"@id\":\"https:\\\/\\\/blogdofarnesio.com.br\\\/?p=150855#article\",\"isPartOf\":{\"@id\":\"https:\\\/\\\/blogdofarnesio.com.br\\\/?p=150855\"},\"author\":{\"name\":\"\",\"@id\":\"\"},\"headline\":\"GRUPOS BLOQUEIAM RODOVIAS DA BAHIA EM ATOS CONTRA PEC QUE LIMITA GASTOS\",\"datePublished\":\"2016-11-11T15:00:03+00:00\",\"mainEntityOfPage\":{\"@id\":\"https:\\\/\\\/blogdofarnesio.com.br\\\/?p=150855\"},\"wordCount\":502,\"commentCount\":0,\"publisher\":{\"@id\":\"https:\\\/\\\/blogdofarnesio.com.br\\\/#organization\"},\"image\":{\"@id\":\"https:\\\/\\\/blogdofarnesio.com.br\\\/?p=150855#primaryimage\"},\"thumbnailUrl\":\"http:\\\/\\\/www.quersaberpolitica.com.br\\\/2016\\\/wp-content\\\/uploads\\\/2016\\\/11\\\/blog-qsp-protestos-bahia-pec-300x225.jpg\",\"articleSection\":[\"Estradas\"],\"inLanguage\":\"pt-BR\",\"potentialAction\":[{\"@type\":\"CommentAction\",\"name\":\"Comment\",\"target\":[\"https:\\\/\\\/blogdofarnesio.com.br\\\/?p=150855#respond\"]}]},{\"@type\":\"WebPage\",\"@id\":\"https:\\\/\\\/blogdofarnesio.com.br\\\/?p=150855\",\"url\":\"https:\\\/\\\/blogdofarnesio.com.br\\\/?p=150855\",\"name\":\"GRUPOS BLOQUEIAM RODOVIAS DA BAHIA EM ATOS CONTRA PEC QUE LIMITA GASTOS - Blog do Farn\u00e9sio\",\"isPartOf\":{\"@id\":\"https:\\\/\\\/blogdofarnesio.com.br\\\/#website\"},\"primaryImageOfPage\":{\"@id\":\"https:\\\/\\\/blogdofarnesio.com.br\\\/?p=150855#primaryimage\"},\"image\":{\"@id\":\"https:\\\/\\\/blogdofarnesio.com.br\\\/?p=150855#primaryimage\"},\"thumbnailUrl\":\"http:\\\/\\\/www.quersaberpolitica.com.br\\\/2016\\\/wp-content\\\/uploads\\\/2016\\\/11\\\/blog-qsp-protestos-bahia-pec-300x225.jpg\",\"datePublished\":\"2016-11-11T15:00:03+00:00\",\"breadcrumb\":{\"@id\":\"https:\\\/\\\/blogdofarnesio.com.br\\\/?p=150855#breadcrumb\"},\"inLanguage\":\"pt-BR\",\"potentialAction\":[{\"@type\":\"ReadAction\",\"target\":[\"https:\\\/\\\/blogdofarnesio.com.br\\\/?p=150855\"]}]},{\"@type\":\"ImageObject\",\"inLanguage\":\"pt-BR\",\"@id\":\"https:\\\/\\\/blogdofarnesio.com.br\\\/?p=150855#primaryimage\",\"url\":\"http:\\\/\\\/www.quersaberpolitica.com.br\\\/2016\\\/wp-content\\\/uploads\\\/2016\\\/11\\\/blog-qsp-protestos-bahia-pec-300x225.jpg\",\"contentUrl\":\"http:\\\/\\\/www.quersaberpolitica.com.br\\\/2016\\\/wp-content\\\/uploads\\\/2016\\\/11\\\/blog-qsp-protestos-bahia-pec-300x225.jpg\"},{\"@type\":\"BreadcrumbList\",\"@id\":\"https:\\\/\\\/blogdofarnesio.com.br\\\/?p=150855#breadcrumb\",\"itemListElement\":[{\"@type\":\"ListItem\",\"position\":1,\"name\":\"In\u00edcio\",\"item\":\"https:\\\/\\\/blogdofarnesio.com.br\\\/\"},{\"@type\":\"ListItem\",\"position\":2,\"name\":\"GRUPOS BLOQUEIAM RODOVIAS DA BAHIA EM ATOS CONTRA PEC QUE LIMITA GASTOS\"}]},{\"@type\":\"WebSite\",\"@id\":\"https:\\\/\\\/blogdofarnesio.com.br\\\/#website\",\"url\":\"https:\\\/\\\/blogdofarnesio.com.br\\\/\",\"name\":\"Blog do Farn\u00e9sio\",\"description\":\"Quer Saber Pol\u00edtica?\",\"publisher\":{\"@id\":\"https:\\\/\\\/blogdofarnesio.com.br\\\/#organization\"},\"potentialAction\":[{\"@type\":\"SearchAction\",\"target\":{\"@type\":\"EntryPoint\",\"urlTemplate\":\"https:\\\/\\\/blogdofarnesio.com.br\\\/?s={search_term_string}\"},\"query-input\":{\"@type\":\"PropertyValueSpecification\",\"valueRequired\":true,\"valueName\":\"search_term_string\"}}],\"inLanguage\":\"pt-BR\"},{\"@type\":\"Organization\",\"@id\":\"https:\\\/\\\/blogdofarnesio.com.br\\\/#organization\",\"name\":\"Blog do Farn\u00e9sio\",\"url\":\"https:\\\/\\\/blogdofarnesio.com.br\\\/\",\"logo\":{\"@type\":\"ImageObject\",\"inLanguage\":\"pt-BR\",\"@id\":\"https:\\\/\\\/blogdofarnesio.com.br\\\/#\\\/schema\\\/logo\\\/image\\\/\",\"url\":\"https:\\\/\\\/blogdofarnesio.com.br\\\/wp-content\\\/uploads\\\/2026\\\/03\\\/cropped-logo_new-1.png\",\"contentUrl\":\"https:\\\/\\\/blogdofarnesio.com.br\\\/wp-content\\\/uploads\\\/2026\\\/03\\\/cropped-logo_new-1.png\",\"width\":881,\"height\":685,\"caption\":\"Blog do Farn\u00e9sio\"},\"image\":{\"@id\":\"https:\\\/\\\/blogdofarnesio.com.br\\\/#\\\/schema\\\/logo\\\/image\\\/\"},\"sameAs\":[\"https:\\\/\\\/www.facebook.com\\\/BlogQuerSaberPolitica\\\/\"]},{\"@type\":\"Person\",\"@id\":\"\",\"url\":\"https:\\\/\\\/blogdofarnesio.com.br\\\/?author=7\"}]}<\/script>\n<!-- \/ Yoast SEO plugin. -->","yoast_head_json":{"title":"GRUPOS BLOQUEIAM RODOVIAS DA BAHIA EM ATOS CONTRA PEC QUE LIMITA GASTOS - Blog do Farn\u00e9sio","robots":{"index":"index","follow":"follow","max-snippet":"max-snippet:-1","max-image-preview":"max-image-preview:large","max-video-preview":"max-video-preview:-1"},"canonical":"https:\/\/blogdofarnesio.com.br\/?p=150855","og_locale":"pt_BR","og_type":"article","og_title":"GRUPOS BLOQUEIAM RODOVIAS DA BAHIA EM ATOS CONTRA PEC QUE LIMITA GASTOS - Blog do Farn\u00e9sio","og_description":"Um grupo de manifestantes bloqueia os dois sentidos da BR-116, na altura do km 366, pr\u00f3ximo ao munic\u00edpio de Lamar\u00e3o, a cerca de 180 quil\u00f4metros de Salvador, na manh\u00e3 desta sexta-feira (11). Segundo informa\u00e7\u00f5es da Pol\u00edcia Rodovi\u00e1ria Federal, o protesto acontece contra a PEC 55\/16 &#8211; a conhecida PEC 241\/16 &#8211; que prev\u00ea o congelamento dos investimentos p\u00fablicos em todas as \u00e1reas pelos pr\u00f3ximos 20 anos, nas tr\u00eas esferas de poder. Tamb\u00e9m h\u00e1 atos na BR-415, na regi\u00e3o de Itabuna, e\u00a0BA-535 (Via Parafuso), em Cama\u00e7ari. Ainda de acordo com a PRF, o ato come\u00e7ou por volta das 6h30 e \u00e9 organizado pela Central \u00danica dos Trabalhadores (CUT). O grupo queima galhos na pista para bloquear a passagem de ve\u00edculos e&hellip;","og_url":"https:\/\/blogdofarnesio.com.br\/?p=150855","og_site_name":"Blog do Farn\u00e9sio","article_publisher":"https:\/\/www.facebook.com\/BlogQuerSaberPolitica\/","article_published_time":"2016-11-11T15:00:03+00:00","og_image":[{"url":"http:\/\/www.quersaberpolitica.com.br\/2016\/wp-content\/uploads\/2016\/11\/blog-qsp-protestos-bahia-pec-300x225.jpg","type":"","width":"","height":""}],"twitter_card":"summary_large_image","twitter_misc":{"Escrito por":"","Est. tempo de leitura":"2 minutos"},"schema":{"@context":"https:\/\/schema.org","@graph":[{"@type":"Article","@id":"https:\/\/blogdofarnesio.com.br\/?p=150855#article","isPartOf":{"@id":"https:\/\/blogdofarnesio.com.br\/?p=150855"},"author":{"name":"","@id":""},"headline":"GRUPOS BLOQUEIAM RODOVIAS DA BAHIA EM ATOS CONTRA PEC QUE LIMITA GASTOS","datePublished":"2016-11-11T15:00:03+00:00","mainEntityOfPage":{"@id":"https:\/\/blogdofarnesio.com.br\/?p=150855"},"wordCount":502,"commentCount":0,"publisher":{"@id":"https:\/\/blogdofarnesio.com.br\/#organization"},"image":{"@id":"https:\/\/blogdofarnesio.com.br\/?p=150855#primaryimage"},"thumbnailUrl":"http:\/\/www.quersaberpolitica.com.br\/2016\/wp-content\/uploads\/2016\/11\/blog-qsp-protestos-bahia-pec-300x225.jpg","articleSection":["Estradas"],"inLanguage":"pt-BR","potentialAction":[{"@type":"CommentAction","name":"Comment","target":["https:\/\/blogdofarnesio.com.br\/?p=150855#respond"]}]},{"@type":"WebPage","@id":"https:\/\/blogdofarnesio.com.br\/?p=150855","url":"https:\/\/blogdofarnesio.com.br\/?p=150855","name":"GRUPOS BLOQUEIAM RODOVIAS DA BAHIA EM ATOS CONTRA PEC QUE LIMITA GASTOS - Blog do Farn\u00e9sio","isPartOf":{"@id":"https:\/\/blogdofarnesio.com.br\/#website"},"primaryImageOfPage":{"@id":"https:\/\/blogdofarnesio.com.br\/?p=150855#primaryimage"},"image":{"@id":"https:\/\/blogdofarnesio.com.br\/?p=150855#primaryimage"},"thumbnailUrl":"http:\/\/www.quersaberpolitica.com.br\/2016\/wp-content\/uploads\/2016\/11\/blog-qsp-protestos-bahia-pec-300x225.jpg","datePublished":"2016-11-11T15:00:03+00:00","breadcrumb":{"@id":"https:\/\/blogdofarnesio.com.br\/?p=150855#breadcrumb"},"inLanguage":"pt-BR","potentialAction":[{"@type":"ReadAction","target":["https:\/\/blogdofarnesio.com.br\/?p=150855"]}]},{"@type":"ImageObject","inLanguage":"pt-BR","@id":"https:\/\/blogdofarnesio.com.br\/?p=150855#primaryimage","url":"http:\/\/www.quersaberpolitica.com.br\/2016\/wp-content\/uploads\/2016\/11\/blog-qsp-protestos-bahia-pec-300x225.jpg","contentUrl":"http:\/\/www.quersaberpolitica.com.br\/2016\/wp-content\/uploads\/2016\/11\/blog-qsp-protestos-bahia-pec-300x225.jpg"},{"@type":"BreadcrumbList","@id":"https:\/\/blogdofarnesio.com.br\/?p=150855#breadcrumb","itemListElement":[{"@type":"ListItem","position":1,"name":"In\u00edcio","item":"https:\/\/blogdofarnesio.com.br\/"},{"@type":"ListItem","position":2,"name":"GRUPOS BLOQUEIAM RODOVIAS DA BAHIA EM ATOS CONTRA PEC QUE LIMITA GASTOS"}]},{"@type":"WebSite","@id":"https:\/\/blogdofarnesio.com.br\/#website","url":"https:\/\/blogdofarnesio.com.br\/","name":"Blog do Farn\u00e9sio","description":"Quer Saber Pol\u00edtica?","publisher":{"@id":"https:\/\/blogdofarnesio.com.br\/#organization"},"potentialAction":[{"@type":"SearchAction","target":{"@type":"EntryPoint","urlTemplate":"https:\/\/blogdofarnesio.com.br\/?s={search_term_string}"},"query-input":{"@type":"PropertyValueSpecification","valueRequired":true,"valueName":"search_term_string"}}],"inLanguage":"pt-BR"},{"@type":"Organization","@id":"https:\/\/blogdofarnesio.com.br\/#organization","name":"Blog do Farn\u00e9sio","url":"https:\/\/blogdofarnesio.com.br\/","logo":{"@type":"ImageObject","inLanguage":"pt-BR","@id":"https:\/\/blogdofarnesio.com.br\/#\/schema\/logo\/image\/","url":"https:\/\/blogdofarnesio.com.br\/wp-content\/uploads\/2026\/03\/cropped-logo_new-1.png","contentUrl":"https:\/\/blogdofarnesio.com.br\/wp-content\/uploads\/2026\/03\/cropped-logo_new-1.png","width":881,"height":685,"caption":"Blog do Farn\u00e9sio"},"image":{"@id":"https:\/\/blogdofarnesio.com.br\/#\/schema\/logo\/image\/"},"sameAs":["https:\/\/www.facebook.com\/BlogQuerSaberPolitica\/"]},{"@type":"Person","@id":"","url":"https:\/\/blogdofarnesio.com.br\/?author=7"}]}},"_links":{"self":[{"href":"https:\/\/blogdofarnesio.com.br\/index.php?rest_route=\/wp\/v2\/posts\/150855","targetHints":{"allow":["GET"]}}],"collection":[{"href":"https:\/\/blogdofarnesio.com.br\/index.php?rest_route=\/wp\/v2\/posts"}],"about":[{"href":"https:\/\/blogdofarnesio.com.br\/index.php?rest_route=\/wp\/v2\/types\/post"}],"author":[{"embeddable":true,"href":"https:\/\/blogdofarnesio.com.br\/index.php?rest_route=\/wp\/v2\/users\/7"}],"replies":[{"embeddable":true,"href":"https:\/\/blogdofarnesio.com.br\/index.php?rest_route=%2Fwp%2Fv2%2Fcomments&post=150855"}],"version-history":[{"count":0,"href":"https:\/\/blogdofarnesio.com.br\/index.php?rest_route=\/wp\/v2\/posts\/150855\/revisions"}],"wp:attachment":[{"href":"https:\/\/blogdofarnesio.com.br\/index.php?rest_route=%2Fwp%2Fv2%2Fmedia&parent=150855"}],"wp:term":[{"taxonomy":"category","embeddable":true,"href":"https:\/\/blogdofarnesio.com.br\/index.php?rest_route=%2Fwp%2Fv2%2Fcategories&post=150855"},{"taxonomy":"post_tag","embeddable":true,"href":"https:\/\/blogdofarnesio.com.br\/index.php?rest_route=%2Fwp%2Fv2%2Ftags&post=150855"}],"curies":[{"name":"wp","href":"https:\/\/api.w.org\/{rel}","templated":true}]}}