{"id":150811,"date":"2016-11-11T09:40:00","date_gmt":"2016-11-11T12:40:00","guid":{"rendered":"http:\/\/www.quersaberpolitica.com.br\/?p=150811"},"modified":"2016-11-11T07:23:29","modified_gmt":"2016-11-11T10:23:29","slug":"profissionais-da-atencao-basica-de-juazeiro-recebem-capacitacao-para-testes-rapidos-em-aidsdst","status":"publish","type":"post","link":"https:\/\/blogdofarnesio.com.br\/?p=150811","title":{"rendered":"PROFISSIONAIS DA ATEN\u00c7\u00c3O B\u00c1SICA DE JUAZEIRO RECEBEM CAPACITA\u00c7\u00c3O PARA TESTES R\u00c1PIDOS EM AIDS\/DST"},"content":{"rendered":"<p style=\"text-align: justify\"><a href=\"http:\/\/www.quersaberpolitica.com.br\/2016\/wp-content\/uploads\/2016\/11\/blog-qsp-palestra-enferemeiros.jpg\"><img loading=\"lazy\" decoding=\"async\" class=\" wp-image-150812 aligncenter\" src=\"http:\/\/www.quersaberpolitica.com.br\/2016\/wp-content\/uploads\/2016\/11\/blog-qsp-palestra-enferemeiros-300x169.jpg\" alt=\"blog-qsp-palestra-enferemeiros\" width=\"414\" height=\"239\" \/><\/a><\/p>\n<p style=\"text-align: justify\">A prefeitura de Juazeiro, por meio da secretaria municipal de Sa\u00fade promoveu na manh\u00e3 de ontem (10), no audit\u00f3rio da secretaria uma palestra sobre teste r\u00e1pido DST\/Aids e Hepatites Virais para os enfermeiros da rede de Aten\u00e7\u00e3o B\u00e1sica do munic\u00edpio. O treinamento foi ministrado pela\u00a0 coordenadora Geral de Log\u00edstica e DST\/AIDS do munic\u00edpio, Magna Cavalcante.<\/p>\n<p style=\"text-align: justify\">Essa atividade teve como objetivo atualizar os profissionais para o teste r\u00e1pido do diagn\u00f3stico precoce do HIV e triagem da s\u00edfilis, prevenindo assim a transmiss\u00e3o vertical da m\u00e3e para o beb\u00ea nas unidades de sa\u00fade para que possam executar, o quanto antes, os testes r\u00e1pidos de S\u00edfilis e Hepatite B e C. Foi feito tamb\u00e9m um repasse do SISLOGGLAB que \u00e9 um sistema de controle log\u00edstico de insumos laboratoriais para melhorar a capacidade de resposta e planejar as aquisi\u00e7\u00f5es dos kits.<\/p>\n<p style=\"text-align: justify\"><!--more--><\/p>\n<p style=\"text-align: justify\">Magna Cavalcante explicou que o diagn\u00f3stico da infec\u00e7\u00e3o pelo HIV e da s\u00edfilis durante o per\u00edodo gestacional \u00e9 fundamental para a redu\u00e7\u00e3o das taxas de transmiss\u00e3o do HIV e a elimina\u00e7\u00e3o da s\u00edfilis cong\u00eanita. \u201cEssa atividade foi para atualizar as equipes de Aten\u00e7\u00e3o B\u00e1sica com os testes r\u00e1pidos e a log\u00edstica de insumos e kits. Nosso objetivo \u00e9 que seja detectado o quando antes essas doen\u00e7as come\u00e7ando por quem est\u00e1 mais pr\u00f3ximo da comunidade\u201d, disse.<\/p>\n<p style=\"text-align: justify\">A enfermeira Rosa de C\u00e1ssia, falou sobre a import\u00e2ncia da atividade e do diagnostico precoce da doen\u00e7a, principalmente em gestantes. \u201cFoi um momento de tirar d\u00favidas e trocar experi\u00eancias. O enfermeiro precisa estar sensibilizado de uma maneira mais humana para informar o resultado positivo de HIV, por exemplo, de modo a n\u00e3o impactar tanto o paciente. Foi uma manh\u00e3 proveitosa para n\u00f3s profissionais\u201d, declarou.<\/p>\n<p style=\"text-align: justify\">A realiza\u00e7\u00e3o do exame consiste em extrair uma pequena quantidade de sangue do dedo do usu\u00e1rio e em aproximadamente 20 minutos o profissional de sa\u00fade emite os laudos de diagn\u00f3stico comprovando ou n\u00e3o a presen\u00e7a das DSTs. O teste est\u00e1 dispon\u00edvel para maiores de 18 anos nas Unidades B\u00e1sicas de Sa\u00fade do munic\u00edpio, que contam com kits prontos para agilizar a realiza\u00e7\u00e3o dos exames. Caso haja confirma\u00e7\u00e3o de alguma das doen\u00e7as, a equipe de sa\u00fade encaminha de imediato o paciente para assist\u00eancia m\u00e9dica especializada.<\/p>\n<p style=\"text-align: justify\">Segundo a Diretora de Aten\u00e7\u00e3o B\u00e1sica, Lara Ramos, o treinamento ajuda a ampliar a rede de testagem e aumenta \u00e0 preven\u00e7\u00e3o da doen\u00e7a. \u201cNosso maior desafio \u00e9 fazer um trabalho educativo de preven\u00e7\u00e3o em nossos bairros a essas doen\u00e7as. A a\u00e7\u00e3o ofertou uma atualiza\u00e7\u00e3o sobre as doen\u00e7as a esses profissionais. A equipe da Secretaria de Sa\u00fade est\u00e1 organizando uma a\u00e7\u00e3o maior para o Dia Mundial da Luta contra a Aids, 1\u00ba de dezembro, em conscientiza\u00e7\u00e3o sobre a doen\u00e7a e a import\u00e2ncia do cidad\u00e3o realizar os exames\u201d, concluiu Lara.<\/p>\n<p><strong><u>Juazeiro disp\u00f5e do servi\u00e7o em tratamento da DST\/AIDS<\/u><\/strong><\/p>\n<p>O Centro de Informa\u00e7\u00f5es de DST, HIV e AIDS de Juazeiro presta atendimentos especializados, testagem de sorologia (HIV, s\u00edfilis e hepatites virais) e acolhimento aos usu\u00e1rios de Juazeiro, Petrolina e de munic\u00edpios da Macrorregi\u00e3o Norte da Bahia. Al\u00e9m disso realiza consultas e atendimentos pela equipe multiprofissional do N\u00facleo, formada por m\u00e9dico, dentista, farmac\u00eautico, psic\u00f3loga, enfermeira, assistente social e auxiliar de enfermagem.<\/p>\n<p>O N\u00facleo funciona das 8h \u00e0s 17h, de segunda a quinta-feira, oferecendo v\u00e1rios servi\u00e7os para a popula\u00e7\u00e3o, como distribui\u00e7\u00e3o gratuita de medicamentos, preservativos, al\u00e9m da realiza\u00e7\u00e3o de exames de sorologia para HIV, S\u00edfilis e Hepatite.<\/p>\n<p>O CIDHA fica localizado na Rua 07, n\u00ba 279, bairro Maring\u00e1, onde funcionava o antigo posto de sa\u00fade<\/p>\n<p><strong><em>Daniela Duarte\/SESAU<\/em><\/strong><\/p>\n","protected":false},"excerpt":{"rendered":"<p>A prefeitura de Juazeiro, por meio da secretaria municipal de Sa\u00fade promoveu na manh\u00e3 de ontem (10), no audit\u00f3rio da secretaria uma palestra sobre teste r\u00e1pido DST\/Aids e Hepatites Virais para os enfermeiros da rede de Aten\u00e7\u00e3o B\u00e1sica do munic\u00edpio. O treinamento foi ministrado pela\u00a0 coordenadora Geral de Log\u00edstica e DST\/AIDS do munic\u00edpio, Magna Cavalcante. Essa atividade teve como objetivo atualizar os profissionais para o teste r\u00e1pido do diagn\u00f3stico precoce do HIV e triagem da s\u00edfilis, prevenindo assim a transmiss\u00e3o vertical da m\u00e3e para o beb\u00ea nas unidades de sa\u00fade para que possam executar, o quanto antes, os testes r\u00e1pidos de S\u00edfilis e Hepatite B e C. Foi feito tamb\u00e9m um repasse do SISLOGGLAB que \u00e9 um sistema de controle&hellip; <\/p>\n","protected":false},"author":7,"featured_media":0,"comment_status":"open","ping_status":"open","sticky":false,"template":"","format":"standard","meta":{"_acf_changed":false,"footnotes":""},"categories":[44,4],"tags":[],"class_list":["post-150811","post","type-post","status-publish","format-standard","hentry","category-administracao","category-saude"],"acf":[],"yoast_head":"<!-- This site is optimized with the Yoast SEO plugin v27.4 - https:\/\/yoast.com\/product\/yoast-seo-wordpress\/ -->\n<title>PROFISSIONAIS DA ATEN\u00c7\u00c3O B\u00c1SICA DE JUAZEIRO RECEBEM CAPACITA\u00c7\u00c3O PARA TESTES R\u00c1PIDOS EM AIDS\/DST - Blog do Farn\u00e9sio<\/title>\n<meta name=\"robots\" content=\"index, follow, max-snippet:-1, max-image-preview:large, max-video-preview:-1\" \/>\n<link rel=\"canonical\" href=\"https:\/\/blogdofarnesio.com.br\/?p=150811\" \/>\n<meta property=\"og:locale\" content=\"pt_BR\" \/>\n<meta property=\"og:type\" content=\"article\" \/>\n<meta property=\"og:title\" content=\"PROFISSIONAIS DA ATEN\u00c7\u00c3O B\u00c1SICA DE JUAZEIRO RECEBEM CAPACITA\u00c7\u00c3O PARA TESTES R\u00c1PIDOS EM AIDS\/DST - Blog do Farn\u00e9sio\" \/>\n<meta property=\"og:description\" content=\"A prefeitura de Juazeiro, por meio da secretaria municipal de Sa\u00fade promoveu na manh\u00e3 de ontem (10), no audit\u00f3rio da secretaria uma palestra sobre teste r\u00e1pido DST\/Aids e Hepatites Virais para os enfermeiros da rede de Aten\u00e7\u00e3o B\u00e1sica do munic\u00edpio. O treinamento foi ministrado pela\u00a0 coordenadora Geral de Log\u00edstica e DST\/AIDS do munic\u00edpio, Magna Cavalcante. Essa atividade teve como objetivo atualizar os profissionais para o teste r\u00e1pido do diagn\u00f3stico precoce do HIV e triagem da s\u00edfilis, prevenindo assim a transmiss\u00e3o vertical da m\u00e3e para o beb\u00ea nas unidades de sa\u00fade para que possam executar, o quanto antes, os testes r\u00e1pidos de S\u00edfilis e Hepatite B e C. Foi feito tamb\u00e9m um repasse do SISLOGGLAB que \u00e9 um sistema de controle&hellip;\" \/>\n<meta property=\"og:url\" content=\"https:\/\/blogdofarnesio.com.br\/?p=150811\" \/>\n<meta property=\"og:site_name\" content=\"Blog do Farn\u00e9sio\" \/>\n<meta property=\"article:publisher\" content=\"https:\/\/www.facebook.com\/BlogQuerSaberPolitica\/\" \/>\n<meta property=\"article:published_time\" content=\"2016-11-11T12:40:00+00:00\" \/>\n<meta property=\"og:image\" content=\"http:\/\/www.quersaberpolitica.com.br\/2016\/wp-content\/uploads\/2016\/11\/blog-qsp-palestra-enferemeiros-300x169.jpg\" \/>\n<meta name=\"twitter:card\" content=\"summary_large_image\" \/>\n<meta name=\"twitter:label1\" content=\"Escrito por\" \/>\n\t<meta name=\"twitter:data1\" content=\"\" \/>\n\t<meta name=\"twitter:label2\" content=\"Est. tempo de leitura\" \/>\n\t<meta name=\"twitter:data2\" content=\"3 minutos\" \/>\n<script type=\"application\/ld+json\" class=\"yoast-schema-graph\">{\"@context\":\"https:\\\/\\\/schema.org\",\"@graph\":[{\"@type\":\"Article\",\"@id\":\"https:\\\/\\\/blogdofarnesio.com.br\\\/?p=150811#article\",\"isPartOf\":{\"@id\":\"https:\\\/\\\/blogdofarnesio.com.br\\\/?p=150811\"},\"author\":{\"name\":\"\",\"@id\":\"\"},\"headline\":\"PROFISSIONAIS DA ATEN\u00c7\u00c3O B\u00c1SICA DE JUAZEIRO RECEBEM CAPACITA\u00c7\u00c3O PARA TESTES R\u00c1PIDOS EM AIDS\\\/DST\",\"datePublished\":\"2016-11-11T12:40:00+00:00\",\"mainEntityOfPage\":{\"@id\":\"https:\\\/\\\/blogdofarnesio.com.br\\\/?p=150811\"},\"wordCount\":676,\"commentCount\":0,\"publisher\":{\"@id\":\"https:\\\/\\\/blogdofarnesio.com.br\\\/#organization\"},\"image\":{\"@id\":\"https:\\\/\\\/blogdofarnesio.com.br\\\/?p=150811#primaryimage\"},\"thumbnailUrl\":\"http:\\\/\\\/www.quersaberpolitica.com.br\\\/2016\\\/wp-content\\\/uploads\\\/2016\\\/11\\\/blog-qsp-palestra-enferemeiros-300x169.jpg\",\"articleSection\":[\"Administra\u00e7\u00e3o\",\"Sa\u00fade\"],\"inLanguage\":\"pt-BR\",\"potentialAction\":[{\"@type\":\"CommentAction\",\"name\":\"Comment\",\"target\":[\"https:\\\/\\\/blogdofarnesio.com.br\\\/?p=150811#respond\"]}]},{\"@type\":\"WebPage\",\"@id\":\"https:\\\/\\\/blogdofarnesio.com.br\\\/?p=150811\",\"url\":\"https:\\\/\\\/blogdofarnesio.com.br\\\/?p=150811\",\"name\":\"PROFISSIONAIS DA ATEN\u00c7\u00c3O B\u00c1SICA DE JUAZEIRO RECEBEM CAPACITA\u00c7\u00c3O PARA TESTES R\u00c1PIDOS EM AIDS\\\/DST - Blog do Farn\u00e9sio\",\"isPartOf\":{\"@id\":\"https:\\\/\\\/blogdofarnesio.com.br\\\/#website\"},\"primaryImageOfPage\":{\"@id\":\"https:\\\/\\\/blogdofarnesio.com.br\\\/?p=150811#primaryimage\"},\"image\":{\"@id\":\"https:\\\/\\\/blogdofarnesio.com.br\\\/?p=150811#primaryimage\"},\"thumbnailUrl\":\"http:\\\/\\\/www.quersaberpolitica.com.br\\\/2016\\\/wp-content\\\/uploads\\\/2016\\\/11\\\/blog-qsp-palestra-enferemeiros-300x169.jpg\",\"datePublished\":\"2016-11-11T12:40:00+00:00\",\"breadcrumb\":{\"@id\":\"https:\\\/\\\/blogdofarnesio.com.br\\\/?p=150811#breadcrumb\"},\"inLanguage\":\"pt-BR\",\"potentialAction\":[{\"@type\":\"ReadAction\",\"target\":[\"https:\\\/\\\/blogdofarnesio.com.br\\\/?p=150811\"]}]},{\"@type\":\"ImageObject\",\"inLanguage\":\"pt-BR\",\"@id\":\"https:\\\/\\\/blogdofarnesio.com.br\\\/?p=150811#primaryimage\",\"url\":\"http:\\\/\\\/www.quersaberpolitica.com.br\\\/2016\\\/wp-content\\\/uploads\\\/2016\\\/11\\\/blog-qsp-palestra-enferemeiros-300x169.jpg\",\"contentUrl\":\"http:\\\/\\\/www.quersaberpolitica.com.br\\\/2016\\\/wp-content\\\/uploads\\\/2016\\\/11\\\/blog-qsp-palestra-enferemeiros-300x169.jpg\"},{\"@type\":\"BreadcrumbList\",\"@id\":\"https:\\\/\\\/blogdofarnesio.com.br\\\/?p=150811#breadcrumb\",\"itemListElement\":[{\"@type\":\"ListItem\",\"position\":1,\"name\":\"In\u00edcio\",\"item\":\"https:\\\/\\\/blogdofarnesio.com.br\\\/\"},{\"@type\":\"ListItem\",\"position\":2,\"name\":\"PROFISSIONAIS DA ATEN\u00c7\u00c3O B\u00c1SICA DE JUAZEIRO RECEBEM CAPACITA\u00c7\u00c3O PARA TESTES R\u00c1PIDOS EM AIDS\\\/DST\"}]},{\"@type\":\"WebSite\",\"@id\":\"https:\\\/\\\/blogdofarnesio.com.br\\\/#website\",\"url\":\"https:\\\/\\\/blogdofarnesio.com.br\\\/\",\"name\":\"Blog do Farn\u00e9sio\",\"description\":\"Quer Saber Pol\u00edtica?\",\"publisher\":{\"@id\":\"https:\\\/\\\/blogdofarnesio.com.br\\\/#organization\"},\"potentialAction\":[{\"@type\":\"SearchAction\",\"target\":{\"@type\":\"EntryPoint\",\"urlTemplate\":\"https:\\\/\\\/blogdofarnesio.com.br\\\/?s={search_term_string}\"},\"query-input\":{\"@type\":\"PropertyValueSpecification\",\"valueRequired\":true,\"valueName\":\"search_term_string\"}}],\"inLanguage\":\"pt-BR\"},{\"@type\":\"Organization\",\"@id\":\"https:\\\/\\\/blogdofarnesio.com.br\\\/#organization\",\"name\":\"Blog do Farn\u00e9sio\",\"url\":\"https:\\\/\\\/blogdofarnesio.com.br\\\/\",\"logo\":{\"@type\":\"ImageObject\",\"inLanguage\":\"pt-BR\",\"@id\":\"https:\\\/\\\/blogdofarnesio.com.br\\\/#\\\/schema\\\/logo\\\/image\\\/\",\"url\":\"https:\\\/\\\/blogdofarnesio.com.br\\\/wp-content\\\/uploads\\\/2026\\\/03\\\/cropped-logo_new-1.png\",\"contentUrl\":\"https:\\\/\\\/blogdofarnesio.com.br\\\/wp-content\\\/uploads\\\/2026\\\/03\\\/cropped-logo_new-1.png\",\"width\":881,\"height\":685,\"caption\":\"Blog do Farn\u00e9sio\"},\"image\":{\"@id\":\"https:\\\/\\\/blogdofarnesio.com.br\\\/#\\\/schema\\\/logo\\\/image\\\/\"},\"sameAs\":[\"https:\\\/\\\/www.facebook.com\\\/BlogQuerSaberPolitica\\\/\"]},{\"@type\":\"Person\",\"@id\":\"\",\"url\":\"https:\\\/\\\/blogdofarnesio.com.br\\\/?author=7\"}]}<\/script>\n<!-- \/ Yoast SEO plugin. -->","yoast_head_json":{"title":"PROFISSIONAIS DA ATEN\u00c7\u00c3O B\u00c1SICA DE JUAZEIRO RECEBEM CAPACITA\u00c7\u00c3O PARA TESTES R\u00c1PIDOS EM AIDS\/DST - Blog do Farn\u00e9sio","robots":{"index":"index","follow":"follow","max-snippet":"max-snippet:-1","max-image-preview":"max-image-preview:large","max-video-preview":"max-video-preview:-1"},"canonical":"https:\/\/blogdofarnesio.com.br\/?p=150811","og_locale":"pt_BR","og_type":"article","og_title":"PROFISSIONAIS DA ATEN\u00c7\u00c3O B\u00c1SICA DE JUAZEIRO RECEBEM CAPACITA\u00c7\u00c3O PARA TESTES R\u00c1PIDOS EM AIDS\/DST - Blog do Farn\u00e9sio","og_description":"A prefeitura de Juazeiro, por meio da secretaria municipal de Sa\u00fade promoveu na manh\u00e3 de ontem (10), no audit\u00f3rio da secretaria uma palestra sobre teste r\u00e1pido DST\/Aids e Hepatites Virais para os enfermeiros da rede de Aten\u00e7\u00e3o B\u00e1sica do munic\u00edpio. O treinamento foi ministrado pela\u00a0 coordenadora Geral de Log\u00edstica e DST\/AIDS do munic\u00edpio, Magna Cavalcante. Essa atividade teve como objetivo atualizar os profissionais para o teste r\u00e1pido do diagn\u00f3stico precoce do HIV e triagem da s\u00edfilis, prevenindo assim a transmiss\u00e3o vertical da m\u00e3e para o beb\u00ea nas unidades de sa\u00fade para que possam executar, o quanto antes, os testes r\u00e1pidos de S\u00edfilis e Hepatite B e C. Foi feito tamb\u00e9m um repasse do SISLOGGLAB que \u00e9 um sistema de controle&hellip;","og_url":"https:\/\/blogdofarnesio.com.br\/?p=150811","og_site_name":"Blog do Farn\u00e9sio","article_publisher":"https:\/\/www.facebook.com\/BlogQuerSaberPolitica\/","article_published_time":"2016-11-11T12:40:00+00:00","og_image":[{"url":"http:\/\/www.quersaberpolitica.com.br\/2016\/wp-content\/uploads\/2016\/11\/blog-qsp-palestra-enferemeiros-300x169.jpg","type":"","width":"","height":""}],"twitter_card":"summary_large_image","twitter_misc":{"Escrito por":"","Est. tempo de leitura":"3 minutos"},"schema":{"@context":"https:\/\/schema.org","@graph":[{"@type":"Article","@id":"https:\/\/blogdofarnesio.com.br\/?p=150811#article","isPartOf":{"@id":"https:\/\/blogdofarnesio.com.br\/?p=150811"},"author":{"name":"","@id":""},"headline":"PROFISSIONAIS DA ATEN\u00c7\u00c3O B\u00c1SICA DE JUAZEIRO RECEBEM CAPACITA\u00c7\u00c3O PARA TESTES R\u00c1PIDOS EM AIDS\/DST","datePublished":"2016-11-11T12:40:00+00:00","mainEntityOfPage":{"@id":"https:\/\/blogdofarnesio.com.br\/?p=150811"},"wordCount":676,"commentCount":0,"publisher":{"@id":"https:\/\/blogdofarnesio.com.br\/#organization"},"image":{"@id":"https:\/\/blogdofarnesio.com.br\/?p=150811#primaryimage"},"thumbnailUrl":"http:\/\/www.quersaberpolitica.com.br\/2016\/wp-content\/uploads\/2016\/11\/blog-qsp-palestra-enferemeiros-300x169.jpg","articleSection":["Administra\u00e7\u00e3o","Sa\u00fade"],"inLanguage":"pt-BR","potentialAction":[{"@type":"CommentAction","name":"Comment","target":["https:\/\/blogdofarnesio.com.br\/?p=150811#respond"]}]},{"@type":"WebPage","@id":"https:\/\/blogdofarnesio.com.br\/?p=150811","url":"https:\/\/blogdofarnesio.com.br\/?p=150811","name":"PROFISSIONAIS DA ATEN\u00c7\u00c3O B\u00c1SICA DE JUAZEIRO RECEBEM CAPACITA\u00c7\u00c3O PARA TESTES R\u00c1PIDOS EM AIDS\/DST - Blog do Farn\u00e9sio","isPartOf":{"@id":"https:\/\/blogdofarnesio.com.br\/#website"},"primaryImageOfPage":{"@id":"https:\/\/blogdofarnesio.com.br\/?p=150811#primaryimage"},"image":{"@id":"https:\/\/blogdofarnesio.com.br\/?p=150811#primaryimage"},"thumbnailUrl":"http:\/\/www.quersaberpolitica.com.br\/2016\/wp-content\/uploads\/2016\/11\/blog-qsp-palestra-enferemeiros-300x169.jpg","datePublished":"2016-11-11T12:40:00+00:00","breadcrumb":{"@id":"https:\/\/blogdofarnesio.com.br\/?p=150811#breadcrumb"},"inLanguage":"pt-BR","potentialAction":[{"@type":"ReadAction","target":["https:\/\/blogdofarnesio.com.br\/?p=150811"]}]},{"@type":"ImageObject","inLanguage":"pt-BR","@id":"https:\/\/blogdofarnesio.com.br\/?p=150811#primaryimage","url":"http:\/\/www.quersaberpolitica.com.br\/2016\/wp-content\/uploads\/2016\/11\/blog-qsp-palestra-enferemeiros-300x169.jpg","contentUrl":"http:\/\/www.quersaberpolitica.com.br\/2016\/wp-content\/uploads\/2016\/11\/blog-qsp-palestra-enferemeiros-300x169.jpg"},{"@type":"BreadcrumbList","@id":"https:\/\/blogdofarnesio.com.br\/?p=150811#breadcrumb","itemListElement":[{"@type":"ListItem","position":1,"name":"In\u00edcio","item":"https:\/\/blogdofarnesio.com.br\/"},{"@type":"ListItem","position":2,"name":"PROFISSIONAIS DA ATEN\u00c7\u00c3O B\u00c1SICA DE JUAZEIRO RECEBEM CAPACITA\u00c7\u00c3O PARA TESTES R\u00c1PIDOS EM AIDS\/DST"}]},{"@type":"WebSite","@id":"https:\/\/blogdofarnesio.com.br\/#website","url":"https:\/\/blogdofarnesio.com.br\/","name":"Blog do Farn\u00e9sio","description":"Quer Saber Pol\u00edtica?","publisher":{"@id":"https:\/\/blogdofarnesio.com.br\/#organization"},"potentialAction":[{"@type":"SearchAction","target":{"@type":"EntryPoint","urlTemplate":"https:\/\/blogdofarnesio.com.br\/?s={search_term_string}"},"query-input":{"@type":"PropertyValueSpecification","valueRequired":true,"valueName":"search_term_string"}}],"inLanguage":"pt-BR"},{"@type":"Organization","@id":"https:\/\/blogdofarnesio.com.br\/#organization","name":"Blog do Farn\u00e9sio","url":"https:\/\/blogdofarnesio.com.br\/","logo":{"@type":"ImageObject","inLanguage":"pt-BR","@id":"https:\/\/blogdofarnesio.com.br\/#\/schema\/logo\/image\/","url":"https:\/\/blogdofarnesio.com.br\/wp-content\/uploads\/2026\/03\/cropped-logo_new-1.png","contentUrl":"https:\/\/blogdofarnesio.com.br\/wp-content\/uploads\/2026\/03\/cropped-logo_new-1.png","width":881,"height":685,"caption":"Blog do Farn\u00e9sio"},"image":{"@id":"https:\/\/blogdofarnesio.com.br\/#\/schema\/logo\/image\/"},"sameAs":["https:\/\/www.facebook.com\/BlogQuerSaberPolitica\/"]},{"@type":"Person","@id":"","url":"https:\/\/blogdofarnesio.com.br\/?author=7"}]}},"_links":{"self":[{"href":"https:\/\/blogdofarnesio.com.br\/index.php?rest_route=\/wp\/v2\/posts\/150811","targetHints":{"allow":["GET"]}}],"collection":[{"href":"https:\/\/blogdofarnesio.com.br\/index.php?rest_route=\/wp\/v2\/posts"}],"about":[{"href":"https:\/\/blogdofarnesio.com.br\/index.php?rest_route=\/wp\/v2\/types\/post"}],"author":[{"embeddable":true,"href":"https:\/\/blogdofarnesio.com.br\/index.php?rest_route=\/wp\/v2\/users\/7"}],"replies":[{"embeddable":true,"href":"https:\/\/blogdofarnesio.com.br\/index.php?rest_route=%2Fwp%2Fv2%2Fcomments&post=150811"}],"version-history":[{"count":0,"href":"https:\/\/blogdofarnesio.com.br\/index.php?rest_route=\/wp\/v2\/posts\/150811\/revisions"}],"wp:attachment":[{"href":"https:\/\/blogdofarnesio.com.br\/index.php?rest_route=%2Fwp%2Fv2%2Fmedia&parent=150811"}],"wp:term":[{"taxonomy":"category","embeddable":true,"href":"https:\/\/blogdofarnesio.com.br\/index.php?rest_route=%2Fwp%2Fv2%2Fcategories&post=150811"},{"taxonomy":"post_tag","embeddable":true,"href":"https:\/\/blogdofarnesio.com.br\/index.php?rest_route=%2Fwp%2Fv2%2Ftags&post=150811"}],"curies":[{"name":"wp","href":"https:\/\/api.w.org\/{rel}","templated":true}]}}