{"id":15080,"date":"2012-06-21T14:25:42","date_gmt":"2012-06-21T14:25:42","guid":{"rendered":"http:\/\/www.quersaberpolitica.com.br?p=15080"},"modified":"-0001-11-30T00:00:00","modified_gmt":"-0001-11-30T03:00:00","slug":"petrolina-fernando-filho-concede-entrevista-a-radio-local-e-anuncia-propostas-de-sua-plataforma-de-governo","status":"publish","type":"post","link":"https:\/\/blogdofarnesio.com.br\/?p=15080","title":{"rendered":"Petrolina: Fernando Filho concede entrevista \u00e0 r\u00e1dio local e anuncia propostas de sua plataforma de governo"},"content":{"rendered":"<p>&nbsp;<\/p>\n<p style=\"text-align: justify;\"><span style=\"font-size: medium;\"><span style=\"font-family: arial, helvetica, sans-serif;\"><a rel=\"lightbox\" href=\"http:\/\/www.quersaberpolitica.com.br\/2016\/wp-content\/uploads\/2012\/12\/blogqsp.fernandinho.jpg\"><img loading=\"lazy\" decoding=\"async\" style=\"float: right; margin: 5px 10px;\" src=\"http:\/\/www.quersaberpolitica.com.br\/2016\/wp-content\/uploads\/2012\/12\/blogqsp.fernandinho.jpg\" alt=\"\" width=\"200\" height=\"150\" \/><\/a>O deputado federal e pr&eacute;-candidato a prefeito de Petrolina (PE), Fernando Filho (PSB), participou na manh&atilde; de hoje (21), de entrevista promovida pela r&aacute;dio Petrolina FM, ao programa Edenevaldo Alves. O objetivo estabelecido pela emissora foi de permitir que o pr&eacute;-candidato falasse sobre sua plataforma de governo, bem como a sua poss&iacute;vel aplica&ccedil;&atilde;o na cidade.<\/span><\/span><\/p>\n<p style=\"text-align: justify;\"><span style=\"font-size: medium;\"><span style=\"font-family: arial, helvetica, sans-serif;\">Na oportunidade, Fernando Filho falou sobre a constru&ccedil;&atilde;o e desenvolvimento do plano de governo elaborado pelo diret&oacute;rio do partido e propostas formatadas para apresenta&ccedil;&atilde;o &agrave; sociedade. &#8220;Ouvimos a popula&ccedil;&atilde;o, as pessoas nas ruas, m&eacute;dicos, professores, engenheiros, servidores da prefeitura, arquitetos, profissionais liberais, entidades de classe, entre outros p&uacute;blicos, pra poder formatar o nosso programa de governo que se encaixe nas necessidades reais de Petrolina&#8221;, disse.<\/span><\/span><\/p>\n<p style=\"text-align: justify;\"><span style=\"font-size: medium;\"><span style=\"font-family: arial, helvetica, sans-serif;\">Ainda falou sobre a elabora&ccedil;&atilde;o do site colaborativo &#8220;Fala Petrolina&#8221; que capitou propostas atrav&eacute;s da internet. E tamb&eacute;m a realiza&ccedil;&atilde;o de grandes eventos por parte do Diret&oacute;rio do PSB. Um deles contou com a participa&ccedil;&atilde;o do, considerado pela pesquisa do Data Folha, melhor prefeito do Brasil, Luciano Ducci e de outra reuni&atilde;o com o secret&aacute;rio de educa&ccedil;&atilde;o de Sobral (CE), cidade com maior Ideb do Nordeste, J&uacute;lio C&eacute;sar da Costa Alexandre. Al&eacute;m de uma grande plen&aacute;ria que contou com a participa&ccedil;&atilde;o efetiva da popula&ccedil;&atilde;o da zona urbana e rural de Petrolina.<\/span><\/span><\/p>\n<p style=\"text-align: justify;\"><span style=\"font-size: medium;\"><span style=\"font-family: arial, helvetica, sans-serif;\">Fernando Filho tamb&eacute;m chamou a aten&ccedil;&atilde;o obras de infraestrutura que a cidade precisa urgentemente. Uma delas &eacute; implantar os primeiros viadutos urbanos, duplicar trechos urbanos da BR para favorecer o crescimento da cidade e lutar para agilizar estudos para constru&ccedil;&atilde;o da segunda ponte sobre o rio S&atilde;o Francisco. Ele lembrou que a cidade j&aacute; teve orgulho do tr&acirc;nsito bem estruturado. &#8220;O n&uacute;mero de ve&iacute;culos em 2006 era de 38 mil ve&iacute;culos, mas hoje passa dos 80 mil e n&atilde;o houve nenhuma grande obra estrutural de l&aacute; pra c&aacute;. Fernando est&aacute; com todo pique, mostrando que vem pra fazer a diferen&ccedil;a na cidade&#8221;, afirmou.<\/span><\/span><\/p>\n<p style=\"text-align: justify;\"><span style=\"font-size: medium;\"><span style=\"font-family: arial, helvetica, sans-serif;\">Outra quest&atilde;o que defendeu foi mais compromisso da prefeitura com o combate &agrave;s drogas e o atendimento a usu&aacute;rios de drogas e familiares. Informou que vai trazer para a cidade unidades do Programa ATITUDE, do governo do estado. No sert&atilde;o at&eacute; agora, s&oacute; existe esse trabalho em Floresta (PE), mas o pr&eacute;-candidato assegurou que vai recuperar o tempo perdido e oferecer servi&ccedil;o de qualidade, com unidades de apoio\/dia, unidades m&oacute;veis e de internamento. Tudo gratuito.<\/p>\n<p>Fernando Filho destacou a import&acirc;ncia da entrevista e parabenizou a emissora pela oportunidade de expor para a sociedade suas ideias e permitir que o conhe&ccedil;am mais como pr&eacute;-candidato a prefeito. &#8220;Agrade&ccedil;o a iniciativa da r&aacute;dio por esse momento de poder falar para a sua audi&ecirc;ncia. Venho servindo a Petrolina por seis anos como deputado federal. Foram dois mandatos na c&acirc;mara dos deputados que eu tive a alegria e o privilegio de receber essa confian&ccedil;a pelo povo pernambucano e principalmente pelo povo de Petrolina&#8221;, finalizou Fernando Filho.<\/span><\/span><\/p>\n<div><span style=\"font-size: medium;\"><span style=\"font-family: arial, helvetica, sans-serif;\"><br \/><\/span><\/span><\/div>\n<p>&nbsp;<\/p>\n","protected":false},"excerpt":{"rendered":"<p>&nbsp; O deputado federal e pr&eacute;-candidato a prefeito de Petrolina (PE), Fernando Filho (PSB), participou na manh&atilde; de hoje (21), de entrevista promovida pela r&aacute;dio Petrolina FM, ao programa Edenevaldo Alves. O objetivo estabelecido pela emissora foi de permitir que o pr&eacute;-candidato falasse sobre sua plataforma de governo, bem como a sua poss&iacute;vel aplica&ccedil;&atilde;o na cidade. Na oportunidade, Fernando Filho falou sobre a constru&ccedil;&atilde;o e desenvolvimento do plano de governo elaborado pelo diret&oacute;rio do partido e propostas formatadas para apresenta&ccedil;&atilde;o &agrave; sociedade. &#8220;Ouvimos a popula&ccedil;&atilde;o, as pessoas nas ruas, m&eacute;dicos, professores, engenheiros, servidores da prefeitura, arquitetos, profissionais liberais, entidades de classe, entre outros p&uacute;blicos, pra poder formatar o nosso programa de governo que se encaixe nas necessidades reais de Petrolina&#8221;,&hellip; <\/p>\n","protected":false},"author":0,"featured_media":0,"comment_status":"open","ping_status":"open","sticky":false,"template":"","format":"standard","meta":{"_acf_changed":false,"footnotes":""},"categories":[43],"tags":[],"class_list":["post-15080","post","type-post","status-publish","format-standard","hentry","category-sem-categoria"],"acf":[],"yoast_head":"<!-- This site is optimized with the Yoast SEO plugin v27.4 - https:\/\/yoast.com\/product\/yoast-seo-wordpress\/ -->\n<title>Petrolina: Fernando Filho concede entrevista \u00e0 r\u00e1dio local e anuncia propostas de sua plataforma de governo - Blog do Farn\u00e9sio<\/title>\n<meta name=\"robots\" content=\"index, follow, max-snippet:-1, max-image-preview:large, max-video-preview:-1\" \/>\n<link rel=\"canonical\" href=\"https:\/\/blogdofarnesio.com.br\/?p=15080\" \/>\n<meta property=\"og:locale\" content=\"pt_BR\" \/>\n<meta property=\"og:type\" content=\"article\" \/>\n<meta property=\"og:title\" content=\"Petrolina: Fernando Filho concede entrevista \u00e0 r\u00e1dio local e anuncia propostas de sua plataforma de governo - Blog do Farn\u00e9sio\" \/>\n<meta property=\"og:description\" content=\"&nbsp; O deputado federal e pr&eacute;-candidato a prefeito de Petrolina (PE), Fernando Filho (PSB), participou na manh&atilde; de hoje (21), de entrevista promovida pela r&aacute;dio Petrolina FM, ao programa Edenevaldo Alves. O objetivo estabelecido pela emissora foi de permitir que o pr&eacute;-candidato falasse sobre sua plataforma de governo, bem como a sua poss&iacute;vel aplica&ccedil;&atilde;o na cidade. Na oportunidade, Fernando Filho falou sobre a constru&ccedil;&atilde;o e desenvolvimento do plano de governo elaborado pelo diret&oacute;rio do partido e propostas formatadas para apresenta&ccedil;&atilde;o &agrave; sociedade. &#8220;Ouvimos a popula&ccedil;&atilde;o, as pessoas nas ruas, m&eacute;dicos, professores, engenheiros, servidores da prefeitura, arquitetos, profissionais liberais, entidades de classe, entre outros p&uacute;blicos, pra poder formatar o nosso programa de governo que se encaixe nas necessidades reais de Petrolina&#8221;,&hellip;\" \/>\n<meta property=\"og:url\" content=\"https:\/\/blogdofarnesio.com.br\/?p=15080\" \/>\n<meta property=\"og:site_name\" content=\"Blog do Farn\u00e9sio\" \/>\n<meta property=\"article:publisher\" content=\"https:\/\/www.facebook.com\/BlogQuerSaberPolitica\/\" \/>\n<meta property=\"article:published_time\" content=\"2012-06-21T14:25:42+00:00\" \/>\n<meta property=\"og:image\" content=\"http:\/\/www.quersaberpolitica.com.br\/2016\/wp-content\/uploads\/2012\/12\/blogqsp.fernandinho.jpg\" \/>\n<meta name=\"twitter:card\" content=\"summary_large_image\" \/>\n<meta name=\"twitter:label1\" content=\"Est. tempo de leitura\" \/>\n\t<meta name=\"twitter:data1\" content=\"3 minutos\" \/>\n<script type=\"application\/ld+json\" class=\"yoast-schema-graph\">{\"@context\":\"https:\\\/\\\/schema.org\",\"@graph\":[{\"@type\":\"Article\",\"@id\":\"https:\\\/\\\/blogdofarnesio.com.br\\\/?p=15080#article\",\"isPartOf\":{\"@id\":\"https:\\\/\\\/blogdofarnesio.com.br\\\/?p=15080\"},\"author\":{\"name\":\"\",\"@id\":\"\"},\"headline\":\"Petrolina: Fernando Filho concede entrevista \u00e0 r\u00e1dio local e anuncia propostas de sua plataforma de governo\",\"datePublished\":\"2012-06-21T14:25:42+00:00\",\"mainEntityOfPage\":{\"@id\":\"https:\\\/\\\/blogdofarnesio.com.br\\\/?p=15080\"},\"wordCount\":610,\"commentCount\":0,\"publisher\":{\"@id\":\"https:\\\/\\\/blogdofarnesio.com.br\\\/#organization\"},\"image\":{\"@id\":\"https:\\\/\\\/blogdofarnesio.com.br\\\/?p=15080#primaryimage\"},\"thumbnailUrl\":\"http:\\\/\\\/www.quersaberpolitica.com.br\\\/2016\\\/wp-content\\\/uploads\\\/2012\\\/12\\\/blogqsp.fernandinho.jpg\",\"inLanguage\":\"pt-BR\",\"potentialAction\":[{\"@type\":\"CommentAction\",\"name\":\"Comment\",\"target\":[\"https:\\\/\\\/blogdofarnesio.com.br\\\/?p=15080#respond\"]}]},{\"@type\":\"WebPage\",\"@id\":\"https:\\\/\\\/blogdofarnesio.com.br\\\/?p=15080\",\"url\":\"https:\\\/\\\/blogdofarnesio.com.br\\\/?p=15080\",\"name\":\"Petrolina: Fernando Filho concede entrevista \u00e0 r\u00e1dio local e anuncia propostas de sua plataforma de governo - Blog do Farn\u00e9sio\",\"isPartOf\":{\"@id\":\"https:\\\/\\\/blogdofarnesio.com.br\\\/#website\"},\"primaryImageOfPage\":{\"@id\":\"https:\\\/\\\/blogdofarnesio.com.br\\\/?p=15080#primaryimage\"},\"image\":{\"@id\":\"https:\\\/\\\/blogdofarnesio.com.br\\\/?p=15080#primaryimage\"},\"thumbnailUrl\":\"http:\\\/\\\/www.quersaberpolitica.com.br\\\/2016\\\/wp-content\\\/uploads\\\/2012\\\/12\\\/blogqsp.fernandinho.jpg\",\"datePublished\":\"2012-06-21T14:25:42+00:00\",\"breadcrumb\":{\"@id\":\"https:\\\/\\\/blogdofarnesio.com.br\\\/?p=15080#breadcrumb\"},\"inLanguage\":\"pt-BR\",\"potentialAction\":[{\"@type\":\"ReadAction\",\"target\":[\"https:\\\/\\\/blogdofarnesio.com.br\\\/?p=15080\"]}]},{\"@type\":\"ImageObject\",\"inLanguage\":\"pt-BR\",\"@id\":\"https:\\\/\\\/blogdofarnesio.com.br\\\/?p=15080#primaryimage\",\"url\":\"http:\\\/\\\/www.quersaberpolitica.com.br\\\/2016\\\/wp-content\\\/uploads\\\/2012\\\/12\\\/blogqsp.fernandinho.jpg\",\"contentUrl\":\"http:\\\/\\\/www.quersaberpolitica.com.br\\\/2016\\\/wp-content\\\/uploads\\\/2012\\\/12\\\/blogqsp.fernandinho.jpg\"},{\"@type\":\"BreadcrumbList\",\"@id\":\"https:\\\/\\\/blogdofarnesio.com.br\\\/?p=15080#breadcrumb\",\"itemListElement\":[{\"@type\":\"ListItem\",\"position\":1,\"name\":\"In\u00edcio\",\"item\":\"https:\\\/\\\/blogdofarnesio.com.br\\\/\"},{\"@type\":\"ListItem\",\"position\":2,\"name\":\"Petrolina: Fernando Filho concede entrevista \u00e0 r\u00e1dio local e anuncia propostas de sua plataforma de governo\"}]},{\"@type\":\"WebSite\",\"@id\":\"https:\\\/\\\/blogdofarnesio.com.br\\\/#website\",\"url\":\"https:\\\/\\\/blogdofarnesio.com.br\\\/\",\"name\":\"Blog do Farn\u00e9sio\",\"description\":\"Quer Saber Pol\u00edtica?\",\"publisher\":{\"@id\":\"https:\\\/\\\/blogdofarnesio.com.br\\\/#organization\"},\"potentialAction\":[{\"@type\":\"SearchAction\",\"target\":{\"@type\":\"EntryPoint\",\"urlTemplate\":\"https:\\\/\\\/blogdofarnesio.com.br\\\/?s={search_term_string}\"},\"query-input\":{\"@type\":\"PropertyValueSpecification\",\"valueRequired\":true,\"valueName\":\"search_term_string\"}}],\"inLanguage\":\"pt-BR\"},{\"@type\":\"Organization\",\"@id\":\"https:\\\/\\\/blogdofarnesio.com.br\\\/#organization\",\"name\":\"Blog do Farn\u00e9sio\",\"url\":\"https:\\\/\\\/blogdofarnesio.com.br\\\/\",\"logo\":{\"@type\":\"ImageObject\",\"inLanguage\":\"pt-BR\",\"@id\":\"https:\\\/\\\/blogdofarnesio.com.br\\\/#\\\/schema\\\/logo\\\/image\\\/\",\"url\":\"https:\\\/\\\/blogdofarnesio.com.br\\\/wp-content\\\/uploads\\\/2026\\\/03\\\/cropped-logo_new-1.png\",\"contentUrl\":\"https:\\\/\\\/blogdofarnesio.com.br\\\/wp-content\\\/uploads\\\/2026\\\/03\\\/cropped-logo_new-1.png\",\"width\":881,\"height\":685,\"caption\":\"Blog do Farn\u00e9sio\"},\"image\":{\"@id\":\"https:\\\/\\\/blogdofarnesio.com.br\\\/#\\\/schema\\\/logo\\\/image\\\/\"},\"sameAs\":[\"https:\\\/\\\/www.facebook.com\\\/BlogQuerSaberPolitica\\\/\"]}]}<\/script>\n<!-- \/ Yoast SEO plugin. -->","yoast_head_json":{"title":"Petrolina: Fernando Filho concede entrevista \u00e0 r\u00e1dio local e anuncia propostas de sua plataforma de governo - Blog do Farn\u00e9sio","robots":{"index":"index","follow":"follow","max-snippet":"max-snippet:-1","max-image-preview":"max-image-preview:large","max-video-preview":"max-video-preview:-1"},"canonical":"https:\/\/blogdofarnesio.com.br\/?p=15080","og_locale":"pt_BR","og_type":"article","og_title":"Petrolina: Fernando Filho concede entrevista \u00e0 r\u00e1dio local e anuncia propostas de sua plataforma de governo - Blog do Farn\u00e9sio","og_description":"&nbsp; O deputado federal e pr&eacute;-candidato a prefeito de Petrolina (PE), Fernando Filho (PSB), participou na manh&atilde; de hoje (21), de entrevista promovida pela r&aacute;dio Petrolina FM, ao programa Edenevaldo Alves. O objetivo estabelecido pela emissora foi de permitir que o pr&eacute;-candidato falasse sobre sua plataforma de governo, bem como a sua poss&iacute;vel aplica&ccedil;&atilde;o na cidade. Na oportunidade, Fernando Filho falou sobre a constru&ccedil;&atilde;o e desenvolvimento do plano de governo elaborado pelo diret&oacute;rio do partido e propostas formatadas para apresenta&ccedil;&atilde;o &agrave; sociedade. &#8220;Ouvimos a popula&ccedil;&atilde;o, as pessoas nas ruas, m&eacute;dicos, professores, engenheiros, servidores da prefeitura, arquitetos, profissionais liberais, entidades de classe, entre outros p&uacute;blicos, pra poder formatar o nosso programa de governo que se encaixe nas necessidades reais de Petrolina&#8221;,&hellip;","og_url":"https:\/\/blogdofarnesio.com.br\/?p=15080","og_site_name":"Blog do Farn\u00e9sio","article_publisher":"https:\/\/www.facebook.com\/BlogQuerSaberPolitica\/","article_published_time":"2012-06-21T14:25:42+00:00","og_image":[{"url":"http:\/\/www.quersaberpolitica.com.br\/2016\/wp-content\/uploads\/2012\/12\/blogqsp.fernandinho.jpg","type":"","width":"","height":""}],"twitter_card":"summary_large_image","twitter_misc":{"Est. tempo de leitura":"3 minutos"},"schema":{"@context":"https:\/\/schema.org","@graph":[{"@type":"Article","@id":"https:\/\/blogdofarnesio.com.br\/?p=15080#article","isPartOf":{"@id":"https:\/\/blogdofarnesio.com.br\/?p=15080"},"author":{"name":"","@id":""},"headline":"Petrolina: Fernando Filho concede entrevista \u00e0 r\u00e1dio local e anuncia propostas de sua plataforma de governo","datePublished":"2012-06-21T14:25:42+00:00","mainEntityOfPage":{"@id":"https:\/\/blogdofarnesio.com.br\/?p=15080"},"wordCount":610,"commentCount":0,"publisher":{"@id":"https:\/\/blogdofarnesio.com.br\/#organization"},"image":{"@id":"https:\/\/blogdofarnesio.com.br\/?p=15080#primaryimage"},"thumbnailUrl":"http:\/\/www.quersaberpolitica.com.br\/2016\/wp-content\/uploads\/2012\/12\/blogqsp.fernandinho.jpg","inLanguage":"pt-BR","potentialAction":[{"@type":"CommentAction","name":"Comment","target":["https:\/\/blogdofarnesio.com.br\/?p=15080#respond"]}]},{"@type":"WebPage","@id":"https:\/\/blogdofarnesio.com.br\/?p=15080","url":"https:\/\/blogdofarnesio.com.br\/?p=15080","name":"Petrolina: Fernando Filho concede entrevista \u00e0 r\u00e1dio local e anuncia propostas de sua plataforma de governo - Blog do Farn\u00e9sio","isPartOf":{"@id":"https:\/\/blogdofarnesio.com.br\/#website"},"primaryImageOfPage":{"@id":"https:\/\/blogdofarnesio.com.br\/?p=15080#primaryimage"},"image":{"@id":"https:\/\/blogdofarnesio.com.br\/?p=15080#primaryimage"},"thumbnailUrl":"http:\/\/www.quersaberpolitica.com.br\/2016\/wp-content\/uploads\/2012\/12\/blogqsp.fernandinho.jpg","datePublished":"2012-06-21T14:25:42+00:00","breadcrumb":{"@id":"https:\/\/blogdofarnesio.com.br\/?p=15080#breadcrumb"},"inLanguage":"pt-BR","potentialAction":[{"@type":"ReadAction","target":["https:\/\/blogdofarnesio.com.br\/?p=15080"]}]},{"@type":"ImageObject","inLanguage":"pt-BR","@id":"https:\/\/blogdofarnesio.com.br\/?p=15080#primaryimage","url":"http:\/\/www.quersaberpolitica.com.br\/2016\/wp-content\/uploads\/2012\/12\/blogqsp.fernandinho.jpg","contentUrl":"http:\/\/www.quersaberpolitica.com.br\/2016\/wp-content\/uploads\/2012\/12\/blogqsp.fernandinho.jpg"},{"@type":"BreadcrumbList","@id":"https:\/\/blogdofarnesio.com.br\/?p=15080#breadcrumb","itemListElement":[{"@type":"ListItem","position":1,"name":"In\u00edcio","item":"https:\/\/blogdofarnesio.com.br\/"},{"@type":"ListItem","position":2,"name":"Petrolina: Fernando Filho concede entrevista \u00e0 r\u00e1dio local e anuncia propostas de sua plataforma de governo"}]},{"@type":"WebSite","@id":"https:\/\/blogdofarnesio.com.br\/#website","url":"https:\/\/blogdofarnesio.com.br\/","name":"Blog do Farn\u00e9sio","description":"Quer Saber Pol\u00edtica?","publisher":{"@id":"https:\/\/blogdofarnesio.com.br\/#organization"},"potentialAction":[{"@type":"SearchAction","target":{"@type":"EntryPoint","urlTemplate":"https:\/\/blogdofarnesio.com.br\/?s={search_term_string}"},"query-input":{"@type":"PropertyValueSpecification","valueRequired":true,"valueName":"search_term_string"}}],"inLanguage":"pt-BR"},{"@type":"Organization","@id":"https:\/\/blogdofarnesio.com.br\/#organization","name":"Blog do Farn\u00e9sio","url":"https:\/\/blogdofarnesio.com.br\/","logo":{"@type":"ImageObject","inLanguage":"pt-BR","@id":"https:\/\/blogdofarnesio.com.br\/#\/schema\/logo\/image\/","url":"https:\/\/blogdofarnesio.com.br\/wp-content\/uploads\/2026\/03\/cropped-logo_new-1.png","contentUrl":"https:\/\/blogdofarnesio.com.br\/wp-content\/uploads\/2026\/03\/cropped-logo_new-1.png","width":881,"height":685,"caption":"Blog do Farn\u00e9sio"},"image":{"@id":"https:\/\/blogdofarnesio.com.br\/#\/schema\/logo\/image\/"},"sameAs":["https:\/\/www.facebook.com\/BlogQuerSaberPolitica\/"]}]}},"_links":{"self":[{"href":"https:\/\/blogdofarnesio.com.br\/index.php?rest_route=\/wp\/v2\/posts\/15080","targetHints":{"allow":["GET"]}}],"collection":[{"href":"https:\/\/blogdofarnesio.com.br\/index.php?rest_route=\/wp\/v2\/posts"}],"about":[{"href":"https:\/\/blogdofarnesio.com.br\/index.php?rest_route=\/wp\/v2\/types\/post"}],"replies":[{"embeddable":true,"href":"https:\/\/blogdofarnesio.com.br\/index.php?rest_route=%2Fwp%2Fv2%2Fcomments&post=15080"}],"version-history":[{"count":0,"href":"https:\/\/blogdofarnesio.com.br\/index.php?rest_route=\/wp\/v2\/posts\/15080\/revisions"}],"wp:attachment":[{"href":"https:\/\/blogdofarnesio.com.br\/index.php?rest_route=%2Fwp%2Fv2%2Fmedia&parent=15080"}],"wp:term":[{"taxonomy":"category","embeddable":true,"href":"https:\/\/blogdofarnesio.com.br\/index.php?rest_route=%2Fwp%2Fv2%2Fcategories&post=15080"},{"taxonomy":"post_tag","embeddable":true,"href":"https:\/\/blogdofarnesio.com.br\/index.php?rest_route=%2Fwp%2Fv2%2Ftags&post=15080"}],"curies":[{"name":"wp","href":"https:\/\/api.w.org\/{rel}","templated":true}]}}