{"id":15079,"date":"2012-06-21T15:03:27","date_gmt":"2012-06-21T15:03:27","guid":{"rendered":"http:\/\/www.quersaberpolitica.com.br?p=15079"},"modified":"-0001-11-30T00:00:00","modified_gmt":"-0001-11-30T03:00:00","slug":"voluntariado-e-terapia-ocupacional-do-hdm-realizam-festa-de-sao-joao-para-os-pacientes","status":"publish","type":"post","link":"https:\/\/blogdofarnesio.com.br\/?p=15079","title":{"rendered":"Voluntariado e terapia ocupacional do HDM realizam Festa de S\u00e3o Jo\u00e3o para os pacientes"},"content":{"rendered":"<p><a style=\"font-family: arial, helvetica, sans-serif; text-align: justify; font-size: medium;\" rel=\"lightbox\" href=\"http:\/\/www.quersaberpolitica.com.br\/2016\/wp-content\/uploads\/2012\/12\/blogqsp.hdma&atilde;ojo&atilde;o.jpg\"><img loading=\"lazy\" decoding=\"async\" style=\"float: right; margin: 5px 10px;\" src=\"http:\/\/www.quersaberpolitica.com.br\/2016\/wp-content\/uploads\/2012\/12\/blogqsp.hdma&atilde;ojo&atilde;o.jpg\" alt=\"\" width=\"200\" height=\"150\" \/><\/a><span style=\"font-family: arial, helvetica, sans-serif; text-align: justify; font-size: medium;\">Com muito forr&oacute; e alegria os volunt&aacute;rios do Hospital Dom Malan\/Gest&atilde;o IMIP comemoraram o S&atilde;o Jo&atilde;o na manh&atilde; da &uacute;ltima quarta-feira ( 20). O forr&oacute; p&eacute;-de-serra da banda Forr&oacute; Cheiroso animou pacientes, funcion&aacute;rios e volunt&aacute;rios numa manh&atilde; de muita alegria com direito at&eacute; a quadrilha.<\/span><br style=\"font-family: arial, helvetica, sans-serif; text-align: justify; font-size: medium;\" \/><span style=\"font-family: arial, helvetica, sans-serif; text-align: justify; font-size: medium;\">A festa come&ccedil;ou na pediatria do HDM com o trio de forr&oacute; comandando a anima&ccedil;&atilde;o. Os m&eacute;dicos, enfermeiros, t&eacute;cnicos e volunt&aacute;rios envolveram acompanhantes e pacientes que podiam se locomover e transformaram a pediatria num grande &#8220;arrai&aacute;&#8221;. Em seguida a festa percorreu os corredores do hospital at&eacute; o espa&ccedil;o de conviv&ecirc;ncia que j&aacute; estava ornamentado com motivos juninos e onde uma grande quadrilha junina foi organizada, dessa vez com a participa&ccedil;&atilde;o de funcion&aacute;rios de outros setores do hospital e de mulheres hospedadas na Casa de Apoio. &#8220;Essa festa &eacute; realizada para promover o bem estar dos pacientes e acompanhantes do Hospital tendo em vista que muitos deles ficam internados por muito tempo longe de casa e da fam&iacute;lia e t&ecirc;m nesses eventos a oportunidade de viver um momento diferente daqueles vividos dentro da rotina hospitalar&#8221;, avaliou a terapeuta ocupacional do HDM, Priscila Sim&otilde;es.<\/span><\/p>\n","protected":false},"excerpt":{"rendered":"<p>Com muito forr&oacute; e alegria os volunt&aacute;rios do Hospital Dom Malan\/Gest&atilde;o IMIP comemoraram o S&atilde;o Jo&atilde;o na manh&atilde; da &uacute;ltima quarta-feira ( 20). O forr&oacute; p&eacute;-de-serra da banda Forr&oacute; Cheiroso animou pacientes, funcion&aacute;rios e volunt&aacute;rios numa manh&atilde; de muita alegria com direito at&eacute; a quadrilha.A festa come&ccedil;ou na pediatria do HDM com o trio de forr&oacute; comandando a anima&ccedil;&atilde;o. Os m&eacute;dicos, enfermeiros, t&eacute;cnicos e volunt&aacute;rios envolveram acompanhantes e pacientes que podiam se locomover e transformaram a pediatria num grande &#8220;arrai&aacute;&#8221;. Em seguida a festa percorreu os corredores do hospital at&eacute; o espa&ccedil;o de conviv&ecirc;ncia que j&aacute; estava ornamentado com motivos juninos e onde uma grande quadrilha junina foi organizada, dessa vez com a participa&ccedil;&atilde;o de funcion&aacute;rios de outros setores do&hellip; <\/p>\n","protected":false},"author":0,"featured_media":0,"comment_status":"open","ping_status":"open","sticky":false,"template":"","format":"standard","meta":{"_acf_changed":false,"footnotes":""},"categories":[43],"tags":[],"class_list":["post-15079","post","type-post","status-publish","format-standard","hentry","category-sem-categoria"],"acf":[],"yoast_head":"<!-- This site is optimized with the Yoast SEO plugin v27.4 - https:\/\/yoast.com\/product\/yoast-seo-wordpress\/ -->\n<title>Voluntariado e terapia ocupacional do HDM realizam Festa de S\u00e3o Jo\u00e3o para os pacientes  - Blog do Farn\u00e9sio<\/title>\n<meta name=\"robots\" content=\"index, follow, max-snippet:-1, max-image-preview:large, max-video-preview:-1\" \/>\n<link rel=\"canonical\" href=\"https:\/\/blogdofarnesio.com.br\/?p=15079\" \/>\n<meta property=\"og:locale\" content=\"pt_BR\" \/>\n<meta property=\"og:type\" content=\"article\" \/>\n<meta property=\"og:title\" content=\"Voluntariado e terapia ocupacional do HDM realizam Festa de S\u00e3o Jo\u00e3o para os pacientes  - Blog do Farn\u00e9sio\" \/>\n<meta property=\"og:description\" content=\"Com muito forr&oacute; e alegria os volunt&aacute;rios do Hospital Dom Malan\/Gest&atilde;o IMIP comemoraram o S&atilde;o Jo&atilde;o na manh&atilde; da &uacute;ltima quarta-feira ( 20). O forr&oacute; p&eacute;-de-serra da banda Forr&oacute; Cheiroso animou pacientes, funcion&aacute;rios e volunt&aacute;rios numa manh&atilde; de muita alegria com direito at&eacute; a quadrilha.A festa come&ccedil;ou na pediatria do HDM com o trio de forr&oacute; comandando a anima&ccedil;&atilde;o. Os m&eacute;dicos, enfermeiros, t&eacute;cnicos e volunt&aacute;rios envolveram acompanhantes e pacientes que podiam se locomover e transformaram a pediatria num grande &#8220;arrai&aacute;&#8221;. Em seguida a festa percorreu os corredores do hospital at&eacute; o espa&ccedil;o de conviv&ecirc;ncia que j&aacute; estava ornamentado com motivos juninos e onde uma grande quadrilha junina foi organizada, dessa vez com a participa&ccedil;&atilde;o de funcion&aacute;rios de outros setores do&hellip;\" \/>\n<meta property=\"og:url\" content=\"https:\/\/blogdofarnesio.com.br\/?p=15079\" \/>\n<meta property=\"og:site_name\" content=\"Blog do Farn\u00e9sio\" \/>\n<meta property=\"article:publisher\" content=\"https:\/\/www.facebook.com\/BlogQuerSaberPolitica\/\" \/>\n<meta property=\"article:published_time\" content=\"2012-06-21T15:03:27+00:00\" \/>\n<meta property=\"og:image\" content=\"http:\/\/www.quersaberpolitica.com.br\/2016\/wp-content\/uploads\/2012\/12\/blogqsp.hdma&atilde;ojo&atilde;o.jpg\" \/>\n<meta name=\"twitter:card\" content=\"summary_large_image\" \/>\n<meta name=\"twitter:label1\" content=\"Est. tempo de leitura\" \/>\n\t<meta name=\"twitter:data1\" content=\"1 minuto\" \/>\n<script type=\"application\/ld+json\" class=\"yoast-schema-graph\">{\"@context\":\"https:\\\/\\\/schema.org\",\"@graph\":[{\"@type\":\"Article\",\"@id\":\"https:\\\/\\\/blogdofarnesio.com.br\\\/?p=15079#article\",\"isPartOf\":{\"@id\":\"https:\\\/\\\/blogdofarnesio.com.br\\\/?p=15079\"},\"author\":{\"name\":\"\",\"@id\":\"\"},\"headline\":\"Voluntariado e terapia ocupacional do HDM realizam Festa de S\u00e3o Jo\u00e3o para os pacientes\",\"datePublished\":\"2012-06-21T15:03:27+00:00\",\"mainEntityOfPage\":{\"@id\":\"https:\\\/\\\/blogdofarnesio.com.br\\\/?p=15079\"},\"wordCount\":253,\"commentCount\":0,\"publisher\":{\"@id\":\"https:\\\/\\\/blogdofarnesio.com.br\\\/#organization\"},\"image\":{\"@id\":\"https:\\\/\\\/blogdofarnesio.com.br\\\/?p=15079#primaryimage\"},\"thumbnailUrl\":\"http:\\\/\\\/www.quersaberpolitica.com.br\\\/2016\\\/wp-content\\\/uploads\\\/2012\\\/12\\\/blogqsp.hdma&atilde;ojo&atilde;o.jpg\",\"inLanguage\":\"pt-BR\",\"potentialAction\":[{\"@type\":\"CommentAction\",\"name\":\"Comment\",\"target\":[\"https:\\\/\\\/blogdofarnesio.com.br\\\/?p=15079#respond\"]}]},{\"@type\":\"WebPage\",\"@id\":\"https:\\\/\\\/blogdofarnesio.com.br\\\/?p=15079\",\"url\":\"https:\\\/\\\/blogdofarnesio.com.br\\\/?p=15079\",\"name\":\"Voluntariado e terapia ocupacional do HDM realizam Festa de S\u00e3o Jo\u00e3o para os pacientes - Blog do Farn\u00e9sio\",\"isPartOf\":{\"@id\":\"https:\\\/\\\/blogdofarnesio.com.br\\\/#website\"},\"primaryImageOfPage\":{\"@id\":\"https:\\\/\\\/blogdofarnesio.com.br\\\/?p=15079#primaryimage\"},\"image\":{\"@id\":\"https:\\\/\\\/blogdofarnesio.com.br\\\/?p=15079#primaryimage\"},\"thumbnailUrl\":\"http:\\\/\\\/www.quersaberpolitica.com.br\\\/2016\\\/wp-content\\\/uploads\\\/2012\\\/12\\\/blogqsp.hdma&atilde;ojo&atilde;o.jpg\",\"datePublished\":\"2012-06-21T15:03:27+00:00\",\"breadcrumb\":{\"@id\":\"https:\\\/\\\/blogdofarnesio.com.br\\\/?p=15079#breadcrumb\"},\"inLanguage\":\"pt-BR\",\"potentialAction\":[{\"@type\":\"ReadAction\",\"target\":[\"https:\\\/\\\/blogdofarnesio.com.br\\\/?p=15079\"]}]},{\"@type\":\"ImageObject\",\"inLanguage\":\"pt-BR\",\"@id\":\"https:\\\/\\\/blogdofarnesio.com.br\\\/?p=15079#primaryimage\",\"url\":\"http:\\\/\\\/www.quersaberpolitica.com.br\\\/2016\\\/wp-content\\\/uploads\\\/2012\\\/12\\\/blogqsp.hdma&atilde;ojo&atilde;o.jpg\",\"contentUrl\":\"http:\\\/\\\/www.quersaberpolitica.com.br\\\/2016\\\/wp-content\\\/uploads\\\/2012\\\/12\\\/blogqsp.hdma&atilde;ojo&atilde;o.jpg\"},{\"@type\":\"BreadcrumbList\",\"@id\":\"https:\\\/\\\/blogdofarnesio.com.br\\\/?p=15079#breadcrumb\",\"itemListElement\":[{\"@type\":\"ListItem\",\"position\":1,\"name\":\"In\u00edcio\",\"item\":\"https:\\\/\\\/blogdofarnesio.com.br\\\/\"},{\"@type\":\"ListItem\",\"position\":2,\"name\":\"Voluntariado e terapia ocupacional do HDM realizam Festa de S\u00e3o Jo\u00e3o para os pacientes\"}]},{\"@type\":\"WebSite\",\"@id\":\"https:\\\/\\\/blogdofarnesio.com.br\\\/#website\",\"url\":\"https:\\\/\\\/blogdofarnesio.com.br\\\/\",\"name\":\"Blog do Farn\u00e9sio\",\"description\":\"Quer Saber Pol\u00edtica?\",\"publisher\":{\"@id\":\"https:\\\/\\\/blogdofarnesio.com.br\\\/#organization\"},\"potentialAction\":[{\"@type\":\"SearchAction\",\"target\":{\"@type\":\"EntryPoint\",\"urlTemplate\":\"https:\\\/\\\/blogdofarnesio.com.br\\\/?s={search_term_string}\"},\"query-input\":{\"@type\":\"PropertyValueSpecification\",\"valueRequired\":true,\"valueName\":\"search_term_string\"}}],\"inLanguage\":\"pt-BR\"},{\"@type\":\"Organization\",\"@id\":\"https:\\\/\\\/blogdofarnesio.com.br\\\/#organization\",\"name\":\"Blog do Farn\u00e9sio\",\"url\":\"https:\\\/\\\/blogdofarnesio.com.br\\\/\",\"logo\":{\"@type\":\"ImageObject\",\"inLanguage\":\"pt-BR\",\"@id\":\"https:\\\/\\\/blogdofarnesio.com.br\\\/#\\\/schema\\\/logo\\\/image\\\/\",\"url\":\"https:\\\/\\\/blogdofarnesio.com.br\\\/wp-content\\\/uploads\\\/2026\\\/03\\\/cropped-logo_new-1.png\",\"contentUrl\":\"https:\\\/\\\/blogdofarnesio.com.br\\\/wp-content\\\/uploads\\\/2026\\\/03\\\/cropped-logo_new-1.png\",\"width\":881,\"height\":685,\"caption\":\"Blog do Farn\u00e9sio\"},\"image\":{\"@id\":\"https:\\\/\\\/blogdofarnesio.com.br\\\/#\\\/schema\\\/logo\\\/image\\\/\"},\"sameAs\":[\"https:\\\/\\\/www.facebook.com\\\/BlogQuerSaberPolitica\\\/\"]}]}<\/script>\n<!-- \/ Yoast SEO plugin. -->","yoast_head_json":{"title":"Voluntariado e terapia ocupacional do HDM realizam Festa de S\u00e3o Jo\u00e3o para os pacientes  - Blog do Farn\u00e9sio","robots":{"index":"index","follow":"follow","max-snippet":"max-snippet:-1","max-image-preview":"max-image-preview:large","max-video-preview":"max-video-preview:-1"},"canonical":"https:\/\/blogdofarnesio.com.br\/?p=15079","og_locale":"pt_BR","og_type":"article","og_title":"Voluntariado e terapia ocupacional do HDM realizam Festa de S\u00e3o Jo\u00e3o para os pacientes  - Blog do Farn\u00e9sio","og_description":"Com muito forr&oacute; e alegria os volunt&aacute;rios do Hospital Dom Malan\/Gest&atilde;o IMIP comemoraram o S&atilde;o Jo&atilde;o na manh&atilde; da &uacute;ltima quarta-feira ( 20). O forr&oacute; p&eacute;-de-serra da banda Forr&oacute; Cheiroso animou pacientes, funcion&aacute;rios e volunt&aacute;rios numa manh&atilde; de muita alegria com direito at&eacute; a quadrilha.A festa come&ccedil;ou na pediatria do HDM com o trio de forr&oacute; comandando a anima&ccedil;&atilde;o. Os m&eacute;dicos, enfermeiros, t&eacute;cnicos e volunt&aacute;rios envolveram acompanhantes e pacientes que podiam se locomover e transformaram a pediatria num grande &#8220;arrai&aacute;&#8221;. Em seguida a festa percorreu os corredores do hospital at&eacute; o espa&ccedil;o de conviv&ecirc;ncia que j&aacute; estava ornamentado com motivos juninos e onde uma grande quadrilha junina foi organizada, dessa vez com a participa&ccedil;&atilde;o de funcion&aacute;rios de outros setores do&hellip;","og_url":"https:\/\/blogdofarnesio.com.br\/?p=15079","og_site_name":"Blog do Farn\u00e9sio","article_publisher":"https:\/\/www.facebook.com\/BlogQuerSaberPolitica\/","article_published_time":"2012-06-21T15:03:27+00:00","og_image":[{"url":"http:\/\/www.quersaberpolitica.com.br\/2016\/wp-content\/uploads\/2012\/12\/blogqsp.hdma&atilde;ojo&atilde;o.jpg","type":"","width":"","height":""}],"twitter_card":"summary_large_image","twitter_misc":{"Est. tempo de leitura":"1 minuto"},"schema":{"@context":"https:\/\/schema.org","@graph":[{"@type":"Article","@id":"https:\/\/blogdofarnesio.com.br\/?p=15079#article","isPartOf":{"@id":"https:\/\/blogdofarnesio.com.br\/?p=15079"},"author":{"name":"","@id":""},"headline":"Voluntariado e terapia ocupacional do HDM realizam Festa de S\u00e3o Jo\u00e3o para os pacientes","datePublished":"2012-06-21T15:03:27+00:00","mainEntityOfPage":{"@id":"https:\/\/blogdofarnesio.com.br\/?p=15079"},"wordCount":253,"commentCount":0,"publisher":{"@id":"https:\/\/blogdofarnesio.com.br\/#organization"},"image":{"@id":"https:\/\/blogdofarnesio.com.br\/?p=15079#primaryimage"},"thumbnailUrl":"http:\/\/www.quersaberpolitica.com.br\/2016\/wp-content\/uploads\/2012\/12\/blogqsp.hdma&atilde;ojo&atilde;o.jpg","inLanguage":"pt-BR","potentialAction":[{"@type":"CommentAction","name":"Comment","target":["https:\/\/blogdofarnesio.com.br\/?p=15079#respond"]}]},{"@type":"WebPage","@id":"https:\/\/blogdofarnesio.com.br\/?p=15079","url":"https:\/\/blogdofarnesio.com.br\/?p=15079","name":"Voluntariado e terapia ocupacional do HDM realizam Festa de S\u00e3o Jo\u00e3o para os pacientes - Blog do Farn\u00e9sio","isPartOf":{"@id":"https:\/\/blogdofarnesio.com.br\/#website"},"primaryImageOfPage":{"@id":"https:\/\/blogdofarnesio.com.br\/?p=15079#primaryimage"},"image":{"@id":"https:\/\/blogdofarnesio.com.br\/?p=15079#primaryimage"},"thumbnailUrl":"http:\/\/www.quersaberpolitica.com.br\/2016\/wp-content\/uploads\/2012\/12\/blogqsp.hdma&atilde;ojo&atilde;o.jpg","datePublished":"2012-06-21T15:03:27+00:00","breadcrumb":{"@id":"https:\/\/blogdofarnesio.com.br\/?p=15079#breadcrumb"},"inLanguage":"pt-BR","potentialAction":[{"@type":"ReadAction","target":["https:\/\/blogdofarnesio.com.br\/?p=15079"]}]},{"@type":"ImageObject","inLanguage":"pt-BR","@id":"https:\/\/blogdofarnesio.com.br\/?p=15079#primaryimage","url":"http:\/\/www.quersaberpolitica.com.br\/2016\/wp-content\/uploads\/2012\/12\/blogqsp.hdma&atilde;ojo&atilde;o.jpg","contentUrl":"http:\/\/www.quersaberpolitica.com.br\/2016\/wp-content\/uploads\/2012\/12\/blogqsp.hdma&atilde;ojo&atilde;o.jpg"},{"@type":"BreadcrumbList","@id":"https:\/\/blogdofarnesio.com.br\/?p=15079#breadcrumb","itemListElement":[{"@type":"ListItem","position":1,"name":"In\u00edcio","item":"https:\/\/blogdofarnesio.com.br\/"},{"@type":"ListItem","position":2,"name":"Voluntariado e terapia ocupacional do HDM realizam Festa de S\u00e3o Jo\u00e3o para os pacientes"}]},{"@type":"WebSite","@id":"https:\/\/blogdofarnesio.com.br\/#website","url":"https:\/\/blogdofarnesio.com.br\/","name":"Blog do Farn\u00e9sio","description":"Quer Saber Pol\u00edtica?","publisher":{"@id":"https:\/\/blogdofarnesio.com.br\/#organization"},"potentialAction":[{"@type":"SearchAction","target":{"@type":"EntryPoint","urlTemplate":"https:\/\/blogdofarnesio.com.br\/?s={search_term_string}"},"query-input":{"@type":"PropertyValueSpecification","valueRequired":true,"valueName":"search_term_string"}}],"inLanguage":"pt-BR"},{"@type":"Organization","@id":"https:\/\/blogdofarnesio.com.br\/#organization","name":"Blog do Farn\u00e9sio","url":"https:\/\/blogdofarnesio.com.br\/","logo":{"@type":"ImageObject","inLanguage":"pt-BR","@id":"https:\/\/blogdofarnesio.com.br\/#\/schema\/logo\/image\/","url":"https:\/\/blogdofarnesio.com.br\/wp-content\/uploads\/2026\/03\/cropped-logo_new-1.png","contentUrl":"https:\/\/blogdofarnesio.com.br\/wp-content\/uploads\/2026\/03\/cropped-logo_new-1.png","width":881,"height":685,"caption":"Blog do Farn\u00e9sio"},"image":{"@id":"https:\/\/blogdofarnesio.com.br\/#\/schema\/logo\/image\/"},"sameAs":["https:\/\/www.facebook.com\/BlogQuerSaberPolitica\/"]}]}},"_links":{"self":[{"href":"https:\/\/blogdofarnesio.com.br\/index.php?rest_route=\/wp\/v2\/posts\/15079","targetHints":{"allow":["GET"]}}],"collection":[{"href":"https:\/\/blogdofarnesio.com.br\/index.php?rest_route=\/wp\/v2\/posts"}],"about":[{"href":"https:\/\/blogdofarnesio.com.br\/index.php?rest_route=\/wp\/v2\/types\/post"}],"replies":[{"embeddable":true,"href":"https:\/\/blogdofarnesio.com.br\/index.php?rest_route=%2Fwp%2Fv2%2Fcomments&post=15079"}],"version-history":[{"count":0,"href":"https:\/\/blogdofarnesio.com.br\/index.php?rest_route=\/wp\/v2\/posts\/15079\/revisions"}],"wp:attachment":[{"href":"https:\/\/blogdofarnesio.com.br\/index.php?rest_route=%2Fwp%2Fv2%2Fmedia&parent=15079"}],"wp:term":[{"taxonomy":"category","embeddable":true,"href":"https:\/\/blogdofarnesio.com.br\/index.php?rest_route=%2Fwp%2Fv2%2Fcategories&post=15079"},{"taxonomy":"post_tag","embeddable":true,"href":"https:\/\/blogdofarnesio.com.br\/index.php?rest_route=%2Fwp%2Fv2%2Ftags&post=15079"}],"curies":[{"name":"wp","href":"https:\/\/api.w.org\/{rel}","templated":true}]}}