{"id":15055,"date":"2012-06-21T09:46:21","date_gmt":"2012-06-21T09:46:21","guid":{"rendered":"http:\/\/www.quersaberpolitica.com.br?p=15055"},"modified":"-0001-11-30T00:00:00","modified_gmt":"-0001-11-30T03:00:00","slug":"deputado-gonzaga-patriota-lamenta-situacao-dos-funcionarios-das-empresa-de-transporte-coletivo-de-petrolina","status":"publish","type":"post","link":"https:\/\/blogdofarnesio.com.br\/?p=15055","title":{"rendered":"Deputado Gonzaga Patriota lamenta situa\u00e7\u00e3o dos funcion\u00e1rios das empresa de transporte coletivo de Petrolina"},"content":{"rendered":"<p style=\"text-align: justify;\"><span style=\"font-size: small;\"><span style=\"font-family: arial,helvetica,sans-serif;\"><a rel=\"lightbox\" href=\"http:\/\/www.quersaberpolitica.com.br\/2016\/wp-content\/uploads\/2012\/12\/gpatriot.jpg\"><img loading=\"lazy\" decoding=\"async\" style=\"float: left; margin: 5px 10px;\" src=\"http:\/\/www.quersaberpolitica.com.br\/2016\/wp-content\/uploads\/2012\/12\/gpatriot.jpg\" alt=\"\" width=\"200\" height=\"149\" \/><\/a>A  situa&ccedil;&atilde;o do transporte coletivo do munic&iacute;pio de Petrolina foi tema de  pronunciamento de Gonzaga Patriota, nesta segunda-feira (18), na tribuna  da C&acirc;mara dos Deputados, em Bras&iacute;lia.<\/span><\/span><\/p>\n<p style=\"text-align: justify;\"><span style=\"font-size: small;\"><span style=\"font-family: arial,helvetica,sans-serif;\">O  parlamentar mostrou-se solid&aacute;rio aos funcion&aacute;rios demitidos das  empresas de transporte coletivo Menina Morena e Vale do Sol, que est&atilde;o  sem trabalho, e ainda, n&atilde;o receberam integralmente os seus direitos  trabalhistas b&aacute;sicos.<\/span><\/span><\/p>\n<p style=\"text-align: justify;\"><span style=\"font-size: small;\"><span style=\"font-family: arial,helvetica,sans-serif;\">At&eacute;  o momento, 40 dos 231 funcion&aacute;rios da Menina Morena foram demitidos e  cobram da empresa os direitos trabalhistas pelos anos de carteira  assinada. Segundo Patriota, aproximadamente 100 deles permanecem nas  empresas Menina Morena e Vale do Sol, e os demais, em torno de 80, est&atilde;o  na nova empresa Viva Petrolina, onde pediram suas carteiras de trabalho  para dar baixa e est&atilde;o pagando a rescis&atilde;o via conta corrente, isto sem  nenhum preposto para assinar a documenta&ccedil;&atilde;o. Gonzaga Patriota destacou  ainda que todos os  trabalhadores envolvidos na luta pelos seus direitos  foram demitidos. Os funcion&aacute;rios que ainda restam em atividade est&atilde;o  sendo obrigados a aceitar qualquer acordo para n&atilde;o perderem os empregos  e, por mais que n&atilde;o deixem aparecer, a parte financeira das empresas &eacute;  comandada por Eduardo, respons&aacute;vel pela Real Fretamento, e que se  apresenta como um dos donos da empresa.<\/span><\/span><\/p>\n<p style=\"text-align: justify;\"><span style=\"font-size: small;\"><span style=\"font-family: arial,helvetica,sans-serif;\">De  acordo com Gonzaga Patriota, o prefeito de Petrolina, J&uacute;lio L&oacute;ssio,  afirmou, em entrevista concedida a uma r&aacute;dio local, que iria cassar a  concess&atilde;o das empresas por n&atilde;o estarem prestando servi&ccedil;o adequado &agrave;  popula&ccedil;&atilde;o. O Fato &eacute; que Rafael Pires, Diretor Administrativo das  empresas, disse que a nova empresa, a Viva Petrolina, n&atilde;o iria arcar com  nenhuma d&iacute;vida trabalhista de funcion&aacute;rio, a n&atilde;o ser com as verbas  rescis&oacute;rias dos que ela recontratasse, e que os t&iacute;tulos trabalhistas de  horas extras e FGTS atrasados seriam de responsabilidade do antigo  empregador.<\/span><\/span><\/p>\n<p style=\"text-align: justify;\"><span style=\"font-size: small;\"><span style=\"font-family: arial,helvetica,sans-serif;\">Os  ex-funcion&aacute;rios das empresas de transporte coletivo Menina Morena e  Vale do Sol solicitaram uma audi&ecirc;ncia p&uacute;blica, na C&acirc;mara de Vereadores  do munic&iacute;pio, para esclarecer a situa&ccedil;&atilde;o. Por&eacute;m, as duas audi&ecirc;ncias  marcadas pare este m&ecirc;s de junho foram adiadas por falta de qu&oacute;rum, al&eacute;m  do n&atilde;o comparecimento dos convidados.<\/span><\/span><\/p>\n<p style=\"text-align: justify;\"><span style=\"font-size: small;\"><span style=\"font-family: arial,helvetica,sans-serif;\">No  dia 04 de junho houve Audi&ecirc;ncia na Justi&ccedil;a do Trabalho, solicitada pelo  Sindicato da categoria, com o subprocurador do munic&iacute;pio e  representante do Minist&eacute;rio P&uacute;blico, que pediu o bloqueio de caixa das  empresas citadas, mas, em raz&atilde;o da aus&ecirc;ncia dos representantes da nova  empresa (Viva Petrolina)  n&atilde;o estarem presentes, foi adiada para o dia  07 de junho. Naquela data, o representante das Empresas Menina  Morena  e  Vale do Sol, Joacir Fernandes, se comprometeu  em pagar  as rescis&otilde;es  dos  funcion&aacute;rios demitidos  e ver a quest&atilde;o do FGTS.<\/span><\/span><\/p>\n<p style=\"text-align: justify;\"><span style=\"font-size: small;\"><span style=\"font-family: arial,helvetica,sans-serif;\">O  Juiz acatou o pedido, dando-lhe um prazo de sete dias e, no dia 11 do  mesmo m&ecirc;s, a audi&ecirc;ncia aconteceu sem o representante da nova empresa  (Viva Petrolina j&aacute; autorizada a rodar dia 15 deste m&ecirc;s), com os demais  participantes e sem o cumprimento do que fora acordado anteriormente. O  Minist&eacute;rio P&uacute;blico novamente pediu o bloqueio de caixa das empresas, mas  o Juiz deu prazo de  quatro dias para cumprimento  do acordado, lapso  temporal j&aacute; esgotado, sem nada ter sido resolvido.<\/span><\/span><\/p>\n<p style=\"text-align: justify;\"><span style=\"font-size: small;\"><span style=\"font-family: arial,helvetica,sans-serif;\">O  deputado federal Gonzaga Patriota encerrou o pronunciamento lamentando a  atual situa&ccedil;&atilde;o dos ex-funcion&aacute;rios das empresas citadas. &#8220;Essa situa&ccedil;&atilde;o  n&atilde;o pode continuar. Os funcion&aacute;rios das empresas de transporte de  Petrolina n&atilde;o merecem ser penalizados pela atua&ccedil;&atilde;o nebulosa desses  empres&aacute;rios. Eles s&atilde;o pais de fam&iacute;lia que precisam receber seus sal&aacute;rios  para o sustento de suas fam&iacute;lias&#8221;, enfatizou Patriota.<\/span><\/span><\/p>\n<p style=\"text-align: justify;\"><span style=\"font-size: small;\"><span style=\"font-family: arial,helvetica,sans-serif;\"><br \/> <\/span><\/span><\/p>\n","protected":false},"excerpt":{"rendered":"<p>A situa&ccedil;&atilde;o do transporte coletivo do munic&iacute;pio de Petrolina foi tema de pronunciamento de Gonzaga Patriota, nesta segunda-feira (18), na tribuna da C&acirc;mara dos Deputados, em Bras&iacute;lia. O parlamentar mostrou-se solid&aacute;rio aos funcion&aacute;rios demitidos das empresas de transporte coletivo Menina Morena e Vale do Sol, que est&atilde;o sem trabalho, e ainda, n&atilde;o receberam integralmente os seus direitos trabalhistas b&aacute;sicos. At&eacute; o momento, 40 dos 231 funcion&aacute;rios da Menina Morena foram demitidos e cobram da empresa os direitos trabalhistas pelos anos de carteira assinada. Segundo Patriota, aproximadamente 100 deles permanecem nas empresas Menina Morena e Vale do Sol, e os demais, em torno de 80, est&atilde;o na nova empresa Viva Petrolina, onde pediram suas carteiras de trabalho para dar baixa e&hellip; <\/p>\n","protected":false},"author":0,"featured_media":0,"comment_status":"open","ping_status":"open","sticky":false,"template":"","format":"standard","meta":{"_acf_changed":false,"footnotes":""},"categories":[43],"tags":[],"class_list":["post-15055","post","type-post","status-publish","format-standard","hentry","category-sem-categoria"],"acf":[],"yoast_head":"<!-- This site is optimized with the Yoast SEO plugin v27.4 - https:\/\/yoast.com\/product\/yoast-seo-wordpress\/ -->\n<title>Deputado Gonzaga Patriota lamenta situa\u00e7\u00e3o dos funcion\u00e1rios das empresa de transporte coletivo de Petrolina - Blog do Farn\u00e9sio<\/title>\n<meta name=\"robots\" content=\"index, follow, max-snippet:-1, max-image-preview:large, max-video-preview:-1\" \/>\n<link rel=\"canonical\" href=\"https:\/\/blogdofarnesio.com.br\/?p=15055\" \/>\n<meta property=\"og:locale\" content=\"pt_BR\" \/>\n<meta property=\"og:type\" content=\"article\" \/>\n<meta property=\"og:title\" content=\"Deputado Gonzaga Patriota lamenta situa\u00e7\u00e3o dos funcion\u00e1rios das empresa de transporte coletivo de Petrolina - Blog do Farn\u00e9sio\" \/>\n<meta property=\"og:description\" content=\"A situa&ccedil;&atilde;o do transporte coletivo do munic&iacute;pio de Petrolina foi tema de pronunciamento de Gonzaga Patriota, nesta segunda-feira (18), na tribuna da C&acirc;mara dos Deputados, em Bras&iacute;lia. O parlamentar mostrou-se solid&aacute;rio aos funcion&aacute;rios demitidos das empresas de transporte coletivo Menina Morena e Vale do Sol, que est&atilde;o sem trabalho, e ainda, n&atilde;o receberam integralmente os seus direitos trabalhistas b&aacute;sicos. At&eacute; o momento, 40 dos 231 funcion&aacute;rios da Menina Morena foram demitidos e cobram da empresa os direitos trabalhistas pelos anos de carteira assinada. Segundo Patriota, aproximadamente 100 deles permanecem nas empresas Menina Morena e Vale do Sol, e os demais, em torno de 80, est&atilde;o na nova empresa Viva Petrolina, onde pediram suas carteiras de trabalho para dar baixa e&hellip;\" \/>\n<meta property=\"og:url\" content=\"https:\/\/blogdofarnesio.com.br\/?p=15055\" \/>\n<meta property=\"og:site_name\" content=\"Blog do Farn\u00e9sio\" \/>\n<meta property=\"article:publisher\" content=\"https:\/\/www.facebook.com\/BlogQuerSaberPolitica\/\" \/>\n<meta property=\"article:published_time\" content=\"2012-06-21T09:46:21+00:00\" \/>\n<meta property=\"og:image\" content=\"http:\/\/www.quersaberpolitica.com.br\/2016\/wp-content\/uploads\/2012\/12\/gpatriot.jpg\" \/>\n<meta name=\"twitter:card\" content=\"summary_large_image\" \/>\n<meta name=\"twitter:label1\" content=\"Est. tempo de leitura\" \/>\n\t<meta name=\"twitter:data1\" content=\"4 minutos\" \/>\n<script type=\"application\/ld+json\" class=\"yoast-schema-graph\">{\"@context\":\"https:\\\/\\\/schema.org\",\"@graph\":[{\"@type\":\"Article\",\"@id\":\"https:\\\/\\\/blogdofarnesio.com.br\\\/?p=15055#article\",\"isPartOf\":{\"@id\":\"https:\\\/\\\/blogdofarnesio.com.br\\\/?p=15055\"},\"author\":{\"name\":\"\",\"@id\":\"\"},\"headline\":\"Deputado Gonzaga Patriota lamenta situa\u00e7\u00e3o dos funcion\u00e1rios das empresa de transporte coletivo de Petrolina\",\"datePublished\":\"2012-06-21T09:46:21+00:00\",\"mainEntityOfPage\":{\"@id\":\"https:\\\/\\\/blogdofarnesio.com.br\\\/?p=15055\"},\"wordCount\":725,\"commentCount\":0,\"publisher\":{\"@id\":\"https:\\\/\\\/blogdofarnesio.com.br\\\/#organization\"},\"image\":{\"@id\":\"https:\\\/\\\/blogdofarnesio.com.br\\\/?p=15055#primaryimage\"},\"thumbnailUrl\":\"http:\\\/\\\/www.quersaberpolitica.com.br\\\/2016\\\/wp-content\\\/uploads\\\/2012\\\/12\\\/gpatriot.jpg\",\"inLanguage\":\"pt-BR\",\"potentialAction\":[{\"@type\":\"CommentAction\",\"name\":\"Comment\",\"target\":[\"https:\\\/\\\/blogdofarnesio.com.br\\\/?p=15055#respond\"]}]},{\"@type\":\"WebPage\",\"@id\":\"https:\\\/\\\/blogdofarnesio.com.br\\\/?p=15055\",\"url\":\"https:\\\/\\\/blogdofarnesio.com.br\\\/?p=15055\",\"name\":\"Deputado Gonzaga Patriota lamenta situa\u00e7\u00e3o dos funcion\u00e1rios das empresa de transporte coletivo de Petrolina - Blog do Farn\u00e9sio\",\"isPartOf\":{\"@id\":\"https:\\\/\\\/blogdofarnesio.com.br\\\/#website\"},\"primaryImageOfPage\":{\"@id\":\"https:\\\/\\\/blogdofarnesio.com.br\\\/?p=15055#primaryimage\"},\"image\":{\"@id\":\"https:\\\/\\\/blogdofarnesio.com.br\\\/?p=15055#primaryimage\"},\"thumbnailUrl\":\"http:\\\/\\\/www.quersaberpolitica.com.br\\\/2016\\\/wp-content\\\/uploads\\\/2012\\\/12\\\/gpatriot.jpg\",\"datePublished\":\"2012-06-21T09:46:21+00:00\",\"breadcrumb\":{\"@id\":\"https:\\\/\\\/blogdofarnesio.com.br\\\/?p=15055#breadcrumb\"},\"inLanguage\":\"pt-BR\",\"potentialAction\":[{\"@type\":\"ReadAction\",\"target\":[\"https:\\\/\\\/blogdofarnesio.com.br\\\/?p=15055\"]}]},{\"@type\":\"ImageObject\",\"inLanguage\":\"pt-BR\",\"@id\":\"https:\\\/\\\/blogdofarnesio.com.br\\\/?p=15055#primaryimage\",\"url\":\"http:\\\/\\\/www.quersaberpolitica.com.br\\\/2016\\\/wp-content\\\/uploads\\\/2012\\\/12\\\/gpatriot.jpg\",\"contentUrl\":\"http:\\\/\\\/www.quersaberpolitica.com.br\\\/2016\\\/wp-content\\\/uploads\\\/2012\\\/12\\\/gpatriot.jpg\"},{\"@type\":\"BreadcrumbList\",\"@id\":\"https:\\\/\\\/blogdofarnesio.com.br\\\/?p=15055#breadcrumb\",\"itemListElement\":[{\"@type\":\"ListItem\",\"position\":1,\"name\":\"In\u00edcio\",\"item\":\"https:\\\/\\\/blogdofarnesio.com.br\\\/\"},{\"@type\":\"ListItem\",\"position\":2,\"name\":\"Deputado Gonzaga Patriota lamenta situa\u00e7\u00e3o dos funcion\u00e1rios das empresa de transporte coletivo de Petrolina\"}]},{\"@type\":\"WebSite\",\"@id\":\"https:\\\/\\\/blogdofarnesio.com.br\\\/#website\",\"url\":\"https:\\\/\\\/blogdofarnesio.com.br\\\/\",\"name\":\"Blog do Farn\u00e9sio\",\"description\":\"Quer Saber Pol\u00edtica?\",\"publisher\":{\"@id\":\"https:\\\/\\\/blogdofarnesio.com.br\\\/#organization\"},\"potentialAction\":[{\"@type\":\"SearchAction\",\"target\":{\"@type\":\"EntryPoint\",\"urlTemplate\":\"https:\\\/\\\/blogdofarnesio.com.br\\\/?s={search_term_string}\"},\"query-input\":{\"@type\":\"PropertyValueSpecification\",\"valueRequired\":true,\"valueName\":\"search_term_string\"}}],\"inLanguage\":\"pt-BR\"},{\"@type\":\"Organization\",\"@id\":\"https:\\\/\\\/blogdofarnesio.com.br\\\/#organization\",\"name\":\"Blog do Farn\u00e9sio\",\"url\":\"https:\\\/\\\/blogdofarnesio.com.br\\\/\",\"logo\":{\"@type\":\"ImageObject\",\"inLanguage\":\"pt-BR\",\"@id\":\"https:\\\/\\\/blogdofarnesio.com.br\\\/#\\\/schema\\\/logo\\\/image\\\/\",\"url\":\"https:\\\/\\\/blogdofarnesio.com.br\\\/wp-content\\\/uploads\\\/2026\\\/03\\\/cropped-logo_new-1.png\",\"contentUrl\":\"https:\\\/\\\/blogdofarnesio.com.br\\\/wp-content\\\/uploads\\\/2026\\\/03\\\/cropped-logo_new-1.png\",\"width\":881,\"height\":685,\"caption\":\"Blog do Farn\u00e9sio\"},\"image\":{\"@id\":\"https:\\\/\\\/blogdofarnesio.com.br\\\/#\\\/schema\\\/logo\\\/image\\\/\"},\"sameAs\":[\"https:\\\/\\\/www.facebook.com\\\/BlogQuerSaberPolitica\\\/\"]}]}<\/script>\n<!-- \/ Yoast SEO plugin. -->","yoast_head_json":{"title":"Deputado Gonzaga Patriota lamenta situa\u00e7\u00e3o dos funcion\u00e1rios das empresa de transporte coletivo de Petrolina - Blog do Farn\u00e9sio","robots":{"index":"index","follow":"follow","max-snippet":"max-snippet:-1","max-image-preview":"max-image-preview:large","max-video-preview":"max-video-preview:-1"},"canonical":"https:\/\/blogdofarnesio.com.br\/?p=15055","og_locale":"pt_BR","og_type":"article","og_title":"Deputado Gonzaga Patriota lamenta situa\u00e7\u00e3o dos funcion\u00e1rios das empresa de transporte coletivo de Petrolina - Blog do Farn\u00e9sio","og_description":"A situa&ccedil;&atilde;o do transporte coletivo do munic&iacute;pio de Petrolina foi tema de pronunciamento de Gonzaga Patriota, nesta segunda-feira (18), na tribuna da C&acirc;mara dos Deputados, em Bras&iacute;lia. O parlamentar mostrou-se solid&aacute;rio aos funcion&aacute;rios demitidos das empresas de transporte coletivo Menina Morena e Vale do Sol, que est&atilde;o sem trabalho, e ainda, n&atilde;o receberam integralmente os seus direitos trabalhistas b&aacute;sicos. At&eacute; o momento, 40 dos 231 funcion&aacute;rios da Menina Morena foram demitidos e cobram da empresa os direitos trabalhistas pelos anos de carteira assinada. Segundo Patriota, aproximadamente 100 deles permanecem nas empresas Menina Morena e Vale do Sol, e os demais, em torno de 80, est&atilde;o na nova empresa Viva Petrolina, onde pediram suas carteiras de trabalho para dar baixa e&hellip;","og_url":"https:\/\/blogdofarnesio.com.br\/?p=15055","og_site_name":"Blog do Farn\u00e9sio","article_publisher":"https:\/\/www.facebook.com\/BlogQuerSaberPolitica\/","article_published_time":"2012-06-21T09:46:21+00:00","og_image":[{"url":"http:\/\/www.quersaberpolitica.com.br\/2016\/wp-content\/uploads\/2012\/12\/gpatriot.jpg","type":"","width":"","height":""}],"twitter_card":"summary_large_image","twitter_misc":{"Est. tempo de leitura":"4 minutos"},"schema":{"@context":"https:\/\/schema.org","@graph":[{"@type":"Article","@id":"https:\/\/blogdofarnesio.com.br\/?p=15055#article","isPartOf":{"@id":"https:\/\/blogdofarnesio.com.br\/?p=15055"},"author":{"name":"","@id":""},"headline":"Deputado Gonzaga Patriota lamenta situa\u00e7\u00e3o dos funcion\u00e1rios das empresa de transporte coletivo de Petrolina","datePublished":"2012-06-21T09:46:21+00:00","mainEntityOfPage":{"@id":"https:\/\/blogdofarnesio.com.br\/?p=15055"},"wordCount":725,"commentCount":0,"publisher":{"@id":"https:\/\/blogdofarnesio.com.br\/#organization"},"image":{"@id":"https:\/\/blogdofarnesio.com.br\/?p=15055#primaryimage"},"thumbnailUrl":"http:\/\/www.quersaberpolitica.com.br\/2016\/wp-content\/uploads\/2012\/12\/gpatriot.jpg","inLanguage":"pt-BR","potentialAction":[{"@type":"CommentAction","name":"Comment","target":["https:\/\/blogdofarnesio.com.br\/?p=15055#respond"]}]},{"@type":"WebPage","@id":"https:\/\/blogdofarnesio.com.br\/?p=15055","url":"https:\/\/blogdofarnesio.com.br\/?p=15055","name":"Deputado Gonzaga Patriota lamenta situa\u00e7\u00e3o dos funcion\u00e1rios das empresa de transporte coletivo de Petrolina - Blog do Farn\u00e9sio","isPartOf":{"@id":"https:\/\/blogdofarnesio.com.br\/#website"},"primaryImageOfPage":{"@id":"https:\/\/blogdofarnesio.com.br\/?p=15055#primaryimage"},"image":{"@id":"https:\/\/blogdofarnesio.com.br\/?p=15055#primaryimage"},"thumbnailUrl":"http:\/\/www.quersaberpolitica.com.br\/2016\/wp-content\/uploads\/2012\/12\/gpatriot.jpg","datePublished":"2012-06-21T09:46:21+00:00","breadcrumb":{"@id":"https:\/\/blogdofarnesio.com.br\/?p=15055#breadcrumb"},"inLanguage":"pt-BR","potentialAction":[{"@type":"ReadAction","target":["https:\/\/blogdofarnesio.com.br\/?p=15055"]}]},{"@type":"ImageObject","inLanguage":"pt-BR","@id":"https:\/\/blogdofarnesio.com.br\/?p=15055#primaryimage","url":"http:\/\/www.quersaberpolitica.com.br\/2016\/wp-content\/uploads\/2012\/12\/gpatriot.jpg","contentUrl":"http:\/\/www.quersaberpolitica.com.br\/2016\/wp-content\/uploads\/2012\/12\/gpatriot.jpg"},{"@type":"BreadcrumbList","@id":"https:\/\/blogdofarnesio.com.br\/?p=15055#breadcrumb","itemListElement":[{"@type":"ListItem","position":1,"name":"In\u00edcio","item":"https:\/\/blogdofarnesio.com.br\/"},{"@type":"ListItem","position":2,"name":"Deputado Gonzaga Patriota lamenta situa\u00e7\u00e3o dos funcion\u00e1rios das empresa de transporte coletivo de Petrolina"}]},{"@type":"WebSite","@id":"https:\/\/blogdofarnesio.com.br\/#website","url":"https:\/\/blogdofarnesio.com.br\/","name":"Blog do Farn\u00e9sio","description":"Quer Saber Pol\u00edtica?","publisher":{"@id":"https:\/\/blogdofarnesio.com.br\/#organization"},"potentialAction":[{"@type":"SearchAction","target":{"@type":"EntryPoint","urlTemplate":"https:\/\/blogdofarnesio.com.br\/?s={search_term_string}"},"query-input":{"@type":"PropertyValueSpecification","valueRequired":true,"valueName":"search_term_string"}}],"inLanguage":"pt-BR"},{"@type":"Organization","@id":"https:\/\/blogdofarnesio.com.br\/#organization","name":"Blog do Farn\u00e9sio","url":"https:\/\/blogdofarnesio.com.br\/","logo":{"@type":"ImageObject","inLanguage":"pt-BR","@id":"https:\/\/blogdofarnesio.com.br\/#\/schema\/logo\/image\/","url":"https:\/\/blogdofarnesio.com.br\/wp-content\/uploads\/2026\/03\/cropped-logo_new-1.png","contentUrl":"https:\/\/blogdofarnesio.com.br\/wp-content\/uploads\/2026\/03\/cropped-logo_new-1.png","width":881,"height":685,"caption":"Blog do Farn\u00e9sio"},"image":{"@id":"https:\/\/blogdofarnesio.com.br\/#\/schema\/logo\/image\/"},"sameAs":["https:\/\/www.facebook.com\/BlogQuerSaberPolitica\/"]}]}},"_links":{"self":[{"href":"https:\/\/blogdofarnesio.com.br\/index.php?rest_route=\/wp\/v2\/posts\/15055","targetHints":{"allow":["GET"]}}],"collection":[{"href":"https:\/\/blogdofarnesio.com.br\/index.php?rest_route=\/wp\/v2\/posts"}],"about":[{"href":"https:\/\/blogdofarnesio.com.br\/index.php?rest_route=\/wp\/v2\/types\/post"}],"replies":[{"embeddable":true,"href":"https:\/\/blogdofarnesio.com.br\/index.php?rest_route=%2Fwp%2Fv2%2Fcomments&post=15055"}],"version-history":[{"count":0,"href":"https:\/\/blogdofarnesio.com.br\/index.php?rest_route=\/wp\/v2\/posts\/15055\/revisions"}],"wp:attachment":[{"href":"https:\/\/blogdofarnesio.com.br\/index.php?rest_route=%2Fwp%2Fv2%2Fmedia&parent=15055"}],"wp:term":[{"taxonomy":"category","embeddable":true,"href":"https:\/\/blogdofarnesio.com.br\/index.php?rest_route=%2Fwp%2Fv2%2Fcategories&post=15055"},{"taxonomy":"post_tag","embeddable":true,"href":"https:\/\/blogdofarnesio.com.br\/index.php?rest_route=%2Fwp%2Fv2%2Ftags&post=15055"}],"curies":[{"name":"wp","href":"https:\/\/api.w.org\/{rel}","templated":true}]}}