{"id":15046,"date":"2012-06-21T08:07:29","date_gmt":"2012-06-21T08:07:29","guid":{"rendered":"http:\/\/www.quersaberpolitica.com.br?p=15046"},"modified":"-0001-11-30T00:00:00","modified_gmt":"-0001-11-30T03:00:00","slug":"plano-de-carreira-do-analista-de-controle-interno-e-aprovado-por-unanimidade-na-camara-de-vereadores-de-petrolina","status":"publish","type":"post","link":"https:\/\/blogdofarnesio.com.br\/?p=15046","title":{"rendered":"Plano de carreira do Analista de Controle Interno \u00e9 aprovado por unanimidade na C\u00e2mara de Vereadores de Petrolina"},"content":{"rendered":"<p style=\"text-align: justify;\"><span style=\"font-size: small;\"><span style=\"font-family: arial,helvetica,sans-serif;\"><span style=\"font-size: small;\"><a rel=\"lightbox\" href=\"http:\/\/www.quersaberpolitica.com.br\/2016\/wp-content\/uploads\/2012\/12\/blogqspcamarapet0.jpg\"><img loading=\"lazy\" decoding=\"async\" style=\"float: left; margin: 5px 10px;\" src=\"http:\/\/www.quersaberpolitica.com.br\/2016\/wp-content\/uploads\/2012\/12\/blogqspcamarapet0.jpg\" alt=\"\" width=\"200\" height=\"150\" \/><\/a>Foi aprovado por unanimidade no dia 14 de junho, na C&acirc;mara Municipal de Petrolina, o Projeto de Lei n&ordm; 024\/2012 que institui o Plano de carreira dos Analistas de Controle Interno. A aprova&ccedil;&atilde;o foi resultado do processo de estrutura&ccedil;&atilde;o do controle interno do munic&iacute;pio iniciado na atual gest&atilde;o do prefeito Julio Lossio ainda no primeiro ano de governo. O plano cumpre as diretrizes estrat&eacute;gicas de valoriza&ccedil;&atilde;o do servidor determinadas nesta gest&atilde;o e a moraliza&ccedil;&atilde;o dos servi&ccedil;os de controle interno do munic&iacute;pio.<\/span><\/span><\/span><\/p>\n<p class=\"western\" style=\"margin-bottom: 0cm; text-align: justify;\"><span style=\"font-size: small;\"><span style=\"font-family: arial,helvetica,sans-serif;\"><br \/> <\/span><\/span><\/p>\n<p class=\"western\" style=\"margin-bottom: 0cm; text-align: justify;\"><span style=\"font-size: small;\"><span style=\"font-family: arial,helvetica,sans-serif;\"><span style=\"font-size: small;\">Dentre outros benef&iacute;cios, os Analistas de Controle Interno passam a contar na Lei do Plano de Carreira com o sistema de progress&atilde;o da carreira de acordo com o tempo de servi&ccedil;o e a capacita&ccedil;&atilde;o funcional, al&eacute;m do incentivo &agrave; qualifica&ccedil;&atilde;o (especializa&ccedil;&atilde;o lato sensu) e a Gratifica&ccedil;&atilde;o das Atividades ap&oacute;s o primeiro ano de efetivo exerc&iacute;cio.<\/span><\/span><\/span><\/p>\n<p class=\"western\" style=\"margin-bottom: 0cm; text-align: justify;\"><span style=\"font-size: small;\"><span style=\"font-family: arial,helvetica,sans-serif;\"><br \/> <\/span><\/span><\/p>\n<p class=\"western\" style=\"margin-bottom: 0cm; text-align: justify;\"><span style=\"font-size: small;\"><span style=\"font-family: arial,helvetica,sans-serif;\"><span style=\"font-size: small;\">O Sistema de Controle Interno do Munic&iacute;pio de Petrolina foi criado pela Lei os normativos legais como informa o Controlador Geral do Munic&iacute;pio, Josaias Santana. &ldquo;Dentre as atribui&ccedil;&otilde;es dos analistas de controle interno<\/span> <span style=\"font-size: small;\">est&aacute; assegurar a prote&ccedil;&atilde;o dos ativos e a veracidade dos componentes patrimoniais; comprovar atos e fatos que afetem ou possam afetar o patrim&ocirc;nio; prevenir pr&aacute;ticas ineficientes e antiecon&ocirc;micas, erros, fraudes, malversa&ccedil;&atilde;o, abusos, desvios e outras inadequa&ccedil;&otilde;es&rdquo;, pontuou.<\/span><\/span><\/span><\/p>\n<p class=\"western\" style=\"margin-bottom: 0cm; text-align: justify;\"><span style=\"font-size: small;\"><span style=\"font-family: arial,helvetica,sans-serif;\"><br \/> <\/span><\/span><\/p>\n<p class=\"western\" style=\"margin-bottom: 0cm; text-align: justify;\"><span style=\"font-size: small;\"><span style=\"font-family: arial,helvetica,sans-serif;\"><span style=\"font-size: small;\">Entre as atribui&ccedil;&otilde;es desse profissional, tamb&eacute;m est&atilde;o: garantir a execu&ccedil;&atilde;o dos planos e pol&iacute;ticas definidas pela administra&ccedil;&atilde;o e realizar as conhecidas auditorias sobre a gest&atilde;o dos recursos p&uacute;blicos municipais. &ldquo;Al&eacute;m de atuar na preven&ccedil;&atilde;o, padroniza&ccedil;&atilde;o e normatiza&ccedil;&atilde;o das atividades administrativas. O Analista de Controle Interno &eacute; respons&aacute;vel, ao tomar conhecimento de qualquer irregularidade ou abuso, promover auditoria e dar ci&ecirc;ncia ao Tribunal de Contas do Estado, sob pena de responsabilidade solid&aacute;ria&rdquo;, salientou.<\/span><\/span><\/span><\/p>\n<p class=\"western\" style=\"margin-bottom: 0cm; text-align: justify;\"><span style=\"font-size: small;\"><span style=\"font-family: arial,helvetica,sans-serif;\"><br \/> <\/span><\/span><\/p>\n<p class=\"western\" style=\"margin-bottom: 0cm; text-align: justify;\"><span style=\"font-size: small;\"><span style=\"font-family: arial,helvetica,sans-serif;\"><br \/> <\/span><\/span><\/p>\n<p class=\"western\" style=\"margin-bottom: 0cm; text-align: justify;\"><span style=\"font-size: small;\"><span style=\"font-family: arial,helvetica,sans-serif;\"><span style=\"font-size: small;\">Texto: Iana Lima<\/span><\/span><\/span><\/p>\n<div style=\"text-align: justify;\"><span style=\"font-size: small;\"><span style=\"font-family: arial,helvetica,sans-serif;\"><br \/> <\/span><\/span><\/div>\n","protected":false},"excerpt":{"rendered":"<p>Foi aprovado por unanimidade no dia 14 de junho, na C&acirc;mara Municipal de Petrolina, o Projeto de Lei n&ordm; 024\/2012 que institui o Plano de carreira dos Analistas de Controle Interno. A aprova&ccedil;&atilde;o foi resultado do processo de estrutura&ccedil;&atilde;o do controle interno do munic&iacute;pio iniciado na atual gest&atilde;o do prefeito Julio Lossio ainda no primeiro ano de governo. O plano cumpre as diretrizes estrat&eacute;gicas de valoriza&ccedil;&atilde;o do servidor determinadas nesta gest&atilde;o e a moraliza&ccedil;&atilde;o dos servi&ccedil;os de controle interno do munic&iacute;pio. Dentre outros benef&iacute;cios, os Analistas de Controle Interno passam a contar na Lei do Plano de Carreira com o sistema de progress&atilde;o da carreira de acordo com o tempo de servi&ccedil;o e a capacita&ccedil;&atilde;o funcional, al&eacute;m do incentivo &agrave;&hellip; <\/p>\n","protected":false},"author":0,"featured_media":0,"comment_status":"open","ping_status":"open","sticky":false,"template":"","format":"standard","meta":{"_acf_changed":false,"footnotes":""},"categories":[43],"tags":[],"class_list":["post-15046","post","type-post","status-publish","format-standard","hentry","category-sem-categoria"],"acf":[],"yoast_head":"<!-- This site is optimized with the Yoast SEO plugin v27.4 - https:\/\/yoast.com\/product\/yoast-seo-wordpress\/ -->\n<title>Plano de carreira do Analista de Controle Interno \u00e9 aprovado por unanimidade na C\u00e2mara de Vereadores de Petrolina - Blog do Farn\u00e9sio<\/title>\n<meta name=\"robots\" content=\"index, follow, max-snippet:-1, max-image-preview:large, max-video-preview:-1\" \/>\n<link rel=\"canonical\" href=\"https:\/\/blogdofarnesio.com.br\/?p=15046\" \/>\n<meta property=\"og:locale\" content=\"pt_BR\" \/>\n<meta property=\"og:type\" content=\"article\" \/>\n<meta property=\"og:title\" content=\"Plano de carreira do Analista de Controle Interno \u00e9 aprovado por unanimidade na C\u00e2mara de Vereadores de Petrolina - Blog do Farn\u00e9sio\" \/>\n<meta property=\"og:description\" content=\"Foi aprovado por unanimidade no dia 14 de junho, na C&acirc;mara Municipal de Petrolina, o Projeto de Lei n&ordm; 024\/2012 que institui o Plano de carreira dos Analistas de Controle Interno. A aprova&ccedil;&atilde;o foi resultado do processo de estrutura&ccedil;&atilde;o do controle interno do munic&iacute;pio iniciado na atual gest&atilde;o do prefeito Julio Lossio ainda no primeiro ano de governo. O plano cumpre as diretrizes estrat&eacute;gicas de valoriza&ccedil;&atilde;o do servidor determinadas nesta gest&atilde;o e a moraliza&ccedil;&atilde;o dos servi&ccedil;os de controle interno do munic&iacute;pio. Dentre outros benef&iacute;cios, os Analistas de Controle Interno passam a contar na Lei do Plano de Carreira com o sistema de progress&atilde;o da carreira de acordo com o tempo de servi&ccedil;o e a capacita&ccedil;&atilde;o funcional, al&eacute;m do incentivo &agrave;&hellip;\" \/>\n<meta property=\"og:url\" content=\"https:\/\/blogdofarnesio.com.br\/?p=15046\" \/>\n<meta property=\"og:site_name\" content=\"Blog do Farn\u00e9sio\" \/>\n<meta property=\"article:publisher\" content=\"https:\/\/www.facebook.com\/BlogQuerSaberPolitica\/\" \/>\n<meta property=\"article:published_time\" content=\"2012-06-21T08:07:29+00:00\" \/>\n<meta property=\"og:image\" content=\"http:\/\/www.quersaberpolitica.com.br\/2016\/wp-content\/uploads\/2012\/12\/blogqspcamarapet0.jpg\" \/>\n<meta name=\"twitter:card\" content=\"summary_large_image\" \/>\n<meta name=\"twitter:label1\" content=\"Est. tempo de leitura\" \/>\n\t<meta name=\"twitter:data1\" content=\"2 minutos\" \/>\n<script type=\"application\/ld+json\" class=\"yoast-schema-graph\">{\"@context\":\"https:\\\/\\\/schema.org\",\"@graph\":[{\"@type\":\"Article\",\"@id\":\"https:\\\/\\\/blogdofarnesio.com.br\\\/?p=15046#article\",\"isPartOf\":{\"@id\":\"https:\\\/\\\/blogdofarnesio.com.br\\\/?p=15046\"},\"author\":{\"name\":\"\",\"@id\":\"\"},\"headline\":\"Plano de carreira do Analista de Controle Interno \u00e9 aprovado por unanimidade na C\u00e2mara de Vereadores de Petrolina\",\"datePublished\":\"2012-06-21T08:07:29+00:00\",\"mainEntityOfPage\":{\"@id\":\"https:\\\/\\\/blogdofarnesio.com.br\\\/?p=15046\"},\"wordCount\":411,\"commentCount\":0,\"publisher\":{\"@id\":\"https:\\\/\\\/blogdofarnesio.com.br\\\/#organization\"},\"image\":{\"@id\":\"https:\\\/\\\/blogdofarnesio.com.br\\\/?p=15046#primaryimage\"},\"thumbnailUrl\":\"http:\\\/\\\/www.quersaberpolitica.com.br\\\/2016\\\/wp-content\\\/uploads\\\/2012\\\/12\\\/blogqspcamarapet0.jpg\",\"inLanguage\":\"pt-BR\",\"potentialAction\":[{\"@type\":\"CommentAction\",\"name\":\"Comment\",\"target\":[\"https:\\\/\\\/blogdofarnesio.com.br\\\/?p=15046#respond\"]}]},{\"@type\":\"WebPage\",\"@id\":\"https:\\\/\\\/blogdofarnesio.com.br\\\/?p=15046\",\"url\":\"https:\\\/\\\/blogdofarnesio.com.br\\\/?p=15046\",\"name\":\"Plano de carreira do Analista de Controle Interno \u00e9 aprovado por unanimidade na C\u00e2mara de Vereadores de Petrolina - Blog do Farn\u00e9sio\",\"isPartOf\":{\"@id\":\"https:\\\/\\\/blogdofarnesio.com.br\\\/#website\"},\"primaryImageOfPage\":{\"@id\":\"https:\\\/\\\/blogdofarnesio.com.br\\\/?p=15046#primaryimage\"},\"image\":{\"@id\":\"https:\\\/\\\/blogdofarnesio.com.br\\\/?p=15046#primaryimage\"},\"thumbnailUrl\":\"http:\\\/\\\/www.quersaberpolitica.com.br\\\/2016\\\/wp-content\\\/uploads\\\/2012\\\/12\\\/blogqspcamarapet0.jpg\",\"datePublished\":\"2012-06-21T08:07:29+00:00\",\"breadcrumb\":{\"@id\":\"https:\\\/\\\/blogdofarnesio.com.br\\\/?p=15046#breadcrumb\"},\"inLanguage\":\"pt-BR\",\"potentialAction\":[{\"@type\":\"ReadAction\",\"target\":[\"https:\\\/\\\/blogdofarnesio.com.br\\\/?p=15046\"]}]},{\"@type\":\"ImageObject\",\"inLanguage\":\"pt-BR\",\"@id\":\"https:\\\/\\\/blogdofarnesio.com.br\\\/?p=15046#primaryimage\",\"url\":\"http:\\\/\\\/www.quersaberpolitica.com.br\\\/2016\\\/wp-content\\\/uploads\\\/2012\\\/12\\\/blogqspcamarapet0.jpg\",\"contentUrl\":\"http:\\\/\\\/www.quersaberpolitica.com.br\\\/2016\\\/wp-content\\\/uploads\\\/2012\\\/12\\\/blogqspcamarapet0.jpg\"},{\"@type\":\"BreadcrumbList\",\"@id\":\"https:\\\/\\\/blogdofarnesio.com.br\\\/?p=15046#breadcrumb\",\"itemListElement\":[{\"@type\":\"ListItem\",\"position\":1,\"name\":\"In\u00edcio\",\"item\":\"https:\\\/\\\/blogdofarnesio.com.br\\\/\"},{\"@type\":\"ListItem\",\"position\":2,\"name\":\"Plano de carreira do Analista de Controle Interno \u00e9 aprovado por unanimidade na C\u00e2mara de Vereadores de Petrolina\"}]},{\"@type\":\"WebSite\",\"@id\":\"https:\\\/\\\/blogdofarnesio.com.br\\\/#website\",\"url\":\"https:\\\/\\\/blogdofarnesio.com.br\\\/\",\"name\":\"Blog do Farn\u00e9sio\",\"description\":\"Quer Saber Pol\u00edtica?\",\"publisher\":{\"@id\":\"https:\\\/\\\/blogdofarnesio.com.br\\\/#organization\"},\"potentialAction\":[{\"@type\":\"SearchAction\",\"target\":{\"@type\":\"EntryPoint\",\"urlTemplate\":\"https:\\\/\\\/blogdofarnesio.com.br\\\/?s={search_term_string}\"},\"query-input\":{\"@type\":\"PropertyValueSpecification\",\"valueRequired\":true,\"valueName\":\"search_term_string\"}}],\"inLanguage\":\"pt-BR\"},{\"@type\":\"Organization\",\"@id\":\"https:\\\/\\\/blogdofarnesio.com.br\\\/#organization\",\"name\":\"Blog do Farn\u00e9sio\",\"url\":\"https:\\\/\\\/blogdofarnesio.com.br\\\/\",\"logo\":{\"@type\":\"ImageObject\",\"inLanguage\":\"pt-BR\",\"@id\":\"https:\\\/\\\/blogdofarnesio.com.br\\\/#\\\/schema\\\/logo\\\/image\\\/\",\"url\":\"https:\\\/\\\/blogdofarnesio.com.br\\\/wp-content\\\/uploads\\\/2026\\\/03\\\/cropped-logo_new-1.png\",\"contentUrl\":\"https:\\\/\\\/blogdofarnesio.com.br\\\/wp-content\\\/uploads\\\/2026\\\/03\\\/cropped-logo_new-1.png\",\"width\":881,\"height\":685,\"caption\":\"Blog do Farn\u00e9sio\"},\"image\":{\"@id\":\"https:\\\/\\\/blogdofarnesio.com.br\\\/#\\\/schema\\\/logo\\\/image\\\/\"},\"sameAs\":[\"https:\\\/\\\/www.facebook.com\\\/BlogQuerSaberPolitica\\\/\"]}]}<\/script>\n<!-- \/ Yoast SEO plugin. -->","yoast_head_json":{"title":"Plano de carreira do Analista de Controle Interno \u00e9 aprovado por unanimidade na C\u00e2mara de Vereadores de Petrolina - Blog do Farn\u00e9sio","robots":{"index":"index","follow":"follow","max-snippet":"max-snippet:-1","max-image-preview":"max-image-preview:large","max-video-preview":"max-video-preview:-1"},"canonical":"https:\/\/blogdofarnesio.com.br\/?p=15046","og_locale":"pt_BR","og_type":"article","og_title":"Plano de carreira do Analista de Controle Interno \u00e9 aprovado por unanimidade na C\u00e2mara de Vereadores de Petrolina - Blog do Farn\u00e9sio","og_description":"Foi aprovado por unanimidade no dia 14 de junho, na C&acirc;mara Municipal de Petrolina, o Projeto de Lei n&ordm; 024\/2012 que institui o Plano de carreira dos Analistas de Controle Interno. A aprova&ccedil;&atilde;o foi resultado do processo de estrutura&ccedil;&atilde;o do controle interno do munic&iacute;pio iniciado na atual gest&atilde;o do prefeito Julio Lossio ainda no primeiro ano de governo. O plano cumpre as diretrizes estrat&eacute;gicas de valoriza&ccedil;&atilde;o do servidor determinadas nesta gest&atilde;o e a moraliza&ccedil;&atilde;o dos servi&ccedil;os de controle interno do munic&iacute;pio. Dentre outros benef&iacute;cios, os Analistas de Controle Interno passam a contar na Lei do Plano de Carreira com o sistema de progress&atilde;o da carreira de acordo com o tempo de servi&ccedil;o e a capacita&ccedil;&atilde;o funcional, al&eacute;m do incentivo &agrave;&hellip;","og_url":"https:\/\/blogdofarnesio.com.br\/?p=15046","og_site_name":"Blog do Farn\u00e9sio","article_publisher":"https:\/\/www.facebook.com\/BlogQuerSaberPolitica\/","article_published_time":"2012-06-21T08:07:29+00:00","og_image":[{"url":"http:\/\/www.quersaberpolitica.com.br\/2016\/wp-content\/uploads\/2012\/12\/blogqspcamarapet0.jpg","type":"","width":"","height":""}],"twitter_card":"summary_large_image","twitter_misc":{"Est. tempo de leitura":"2 minutos"},"schema":{"@context":"https:\/\/schema.org","@graph":[{"@type":"Article","@id":"https:\/\/blogdofarnesio.com.br\/?p=15046#article","isPartOf":{"@id":"https:\/\/blogdofarnesio.com.br\/?p=15046"},"author":{"name":"","@id":""},"headline":"Plano de carreira do Analista de Controle Interno \u00e9 aprovado por unanimidade na C\u00e2mara de Vereadores de Petrolina","datePublished":"2012-06-21T08:07:29+00:00","mainEntityOfPage":{"@id":"https:\/\/blogdofarnesio.com.br\/?p=15046"},"wordCount":411,"commentCount":0,"publisher":{"@id":"https:\/\/blogdofarnesio.com.br\/#organization"},"image":{"@id":"https:\/\/blogdofarnesio.com.br\/?p=15046#primaryimage"},"thumbnailUrl":"http:\/\/www.quersaberpolitica.com.br\/2016\/wp-content\/uploads\/2012\/12\/blogqspcamarapet0.jpg","inLanguage":"pt-BR","potentialAction":[{"@type":"CommentAction","name":"Comment","target":["https:\/\/blogdofarnesio.com.br\/?p=15046#respond"]}]},{"@type":"WebPage","@id":"https:\/\/blogdofarnesio.com.br\/?p=15046","url":"https:\/\/blogdofarnesio.com.br\/?p=15046","name":"Plano de carreira do Analista de Controle Interno \u00e9 aprovado por unanimidade na C\u00e2mara de Vereadores de Petrolina - Blog do Farn\u00e9sio","isPartOf":{"@id":"https:\/\/blogdofarnesio.com.br\/#website"},"primaryImageOfPage":{"@id":"https:\/\/blogdofarnesio.com.br\/?p=15046#primaryimage"},"image":{"@id":"https:\/\/blogdofarnesio.com.br\/?p=15046#primaryimage"},"thumbnailUrl":"http:\/\/www.quersaberpolitica.com.br\/2016\/wp-content\/uploads\/2012\/12\/blogqspcamarapet0.jpg","datePublished":"2012-06-21T08:07:29+00:00","breadcrumb":{"@id":"https:\/\/blogdofarnesio.com.br\/?p=15046#breadcrumb"},"inLanguage":"pt-BR","potentialAction":[{"@type":"ReadAction","target":["https:\/\/blogdofarnesio.com.br\/?p=15046"]}]},{"@type":"ImageObject","inLanguage":"pt-BR","@id":"https:\/\/blogdofarnesio.com.br\/?p=15046#primaryimage","url":"http:\/\/www.quersaberpolitica.com.br\/2016\/wp-content\/uploads\/2012\/12\/blogqspcamarapet0.jpg","contentUrl":"http:\/\/www.quersaberpolitica.com.br\/2016\/wp-content\/uploads\/2012\/12\/blogqspcamarapet0.jpg"},{"@type":"BreadcrumbList","@id":"https:\/\/blogdofarnesio.com.br\/?p=15046#breadcrumb","itemListElement":[{"@type":"ListItem","position":1,"name":"In\u00edcio","item":"https:\/\/blogdofarnesio.com.br\/"},{"@type":"ListItem","position":2,"name":"Plano de carreira do Analista de Controle Interno \u00e9 aprovado por unanimidade na C\u00e2mara de Vereadores de Petrolina"}]},{"@type":"WebSite","@id":"https:\/\/blogdofarnesio.com.br\/#website","url":"https:\/\/blogdofarnesio.com.br\/","name":"Blog do Farn\u00e9sio","description":"Quer Saber Pol\u00edtica?","publisher":{"@id":"https:\/\/blogdofarnesio.com.br\/#organization"},"potentialAction":[{"@type":"SearchAction","target":{"@type":"EntryPoint","urlTemplate":"https:\/\/blogdofarnesio.com.br\/?s={search_term_string}"},"query-input":{"@type":"PropertyValueSpecification","valueRequired":true,"valueName":"search_term_string"}}],"inLanguage":"pt-BR"},{"@type":"Organization","@id":"https:\/\/blogdofarnesio.com.br\/#organization","name":"Blog do Farn\u00e9sio","url":"https:\/\/blogdofarnesio.com.br\/","logo":{"@type":"ImageObject","inLanguage":"pt-BR","@id":"https:\/\/blogdofarnesio.com.br\/#\/schema\/logo\/image\/","url":"https:\/\/blogdofarnesio.com.br\/wp-content\/uploads\/2026\/03\/cropped-logo_new-1.png","contentUrl":"https:\/\/blogdofarnesio.com.br\/wp-content\/uploads\/2026\/03\/cropped-logo_new-1.png","width":881,"height":685,"caption":"Blog do Farn\u00e9sio"},"image":{"@id":"https:\/\/blogdofarnesio.com.br\/#\/schema\/logo\/image\/"},"sameAs":["https:\/\/www.facebook.com\/BlogQuerSaberPolitica\/"]}]}},"_links":{"self":[{"href":"https:\/\/blogdofarnesio.com.br\/index.php?rest_route=\/wp\/v2\/posts\/15046","targetHints":{"allow":["GET"]}}],"collection":[{"href":"https:\/\/blogdofarnesio.com.br\/index.php?rest_route=\/wp\/v2\/posts"}],"about":[{"href":"https:\/\/blogdofarnesio.com.br\/index.php?rest_route=\/wp\/v2\/types\/post"}],"replies":[{"embeddable":true,"href":"https:\/\/blogdofarnesio.com.br\/index.php?rest_route=%2Fwp%2Fv2%2Fcomments&post=15046"}],"version-history":[{"count":0,"href":"https:\/\/blogdofarnesio.com.br\/index.php?rest_route=\/wp\/v2\/posts\/15046\/revisions"}],"wp:attachment":[{"href":"https:\/\/blogdofarnesio.com.br\/index.php?rest_route=%2Fwp%2Fv2%2Fmedia&parent=15046"}],"wp:term":[{"taxonomy":"category","embeddable":true,"href":"https:\/\/blogdofarnesio.com.br\/index.php?rest_route=%2Fwp%2Fv2%2Fcategories&post=15046"},{"taxonomy":"post_tag","embeddable":true,"href":"https:\/\/blogdofarnesio.com.br\/index.php?rest_route=%2Fwp%2Fv2%2Ftags&post=15046"}],"curies":[{"name":"wp","href":"https:\/\/api.w.org\/{rel}","templated":true}]}}