{"id":15011,"date":"2012-06-20T15:42:12","date_gmt":"2012-06-20T15:42:12","guid":{"rendered":"http:\/\/www.quersaberpolitica.com.br?p=15011"},"modified":"-0001-11-30T00:00:00","modified_gmt":"-0001-11-30T03:00:00","slug":"prefeitura-incentiva-equipe-da-saude-da-familia-em-juazeiro-e-qualifica-servicos","status":"publish","type":"post","link":"https:\/\/blogdofarnesio.com.br\/?p=15011","title":{"rendered":"Prefeitura incentiva Equipe da Sa\u00fade da Fam\u00edlia em Juazeiro e qualifica servi\u00e7os"},"content":{"rendered":"<p style=\"text-align: justify;\"><span style=\"font-size: small;\"><span style=\"font-family: arial,helvetica,sans-serif;\"><a rel=\"lightbox\" href=\"http:\/\/www.quersaberpolitica.com.br\/2016\/wp-content\/uploads\/2012\/12\/blogqsphospital_da_crian&ccedil;a.jpg\"><img loading=\"lazy\" decoding=\"async\" style=\"float: left; margin: 5px 10px;\" src=\"http:\/\/www.quersaberpolitica.com.br\/2016\/wp-content\/uploads\/2012\/12\/blogqsphospital_da_crian&ccedil;a.jpg\" alt=\"\" width=\"200\" height=\"133\" \/><\/a>Neste  m&ecirc;s de junho, 877 profissionais que atuam nas Equipes de Sa&uacute;de da  Fam&iacute;lia (ESF) &#8211; m&eacute;dicos, enfermeiros, dentistas, t&eacute;cnico de enfermagens,  auxiliares de sa&uacute;de bucal, recepcionistas, agentes comunit&aacute;rios de  sa&uacute;de e auxiliares de servi&ccedil;os gerais de Juazeiro &#8211; receberam uma  gratifica&ccedil;&atilde;o de R$ 206, 07 como forma de promover melhorias na  assist&ecirc;ncia oferecida nas Unidades de Sa&uacute;de da Fam&iacute;lia.<\/span><\/span><\/p>\n<p style=\"text-align: justify;\"><span style=\"font-size: small;\"><span style=\"font-family: arial,helvetica,sans-serif;\"><br \/> <\/span><\/span><\/p>\n<p style=\"text-align: justify;\"><span style=\"font-size: small;\"><span style=\"font-family: arial,helvetica,sans-serif;\">Isto  s&oacute; est&aacute; sendo poss&iacute;vel devido &agrave; cria&ccedil;&atilde;o pelo prefeito Isaac Carvalho em  abril deste ano da Lei n&ordm;. 2.271\/2012, que institui o Incentivo por  Desempenho e Qualidade dos Servi&ccedil;os a ESF, desenvolvida com base na  Portaria n&ordm;. 1654 de 19 de julho de 2011, publicada pelo Minist&eacute;rio da  Sa&uacute;de.<\/span><\/span><\/p>\n<p style=\"text-align: justify;\"><span style=\"font-size: small;\"><span style=\"font-family: arial,helvetica,sans-serif;\"><br \/> <\/span><\/span><\/p>\n<p style=\"text-align: justify;\"><span style=\"font-size: small;\"><span style=\"font-family: arial,helvetica,sans-serif;\">&#8220;Devido  a esta Portaria foi lan&ccedil;ado o Programa Nacional de Melhoria do Acesso e  da Qualidade da Aten&ccedil;&atilde;o B&aacute;sica (PMAQ), aderido rapidamente pelo  munic&iacute;pio. &Eacute; uma maneira de premiar os profissionais pelo desempenho e  melhorar os servi&ccedil;os de forma continuada, j&aacute; que os funcion&aacute;rios estar&atilde;o  sendo avaliados e desenvolvendo novas a&ccedil;&otilde;es constantemente&#8221;, disse o  secret&aacute;rio da Sa&uacute;de, Ubiratan Moreira.<\/span><\/span><\/p>\n<p style=\"text-align: justify;\"><span style=\"font-size: small;\"><span style=\"font-family: arial,helvetica,sans-serif;\"><br \/> <\/span><\/span><\/p>\n<p style=\"text-align: justify;\"><span style=\"font-size: small;\"><span style=\"font-family: arial,helvetica,sans-serif;\">O  PMAQ &eacute; um Programa que procura ampliar os servi&ccedil;os e assegurar maior  acesso e qualidade, de acordo com as necessidades concretas da  popula&ccedil;&atilde;o. O objetivo &eacute; promover movimentos de mudan&ccedil;a na gest&atilde;o para  que sejam produzidos melhores atendimentos na Aten&ccedil;&atilde;o B&aacute;sica.<\/span><\/span><\/p>\n<p style=\"text-align: justify;\"><span style=\"font-size: small;\"><span style=\"font-family: arial,helvetica,sans-serif;\"><br \/> <\/span><\/span><\/p>\n<p style=\"text-align: justify;\"><span style=\"font-size: small;\"><span style=\"font-family: arial,helvetica,sans-serif;\">Ades&atilde;o ao Programa<\/span><\/span><\/p>\n<p style=\"text-align: justify;\"><span style=\"font-size: small;\"><span style=\"font-family: arial,helvetica,sans-serif;\"><br \/> <\/span><\/span><\/p>\n<p style=\"text-align: justify;\"><span style=\"font-size: small;\"><span style=\"font-family: arial,helvetica,sans-serif;\">Logo  quando o Minist&eacute;rio da Sa&uacute;de lan&ccedil;ou o PMAQ em setembro do ano passado,  Juazeiro realizou a ades&atilde;o. A inscri&ccedil;&atilde;o era de apenas 50% das equipes,  mas o munic&iacute;pio se interessou totalmente e inscreveu todas as ESF. Das  54 Equipes, 45 foram aprovadas no Programa. A avalia&ccedil;&atilde;o foi feita  observando par&acirc;metros que v&atilde;o desde a estrutura f&iacute;sica e adequada das  unidades, presen&ccedil;a de profissionais capacitados at&eacute; a oferta de um  atendimento de qualidade e humanizado.<\/span><\/span><\/p>\n<p style=\"text-align: justify;\"><span style=\"font-size: small;\"><span style=\"font-family: arial,helvetica,sans-serif;\"><br \/> <\/span><\/span><\/p>\n<p style=\"text-align: justify;\"><span style=\"font-size: small;\"><span style=\"font-family: arial,helvetica,sans-serif;\">O  secret&aacute;rio da Sa&uacute;de de Juazeiro, Ubiratan Pedrosa, afirma que apesar da  aprova&ccedil;&atilde;o das 45 ESF, todas as 54 est&atilde;o envolvidas no trabalho que tem o  intuito de melhorar a gest&atilde;o do cuidado, os indicadores de sa&uacute;de, o  acolhimento aos pacientes e a melhoria do acesso e da qualidade da  aten&ccedil;&atilde;o b&aacute;sica.<\/span><\/span><\/p>\n<p style=\"text-align: justify;\"><span style=\"font-size: small;\"><span style=\"font-family: arial,helvetica,sans-serif;\"><br \/> <\/span><\/span><\/p>\n<p style=\"text-align: justify;\"><span style=\"font-size: small;\"><span style=\"font-family: arial,helvetica,sans-serif;\">&#8220;A  sa&uacute;de &eacute; prioridade da atual gest&atilde;o. Muita coisa j&aacute; mudou para melhor  com a administra&ccedil;&atilde;o do Hospital da Crian&ccedil;a e da Maternidade pela  prefeitura, reabertura da Santa Casa, oferta de servi&ccedil;os de oncologia e  cardiologia, melhorando a estrutura de urg&ecirc;ncia na cidade, enfim, muitos  outros avan&ccedil;os. Ainda existem problemas pontuais, mas a Secretaria da  Sa&uacute;de continua se esfor&ccedil;ando para garantir uma assist&ecirc;ncia de qualidade  para a popula&ccedil;&atilde;o&#8221;, disse o gestor da pasta. <\/span><\/span><\/p>\n<p style=\"text-align: justify;\"><span style=\"font-size: small;\"><span style=\"font-family: arial,helvetica,sans-serif;\"><br \/> <\/span><\/span><\/p>\n<p style=\"text-align: justify;\"><span style=\"font-size: small;\"><span style=\"font-family: arial,helvetica,sans-serif;\">Nova avalia&ccedil;&atilde;o do PMAQ<\/span><\/span><\/p>\n<p style=\"text-align: justify;\"><span style=\"font-size: small;\"><span style=\"font-family: arial,helvetica,sans-serif;\"><br \/> <\/span><\/span><\/p>\n<p style=\"text-align: justify;\"><span style=\"font-size: small;\"><span style=\"font-family: arial,helvetica,sans-serif;\">A  segunda an&aacute;lise do Minist&eacute;rio da Sa&uacute;de est&aacute; marcada para acontecer em  julho deste ano. Se aprovado novamente, Juazeiro receber&aacute; mais  incentivos que ser&atilde;o destinados para melhorias estruturais das unidades e  em gratifica&ccedil;&otilde;es aos profissionais. O valor da gratifica&ccedil;&atilde;o poder&aacute;  aumentar em at&eacute; 5 vezes. <\/span><\/span><\/p>\n<p style=\"text-align: justify;\"><span style=\"font-size: small;\"><span style=\"font-family: arial,helvetica,sans-serif;\"><br \/> <\/span><\/span><\/p>\n<p style=\"text-align: justify;\"><span style=\"font-size: small;\"><span style=\"font-family: arial,helvetica,sans-serif;\"><br \/> <\/span><\/span><\/p>\n<p style=\"text-align: justify;\"><span style=\"font-size: small;\"><span style=\"font-family: arial,helvetica,sans-serif;\">PMAQ em Juazeiro &eacute; refer&ecirc;ncia na regi&atilde;o<\/span><\/span><\/p>\n<p style=\"text-align: justify;\"><span style=\"font-size: small;\"><span style=\"font-family: arial,helvetica,sans-serif;\"><br \/> <\/span><\/span><\/p>\n<p style=\"text-align: justify;\"><span style=\"font-size: small;\"><span style=\"font-family: arial,helvetica,sans-serif;\">Em  abril deste ano, o munic&iacute;pio de Juazeiro foi convidado pelo estado para  apresentar o relato de experi&ecirc;ncia, desde a ades&atilde;o ao PMAQ at&eacute; o  desenvolvimento das a&ccedil;&otilde;es, para gestores de outras cidades. O evento  aconteceu no Centro de Sa&uacute;de III e reuniu profissionais de 18 munic&iacute;pios  das micros de Juazeiro e Senhor de Bonfim.<\/span><\/span><\/p>\n<p style=\"text-align: justify;\"><span style=\"font-size: small;\"><span style=\"font-family: arial,helvetica,sans-serif;\"><br \/> <\/span><\/span><\/p>\n<p style=\"text-align: justify;\"><span style=\"font-size: small;\"><span style=\"font-family: arial,helvetica,sans-serif;\">O  objetivo do encontro foi formar rodas de discuss&atilde;o sobre os  atendimentos nas Unidades de Sa&uacute;de da Fam&iacute;lia, j&aacute; que segundo uma das  integrantes da Diretoria da Aten&ccedil;&atilde;o B&aacute;sica da Secretaria Estadual da  Bahia (Sesab), Soraia Carvalho, Juazeiro se encontra em est&aacute;gio mais  avan&ccedil;ado se comparado com outras cidades da regi&atilde;o que aderiram ao  Programa. &#8220;Nada melhor do que ouvir o exemplo do munic&iacute;pio que est&aacute;  dando certo. A experi&ecirc;ncia exitosa de Juazeiro &eacute; importante, sem d&uacute;vida  para constru&ccedil;&atilde;o de uma sa&uacute;de melhor na regi&atilde;o&#8221;, enfatizou.<\/span><\/span><\/p>\n<p style=\"text-align: justify;\"><span style=\"font-size: small;\"><span style=\"font-family: arial,helvetica,sans-serif;\"><br \/> <\/span><\/span><\/p>\n<p style=\"text-align: justify;\"><span style=\"font-size: small;\"><span style=\"font-family: arial,helvetica,sans-serif;\">IDSUS<\/span><\/span><\/p>\n<p style=\"text-align: justify;\"><span style=\"font-size: small;\"><span style=\"font-family: arial,helvetica,sans-serif;\"><br \/> <\/span><\/span><\/p>\n<p style=\"text-align: justify;\"><span style=\"font-size: small;\"><span style=\"font-family: arial,helvetica,sans-serif;\">O  cuidado com a sa&uacute;de da comunidade e com os profissionais, levou  Juazeiro a atingir os melhores indicadores do Brasil, conforme avalia&ccedil;&atilde;o  do Minist&eacute;rio da Sa&uacute;de que em mar&ccedil;o deste ano divulgou a boa situa&ccedil;&atilde;o  dos servi&ccedil;os de sa&uacute;de na cidade. A pontua&ccedil;&atilde;o de 6,24 colocou Juazeiro na  lideran&ccedil;a do ranking dos munic&iacute;pios de m&eacute;dio porte da Bahia e na quarta  posi&ccedil;&atilde;o entre as capitais do Nordeste, al&eacute;m de ter ficado acima da  m&eacute;dia nacional, avaliada em 5,47, e na frente de Salvador e Recife.<\/span><\/span><\/p>\n<p style=\"text-align: justify;\"><span style=\"font-size: small;\"><span style=\"font-family: arial,helvetica,sans-serif;\"><br \/> <\/span><\/span><\/p>\n<p style=\"text-align: justify;\"><span style=\"font-size: small;\"><span style=\"font-family: arial,helvetica,sans-serif;\"><br \/> <\/span><\/span><\/p>\n<p style=\"text-align: justify;\"><span style=\"font-size: small;\"><span style=\"font-family: arial,helvetica,sans-serif;\"><br \/> <\/span><\/span><\/p>\n<p style=\"text-align: justify;\"><span style=\"font-size: small;\"><span style=\"font-family: arial,helvetica,sans-serif;\"> V&acirc;nia Castro &#8211; assessoria de imprensa\/ SESAU (Prefeitura Municipal de Juazeiro)<\/span><\/span><\/p>\n<p style=\"text-align: justify;\"><span style=\"font-size: small;\"><span style=\"font-family: arial,helvetica,sans-serif;\"><br \/> <\/span><\/span><\/p>\n","protected":false},"excerpt":{"rendered":"<p>Neste m&ecirc;s de junho, 877 profissionais que atuam nas Equipes de Sa&uacute;de da Fam&iacute;lia (ESF) &#8211; m&eacute;dicos, enfermeiros, dentistas, t&eacute;cnico de enfermagens, auxiliares de sa&uacute;de bucal, recepcionistas, agentes comunit&aacute;rios de sa&uacute;de e auxiliares de servi&ccedil;os gerais de Juazeiro &#8211; receberam uma gratifica&ccedil;&atilde;o de R$ 206, 07 como forma de promover melhorias na assist&ecirc;ncia oferecida nas Unidades de Sa&uacute;de da Fam&iacute;lia. Isto s&oacute; est&aacute; sendo poss&iacute;vel devido &agrave; cria&ccedil;&atilde;o pelo prefeito Isaac Carvalho em abril deste ano da Lei n&ordm;. 2.271\/2012, que institui o Incentivo por Desempenho e Qualidade dos Servi&ccedil;os a ESF, desenvolvida com base na Portaria n&ordm;. 1654 de 19 de julho de 2011, publicada pelo Minist&eacute;rio da Sa&uacute;de. &#8220;Devido a esta Portaria foi lan&ccedil;ado o Programa Nacional de&hellip; <\/p>\n","protected":false},"author":0,"featured_media":0,"comment_status":"open","ping_status":"open","sticky":false,"template":"","format":"standard","meta":{"_acf_changed":false,"footnotes":""},"categories":[3],"tags":[],"class_list":["post-15011","post","type-post","status-publish","format-standard","hentry","category-entretenimento"],"acf":[],"yoast_head":"<!-- This site is optimized with the Yoast SEO plugin v27.4 - https:\/\/yoast.com\/product\/yoast-seo-wordpress\/ -->\n<title>Prefeitura incentiva Equipe da Sa\u00fade da Fam\u00edlia em Juazeiro e qualifica servi\u00e7os - Blog do Farn\u00e9sio<\/title>\n<meta name=\"robots\" content=\"index, follow, max-snippet:-1, max-image-preview:large, max-video-preview:-1\" \/>\n<link rel=\"canonical\" href=\"https:\/\/blogdofarnesio.com.br\/?p=15011\" \/>\n<meta property=\"og:locale\" content=\"pt_BR\" \/>\n<meta property=\"og:type\" content=\"article\" \/>\n<meta property=\"og:title\" content=\"Prefeitura incentiva Equipe da Sa\u00fade da Fam\u00edlia em Juazeiro e qualifica servi\u00e7os - Blog do Farn\u00e9sio\" \/>\n<meta property=\"og:description\" content=\"Neste m&ecirc;s de junho, 877 profissionais que atuam nas Equipes de Sa&uacute;de da Fam&iacute;lia (ESF) &#8211; m&eacute;dicos, enfermeiros, dentistas, t&eacute;cnico de enfermagens, auxiliares de sa&uacute;de bucal, recepcionistas, agentes comunit&aacute;rios de sa&uacute;de e auxiliares de servi&ccedil;os gerais de Juazeiro &#8211; receberam uma gratifica&ccedil;&atilde;o de R$ 206, 07 como forma de promover melhorias na assist&ecirc;ncia oferecida nas Unidades de Sa&uacute;de da Fam&iacute;lia. Isto s&oacute; est&aacute; sendo poss&iacute;vel devido &agrave; cria&ccedil;&atilde;o pelo prefeito Isaac Carvalho em abril deste ano da Lei n&ordm;. 2.271\/2012, que institui o Incentivo por Desempenho e Qualidade dos Servi&ccedil;os a ESF, desenvolvida com base na Portaria n&ordm;. 1654 de 19 de julho de 2011, publicada pelo Minist&eacute;rio da Sa&uacute;de. &#8220;Devido a esta Portaria foi lan&ccedil;ado o Programa Nacional de&hellip;\" \/>\n<meta property=\"og:url\" content=\"https:\/\/blogdofarnesio.com.br\/?p=15011\" \/>\n<meta property=\"og:site_name\" content=\"Blog do Farn\u00e9sio\" \/>\n<meta property=\"article:publisher\" content=\"https:\/\/www.facebook.com\/BlogQuerSaberPolitica\/\" \/>\n<meta property=\"article:published_time\" content=\"2012-06-20T15:42:12+00:00\" \/>\n<meta property=\"og:image\" content=\"http:\/\/www.quersaberpolitica.com.br\/2016\/wp-content\/uploads\/2012\/12\/blogqsphospital_da_crian&ccedil;a.jpg\" \/>\n<meta name=\"twitter:card\" content=\"summary_large_image\" \/>\n<meta name=\"twitter:label1\" content=\"Est. tempo de leitura\" \/>\n\t<meta name=\"twitter:data1\" content=\"5 minutos\" \/>\n<script type=\"application\/ld+json\" class=\"yoast-schema-graph\">{\"@context\":\"https:\\\/\\\/schema.org\",\"@graph\":[{\"@type\":\"Article\",\"@id\":\"https:\\\/\\\/blogdofarnesio.com.br\\\/?p=15011#article\",\"isPartOf\":{\"@id\":\"https:\\\/\\\/blogdofarnesio.com.br\\\/?p=15011\"},\"author\":{\"name\":\"\",\"@id\":\"\"},\"headline\":\"Prefeitura incentiva Equipe da Sa\u00fade da Fam\u00edlia em Juazeiro e qualifica servi\u00e7os\",\"datePublished\":\"2012-06-20T15:42:12+00:00\",\"mainEntityOfPage\":{\"@id\":\"https:\\\/\\\/blogdofarnesio.com.br\\\/?p=15011\"},\"wordCount\":963,\"commentCount\":0,\"publisher\":{\"@id\":\"https:\\\/\\\/blogdofarnesio.com.br\\\/#organization\"},\"image\":{\"@id\":\"https:\\\/\\\/blogdofarnesio.com.br\\\/?p=15011#primaryimage\"},\"thumbnailUrl\":\"http:\\\/\\\/www.quersaberpolitica.com.br\\\/2016\\\/wp-content\\\/uploads\\\/2012\\\/12\\\/blogqsphospital_da_crian&ccedil;a.jpg\",\"articleSection\":[\"Entretenimento\"],\"inLanguage\":\"pt-BR\",\"potentialAction\":[{\"@type\":\"CommentAction\",\"name\":\"Comment\",\"target\":[\"https:\\\/\\\/blogdofarnesio.com.br\\\/?p=15011#respond\"]}]},{\"@type\":\"WebPage\",\"@id\":\"https:\\\/\\\/blogdofarnesio.com.br\\\/?p=15011\",\"url\":\"https:\\\/\\\/blogdofarnesio.com.br\\\/?p=15011\",\"name\":\"Prefeitura incentiva Equipe da Sa\u00fade da Fam\u00edlia em Juazeiro e qualifica servi\u00e7os - Blog do Farn\u00e9sio\",\"isPartOf\":{\"@id\":\"https:\\\/\\\/blogdofarnesio.com.br\\\/#website\"},\"primaryImageOfPage\":{\"@id\":\"https:\\\/\\\/blogdofarnesio.com.br\\\/?p=15011#primaryimage\"},\"image\":{\"@id\":\"https:\\\/\\\/blogdofarnesio.com.br\\\/?p=15011#primaryimage\"},\"thumbnailUrl\":\"http:\\\/\\\/www.quersaberpolitica.com.br\\\/2016\\\/wp-content\\\/uploads\\\/2012\\\/12\\\/blogqsphospital_da_crian&ccedil;a.jpg\",\"datePublished\":\"2012-06-20T15:42:12+00:00\",\"breadcrumb\":{\"@id\":\"https:\\\/\\\/blogdofarnesio.com.br\\\/?p=15011#breadcrumb\"},\"inLanguage\":\"pt-BR\",\"potentialAction\":[{\"@type\":\"ReadAction\",\"target\":[\"https:\\\/\\\/blogdofarnesio.com.br\\\/?p=15011\"]}]},{\"@type\":\"ImageObject\",\"inLanguage\":\"pt-BR\",\"@id\":\"https:\\\/\\\/blogdofarnesio.com.br\\\/?p=15011#primaryimage\",\"url\":\"http:\\\/\\\/www.quersaberpolitica.com.br\\\/2016\\\/wp-content\\\/uploads\\\/2012\\\/12\\\/blogqsphospital_da_crian&ccedil;a.jpg\",\"contentUrl\":\"http:\\\/\\\/www.quersaberpolitica.com.br\\\/2016\\\/wp-content\\\/uploads\\\/2012\\\/12\\\/blogqsphospital_da_crian&ccedil;a.jpg\"},{\"@type\":\"BreadcrumbList\",\"@id\":\"https:\\\/\\\/blogdofarnesio.com.br\\\/?p=15011#breadcrumb\",\"itemListElement\":[{\"@type\":\"ListItem\",\"position\":1,\"name\":\"In\u00edcio\",\"item\":\"https:\\\/\\\/blogdofarnesio.com.br\\\/\"},{\"@type\":\"ListItem\",\"position\":2,\"name\":\"Prefeitura incentiva Equipe da Sa\u00fade da Fam\u00edlia em Juazeiro e qualifica servi\u00e7os\"}]},{\"@type\":\"WebSite\",\"@id\":\"https:\\\/\\\/blogdofarnesio.com.br\\\/#website\",\"url\":\"https:\\\/\\\/blogdofarnesio.com.br\\\/\",\"name\":\"Blog do Farn\u00e9sio\",\"description\":\"Quer Saber Pol\u00edtica?\",\"publisher\":{\"@id\":\"https:\\\/\\\/blogdofarnesio.com.br\\\/#organization\"},\"potentialAction\":[{\"@type\":\"SearchAction\",\"target\":{\"@type\":\"EntryPoint\",\"urlTemplate\":\"https:\\\/\\\/blogdofarnesio.com.br\\\/?s={search_term_string}\"},\"query-input\":{\"@type\":\"PropertyValueSpecification\",\"valueRequired\":true,\"valueName\":\"search_term_string\"}}],\"inLanguage\":\"pt-BR\"},{\"@type\":\"Organization\",\"@id\":\"https:\\\/\\\/blogdofarnesio.com.br\\\/#organization\",\"name\":\"Blog do Farn\u00e9sio\",\"url\":\"https:\\\/\\\/blogdofarnesio.com.br\\\/\",\"logo\":{\"@type\":\"ImageObject\",\"inLanguage\":\"pt-BR\",\"@id\":\"https:\\\/\\\/blogdofarnesio.com.br\\\/#\\\/schema\\\/logo\\\/image\\\/\",\"url\":\"https:\\\/\\\/blogdofarnesio.com.br\\\/wp-content\\\/uploads\\\/2026\\\/03\\\/cropped-logo_new-1.png\",\"contentUrl\":\"https:\\\/\\\/blogdofarnesio.com.br\\\/wp-content\\\/uploads\\\/2026\\\/03\\\/cropped-logo_new-1.png\",\"width\":881,\"height\":685,\"caption\":\"Blog do Farn\u00e9sio\"},\"image\":{\"@id\":\"https:\\\/\\\/blogdofarnesio.com.br\\\/#\\\/schema\\\/logo\\\/image\\\/\"},\"sameAs\":[\"https:\\\/\\\/www.facebook.com\\\/BlogQuerSaberPolitica\\\/\"]}]}<\/script>\n<!-- \/ Yoast SEO plugin. -->","yoast_head_json":{"title":"Prefeitura incentiva Equipe da Sa\u00fade da Fam\u00edlia em Juazeiro e qualifica servi\u00e7os - Blog do Farn\u00e9sio","robots":{"index":"index","follow":"follow","max-snippet":"max-snippet:-1","max-image-preview":"max-image-preview:large","max-video-preview":"max-video-preview:-1"},"canonical":"https:\/\/blogdofarnesio.com.br\/?p=15011","og_locale":"pt_BR","og_type":"article","og_title":"Prefeitura incentiva Equipe da Sa\u00fade da Fam\u00edlia em Juazeiro e qualifica servi\u00e7os - Blog do Farn\u00e9sio","og_description":"Neste m&ecirc;s de junho, 877 profissionais que atuam nas Equipes de Sa&uacute;de da Fam&iacute;lia (ESF) &#8211; m&eacute;dicos, enfermeiros, dentistas, t&eacute;cnico de enfermagens, auxiliares de sa&uacute;de bucal, recepcionistas, agentes comunit&aacute;rios de sa&uacute;de e auxiliares de servi&ccedil;os gerais de Juazeiro &#8211; receberam uma gratifica&ccedil;&atilde;o de R$ 206, 07 como forma de promover melhorias na assist&ecirc;ncia oferecida nas Unidades de Sa&uacute;de da Fam&iacute;lia. Isto s&oacute; est&aacute; sendo poss&iacute;vel devido &agrave; cria&ccedil;&atilde;o pelo prefeito Isaac Carvalho em abril deste ano da Lei n&ordm;. 2.271\/2012, que institui o Incentivo por Desempenho e Qualidade dos Servi&ccedil;os a ESF, desenvolvida com base na Portaria n&ordm;. 1654 de 19 de julho de 2011, publicada pelo Minist&eacute;rio da Sa&uacute;de. &#8220;Devido a esta Portaria foi lan&ccedil;ado o Programa Nacional de&hellip;","og_url":"https:\/\/blogdofarnesio.com.br\/?p=15011","og_site_name":"Blog do Farn\u00e9sio","article_publisher":"https:\/\/www.facebook.com\/BlogQuerSaberPolitica\/","article_published_time":"2012-06-20T15:42:12+00:00","og_image":[{"url":"http:\/\/www.quersaberpolitica.com.br\/2016\/wp-content\/uploads\/2012\/12\/blogqsphospital_da_crian&ccedil;a.jpg","type":"","width":"","height":""}],"twitter_card":"summary_large_image","twitter_misc":{"Est. tempo de leitura":"5 minutos"},"schema":{"@context":"https:\/\/schema.org","@graph":[{"@type":"Article","@id":"https:\/\/blogdofarnesio.com.br\/?p=15011#article","isPartOf":{"@id":"https:\/\/blogdofarnesio.com.br\/?p=15011"},"author":{"name":"","@id":""},"headline":"Prefeitura incentiva Equipe da Sa\u00fade da Fam\u00edlia em Juazeiro e qualifica servi\u00e7os","datePublished":"2012-06-20T15:42:12+00:00","mainEntityOfPage":{"@id":"https:\/\/blogdofarnesio.com.br\/?p=15011"},"wordCount":963,"commentCount":0,"publisher":{"@id":"https:\/\/blogdofarnesio.com.br\/#organization"},"image":{"@id":"https:\/\/blogdofarnesio.com.br\/?p=15011#primaryimage"},"thumbnailUrl":"http:\/\/www.quersaberpolitica.com.br\/2016\/wp-content\/uploads\/2012\/12\/blogqsphospital_da_crian&ccedil;a.jpg","articleSection":["Entretenimento"],"inLanguage":"pt-BR","potentialAction":[{"@type":"CommentAction","name":"Comment","target":["https:\/\/blogdofarnesio.com.br\/?p=15011#respond"]}]},{"@type":"WebPage","@id":"https:\/\/blogdofarnesio.com.br\/?p=15011","url":"https:\/\/blogdofarnesio.com.br\/?p=15011","name":"Prefeitura incentiva Equipe da Sa\u00fade da Fam\u00edlia em Juazeiro e qualifica servi\u00e7os - Blog do Farn\u00e9sio","isPartOf":{"@id":"https:\/\/blogdofarnesio.com.br\/#website"},"primaryImageOfPage":{"@id":"https:\/\/blogdofarnesio.com.br\/?p=15011#primaryimage"},"image":{"@id":"https:\/\/blogdofarnesio.com.br\/?p=15011#primaryimage"},"thumbnailUrl":"http:\/\/www.quersaberpolitica.com.br\/2016\/wp-content\/uploads\/2012\/12\/blogqsphospital_da_crian&ccedil;a.jpg","datePublished":"2012-06-20T15:42:12+00:00","breadcrumb":{"@id":"https:\/\/blogdofarnesio.com.br\/?p=15011#breadcrumb"},"inLanguage":"pt-BR","potentialAction":[{"@type":"ReadAction","target":["https:\/\/blogdofarnesio.com.br\/?p=15011"]}]},{"@type":"ImageObject","inLanguage":"pt-BR","@id":"https:\/\/blogdofarnesio.com.br\/?p=15011#primaryimage","url":"http:\/\/www.quersaberpolitica.com.br\/2016\/wp-content\/uploads\/2012\/12\/blogqsphospital_da_crian&ccedil;a.jpg","contentUrl":"http:\/\/www.quersaberpolitica.com.br\/2016\/wp-content\/uploads\/2012\/12\/blogqsphospital_da_crian&ccedil;a.jpg"},{"@type":"BreadcrumbList","@id":"https:\/\/blogdofarnesio.com.br\/?p=15011#breadcrumb","itemListElement":[{"@type":"ListItem","position":1,"name":"In\u00edcio","item":"https:\/\/blogdofarnesio.com.br\/"},{"@type":"ListItem","position":2,"name":"Prefeitura incentiva Equipe da Sa\u00fade da Fam\u00edlia em Juazeiro e qualifica servi\u00e7os"}]},{"@type":"WebSite","@id":"https:\/\/blogdofarnesio.com.br\/#website","url":"https:\/\/blogdofarnesio.com.br\/","name":"Blog do Farn\u00e9sio","description":"Quer Saber Pol\u00edtica?","publisher":{"@id":"https:\/\/blogdofarnesio.com.br\/#organization"},"potentialAction":[{"@type":"SearchAction","target":{"@type":"EntryPoint","urlTemplate":"https:\/\/blogdofarnesio.com.br\/?s={search_term_string}"},"query-input":{"@type":"PropertyValueSpecification","valueRequired":true,"valueName":"search_term_string"}}],"inLanguage":"pt-BR"},{"@type":"Organization","@id":"https:\/\/blogdofarnesio.com.br\/#organization","name":"Blog do Farn\u00e9sio","url":"https:\/\/blogdofarnesio.com.br\/","logo":{"@type":"ImageObject","inLanguage":"pt-BR","@id":"https:\/\/blogdofarnesio.com.br\/#\/schema\/logo\/image\/","url":"https:\/\/blogdofarnesio.com.br\/wp-content\/uploads\/2026\/03\/cropped-logo_new-1.png","contentUrl":"https:\/\/blogdofarnesio.com.br\/wp-content\/uploads\/2026\/03\/cropped-logo_new-1.png","width":881,"height":685,"caption":"Blog do Farn\u00e9sio"},"image":{"@id":"https:\/\/blogdofarnesio.com.br\/#\/schema\/logo\/image\/"},"sameAs":["https:\/\/www.facebook.com\/BlogQuerSaberPolitica\/"]}]}},"_links":{"self":[{"href":"https:\/\/blogdofarnesio.com.br\/index.php?rest_route=\/wp\/v2\/posts\/15011","targetHints":{"allow":["GET"]}}],"collection":[{"href":"https:\/\/blogdofarnesio.com.br\/index.php?rest_route=\/wp\/v2\/posts"}],"about":[{"href":"https:\/\/blogdofarnesio.com.br\/index.php?rest_route=\/wp\/v2\/types\/post"}],"replies":[{"embeddable":true,"href":"https:\/\/blogdofarnesio.com.br\/index.php?rest_route=%2Fwp%2Fv2%2Fcomments&post=15011"}],"version-history":[{"count":0,"href":"https:\/\/blogdofarnesio.com.br\/index.php?rest_route=\/wp\/v2\/posts\/15011\/revisions"}],"wp:attachment":[{"href":"https:\/\/blogdofarnesio.com.br\/index.php?rest_route=%2Fwp%2Fv2%2Fmedia&parent=15011"}],"wp:term":[{"taxonomy":"category","embeddable":true,"href":"https:\/\/blogdofarnesio.com.br\/index.php?rest_route=%2Fwp%2Fv2%2Fcategories&post=15011"},{"taxonomy":"post_tag","embeddable":true,"href":"https:\/\/blogdofarnesio.com.br\/index.php?rest_route=%2Fwp%2Fv2%2Ftags&post=15011"}],"curies":[{"name":"wp","href":"https:\/\/api.w.org\/{rel}","templated":true}]}}