{"id":149992,"date":"2016-10-24T08:30:49","date_gmt":"2016-10-24T11:30:49","guid":{"rendered":"http:\/\/www.quersaberpolitica.com.br\/?p=149992"},"modified":"2016-10-23T18:34:21","modified_gmt":"2016-10-23T21:34:21","slug":"igreja-universal-e-condenada-em-r-300-mil-por-estupro-de-menor","status":"publish","type":"post","link":"https:\/\/blogdofarnesio.com.br\/?p=149992","title":{"rendered":"IGREJA UNIVERSAL \u00c9 CONDENADA EM R$ 300 MIL POR ESTUPRO DE MENOR"},"content":{"rendered":"<figure id=\"attachment_37921\" class=\"wp-caption aligncenter\" style=\"width: 432px\"><img loading=\"lazy\" decoding=\"async\" class=\"aligncenter wp-image-37921\" src=\"http:\/\/i2.wp.com\/www.waldineypassos.com.br\/wp-content\/uploads\/2016\/10\/21qn3t96pf71qoqrcpng82xvb.jpg?resize=372%2C210\" width=\"422\" height=\"244\" \/><\/figure>\n<p style=\"text-align: justify\">A Igreja Universal do Reino de Deus foi condenada pela Justi\u00e7a do\u00a0Tocantins a pagar R$ 300 mil, em danos morais, por estupro de menor de idade.<\/p>\n<p style=\"text-align: justify\">O estupro de vulner\u00e1vel, segundo a Justi\u00e7a, foi cometido em 2011 pelo pastor auxiliar da\u00a0Igreja Universal, localizada em Guara\u00ed, interior do Estado. Naquele ano, a adolescente\u00a0tinha 13 anos. O pastor, 23. Na senten\u00e7a, o juiz Oc\u00e9lio Nobre da Silva afirma que o pastor\u00a0auxiliar valeu-se de posi\u00e7\u00e3o que ocupava dentro da Igreja.<\/p>\n<p style=\"text-align: justify\">O estupro de vulner\u00e1vel \u00e9 um crime cometido contra meninas de at\u00e9 14 anos ou adultas\u00a0incapazes de consentir com o ato sexual, praticado por familiar ou pessoa pr\u00f3xima. O\u00a0pastor auxiliar foi processado e condenado a 10 anos e 8 meses de pris\u00e3o em processo\u00a0criminal em 2014.<span id=\"more-37920\"><\/span><\/p>\n<p style=\"text-align: justify\">A condena\u00e7\u00e3o da Universal por danos morais se deu em a\u00e7\u00e3o de indeniza\u00e7\u00e3o. Para o juiz,\u00a0a Igreja Universal do Reino de Deus tem como suportar a quantia de R$ 300 mil.<\/p>\n<p style=\"text-align: justify\">\u201cN\u00e3o h\u00e1 como afastar a Igreja do fato, porque foi ela quem pavimentou a estrada a\u00a0sedu\u00e7\u00e3o, que criou o ambiente de aproxima\u00e7\u00e3o entre a v\u00edtima e o algoz, lhe propiciando\u00a0contatos prolongados, que resultou nas rela\u00e7\u00f5es mais \u00edntimas. N\u00e3o significa que a igreja\u00a0compactuou com o estupro, que era o seu desejo, que era do seu conhecimento, mas que\u00a0um de seus representantes, valendo-se da posi\u00e7\u00e3o de pastor ou ajudante de pastor, tinha\u00a0sob sua administra\u00e7\u00e3o parte do tempo da v\u00edtima, exercendo sobre ela influ\u00eancia,\u00a0seduzindo-a, encantando-a, conquistando-a e com ela realizando seus desejos carnais, os\u00a0atos libidinosos que caracterizaram o estupro\u201d, afirmou o magistrado na senten\u00e7a.<\/p>\n<p style=\"text-align: justify\">Na a\u00e7\u00e3o de danos morais, a Universal alegou que o pastor auxiliar era um simples\u00a0membro da entidade, sem qualquer fun\u00e7\u00e3o dentro da estrutura hier\u00e1rquica. A Igreja\u00a0sustentou que o pastor auxiliar n\u00e3o falava em nome da Igreja.<\/p>\n<p style=\"text-align: justify\">Para o juiz Oc\u00e9lio Nobre da Silva, a \u201cIgreja Universal, atrav\u00e9s de sua ilustrada defesa,\u00a0falseou a verdade quanto \u00e0 fun\u00e7\u00e3o e representatividade\u201d do pastor auxiliar.<\/p>\n<p><em>Fonte Blog do Jamildo<\/em><\/p>\n","protected":false},"excerpt":{"rendered":"<p>A Igreja Universal do Reino de Deus foi condenada pela Justi\u00e7a do\u00a0Tocantins a pagar R$ 300 mil, em danos morais, por estupro de menor de idade. O estupro de vulner\u00e1vel, segundo a Justi\u00e7a, foi cometido em 2011 pelo pastor auxiliar da\u00a0Igreja Universal, localizada em Guara\u00ed, interior do Estado. Naquele ano, a adolescente\u00a0tinha 13 anos. O pastor, 23. Na senten\u00e7a, o juiz Oc\u00e9lio Nobre da Silva afirma que o pastor\u00a0auxiliar valeu-se de posi\u00e7\u00e3o que ocupava dentro da Igreja. O estupro de vulner\u00e1vel \u00e9 um crime cometido contra meninas de at\u00e9 14 anos ou adultas\u00a0incapazes de consentir com o ato sexual, praticado por familiar ou pessoa pr\u00f3xima. O\u00a0pastor auxiliar foi processado e condenado a 10 anos e 8 meses de pris\u00e3o em&hellip; <\/p>\n","protected":false},"author":7,"featured_media":0,"comment_status":"open","ping_status":"open","sticky":false,"template":"","format":"standard","meta":{"_acf_changed":false,"footnotes":""},"categories":[44],"tags":[],"class_list":["post-149992","post","type-post","status-publish","format-standard","hentry","category-administracao"],"acf":[],"yoast_head":"<!-- This site is optimized with the Yoast SEO plugin v27.4 - https:\/\/yoast.com\/product\/yoast-seo-wordpress\/ -->\n<title>IGREJA UNIVERSAL \u00c9 CONDENADA EM R$ 300 MIL POR ESTUPRO DE MENOR - Blog do Farn\u00e9sio<\/title>\n<meta name=\"robots\" content=\"index, follow, max-snippet:-1, max-image-preview:large, max-video-preview:-1\" \/>\n<link rel=\"canonical\" href=\"https:\/\/blogdofarnesio.com.br\/?p=149992\" \/>\n<meta property=\"og:locale\" content=\"pt_BR\" \/>\n<meta property=\"og:type\" content=\"article\" \/>\n<meta property=\"og:title\" content=\"IGREJA UNIVERSAL \u00c9 CONDENADA EM R$ 300 MIL POR ESTUPRO DE MENOR - Blog do Farn\u00e9sio\" \/>\n<meta property=\"og:description\" content=\"A Igreja Universal do Reino de Deus foi condenada pela Justi\u00e7a do\u00a0Tocantins a pagar R$ 300 mil, em danos morais, por estupro de menor de idade. O estupro de vulner\u00e1vel, segundo a Justi\u00e7a, foi cometido em 2011 pelo pastor auxiliar da\u00a0Igreja Universal, localizada em Guara\u00ed, interior do Estado. Naquele ano, a adolescente\u00a0tinha 13 anos. O pastor, 23. Na senten\u00e7a, o juiz Oc\u00e9lio Nobre da Silva afirma que o pastor\u00a0auxiliar valeu-se de posi\u00e7\u00e3o que ocupava dentro da Igreja. O estupro de vulner\u00e1vel \u00e9 um crime cometido contra meninas de at\u00e9 14 anos ou adultas\u00a0incapazes de consentir com o ato sexual, praticado por familiar ou pessoa pr\u00f3xima. O\u00a0pastor auxiliar foi processado e condenado a 10 anos e 8 meses de pris\u00e3o em&hellip;\" \/>\n<meta property=\"og:url\" content=\"https:\/\/blogdofarnesio.com.br\/?p=149992\" \/>\n<meta property=\"og:site_name\" content=\"Blog do Farn\u00e9sio\" \/>\n<meta property=\"article:publisher\" content=\"https:\/\/www.facebook.com\/BlogQuerSaberPolitica\/\" \/>\n<meta property=\"article:published_time\" content=\"2016-10-24T11:30:49+00:00\" \/>\n<meta property=\"og:image\" content=\"http:\/\/i2.wp.com\/www.waldineypassos.com.br\/wp-content\/uploads\/2016\/10\/21qn3t96pf71qoqrcpng82xvb.jpg?resize=372%2C210\" \/>\n<meta name=\"twitter:card\" content=\"summary_large_image\" \/>\n<meta name=\"twitter:label1\" content=\"Escrito por\" \/>\n\t<meta name=\"twitter:data1\" content=\"\" \/>\n\t<meta name=\"twitter:label2\" content=\"Est. tempo de leitura\" \/>\n\t<meta name=\"twitter:data2\" content=\"2 minutos\" \/>\n<script type=\"application\/ld+json\" class=\"yoast-schema-graph\">{\"@context\":\"https:\\\/\\\/schema.org\",\"@graph\":[{\"@type\":\"Article\",\"@id\":\"https:\\\/\\\/blogdofarnesio.com.br\\\/?p=149992#article\",\"isPartOf\":{\"@id\":\"https:\\\/\\\/blogdofarnesio.com.br\\\/?p=149992\"},\"author\":{\"name\":\"\",\"@id\":\"\"},\"headline\":\"IGREJA UNIVERSAL \u00c9 CONDENADA EM R$ 300 MIL POR ESTUPRO DE MENOR\",\"datePublished\":\"2016-10-24T11:30:49+00:00\",\"mainEntityOfPage\":{\"@id\":\"https:\\\/\\\/blogdofarnesio.com.br\\\/?p=149992\"},\"wordCount\":367,\"commentCount\":0,\"publisher\":{\"@id\":\"https:\\\/\\\/blogdofarnesio.com.br\\\/#organization\"},\"image\":{\"@id\":\"https:\\\/\\\/blogdofarnesio.com.br\\\/?p=149992#primaryimage\"},\"thumbnailUrl\":\"http:\\\/\\\/i2.wp.com\\\/www.waldineypassos.com.br\\\/wp-content\\\/uploads\\\/2016\\\/10\\\/21qn3t96pf71qoqrcpng82xvb.jpg?resize=372%2C210\",\"articleSection\":[\"Administra\u00e7\u00e3o\"],\"inLanguage\":\"pt-BR\",\"potentialAction\":[{\"@type\":\"CommentAction\",\"name\":\"Comment\",\"target\":[\"https:\\\/\\\/blogdofarnesio.com.br\\\/?p=149992#respond\"]}]},{\"@type\":\"WebPage\",\"@id\":\"https:\\\/\\\/blogdofarnesio.com.br\\\/?p=149992\",\"url\":\"https:\\\/\\\/blogdofarnesio.com.br\\\/?p=149992\",\"name\":\"IGREJA UNIVERSAL \u00c9 CONDENADA EM R$ 300 MIL POR ESTUPRO DE MENOR - Blog do Farn\u00e9sio\",\"isPartOf\":{\"@id\":\"https:\\\/\\\/blogdofarnesio.com.br\\\/#website\"},\"primaryImageOfPage\":{\"@id\":\"https:\\\/\\\/blogdofarnesio.com.br\\\/?p=149992#primaryimage\"},\"image\":{\"@id\":\"https:\\\/\\\/blogdofarnesio.com.br\\\/?p=149992#primaryimage\"},\"thumbnailUrl\":\"http:\\\/\\\/i2.wp.com\\\/www.waldineypassos.com.br\\\/wp-content\\\/uploads\\\/2016\\\/10\\\/21qn3t96pf71qoqrcpng82xvb.jpg?resize=372%2C210\",\"datePublished\":\"2016-10-24T11:30:49+00:00\",\"breadcrumb\":{\"@id\":\"https:\\\/\\\/blogdofarnesio.com.br\\\/?p=149992#breadcrumb\"},\"inLanguage\":\"pt-BR\",\"potentialAction\":[{\"@type\":\"ReadAction\",\"target\":[\"https:\\\/\\\/blogdofarnesio.com.br\\\/?p=149992\"]}]},{\"@type\":\"ImageObject\",\"inLanguage\":\"pt-BR\",\"@id\":\"https:\\\/\\\/blogdofarnesio.com.br\\\/?p=149992#primaryimage\",\"url\":\"http:\\\/\\\/i2.wp.com\\\/www.waldineypassos.com.br\\\/wp-content\\\/uploads\\\/2016\\\/10\\\/21qn3t96pf71qoqrcpng82xvb.jpg?resize=372%2C210\",\"contentUrl\":\"http:\\\/\\\/i2.wp.com\\\/www.waldineypassos.com.br\\\/wp-content\\\/uploads\\\/2016\\\/10\\\/21qn3t96pf71qoqrcpng82xvb.jpg?resize=372%2C210\"},{\"@type\":\"BreadcrumbList\",\"@id\":\"https:\\\/\\\/blogdofarnesio.com.br\\\/?p=149992#breadcrumb\",\"itemListElement\":[{\"@type\":\"ListItem\",\"position\":1,\"name\":\"In\u00edcio\",\"item\":\"https:\\\/\\\/blogdofarnesio.com.br\\\/\"},{\"@type\":\"ListItem\",\"position\":2,\"name\":\"IGREJA UNIVERSAL \u00c9 CONDENADA EM R$ 300 MIL POR ESTUPRO DE MENOR\"}]},{\"@type\":\"WebSite\",\"@id\":\"https:\\\/\\\/blogdofarnesio.com.br\\\/#website\",\"url\":\"https:\\\/\\\/blogdofarnesio.com.br\\\/\",\"name\":\"Blog do Farn\u00e9sio\",\"description\":\"Quer Saber Pol\u00edtica?\",\"publisher\":{\"@id\":\"https:\\\/\\\/blogdofarnesio.com.br\\\/#organization\"},\"potentialAction\":[{\"@type\":\"SearchAction\",\"target\":{\"@type\":\"EntryPoint\",\"urlTemplate\":\"https:\\\/\\\/blogdofarnesio.com.br\\\/?s={search_term_string}\"},\"query-input\":{\"@type\":\"PropertyValueSpecification\",\"valueRequired\":true,\"valueName\":\"search_term_string\"}}],\"inLanguage\":\"pt-BR\"},{\"@type\":\"Organization\",\"@id\":\"https:\\\/\\\/blogdofarnesio.com.br\\\/#organization\",\"name\":\"Blog do Farn\u00e9sio\",\"url\":\"https:\\\/\\\/blogdofarnesio.com.br\\\/\",\"logo\":{\"@type\":\"ImageObject\",\"inLanguage\":\"pt-BR\",\"@id\":\"https:\\\/\\\/blogdofarnesio.com.br\\\/#\\\/schema\\\/logo\\\/image\\\/\",\"url\":\"https:\\\/\\\/blogdofarnesio.com.br\\\/wp-content\\\/uploads\\\/2026\\\/03\\\/cropped-logo_new-1.png\",\"contentUrl\":\"https:\\\/\\\/blogdofarnesio.com.br\\\/wp-content\\\/uploads\\\/2026\\\/03\\\/cropped-logo_new-1.png\",\"width\":881,\"height\":685,\"caption\":\"Blog do Farn\u00e9sio\"},\"image\":{\"@id\":\"https:\\\/\\\/blogdofarnesio.com.br\\\/#\\\/schema\\\/logo\\\/image\\\/\"},\"sameAs\":[\"https:\\\/\\\/www.facebook.com\\\/BlogQuerSaberPolitica\\\/\"]},{\"@type\":\"Person\",\"@id\":\"\",\"url\":\"https:\\\/\\\/blogdofarnesio.com.br\\\/?author=7\"}]}<\/script>\n<!-- \/ Yoast SEO plugin. -->","yoast_head_json":{"title":"IGREJA UNIVERSAL \u00c9 CONDENADA EM R$ 300 MIL POR ESTUPRO DE MENOR - Blog do Farn\u00e9sio","robots":{"index":"index","follow":"follow","max-snippet":"max-snippet:-1","max-image-preview":"max-image-preview:large","max-video-preview":"max-video-preview:-1"},"canonical":"https:\/\/blogdofarnesio.com.br\/?p=149992","og_locale":"pt_BR","og_type":"article","og_title":"IGREJA UNIVERSAL \u00c9 CONDENADA EM R$ 300 MIL POR ESTUPRO DE MENOR - Blog do Farn\u00e9sio","og_description":"A Igreja Universal do Reino de Deus foi condenada pela Justi\u00e7a do\u00a0Tocantins a pagar R$ 300 mil, em danos morais, por estupro de menor de idade. O estupro de vulner\u00e1vel, segundo a Justi\u00e7a, foi cometido em 2011 pelo pastor auxiliar da\u00a0Igreja Universal, localizada em Guara\u00ed, interior do Estado. Naquele ano, a adolescente\u00a0tinha 13 anos. O pastor, 23. Na senten\u00e7a, o juiz Oc\u00e9lio Nobre da Silva afirma que o pastor\u00a0auxiliar valeu-se de posi\u00e7\u00e3o que ocupava dentro da Igreja. O estupro de vulner\u00e1vel \u00e9 um crime cometido contra meninas de at\u00e9 14 anos ou adultas\u00a0incapazes de consentir com o ato sexual, praticado por familiar ou pessoa pr\u00f3xima. O\u00a0pastor auxiliar foi processado e condenado a 10 anos e 8 meses de pris\u00e3o em&hellip;","og_url":"https:\/\/blogdofarnesio.com.br\/?p=149992","og_site_name":"Blog do Farn\u00e9sio","article_publisher":"https:\/\/www.facebook.com\/BlogQuerSaberPolitica\/","article_published_time":"2016-10-24T11:30:49+00:00","og_image":[{"url":"http:\/\/i2.wp.com\/www.waldineypassos.com.br\/wp-content\/uploads\/2016\/10\/21qn3t96pf71qoqrcpng82xvb.jpg?resize=372%2C210","type":"","width":"","height":""}],"twitter_card":"summary_large_image","twitter_misc":{"Escrito por":"","Est. tempo de leitura":"2 minutos"},"schema":{"@context":"https:\/\/schema.org","@graph":[{"@type":"Article","@id":"https:\/\/blogdofarnesio.com.br\/?p=149992#article","isPartOf":{"@id":"https:\/\/blogdofarnesio.com.br\/?p=149992"},"author":{"name":"","@id":""},"headline":"IGREJA UNIVERSAL \u00c9 CONDENADA EM R$ 300 MIL POR ESTUPRO DE MENOR","datePublished":"2016-10-24T11:30:49+00:00","mainEntityOfPage":{"@id":"https:\/\/blogdofarnesio.com.br\/?p=149992"},"wordCount":367,"commentCount":0,"publisher":{"@id":"https:\/\/blogdofarnesio.com.br\/#organization"},"image":{"@id":"https:\/\/blogdofarnesio.com.br\/?p=149992#primaryimage"},"thumbnailUrl":"http:\/\/i2.wp.com\/www.waldineypassos.com.br\/wp-content\/uploads\/2016\/10\/21qn3t96pf71qoqrcpng82xvb.jpg?resize=372%2C210","articleSection":["Administra\u00e7\u00e3o"],"inLanguage":"pt-BR","potentialAction":[{"@type":"CommentAction","name":"Comment","target":["https:\/\/blogdofarnesio.com.br\/?p=149992#respond"]}]},{"@type":"WebPage","@id":"https:\/\/blogdofarnesio.com.br\/?p=149992","url":"https:\/\/blogdofarnesio.com.br\/?p=149992","name":"IGREJA UNIVERSAL \u00c9 CONDENADA EM R$ 300 MIL POR ESTUPRO DE MENOR - Blog do Farn\u00e9sio","isPartOf":{"@id":"https:\/\/blogdofarnesio.com.br\/#website"},"primaryImageOfPage":{"@id":"https:\/\/blogdofarnesio.com.br\/?p=149992#primaryimage"},"image":{"@id":"https:\/\/blogdofarnesio.com.br\/?p=149992#primaryimage"},"thumbnailUrl":"http:\/\/i2.wp.com\/www.waldineypassos.com.br\/wp-content\/uploads\/2016\/10\/21qn3t96pf71qoqrcpng82xvb.jpg?resize=372%2C210","datePublished":"2016-10-24T11:30:49+00:00","breadcrumb":{"@id":"https:\/\/blogdofarnesio.com.br\/?p=149992#breadcrumb"},"inLanguage":"pt-BR","potentialAction":[{"@type":"ReadAction","target":["https:\/\/blogdofarnesio.com.br\/?p=149992"]}]},{"@type":"ImageObject","inLanguage":"pt-BR","@id":"https:\/\/blogdofarnesio.com.br\/?p=149992#primaryimage","url":"http:\/\/i2.wp.com\/www.waldineypassos.com.br\/wp-content\/uploads\/2016\/10\/21qn3t96pf71qoqrcpng82xvb.jpg?resize=372%2C210","contentUrl":"http:\/\/i2.wp.com\/www.waldineypassos.com.br\/wp-content\/uploads\/2016\/10\/21qn3t96pf71qoqrcpng82xvb.jpg?resize=372%2C210"},{"@type":"BreadcrumbList","@id":"https:\/\/blogdofarnesio.com.br\/?p=149992#breadcrumb","itemListElement":[{"@type":"ListItem","position":1,"name":"In\u00edcio","item":"https:\/\/blogdofarnesio.com.br\/"},{"@type":"ListItem","position":2,"name":"IGREJA UNIVERSAL \u00c9 CONDENADA EM R$ 300 MIL POR ESTUPRO DE MENOR"}]},{"@type":"WebSite","@id":"https:\/\/blogdofarnesio.com.br\/#website","url":"https:\/\/blogdofarnesio.com.br\/","name":"Blog do Farn\u00e9sio","description":"Quer Saber Pol\u00edtica?","publisher":{"@id":"https:\/\/blogdofarnesio.com.br\/#organization"},"potentialAction":[{"@type":"SearchAction","target":{"@type":"EntryPoint","urlTemplate":"https:\/\/blogdofarnesio.com.br\/?s={search_term_string}"},"query-input":{"@type":"PropertyValueSpecification","valueRequired":true,"valueName":"search_term_string"}}],"inLanguage":"pt-BR"},{"@type":"Organization","@id":"https:\/\/blogdofarnesio.com.br\/#organization","name":"Blog do Farn\u00e9sio","url":"https:\/\/blogdofarnesio.com.br\/","logo":{"@type":"ImageObject","inLanguage":"pt-BR","@id":"https:\/\/blogdofarnesio.com.br\/#\/schema\/logo\/image\/","url":"https:\/\/blogdofarnesio.com.br\/wp-content\/uploads\/2026\/03\/cropped-logo_new-1.png","contentUrl":"https:\/\/blogdofarnesio.com.br\/wp-content\/uploads\/2026\/03\/cropped-logo_new-1.png","width":881,"height":685,"caption":"Blog do Farn\u00e9sio"},"image":{"@id":"https:\/\/blogdofarnesio.com.br\/#\/schema\/logo\/image\/"},"sameAs":["https:\/\/www.facebook.com\/BlogQuerSaberPolitica\/"]},{"@type":"Person","@id":"","url":"https:\/\/blogdofarnesio.com.br\/?author=7"}]}},"_links":{"self":[{"href":"https:\/\/blogdofarnesio.com.br\/index.php?rest_route=\/wp\/v2\/posts\/149992","targetHints":{"allow":["GET"]}}],"collection":[{"href":"https:\/\/blogdofarnesio.com.br\/index.php?rest_route=\/wp\/v2\/posts"}],"about":[{"href":"https:\/\/blogdofarnesio.com.br\/index.php?rest_route=\/wp\/v2\/types\/post"}],"author":[{"embeddable":true,"href":"https:\/\/blogdofarnesio.com.br\/index.php?rest_route=\/wp\/v2\/users\/7"}],"replies":[{"embeddable":true,"href":"https:\/\/blogdofarnesio.com.br\/index.php?rest_route=%2Fwp%2Fv2%2Fcomments&post=149992"}],"version-history":[{"count":0,"href":"https:\/\/blogdofarnesio.com.br\/index.php?rest_route=\/wp\/v2\/posts\/149992\/revisions"}],"wp:attachment":[{"href":"https:\/\/blogdofarnesio.com.br\/index.php?rest_route=%2Fwp%2Fv2%2Fmedia&parent=149992"}],"wp:term":[{"taxonomy":"category","embeddable":true,"href":"https:\/\/blogdofarnesio.com.br\/index.php?rest_route=%2Fwp%2Fv2%2Fcategories&post=149992"},{"taxonomy":"post_tag","embeddable":true,"href":"https:\/\/blogdofarnesio.com.br\/index.php?rest_route=%2Fwp%2Fv2%2Ftags&post=149992"}],"curies":[{"name":"wp","href":"https:\/\/api.w.org\/{rel}","templated":true}]}}