{"id":149976,"date":"2016-10-23T13:00:24","date_gmt":"2016-10-23T16:00:24","guid":{"rendered":"http:\/\/www.quersaberpolitica.com.br\/?p=149976"},"modified":"2016-10-23T10:20:41","modified_gmt":"2016-10-23T13:20:41","slug":"apos-ser-estuprada-por-dez-homens-mulher-e-acariciada-dentro-de-viatura","status":"publish","type":"post","link":"https:\/\/blogdofarnesio.com.br\/?p=149976","title":{"rendered":"AP\u00d3S SER ESTUPRADA POR DEZ HOMENS, MULHER \u00c9 ACARICIADA DENTRO DE VIATURA"},"content":{"rendered":"<p style=\"text-align: justify\"><a href=\"http:\/\/www.quersaberpolitica.com.br\/2016\/wp-content\/uploads\/2015\/11\/blogqspviolenciaa.jpg\"><img loading=\"lazy\" decoding=\"async\" class=\" wp-image-133352 aligncenter\" src=\"http:\/\/www.quersaberpolitica.com.br\/2016\/wp-content\/uploads\/2015\/11\/blogqspviolenciaa-300x166.jpg\" alt=\"blogqspviolenciaa\" width=\"413\" height=\"234\" \/><\/a><\/p>\n<p style=\"text-align: justify\">Uma vendedora de roupas de 34 anos, moradora do bairro Lagoinha, em S\u00e3o Gon\u00e7alo, Regi\u00e3o Metropolitana do Rio de Janeiro, foi estuprada por 10 homens na madrugada da \u00faltima segunda-feira (17). Segundo ela, os autores do crime s\u00e3o traficantes da localidade onde vive e os estupros se repetem h\u00e1 quatro anos.<\/p>\n<p style=\"text-align: justify\">Na \u00faltima agress\u00e3o, o grupo, composto at\u00e9 por adolescentes, foi surpreendido por policiais militares. Oito homens conseguiram fugir, mas dois menores foram apreendidos. M\u00e3e de tr\u00eas meninas, de 12, 13 e 14 anos, a vendedora conta que n\u00e3o tem conseguido dormir e que vive dias de p\u00e2nico, desde que foi estuprada pela quarta vez pelo grupo.<\/p>\n<p style=\"text-align: justify\"><!--more--><\/p>\n<p style=\"text-align: justify\">\u201cEstava em um bar, na Rua Cardeal Sebasti\u00e3o Leme, bebendo cerveja com um amigo. J\u00e1 era uma da madrugada quando quatro rapazes chegaram na minha mesa e me obrigaram a entrar no banheiro com eles. Meu amigo ainda chegou a dizer que estava comigo, mas eles falaram que quem mandava em mim eram eles. J\u00e1 no banheiro, fui obrigada a fazer sexo oral em todos eles\u201d, contou ao jornal Extra.<\/p>\n<p style=\"text-align: justify\">Logo em seguida, os quatro criminosos sa\u00edram do bar arrastando a v\u00edtima pelo bra\u00e7o e a levaram para a Rua Caetano Moura, local muito escuro. Segundo a v\u00edtima, os quatro homens a jogaram em um muro e come\u00e7aram uma longa sess\u00e3o de abusos e tortura.<\/p>\n<p style=\"text-align: justify\">\u201cEu implorava para que eles parassem, mas n\u00e3o adiantava de nada. Eles s\u00f3 me machucavam mais. Aos poucos, foram aparecendo outros homens at\u00e9 que percebi que tinham uns 10 homens abusando de mim. Eles diziam que iriam me matar e me jogar no val\u00e3o se eu ficasse gritando\u201d, relata a v\u00edtima, sem conseguir controlar o choro.<\/p>\n<p style=\"text-align: justify\">Ainda de acordo com a vendedora, os estupradores s\u00f3 pararam de violent\u00e1-la quando perceberam que uma viatura da Pol\u00edcia Militar havia entrado na rua. Assim que os policiais chegaram ao local, encontraram a v\u00edtima chorando compulsivamente e sem roupas. Enquanto conversava com eles, um dos PMs viu dois menores passando pelo local e os abordaram. Os dois, um de 15 e outro de 16 anos, foram reconhecidos pela v\u00edtima como participantes do estupro coletivo.<\/p>\n<p style=\"text-align: justify\">Eles foram levados para a 74\u00aa DP (Alc\u00e2ntara) na mesma viatura da v\u00edtima. Os dois foram indiciados por fato an\u00e1logo ao crime de estupro. Um dos adolescentes, em determinado momento, alisou a perna dela e chegou a cochichar em seu ouvido: \u201cFica tranquilinha. Vai dar tudo certo\u201d. \u00a0A mulher contou ainda ter passado por um constrangimento tamb\u00e9m na delegacia: o policial respons\u00e1vel pelo registro usou, na ocorr\u00eancia, termos obscenos para descrever a agress\u00e3o.<\/p>\n<p style=\"text-align: justify\">O termo de declara\u00e7\u00e3o da v\u00edtima, colhido pelo comiss\u00e1rio Jorge Luiz Prud\u00eancio na 74\u00aa DP (Alc\u00e2ntara), traz express\u00f5es como \u201cboquete triplo\u201d, \u201cn\u00e3o usaram camisinha, no pelo\u201d e at\u00e9 a frase \u201cs\u00f3 gritou porque empurraram um galho de \u00e1rvore em sua bunda\u201d. \u201cFoi tudo feito normalmente. Os termos foi ela que falou. Terminou e eu perguntei: \u201c\u00c9 isso?\u201d, e ela assinou. N\u00e3o houve constrangimento nenhum\u201d, disse ao jornal Extra.<\/p>\n<p style=\"text-align: justify\">A v\u00edtima prestou depoimento, fez exames de corpo de delito, no IML de S\u00e3o Gon\u00e7alo e foi liberada. A Pol\u00edcia Civil determinou a redistribui\u00e7\u00e3o do inqu\u00e9rito policial \u00e0 Delegacia Especial de Atendimento \u00e0 Mulher (Deam) de S\u00e3o Gon\u00e7alo para prosseguir nas investiga\u00e7\u00f5es. Foi aberto tamb\u00e9m um procedimento para apurar eventual exist\u00eancia de infra\u00e7\u00e3o disciplinar por parte do agente.<\/p>\n<p style=\"text-align: justify\"><strong>Como tudo come\u00e7ou<\/strong><\/p>\n<p style=\"text-align: justify\">A vendedora de roupas conta que o seu pesadelo come\u00e7ou em junho de 2011, quando ainda namorava um funcion\u00e1rio de uma empresa de refrigerantes. Em uma determinada ocasi\u00e3o, o namorado, segundo ela, filmou sem que ela soubesse a rela\u00e7\u00e3o sexual deles. Dias depois, ele passou a mostrar para os homens do bairro o que havia feito com ela.<\/p>\n<p style=\"text-align: justify\">\u201cFoi a partir desse v\u00eddeo que minha vida se tornou um inferno. Ainda falei para ele apagar o v\u00eddeo e disse que isso iria me complicar. Os traficantes de Lagoinha tamb\u00e9m tiveram acesso ao material. J\u00e1 em mar\u00e7o de 2012, quando eu estava em um trailler no campo de Miriambi (Bairro vizinho ao de Lagoinha), seis homens, todos do tr\u00e1fico, me obrigaram a fazer sexo com eles. Eles me arrastaram para dentro do banheiro e fizeram tudo comigo. Eles ficam o tempo todo me coagindo. Me batem muito\u201d, lembra.<\/p>\n<p style=\"text-align: justify\">Segundo a vendedora, ela se tornou uma esp\u00e9cie de objeto sexual dos traficantes e por causa das filhas passou a ter medo de denunciar os seus algozes. Assustada depois do assunto ter se espalhado pelo bairro, a v\u00edtima conseguiu sair e se abrigar na casa de amigos em uma outra cidade.<\/p>\n<p style=\"text-align: justify\">Boc\u00e3o News<\/p>\n","protected":false},"excerpt":{"rendered":"<p>Uma vendedora de roupas de 34 anos, moradora do bairro Lagoinha, em S\u00e3o Gon\u00e7alo, Regi\u00e3o Metropolitana do Rio de Janeiro, foi estuprada por 10 homens na madrugada da \u00faltima segunda-feira (17). Segundo ela, os autores do crime s\u00e3o traficantes da localidade onde vive e os estupros se repetem h\u00e1 quatro anos. Na \u00faltima agress\u00e3o, o grupo, composto at\u00e9 por adolescentes, foi surpreendido por policiais militares. Oito homens conseguiram fugir, mas dois menores foram apreendidos. M\u00e3e de tr\u00eas meninas, de 12, 13 e 14 anos, a vendedora conta que n\u00e3o tem conseguido dormir e que vive dias de p\u00e2nico, desde que foi estuprada pela quarta vez pelo grupo.<\/p>\n","protected":false},"author":7,"featured_media":0,"comment_status":"open","ping_status":"open","sticky":false,"template":"","format":"standard","meta":{"_acf_changed":false,"footnotes":""},"categories":[9],"tags":[],"class_list":["post-149976","post","type-post","status-publish","format-standard","hentry","category-policia"],"acf":[],"yoast_head":"<!-- This site is optimized with the Yoast SEO plugin v27.4 - https:\/\/yoast.com\/product\/yoast-seo-wordpress\/ -->\n<title>AP\u00d3S SER ESTUPRADA POR DEZ HOMENS, MULHER \u00c9 ACARICIADA DENTRO DE VIATURA - Blog do Farn\u00e9sio<\/title>\n<meta name=\"robots\" content=\"index, follow, max-snippet:-1, max-image-preview:large, max-video-preview:-1\" \/>\n<link rel=\"canonical\" href=\"https:\/\/blogdofarnesio.com.br\/?p=149976\" \/>\n<meta property=\"og:locale\" content=\"pt_BR\" \/>\n<meta property=\"og:type\" content=\"article\" \/>\n<meta property=\"og:title\" content=\"AP\u00d3S SER ESTUPRADA POR DEZ HOMENS, MULHER \u00c9 ACARICIADA DENTRO DE VIATURA - Blog do Farn\u00e9sio\" \/>\n<meta property=\"og:description\" content=\"Uma vendedora de roupas de 34 anos, moradora do bairro Lagoinha, em S\u00e3o Gon\u00e7alo, Regi\u00e3o Metropolitana do Rio de Janeiro, foi estuprada por 10 homens na madrugada da \u00faltima segunda-feira (17). Segundo ela, os autores do crime s\u00e3o traficantes da localidade onde vive e os estupros se repetem h\u00e1 quatro anos. Na \u00faltima agress\u00e3o, o grupo, composto at\u00e9 por adolescentes, foi surpreendido por policiais militares. Oito homens conseguiram fugir, mas dois menores foram apreendidos. M\u00e3e de tr\u00eas meninas, de 12, 13 e 14 anos, a vendedora conta que n\u00e3o tem conseguido dormir e que vive dias de p\u00e2nico, desde que foi estuprada pela quarta vez pelo grupo.\" \/>\n<meta property=\"og:url\" content=\"https:\/\/blogdofarnesio.com.br\/?p=149976\" \/>\n<meta property=\"og:site_name\" content=\"Blog do Farn\u00e9sio\" \/>\n<meta property=\"article:publisher\" content=\"https:\/\/www.facebook.com\/BlogQuerSaberPolitica\/\" \/>\n<meta property=\"article:published_time\" content=\"2016-10-23T16:00:24+00:00\" \/>\n<meta property=\"og:image\" content=\"http:\/\/www.quersaberpolitica.com.br\/2016\/wp-content\/uploads\/2015\/11\/blogqspviolenciaa-300x166.jpg\" \/>\n<meta name=\"twitter:card\" content=\"summary_large_image\" \/>\n<meta name=\"twitter:label1\" content=\"Escrito por\" \/>\n\t<meta name=\"twitter:data1\" content=\"\" \/>\n\t<meta name=\"twitter:label2\" content=\"Est. tempo de leitura\" \/>\n\t<meta name=\"twitter:data2\" content=\"4 minutos\" \/>\n<script type=\"application\/ld+json\" class=\"yoast-schema-graph\">{\"@context\":\"https:\\\/\\\/schema.org\",\"@graph\":[{\"@type\":\"Article\",\"@id\":\"https:\\\/\\\/blogdofarnesio.com.br\\\/?p=149976#article\",\"isPartOf\":{\"@id\":\"https:\\\/\\\/blogdofarnesio.com.br\\\/?p=149976\"},\"author\":{\"name\":\"\",\"@id\":\"\"},\"headline\":\"AP\u00d3S SER ESTUPRADA POR DEZ HOMENS, MULHER \u00c9 ACARICIADA DENTRO DE VIATURA\",\"datePublished\":\"2016-10-23T16:00:24+00:00\",\"mainEntityOfPage\":{\"@id\":\"https:\\\/\\\/blogdofarnesio.com.br\\\/?p=149976\"},\"wordCount\":813,\"commentCount\":0,\"publisher\":{\"@id\":\"https:\\\/\\\/blogdofarnesio.com.br\\\/#organization\"},\"image\":{\"@id\":\"https:\\\/\\\/blogdofarnesio.com.br\\\/?p=149976#primaryimage\"},\"thumbnailUrl\":\"http:\\\/\\\/www.quersaberpolitica.com.br\\\/2016\\\/wp-content\\\/uploads\\\/2015\\\/11\\\/blogqspviolenciaa-300x166.jpg\",\"articleSection\":[\"Pol\u00edcia\"],\"inLanguage\":\"pt-BR\",\"potentialAction\":[{\"@type\":\"CommentAction\",\"name\":\"Comment\",\"target\":[\"https:\\\/\\\/blogdofarnesio.com.br\\\/?p=149976#respond\"]}]},{\"@type\":\"WebPage\",\"@id\":\"https:\\\/\\\/blogdofarnesio.com.br\\\/?p=149976\",\"url\":\"https:\\\/\\\/blogdofarnesio.com.br\\\/?p=149976\",\"name\":\"AP\u00d3S SER ESTUPRADA POR DEZ HOMENS, MULHER \u00c9 ACARICIADA DENTRO DE VIATURA - Blog do Farn\u00e9sio\",\"isPartOf\":{\"@id\":\"https:\\\/\\\/blogdofarnesio.com.br\\\/#website\"},\"primaryImageOfPage\":{\"@id\":\"https:\\\/\\\/blogdofarnesio.com.br\\\/?p=149976#primaryimage\"},\"image\":{\"@id\":\"https:\\\/\\\/blogdofarnesio.com.br\\\/?p=149976#primaryimage\"},\"thumbnailUrl\":\"http:\\\/\\\/www.quersaberpolitica.com.br\\\/2016\\\/wp-content\\\/uploads\\\/2015\\\/11\\\/blogqspviolenciaa-300x166.jpg\",\"datePublished\":\"2016-10-23T16:00:24+00:00\",\"breadcrumb\":{\"@id\":\"https:\\\/\\\/blogdofarnesio.com.br\\\/?p=149976#breadcrumb\"},\"inLanguage\":\"pt-BR\",\"potentialAction\":[{\"@type\":\"ReadAction\",\"target\":[\"https:\\\/\\\/blogdofarnesio.com.br\\\/?p=149976\"]}]},{\"@type\":\"ImageObject\",\"inLanguage\":\"pt-BR\",\"@id\":\"https:\\\/\\\/blogdofarnesio.com.br\\\/?p=149976#primaryimage\",\"url\":\"http:\\\/\\\/www.quersaberpolitica.com.br\\\/2016\\\/wp-content\\\/uploads\\\/2015\\\/11\\\/blogqspviolenciaa-300x166.jpg\",\"contentUrl\":\"http:\\\/\\\/www.quersaberpolitica.com.br\\\/2016\\\/wp-content\\\/uploads\\\/2015\\\/11\\\/blogqspviolenciaa-300x166.jpg\"},{\"@type\":\"BreadcrumbList\",\"@id\":\"https:\\\/\\\/blogdofarnesio.com.br\\\/?p=149976#breadcrumb\",\"itemListElement\":[{\"@type\":\"ListItem\",\"position\":1,\"name\":\"In\u00edcio\",\"item\":\"https:\\\/\\\/blogdofarnesio.com.br\\\/\"},{\"@type\":\"ListItem\",\"position\":2,\"name\":\"AP\u00d3S SER ESTUPRADA POR DEZ HOMENS, MULHER \u00c9 ACARICIADA DENTRO DE VIATURA\"}]},{\"@type\":\"WebSite\",\"@id\":\"https:\\\/\\\/blogdofarnesio.com.br\\\/#website\",\"url\":\"https:\\\/\\\/blogdofarnesio.com.br\\\/\",\"name\":\"Blog do Farn\u00e9sio\",\"description\":\"Quer Saber Pol\u00edtica?\",\"publisher\":{\"@id\":\"https:\\\/\\\/blogdofarnesio.com.br\\\/#organization\"},\"potentialAction\":[{\"@type\":\"SearchAction\",\"target\":{\"@type\":\"EntryPoint\",\"urlTemplate\":\"https:\\\/\\\/blogdofarnesio.com.br\\\/?s={search_term_string}\"},\"query-input\":{\"@type\":\"PropertyValueSpecification\",\"valueRequired\":true,\"valueName\":\"search_term_string\"}}],\"inLanguage\":\"pt-BR\"},{\"@type\":\"Organization\",\"@id\":\"https:\\\/\\\/blogdofarnesio.com.br\\\/#organization\",\"name\":\"Blog do Farn\u00e9sio\",\"url\":\"https:\\\/\\\/blogdofarnesio.com.br\\\/\",\"logo\":{\"@type\":\"ImageObject\",\"inLanguage\":\"pt-BR\",\"@id\":\"https:\\\/\\\/blogdofarnesio.com.br\\\/#\\\/schema\\\/logo\\\/image\\\/\",\"url\":\"https:\\\/\\\/blogdofarnesio.com.br\\\/wp-content\\\/uploads\\\/2026\\\/03\\\/cropped-logo_new-1.png\",\"contentUrl\":\"https:\\\/\\\/blogdofarnesio.com.br\\\/wp-content\\\/uploads\\\/2026\\\/03\\\/cropped-logo_new-1.png\",\"width\":881,\"height\":685,\"caption\":\"Blog do Farn\u00e9sio\"},\"image\":{\"@id\":\"https:\\\/\\\/blogdofarnesio.com.br\\\/#\\\/schema\\\/logo\\\/image\\\/\"},\"sameAs\":[\"https:\\\/\\\/www.facebook.com\\\/BlogQuerSaberPolitica\\\/\"]},{\"@type\":\"Person\",\"@id\":\"\",\"url\":\"https:\\\/\\\/blogdofarnesio.com.br\\\/?author=7\"}]}<\/script>\n<!-- \/ Yoast SEO plugin. -->","yoast_head_json":{"title":"AP\u00d3S SER ESTUPRADA POR DEZ HOMENS, MULHER \u00c9 ACARICIADA DENTRO DE VIATURA - Blog do Farn\u00e9sio","robots":{"index":"index","follow":"follow","max-snippet":"max-snippet:-1","max-image-preview":"max-image-preview:large","max-video-preview":"max-video-preview:-1"},"canonical":"https:\/\/blogdofarnesio.com.br\/?p=149976","og_locale":"pt_BR","og_type":"article","og_title":"AP\u00d3S SER ESTUPRADA POR DEZ HOMENS, MULHER \u00c9 ACARICIADA DENTRO DE VIATURA - Blog do Farn\u00e9sio","og_description":"Uma vendedora de roupas de 34 anos, moradora do bairro Lagoinha, em S\u00e3o Gon\u00e7alo, Regi\u00e3o Metropolitana do Rio de Janeiro, foi estuprada por 10 homens na madrugada da \u00faltima segunda-feira (17). Segundo ela, os autores do crime s\u00e3o traficantes da localidade onde vive e os estupros se repetem h\u00e1 quatro anos. Na \u00faltima agress\u00e3o, o grupo, composto at\u00e9 por adolescentes, foi surpreendido por policiais militares. Oito homens conseguiram fugir, mas dois menores foram apreendidos. M\u00e3e de tr\u00eas meninas, de 12, 13 e 14 anos, a vendedora conta que n\u00e3o tem conseguido dormir e que vive dias de p\u00e2nico, desde que foi estuprada pela quarta vez pelo grupo.","og_url":"https:\/\/blogdofarnesio.com.br\/?p=149976","og_site_name":"Blog do Farn\u00e9sio","article_publisher":"https:\/\/www.facebook.com\/BlogQuerSaberPolitica\/","article_published_time":"2016-10-23T16:00:24+00:00","og_image":[{"url":"http:\/\/www.quersaberpolitica.com.br\/2016\/wp-content\/uploads\/2015\/11\/blogqspviolenciaa-300x166.jpg","type":"","width":"","height":""}],"twitter_card":"summary_large_image","twitter_misc":{"Escrito por":"","Est. tempo de leitura":"4 minutos"},"schema":{"@context":"https:\/\/schema.org","@graph":[{"@type":"Article","@id":"https:\/\/blogdofarnesio.com.br\/?p=149976#article","isPartOf":{"@id":"https:\/\/blogdofarnesio.com.br\/?p=149976"},"author":{"name":"","@id":""},"headline":"AP\u00d3S SER ESTUPRADA POR DEZ HOMENS, MULHER \u00c9 ACARICIADA DENTRO DE VIATURA","datePublished":"2016-10-23T16:00:24+00:00","mainEntityOfPage":{"@id":"https:\/\/blogdofarnesio.com.br\/?p=149976"},"wordCount":813,"commentCount":0,"publisher":{"@id":"https:\/\/blogdofarnesio.com.br\/#organization"},"image":{"@id":"https:\/\/blogdofarnesio.com.br\/?p=149976#primaryimage"},"thumbnailUrl":"http:\/\/www.quersaberpolitica.com.br\/2016\/wp-content\/uploads\/2015\/11\/blogqspviolenciaa-300x166.jpg","articleSection":["Pol\u00edcia"],"inLanguage":"pt-BR","potentialAction":[{"@type":"CommentAction","name":"Comment","target":["https:\/\/blogdofarnesio.com.br\/?p=149976#respond"]}]},{"@type":"WebPage","@id":"https:\/\/blogdofarnesio.com.br\/?p=149976","url":"https:\/\/blogdofarnesio.com.br\/?p=149976","name":"AP\u00d3S SER ESTUPRADA POR DEZ HOMENS, MULHER \u00c9 ACARICIADA DENTRO DE VIATURA - Blog do Farn\u00e9sio","isPartOf":{"@id":"https:\/\/blogdofarnesio.com.br\/#website"},"primaryImageOfPage":{"@id":"https:\/\/blogdofarnesio.com.br\/?p=149976#primaryimage"},"image":{"@id":"https:\/\/blogdofarnesio.com.br\/?p=149976#primaryimage"},"thumbnailUrl":"http:\/\/www.quersaberpolitica.com.br\/2016\/wp-content\/uploads\/2015\/11\/blogqspviolenciaa-300x166.jpg","datePublished":"2016-10-23T16:00:24+00:00","breadcrumb":{"@id":"https:\/\/blogdofarnesio.com.br\/?p=149976#breadcrumb"},"inLanguage":"pt-BR","potentialAction":[{"@type":"ReadAction","target":["https:\/\/blogdofarnesio.com.br\/?p=149976"]}]},{"@type":"ImageObject","inLanguage":"pt-BR","@id":"https:\/\/blogdofarnesio.com.br\/?p=149976#primaryimage","url":"http:\/\/www.quersaberpolitica.com.br\/2016\/wp-content\/uploads\/2015\/11\/blogqspviolenciaa-300x166.jpg","contentUrl":"http:\/\/www.quersaberpolitica.com.br\/2016\/wp-content\/uploads\/2015\/11\/blogqspviolenciaa-300x166.jpg"},{"@type":"BreadcrumbList","@id":"https:\/\/blogdofarnesio.com.br\/?p=149976#breadcrumb","itemListElement":[{"@type":"ListItem","position":1,"name":"In\u00edcio","item":"https:\/\/blogdofarnesio.com.br\/"},{"@type":"ListItem","position":2,"name":"AP\u00d3S SER ESTUPRADA POR DEZ HOMENS, MULHER \u00c9 ACARICIADA DENTRO DE VIATURA"}]},{"@type":"WebSite","@id":"https:\/\/blogdofarnesio.com.br\/#website","url":"https:\/\/blogdofarnesio.com.br\/","name":"Blog do Farn\u00e9sio","description":"Quer Saber Pol\u00edtica?","publisher":{"@id":"https:\/\/blogdofarnesio.com.br\/#organization"},"potentialAction":[{"@type":"SearchAction","target":{"@type":"EntryPoint","urlTemplate":"https:\/\/blogdofarnesio.com.br\/?s={search_term_string}"},"query-input":{"@type":"PropertyValueSpecification","valueRequired":true,"valueName":"search_term_string"}}],"inLanguage":"pt-BR"},{"@type":"Organization","@id":"https:\/\/blogdofarnesio.com.br\/#organization","name":"Blog do Farn\u00e9sio","url":"https:\/\/blogdofarnesio.com.br\/","logo":{"@type":"ImageObject","inLanguage":"pt-BR","@id":"https:\/\/blogdofarnesio.com.br\/#\/schema\/logo\/image\/","url":"https:\/\/blogdofarnesio.com.br\/wp-content\/uploads\/2026\/03\/cropped-logo_new-1.png","contentUrl":"https:\/\/blogdofarnesio.com.br\/wp-content\/uploads\/2026\/03\/cropped-logo_new-1.png","width":881,"height":685,"caption":"Blog do Farn\u00e9sio"},"image":{"@id":"https:\/\/blogdofarnesio.com.br\/#\/schema\/logo\/image\/"},"sameAs":["https:\/\/www.facebook.com\/BlogQuerSaberPolitica\/"]},{"@type":"Person","@id":"","url":"https:\/\/blogdofarnesio.com.br\/?author=7"}]}},"_links":{"self":[{"href":"https:\/\/blogdofarnesio.com.br\/index.php?rest_route=\/wp\/v2\/posts\/149976","targetHints":{"allow":["GET"]}}],"collection":[{"href":"https:\/\/blogdofarnesio.com.br\/index.php?rest_route=\/wp\/v2\/posts"}],"about":[{"href":"https:\/\/blogdofarnesio.com.br\/index.php?rest_route=\/wp\/v2\/types\/post"}],"author":[{"embeddable":true,"href":"https:\/\/blogdofarnesio.com.br\/index.php?rest_route=\/wp\/v2\/users\/7"}],"replies":[{"embeddable":true,"href":"https:\/\/blogdofarnesio.com.br\/index.php?rest_route=%2Fwp%2Fv2%2Fcomments&post=149976"}],"version-history":[{"count":0,"href":"https:\/\/blogdofarnesio.com.br\/index.php?rest_route=\/wp\/v2\/posts\/149976\/revisions"}],"wp:attachment":[{"href":"https:\/\/blogdofarnesio.com.br\/index.php?rest_route=%2Fwp%2Fv2%2Fmedia&parent=149976"}],"wp:term":[{"taxonomy":"category","embeddable":true,"href":"https:\/\/blogdofarnesio.com.br\/index.php?rest_route=%2Fwp%2Fv2%2Fcategories&post=149976"},{"taxonomy":"post_tag","embeddable":true,"href":"https:\/\/blogdofarnesio.com.br\/index.php?rest_route=%2Fwp%2Fv2%2Ftags&post=149976"}],"curies":[{"name":"wp","href":"https:\/\/api.w.org\/{rel}","templated":true}]}}