{"id":149184,"date":"2016-10-02T15:31:08","date_gmt":"2016-10-02T18:31:08","guid":{"rendered":"http:\/\/www.quersaberpolitica.com.br\/?p=149184"},"modified":"2016-10-02T15:31:08","modified_gmt":"2016-10-02T18:31:08","slug":"candidatos-reclamam-dos-criterios-de-avaliadores-do-detran-em-petrolina","status":"publish","type":"post","link":"https:\/\/blogdofarnesio.com.br\/?p=149184","title":{"rendered":"CANDIDATOS RECLAMAM DOS CRIT\u00c9RIOS DE AVALIADORES DO DETRAN EM PETROLINA"},"content":{"rendered":"<div class=\"materia-titulo\"><\/div>\n<div class=\"materia-assinatura-letra\" style=\"text-align: justify\">\n<div class=\"materia-assinatura\">\n<p class=\"vcard author\"><span class=\"adr\"><span class=\"locality\">Do G1 Petrolina<\/span><\/span><\/p>\n<\/div>\n<\/div>\n<div id=\"materia-letra\" class=\"materia-conteudo entry-content clearfix\">\n<figure id=\"attachment_75140\" aria-describedby=\"caption-attachment-75140\" style=\"width: 416px\" class=\"wp-caption aligncenter\"><img loading=\"lazy\" decoding=\"async\" class=\"wp-image-75140\" src=\"http:\/\/www.quersaberpolitica.com.br\/2016\/wp-content\/uploads\/2014\/03\/9684ada3e2bf2c95874e5cb85bf10b54-1.jpg\" alt=\"blogqspCNH\" width=\"416\" height=\"209\" \/><figcaption id=\"caption-attachment-75140\" class=\"wp-caption-text\">Ilustra\u00e7\u00e3o<\/figcaption><\/figure>\n<p style=\"text-align: justify\">Em <a class=\"premium-tip\" href=\"http:\/\/g1.globo.com\/pe\/petrolina-regiao\/cidade\/petrolina.html\">Petrolina<\/a>, no Sert\u00e3o de Pernambuco, candidatos que fizeram a prova de pr\u00e1tica de dire\u00e7\u00e3o para tirar a Carteira Nacional de Habilita\u00e7\u00e3o t\u00eam reclamado dos crit\u00e9rios usados pelos avaliadores. Eles alegam que alguns avaliadores n\u00e3o est\u00e3o cumprindo as determina\u00e7\u00f5es do Departamento Estadual de Tr\u00e2nsito (Detran)\u00a0 na hora de desclassificar um candidato.<\/p>\n<p style=\"text-align: justify\">A dona de casa Cleonice Macedo perdeu na prova pr\u00e1tica de carro.\u00a0 Ela acredita que os crit\u00e9rios que reprovam os alunos mudam de acordo com o avaliador. \u201cEu fui fazer a prova e deixei o carro apagar, o examinador que estava comigo falou que eu n\u00e3o seria reprovada por isso e eu continuei o percurso. Na garagem, ele pediu que eu voltasee um pouco para tr\u00e1s que estava muito para frente, e eu fui reprovada.\u00a0\u00a0 No dia da prova, eu observei que cada examinador tinha uma forma de avaliar. Eu queria que os examinadores avaliassem da mesma forma\u201d.<\/p>\n<p style=\"text-align: justify\">De acordo com a diretora de ensino de uma autoescola, Iracema Magalh\u00e3es, reclama\u00e7\u00f5es como esta s\u00e3o comuns no centro de forma\u00e7\u00e3o de condutores. \u201cOs alunos tem cobrado do CFC quais s\u00e3o os crit\u00e9rios que os avaliadores pr\u00e1ticos est\u00e3o cobrando na avalia\u00e7\u00e3o de pr\u00e1tica veicular. N\u00f3s temos a resolu\u00e7\u00e3o 168que fala sobre todo o exame de pr\u00e1tica veicular e n\u00f3s n\u00e3o sabemos se essa resolu\u00e7\u00e3o est\u00e1 sendo cobrada\u201d.<\/p>\n<p style=\"text-align: justify\">Segundo o Detran, as avalia\u00e7\u00f5es seguem a resolu\u00e7\u00e3o 168, do Denatran, que consta o tipo de infra\u00e7\u00e3o, a descri\u00e7\u00e3o e o n\u00famero de pontos que a pessoa pode perder na prova pr\u00e1tica.<\/p>\n<p style=\"text-align: justify\">O coordenador da 8\u00aa Ciretran de Petrolina, Wenderson Batista, explica que pelo sistema atual de avalia\u00e7\u00e3o de prova pr\u00e1tica, o examinador n\u00e3o tem autonomia para aprovar ou reprovar sozinho um candidato. \u201cTodos os crit\u00e9rios cobrados est\u00e3o na resolu\u00e7\u00e3o 168 do Denatran, tanto os instrutores tem que usar dessa ferramenta para os usu\u00e1rios como aqui no Detran no dia do exame pr\u00e1tico ser\u00e1 cobrado o que tem na resolu\u00e7\u00e3o. O examinador n\u00e3o tem autonomia de examinar cada candidato da forma que ele achar melhor. Existe uma tecnologia no p\u00e1tio da Ciretran, onde usu\u00e1rio que toma no ponto negativo, esses pontos, atrav\u00e9s de um sistema que est\u00e1 coplado no carro, ele vem no tablet e o examinador vai validar\u201d, explica.<\/p>\n<p style=\"text-align: justify\">Quem quiser contestar o resultado da prova pr\u00e1tica, deve ir ao Detran, e redigir uma carta que vai ser\u00a0 analisada pelo pr\u00f3prio Detran. Em petrolina, a 8\u00ba Ciretran fica na Avenida Monsenhor \u00c2ngelo Sampaio.<\/p>\n<\/div>\n","protected":false},"excerpt":{"rendered":"<p>Do G1 Petrolina Em Petrolina, no Sert\u00e3o de Pernambuco, candidatos que fizeram a prova de pr\u00e1tica de dire\u00e7\u00e3o para tirar a Carteira Nacional de Habilita\u00e7\u00e3o t\u00eam reclamado dos crit\u00e9rios usados pelos avaliadores. Eles alegam que alguns avaliadores n\u00e3o est\u00e3o cumprindo as determina\u00e7\u00f5es do Departamento Estadual de Tr\u00e2nsito (Detran)\u00a0 na hora de desclassificar um candidato. A dona de casa Cleonice Macedo perdeu na prova pr\u00e1tica de carro.\u00a0 Ela acredita que os crit\u00e9rios que reprovam os alunos mudam de acordo com o avaliador. \u201cEu fui fazer a prova e deixei o carro apagar, o examinador que estava comigo falou que eu n\u00e3o seria reprovada por isso e eu continuei o percurso. Na garagem, ele pediu que eu voltasee um pouco para tr\u00e1s&hellip; <\/p>\n","protected":false},"author":7,"featured_media":0,"comment_status":"open","ping_status":"open","sticky":false,"template":"","format":"standard","meta":{"_acf_changed":false,"footnotes":""},"categories":[21],"tags":[],"class_list":["post-149184","post","type-post","status-publish","format-standard","hentry","category-transito"],"acf":[],"yoast_head":"<!-- This site is optimized with the Yoast SEO plugin v27.4 - https:\/\/yoast.com\/product\/yoast-seo-wordpress\/ -->\n<title>CANDIDATOS RECLAMAM DOS CRIT\u00c9RIOS DE AVALIADORES DO DETRAN EM PETROLINA - Blog do Farn\u00e9sio<\/title>\n<meta name=\"robots\" content=\"index, follow, max-snippet:-1, max-image-preview:large, max-video-preview:-1\" \/>\n<link rel=\"canonical\" href=\"https:\/\/blogdofarnesio.com.br\/?p=149184\" \/>\n<meta property=\"og:locale\" content=\"pt_BR\" \/>\n<meta property=\"og:type\" content=\"article\" \/>\n<meta property=\"og:title\" content=\"CANDIDATOS RECLAMAM DOS CRIT\u00c9RIOS DE AVALIADORES DO DETRAN EM PETROLINA - Blog do Farn\u00e9sio\" \/>\n<meta property=\"og:description\" content=\"Do G1 Petrolina Em Petrolina, no Sert\u00e3o de Pernambuco, candidatos que fizeram a prova de pr\u00e1tica de dire\u00e7\u00e3o para tirar a Carteira Nacional de Habilita\u00e7\u00e3o t\u00eam reclamado dos crit\u00e9rios usados pelos avaliadores. Eles alegam que alguns avaliadores n\u00e3o est\u00e3o cumprindo as determina\u00e7\u00f5es do Departamento Estadual de Tr\u00e2nsito (Detran)\u00a0 na hora de desclassificar um candidato. A dona de casa Cleonice Macedo perdeu na prova pr\u00e1tica de carro.\u00a0 Ela acredita que os crit\u00e9rios que reprovam os alunos mudam de acordo com o avaliador. \u201cEu fui fazer a prova e deixei o carro apagar, o examinador que estava comigo falou que eu n\u00e3o seria reprovada por isso e eu continuei o percurso. Na garagem, ele pediu que eu voltasee um pouco para tr\u00e1s&hellip;\" \/>\n<meta property=\"og:url\" content=\"https:\/\/blogdofarnesio.com.br\/?p=149184\" \/>\n<meta property=\"og:site_name\" content=\"Blog do Farn\u00e9sio\" \/>\n<meta property=\"article:publisher\" content=\"https:\/\/www.facebook.com\/BlogQuerSaberPolitica\/\" \/>\n<meta property=\"article:published_time\" content=\"2016-10-02T18:31:08+00:00\" \/>\n<meta property=\"og:image\" content=\"http:\/\/www.quersaberpolitica.com.br\/2016\/wp-content\/uploads\/2014\/03\/9684ada3e2bf2c95874e5cb85bf10b54-1.jpg\" \/>\n<meta name=\"twitter:card\" content=\"summary_large_image\" \/>\n<meta name=\"twitter:label1\" content=\"Escrito por\" \/>\n\t<meta name=\"twitter:data1\" content=\"\" \/>\n\t<meta name=\"twitter:label2\" content=\"Est. tempo de leitura\" \/>\n\t<meta name=\"twitter:data2\" content=\"2 minutos\" \/>\n<script type=\"application\/ld+json\" class=\"yoast-schema-graph\">{\"@context\":\"https:\\\/\\\/schema.org\",\"@graph\":[{\"@type\":\"Article\",\"@id\":\"https:\\\/\\\/blogdofarnesio.com.br\\\/?p=149184#article\",\"isPartOf\":{\"@id\":\"https:\\\/\\\/blogdofarnesio.com.br\\\/?p=149184\"},\"author\":{\"name\":\"\",\"@id\":\"\"},\"headline\":\"CANDIDATOS RECLAMAM DOS CRIT\u00c9RIOS DE AVALIADORES DO DETRAN EM PETROLINA\",\"datePublished\":\"2016-10-02T18:31:08+00:00\",\"mainEntityOfPage\":{\"@id\":\"https:\\\/\\\/blogdofarnesio.com.br\\\/?p=149184\"},\"wordCount\":470,\"commentCount\":0,\"publisher\":{\"@id\":\"https:\\\/\\\/blogdofarnesio.com.br\\\/#organization\"},\"image\":{\"@id\":\"https:\\\/\\\/blogdofarnesio.com.br\\\/?p=149184#primaryimage\"},\"thumbnailUrl\":\"http:\\\/\\\/www.quersaberpolitica.com.br\\\/2016\\\/wp-content\\\/uploads\\\/2014\\\/03\\\/9684ada3e2bf2c95874e5cb85bf10b54-1.jpg\",\"articleSection\":[\"Tr\u00e2nsito\"],\"inLanguage\":\"pt-BR\",\"potentialAction\":[{\"@type\":\"CommentAction\",\"name\":\"Comment\",\"target\":[\"https:\\\/\\\/blogdofarnesio.com.br\\\/?p=149184#respond\"]}]},{\"@type\":\"WebPage\",\"@id\":\"https:\\\/\\\/blogdofarnesio.com.br\\\/?p=149184\",\"url\":\"https:\\\/\\\/blogdofarnesio.com.br\\\/?p=149184\",\"name\":\"CANDIDATOS RECLAMAM DOS CRIT\u00c9RIOS DE AVALIADORES DO DETRAN EM PETROLINA - Blog do Farn\u00e9sio\",\"isPartOf\":{\"@id\":\"https:\\\/\\\/blogdofarnesio.com.br\\\/#website\"},\"primaryImageOfPage\":{\"@id\":\"https:\\\/\\\/blogdofarnesio.com.br\\\/?p=149184#primaryimage\"},\"image\":{\"@id\":\"https:\\\/\\\/blogdofarnesio.com.br\\\/?p=149184#primaryimage\"},\"thumbnailUrl\":\"http:\\\/\\\/www.quersaberpolitica.com.br\\\/2016\\\/wp-content\\\/uploads\\\/2014\\\/03\\\/9684ada3e2bf2c95874e5cb85bf10b54-1.jpg\",\"datePublished\":\"2016-10-02T18:31:08+00:00\",\"breadcrumb\":{\"@id\":\"https:\\\/\\\/blogdofarnesio.com.br\\\/?p=149184#breadcrumb\"},\"inLanguage\":\"pt-BR\",\"potentialAction\":[{\"@type\":\"ReadAction\",\"target\":[\"https:\\\/\\\/blogdofarnesio.com.br\\\/?p=149184\"]}]},{\"@type\":\"ImageObject\",\"inLanguage\":\"pt-BR\",\"@id\":\"https:\\\/\\\/blogdofarnesio.com.br\\\/?p=149184#primaryimage\",\"url\":\"http:\\\/\\\/www.quersaberpolitica.com.br\\\/2016\\\/wp-content\\\/uploads\\\/2014\\\/03\\\/9684ada3e2bf2c95874e5cb85bf10b54-1.jpg\",\"contentUrl\":\"http:\\\/\\\/www.quersaberpolitica.com.br\\\/2016\\\/wp-content\\\/uploads\\\/2014\\\/03\\\/9684ada3e2bf2c95874e5cb85bf10b54-1.jpg\"},{\"@type\":\"BreadcrumbList\",\"@id\":\"https:\\\/\\\/blogdofarnesio.com.br\\\/?p=149184#breadcrumb\",\"itemListElement\":[{\"@type\":\"ListItem\",\"position\":1,\"name\":\"In\u00edcio\",\"item\":\"https:\\\/\\\/blogdofarnesio.com.br\\\/\"},{\"@type\":\"ListItem\",\"position\":2,\"name\":\"CANDIDATOS RECLAMAM DOS CRIT\u00c9RIOS DE AVALIADORES DO DETRAN EM PETROLINA\"}]},{\"@type\":\"WebSite\",\"@id\":\"https:\\\/\\\/blogdofarnesio.com.br\\\/#website\",\"url\":\"https:\\\/\\\/blogdofarnesio.com.br\\\/\",\"name\":\"Blog do Farn\u00e9sio\",\"description\":\"Quer Saber Pol\u00edtica?\",\"publisher\":{\"@id\":\"https:\\\/\\\/blogdofarnesio.com.br\\\/#organization\"},\"potentialAction\":[{\"@type\":\"SearchAction\",\"target\":{\"@type\":\"EntryPoint\",\"urlTemplate\":\"https:\\\/\\\/blogdofarnesio.com.br\\\/?s={search_term_string}\"},\"query-input\":{\"@type\":\"PropertyValueSpecification\",\"valueRequired\":true,\"valueName\":\"search_term_string\"}}],\"inLanguage\":\"pt-BR\"},{\"@type\":\"Organization\",\"@id\":\"https:\\\/\\\/blogdofarnesio.com.br\\\/#organization\",\"name\":\"Blog do Farn\u00e9sio\",\"url\":\"https:\\\/\\\/blogdofarnesio.com.br\\\/\",\"logo\":{\"@type\":\"ImageObject\",\"inLanguage\":\"pt-BR\",\"@id\":\"https:\\\/\\\/blogdofarnesio.com.br\\\/#\\\/schema\\\/logo\\\/image\\\/\",\"url\":\"https:\\\/\\\/blogdofarnesio.com.br\\\/wp-content\\\/uploads\\\/2026\\\/03\\\/cropped-logo_new-1.png\",\"contentUrl\":\"https:\\\/\\\/blogdofarnesio.com.br\\\/wp-content\\\/uploads\\\/2026\\\/03\\\/cropped-logo_new-1.png\",\"width\":881,\"height\":685,\"caption\":\"Blog do Farn\u00e9sio\"},\"image\":{\"@id\":\"https:\\\/\\\/blogdofarnesio.com.br\\\/#\\\/schema\\\/logo\\\/image\\\/\"},\"sameAs\":[\"https:\\\/\\\/www.facebook.com\\\/BlogQuerSaberPolitica\\\/\"]},{\"@type\":\"Person\",\"@id\":\"\",\"url\":\"https:\\\/\\\/blogdofarnesio.com.br\\\/?author=7\"}]}<\/script>\n<!-- \/ Yoast SEO plugin. -->","yoast_head_json":{"title":"CANDIDATOS RECLAMAM DOS CRIT\u00c9RIOS DE AVALIADORES DO DETRAN EM PETROLINA - Blog do Farn\u00e9sio","robots":{"index":"index","follow":"follow","max-snippet":"max-snippet:-1","max-image-preview":"max-image-preview:large","max-video-preview":"max-video-preview:-1"},"canonical":"https:\/\/blogdofarnesio.com.br\/?p=149184","og_locale":"pt_BR","og_type":"article","og_title":"CANDIDATOS RECLAMAM DOS CRIT\u00c9RIOS DE AVALIADORES DO DETRAN EM PETROLINA - Blog do Farn\u00e9sio","og_description":"Do G1 Petrolina Em Petrolina, no Sert\u00e3o de Pernambuco, candidatos que fizeram a prova de pr\u00e1tica de dire\u00e7\u00e3o para tirar a Carteira Nacional de Habilita\u00e7\u00e3o t\u00eam reclamado dos crit\u00e9rios usados pelos avaliadores. Eles alegam que alguns avaliadores n\u00e3o est\u00e3o cumprindo as determina\u00e7\u00f5es do Departamento Estadual de Tr\u00e2nsito (Detran)\u00a0 na hora de desclassificar um candidato. A dona de casa Cleonice Macedo perdeu na prova pr\u00e1tica de carro.\u00a0 Ela acredita que os crit\u00e9rios que reprovam os alunos mudam de acordo com o avaliador. \u201cEu fui fazer a prova e deixei o carro apagar, o examinador que estava comigo falou que eu n\u00e3o seria reprovada por isso e eu continuei o percurso. Na garagem, ele pediu que eu voltasee um pouco para tr\u00e1s&hellip;","og_url":"https:\/\/blogdofarnesio.com.br\/?p=149184","og_site_name":"Blog do Farn\u00e9sio","article_publisher":"https:\/\/www.facebook.com\/BlogQuerSaberPolitica\/","article_published_time":"2016-10-02T18:31:08+00:00","og_image":[{"url":"http:\/\/www.quersaberpolitica.com.br\/2016\/wp-content\/uploads\/2014\/03\/9684ada3e2bf2c95874e5cb85bf10b54-1.jpg","type":"","width":"","height":""}],"twitter_card":"summary_large_image","twitter_misc":{"Escrito por":"","Est. tempo de leitura":"2 minutos"},"schema":{"@context":"https:\/\/schema.org","@graph":[{"@type":"Article","@id":"https:\/\/blogdofarnesio.com.br\/?p=149184#article","isPartOf":{"@id":"https:\/\/blogdofarnesio.com.br\/?p=149184"},"author":{"name":"","@id":""},"headline":"CANDIDATOS RECLAMAM DOS CRIT\u00c9RIOS DE AVALIADORES DO DETRAN EM PETROLINA","datePublished":"2016-10-02T18:31:08+00:00","mainEntityOfPage":{"@id":"https:\/\/blogdofarnesio.com.br\/?p=149184"},"wordCount":470,"commentCount":0,"publisher":{"@id":"https:\/\/blogdofarnesio.com.br\/#organization"},"image":{"@id":"https:\/\/blogdofarnesio.com.br\/?p=149184#primaryimage"},"thumbnailUrl":"http:\/\/www.quersaberpolitica.com.br\/2016\/wp-content\/uploads\/2014\/03\/9684ada3e2bf2c95874e5cb85bf10b54-1.jpg","articleSection":["Tr\u00e2nsito"],"inLanguage":"pt-BR","potentialAction":[{"@type":"CommentAction","name":"Comment","target":["https:\/\/blogdofarnesio.com.br\/?p=149184#respond"]}]},{"@type":"WebPage","@id":"https:\/\/blogdofarnesio.com.br\/?p=149184","url":"https:\/\/blogdofarnesio.com.br\/?p=149184","name":"CANDIDATOS RECLAMAM DOS CRIT\u00c9RIOS DE AVALIADORES DO DETRAN EM PETROLINA - Blog do Farn\u00e9sio","isPartOf":{"@id":"https:\/\/blogdofarnesio.com.br\/#website"},"primaryImageOfPage":{"@id":"https:\/\/blogdofarnesio.com.br\/?p=149184#primaryimage"},"image":{"@id":"https:\/\/blogdofarnesio.com.br\/?p=149184#primaryimage"},"thumbnailUrl":"http:\/\/www.quersaberpolitica.com.br\/2016\/wp-content\/uploads\/2014\/03\/9684ada3e2bf2c95874e5cb85bf10b54-1.jpg","datePublished":"2016-10-02T18:31:08+00:00","breadcrumb":{"@id":"https:\/\/blogdofarnesio.com.br\/?p=149184#breadcrumb"},"inLanguage":"pt-BR","potentialAction":[{"@type":"ReadAction","target":["https:\/\/blogdofarnesio.com.br\/?p=149184"]}]},{"@type":"ImageObject","inLanguage":"pt-BR","@id":"https:\/\/blogdofarnesio.com.br\/?p=149184#primaryimage","url":"http:\/\/www.quersaberpolitica.com.br\/2016\/wp-content\/uploads\/2014\/03\/9684ada3e2bf2c95874e5cb85bf10b54-1.jpg","contentUrl":"http:\/\/www.quersaberpolitica.com.br\/2016\/wp-content\/uploads\/2014\/03\/9684ada3e2bf2c95874e5cb85bf10b54-1.jpg"},{"@type":"BreadcrumbList","@id":"https:\/\/blogdofarnesio.com.br\/?p=149184#breadcrumb","itemListElement":[{"@type":"ListItem","position":1,"name":"In\u00edcio","item":"https:\/\/blogdofarnesio.com.br\/"},{"@type":"ListItem","position":2,"name":"CANDIDATOS RECLAMAM DOS CRIT\u00c9RIOS DE AVALIADORES DO DETRAN EM PETROLINA"}]},{"@type":"WebSite","@id":"https:\/\/blogdofarnesio.com.br\/#website","url":"https:\/\/blogdofarnesio.com.br\/","name":"Blog do Farn\u00e9sio","description":"Quer Saber Pol\u00edtica?","publisher":{"@id":"https:\/\/blogdofarnesio.com.br\/#organization"},"potentialAction":[{"@type":"SearchAction","target":{"@type":"EntryPoint","urlTemplate":"https:\/\/blogdofarnesio.com.br\/?s={search_term_string}"},"query-input":{"@type":"PropertyValueSpecification","valueRequired":true,"valueName":"search_term_string"}}],"inLanguage":"pt-BR"},{"@type":"Organization","@id":"https:\/\/blogdofarnesio.com.br\/#organization","name":"Blog do Farn\u00e9sio","url":"https:\/\/blogdofarnesio.com.br\/","logo":{"@type":"ImageObject","inLanguage":"pt-BR","@id":"https:\/\/blogdofarnesio.com.br\/#\/schema\/logo\/image\/","url":"https:\/\/blogdofarnesio.com.br\/wp-content\/uploads\/2026\/03\/cropped-logo_new-1.png","contentUrl":"https:\/\/blogdofarnesio.com.br\/wp-content\/uploads\/2026\/03\/cropped-logo_new-1.png","width":881,"height":685,"caption":"Blog do Farn\u00e9sio"},"image":{"@id":"https:\/\/blogdofarnesio.com.br\/#\/schema\/logo\/image\/"},"sameAs":["https:\/\/www.facebook.com\/BlogQuerSaberPolitica\/"]},{"@type":"Person","@id":"","url":"https:\/\/blogdofarnesio.com.br\/?author=7"}]}},"_links":{"self":[{"href":"https:\/\/blogdofarnesio.com.br\/index.php?rest_route=\/wp\/v2\/posts\/149184","targetHints":{"allow":["GET"]}}],"collection":[{"href":"https:\/\/blogdofarnesio.com.br\/index.php?rest_route=\/wp\/v2\/posts"}],"about":[{"href":"https:\/\/blogdofarnesio.com.br\/index.php?rest_route=\/wp\/v2\/types\/post"}],"author":[{"embeddable":true,"href":"https:\/\/blogdofarnesio.com.br\/index.php?rest_route=\/wp\/v2\/users\/7"}],"replies":[{"embeddable":true,"href":"https:\/\/blogdofarnesio.com.br\/index.php?rest_route=%2Fwp%2Fv2%2Fcomments&post=149184"}],"version-history":[{"count":0,"href":"https:\/\/blogdofarnesio.com.br\/index.php?rest_route=\/wp\/v2\/posts\/149184\/revisions"}],"wp:attachment":[{"href":"https:\/\/blogdofarnesio.com.br\/index.php?rest_route=%2Fwp%2Fv2%2Fmedia&parent=149184"}],"wp:term":[{"taxonomy":"category","embeddable":true,"href":"https:\/\/blogdofarnesio.com.br\/index.php?rest_route=%2Fwp%2Fv2%2Fcategories&post=149184"},{"taxonomy":"post_tag","embeddable":true,"href":"https:\/\/blogdofarnesio.com.br\/index.php?rest_route=%2Fwp%2Fv2%2Ftags&post=149184"}],"curies":[{"name":"wp","href":"https:\/\/api.w.org\/{rel}","templated":true}]}}