{"id":149178,"date":"2016-10-02T13:06:44","date_gmt":"2016-10-02T16:06:44","guid":{"rendered":"http:\/\/www.quersaberpolitica.com.br\/?p=149178"},"modified":"2016-10-02T13:06:44","modified_gmt":"2016-10-02T16:06:44","slug":"tse-registra-prisoes-de-21-candidatos-e-de-142-eleitores-no-pais","status":"publish","type":"post","link":"https:\/\/blogdofarnesio.com.br\/?p=149178","title":{"rendered":"TSE REGISTRA PRIS\u00d5ES DE 21 CANDIDATOS E DE 142 ELEITORES NO PA\u00cdS"},"content":{"rendered":"<p style=\"text-align: justify\"><a href=\"http:\/\/www.quersaberpolitica.com.br\/2016\/wp-content\/uploads\/2015\/10\/blogqsp-tse-1.jpg\"><img loading=\"lazy\" decoding=\"async\" class=\" wp-image-132051 aligncenter\" src=\"http:\/\/www.quersaberpolitica.com.br\/2016\/wp-content\/uploads\/2015\/10\/blogqsp-tse-1-300x183.jpg\" alt=\"blogqsp-tse-1\" width=\"420\" height=\"261\" \/><\/a><\/p>\n<p style=\"text-align: justify\">O n\u00famero de candidatos que cometeram alguma irregularidade nas elei\u00e7\u00f5es e foram presos em flagrante no pa\u00eds subiu para 21. De acordo com o segundo boletim divulgado pelo Tribunal Superior Eleitoral (TSE) desse total, 11 casos aconteceram em Minas Gerais e est\u00e3o relacionados \u00e0 divulga\u00e7\u00e3o de propaganda e boca de urna.<\/p>\n<p style=\"text-align: justify\">No Rio de Janeiro, foi registrada uma pris\u00e3o por corrup\u00e7\u00e3o eleitoral. Outros candidatos foram presos nos estados de Mato Grosso do Sul, Piau\u00ed, Paran\u00e1, Santa Catarina e Sergipe. O motivo das pris\u00f5es vai desde boca de urna, corrup\u00e7\u00e3o eleitoral e divulga\u00e7\u00e3o de propaganda a outros casos n\u00e3o especificados pelo tribunal.<\/p>\n<p style=\"text-align: justify\"><!--more--><\/p>\n<p style=\"text-align: justify\">Al\u00e9m dos candidatos, foram presos tamb\u00e9m eleitores. Das 265 ocorr\u00eancias registradas hoje, 142 resultaram em pris\u00f5es em flagrante. A maioria delas, 53, tamb\u00e9m ocorreu em Minas Gerais por divulga\u00e7\u00e3o de propaganda e boca de urna. Eleitores tamb\u00e9m foram presos no Esp\u00edrito Santo, em Goi\u00e1s, Mato Grosso, na Para\u00edba, Pernambuco, no Piau\u00ed, Paran\u00e1, Rio de Janeiro, Rio Grande do Norte, em Roraima, no Rio Grande do Sul, em Santa Catarina e S\u00e3o Paulo.<br \/>\nO TSE divulgou tamb\u00e9m dados relativos \u00e0s urnas usadas para registrar o voto dos eleitores. Em todo o pa\u00eds, 786 urnas apresentaram algum tipo de problema e precisaram ser substitu\u00eddas. Esse n\u00famero corresponde a 0,179% do total de urnas usadas neste primeiro turno. O estado do Rio de Janeiro registrou o maior n\u00famero de substitui\u00e7\u00f5es at\u00e9 as 10h da manh\u00e3 deste domingo: 165. O segundo estado com maior registro de trocas foi S\u00e3o Paulo, com 107 equipamentos substitu\u00eddos.<\/p>\n<p style=\"text-align: justify\"><em>Ag\u00eancia Brasil<\/em><\/p>\n","protected":false},"excerpt":{"rendered":"<p>O n\u00famero de candidatos que cometeram alguma irregularidade nas elei\u00e7\u00f5es e foram presos em flagrante no pa\u00eds subiu para 21. De acordo com o segundo boletim divulgado pelo Tribunal Superior Eleitoral (TSE) desse total, 11 casos aconteceram em Minas Gerais e est\u00e3o relacionados \u00e0 divulga\u00e7\u00e3o de propaganda e boca de urna. No Rio de Janeiro, foi registrada uma pris\u00e3o por corrup\u00e7\u00e3o eleitoral. Outros candidatos foram presos nos estados de Mato Grosso do Sul, Piau\u00ed, Paran\u00e1, Santa Catarina e Sergipe. O motivo das pris\u00f5es vai desde boca de urna, corrup\u00e7\u00e3o eleitoral e divulga\u00e7\u00e3o de propaganda a outros casos n\u00e3o especificados pelo tribunal.<\/p>\n","protected":false},"author":7,"featured_media":0,"comment_status":"open","ping_status":"open","sticky":false,"template":"","format":"standard","meta":{"_acf_changed":false,"footnotes":""},"categories":[1],"tags":[],"class_list":["post-149178","post","type-post","status-publish","format-standard","hentry","category-politica"],"acf":[],"yoast_head":"<!-- This site is optimized with the Yoast SEO plugin v27.4 - https:\/\/yoast.com\/product\/yoast-seo-wordpress\/ -->\n<title>TSE REGISTRA PRIS\u00d5ES DE 21 CANDIDATOS E DE 142 ELEITORES NO PA\u00cdS - Blog do Farn\u00e9sio<\/title>\n<meta name=\"robots\" content=\"index, follow, max-snippet:-1, max-image-preview:large, max-video-preview:-1\" \/>\n<link rel=\"canonical\" href=\"https:\/\/blogdofarnesio.com.br\/?p=149178\" \/>\n<meta property=\"og:locale\" content=\"pt_BR\" \/>\n<meta property=\"og:type\" content=\"article\" \/>\n<meta property=\"og:title\" content=\"TSE REGISTRA PRIS\u00d5ES DE 21 CANDIDATOS E DE 142 ELEITORES NO PA\u00cdS - Blog do Farn\u00e9sio\" \/>\n<meta property=\"og:description\" content=\"O n\u00famero de candidatos que cometeram alguma irregularidade nas elei\u00e7\u00f5es e foram presos em flagrante no pa\u00eds subiu para 21. De acordo com o segundo boletim divulgado pelo Tribunal Superior Eleitoral (TSE) desse total, 11 casos aconteceram em Minas Gerais e est\u00e3o relacionados \u00e0 divulga\u00e7\u00e3o de propaganda e boca de urna. No Rio de Janeiro, foi registrada uma pris\u00e3o por corrup\u00e7\u00e3o eleitoral. Outros candidatos foram presos nos estados de Mato Grosso do Sul, Piau\u00ed, Paran\u00e1, Santa Catarina e Sergipe. O motivo das pris\u00f5es vai desde boca de urna, corrup\u00e7\u00e3o eleitoral e divulga\u00e7\u00e3o de propaganda a outros casos n\u00e3o especificados pelo tribunal.\" \/>\n<meta property=\"og:url\" content=\"https:\/\/blogdofarnesio.com.br\/?p=149178\" \/>\n<meta property=\"og:site_name\" content=\"Blog do Farn\u00e9sio\" \/>\n<meta property=\"article:publisher\" content=\"https:\/\/www.facebook.com\/BlogQuerSaberPolitica\/\" \/>\n<meta property=\"article:published_time\" content=\"2016-10-02T16:06:44+00:00\" \/>\n<meta property=\"og:image\" content=\"http:\/\/www.quersaberpolitica.com.br\/2016\/wp-content\/uploads\/2015\/10\/blogqsp-tse-1-300x183.jpg\" \/>\n<meta name=\"twitter:card\" content=\"summary_large_image\" \/>\n<meta name=\"twitter:label1\" content=\"Escrito por\" \/>\n\t<meta name=\"twitter:data1\" content=\"\" \/>\n\t<meta name=\"twitter:label2\" content=\"Est. tempo de leitura\" \/>\n\t<meta name=\"twitter:data2\" content=\"1 minuto\" \/>\n<script type=\"application\/ld+json\" class=\"yoast-schema-graph\">{\"@context\":\"https:\\\/\\\/schema.org\",\"@graph\":[{\"@type\":\"Article\",\"@id\":\"https:\\\/\\\/blogdofarnesio.com.br\\\/?p=149178#article\",\"isPartOf\":{\"@id\":\"https:\\\/\\\/blogdofarnesio.com.br\\\/?p=149178\"},\"author\":{\"name\":\"\",\"@id\":\"\"},\"headline\":\"TSE REGISTRA PRIS\u00d5ES DE 21 CANDIDATOS E DE 142 ELEITORES NO PA\u00cdS\",\"datePublished\":\"2016-10-02T16:06:44+00:00\",\"mainEntityOfPage\":{\"@id\":\"https:\\\/\\\/blogdofarnesio.com.br\\\/?p=149178\"},\"wordCount\":286,\"commentCount\":0,\"publisher\":{\"@id\":\"https:\\\/\\\/blogdofarnesio.com.br\\\/#organization\"},\"image\":{\"@id\":\"https:\\\/\\\/blogdofarnesio.com.br\\\/?p=149178#primaryimage\"},\"thumbnailUrl\":\"http:\\\/\\\/www.quersaberpolitica.com.br\\\/2016\\\/wp-content\\\/uploads\\\/2015\\\/10\\\/blogqsp-tse-1-300x183.jpg\",\"articleSection\":[\"Pol\u00edtica\"],\"inLanguage\":\"pt-BR\",\"potentialAction\":[{\"@type\":\"CommentAction\",\"name\":\"Comment\",\"target\":[\"https:\\\/\\\/blogdofarnesio.com.br\\\/?p=149178#respond\"]}]},{\"@type\":\"WebPage\",\"@id\":\"https:\\\/\\\/blogdofarnesio.com.br\\\/?p=149178\",\"url\":\"https:\\\/\\\/blogdofarnesio.com.br\\\/?p=149178\",\"name\":\"TSE REGISTRA PRIS\u00d5ES DE 21 CANDIDATOS E DE 142 ELEITORES NO PA\u00cdS - Blog do Farn\u00e9sio\",\"isPartOf\":{\"@id\":\"https:\\\/\\\/blogdofarnesio.com.br\\\/#website\"},\"primaryImageOfPage\":{\"@id\":\"https:\\\/\\\/blogdofarnesio.com.br\\\/?p=149178#primaryimage\"},\"image\":{\"@id\":\"https:\\\/\\\/blogdofarnesio.com.br\\\/?p=149178#primaryimage\"},\"thumbnailUrl\":\"http:\\\/\\\/www.quersaberpolitica.com.br\\\/2016\\\/wp-content\\\/uploads\\\/2015\\\/10\\\/blogqsp-tse-1-300x183.jpg\",\"datePublished\":\"2016-10-02T16:06:44+00:00\",\"breadcrumb\":{\"@id\":\"https:\\\/\\\/blogdofarnesio.com.br\\\/?p=149178#breadcrumb\"},\"inLanguage\":\"pt-BR\",\"potentialAction\":[{\"@type\":\"ReadAction\",\"target\":[\"https:\\\/\\\/blogdofarnesio.com.br\\\/?p=149178\"]}]},{\"@type\":\"ImageObject\",\"inLanguage\":\"pt-BR\",\"@id\":\"https:\\\/\\\/blogdofarnesio.com.br\\\/?p=149178#primaryimage\",\"url\":\"http:\\\/\\\/www.quersaberpolitica.com.br\\\/2016\\\/wp-content\\\/uploads\\\/2015\\\/10\\\/blogqsp-tse-1-300x183.jpg\",\"contentUrl\":\"http:\\\/\\\/www.quersaberpolitica.com.br\\\/2016\\\/wp-content\\\/uploads\\\/2015\\\/10\\\/blogqsp-tse-1-300x183.jpg\"},{\"@type\":\"BreadcrumbList\",\"@id\":\"https:\\\/\\\/blogdofarnesio.com.br\\\/?p=149178#breadcrumb\",\"itemListElement\":[{\"@type\":\"ListItem\",\"position\":1,\"name\":\"In\u00edcio\",\"item\":\"https:\\\/\\\/blogdofarnesio.com.br\\\/\"},{\"@type\":\"ListItem\",\"position\":2,\"name\":\"TSE REGISTRA PRIS\u00d5ES DE 21 CANDIDATOS E DE 142 ELEITORES NO PA\u00cdS\"}]},{\"@type\":\"WebSite\",\"@id\":\"https:\\\/\\\/blogdofarnesio.com.br\\\/#website\",\"url\":\"https:\\\/\\\/blogdofarnesio.com.br\\\/\",\"name\":\"Blog do Farn\u00e9sio\",\"description\":\"Quer Saber Pol\u00edtica?\",\"publisher\":{\"@id\":\"https:\\\/\\\/blogdofarnesio.com.br\\\/#organization\"},\"potentialAction\":[{\"@type\":\"SearchAction\",\"target\":{\"@type\":\"EntryPoint\",\"urlTemplate\":\"https:\\\/\\\/blogdofarnesio.com.br\\\/?s={search_term_string}\"},\"query-input\":{\"@type\":\"PropertyValueSpecification\",\"valueRequired\":true,\"valueName\":\"search_term_string\"}}],\"inLanguage\":\"pt-BR\"},{\"@type\":\"Organization\",\"@id\":\"https:\\\/\\\/blogdofarnesio.com.br\\\/#organization\",\"name\":\"Blog do Farn\u00e9sio\",\"url\":\"https:\\\/\\\/blogdofarnesio.com.br\\\/\",\"logo\":{\"@type\":\"ImageObject\",\"inLanguage\":\"pt-BR\",\"@id\":\"https:\\\/\\\/blogdofarnesio.com.br\\\/#\\\/schema\\\/logo\\\/image\\\/\",\"url\":\"https:\\\/\\\/blogdofarnesio.com.br\\\/wp-content\\\/uploads\\\/2026\\\/03\\\/cropped-logo_new-1.png\",\"contentUrl\":\"https:\\\/\\\/blogdofarnesio.com.br\\\/wp-content\\\/uploads\\\/2026\\\/03\\\/cropped-logo_new-1.png\",\"width\":881,\"height\":685,\"caption\":\"Blog do Farn\u00e9sio\"},\"image\":{\"@id\":\"https:\\\/\\\/blogdofarnesio.com.br\\\/#\\\/schema\\\/logo\\\/image\\\/\"},\"sameAs\":[\"https:\\\/\\\/www.facebook.com\\\/BlogQuerSaberPolitica\\\/\"]},{\"@type\":\"Person\",\"@id\":\"\",\"url\":\"https:\\\/\\\/blogdofarnesio.com.br\\\/?author=7\"}]}<\/script>\n<!-- \/ Yoast SEO plugin. -->","yoast_head_json":{"title":"TSE REGISTRA PRIS\u00d5ES DE 21 CANDIDATOS E DE 142 ELEITORES NO PA\u00cdS - Blog do Farn\u00e9sio","robots":{"index":"index","follow":"follow","max-snippet":"max-snippet:-1","max-image-preview":"max-image-preview:large","max-video-preview":"max-video-preview:-1"},"canonical":"https:\/\/blogdofarnesio.com.br\/?p=149178","og_locale":"pt_BR","og_type":"article","og_title":"TSE REGISTRA PRIS\u00d5ES DE 21 CANDIDATOS E DE 142 ELEITORES NO PA\u00cdS - Blog do Farn\u00e9sio","og_description":"O n\u00famero de candidatos que cometeram alguma irregularidade nas elei\u00e7\u00f5es e foram presos em flagrante no pa\u00eds subiu para 21. De acordo com o segundo boletim divulgado pelo Tribunal Superior Eleitoral (TSE) desse total, 11 casos aconteceram em Minas Gerais e est\u00e3o relacionados \u00e0 divulga\u00e7\u00e3o de propaganda e boca de urna. No Rio de Janeiro, foi registrada uma pris\u00e3o por corrup\u00e7\u00e3o eleitoral. Outros candidatos foram presos nos estados de Mato Grosso do Sul, Piau\u00ed, Paran\u00e1, Santa Catarina e Sergipe. O motivo das pris\u00f5es vai desde boca de urna, corrup\u00e7\u00e3o eleitoral e divulga\u00e7\u00e3o de propaganda a outros casos n\u00e3o especificados pelo tribunal.","og_url":"https:\/\/blogdofarnesio.com.br\/?p=149178","og_site_name":"Blog do Farn\u00e9sio","article_publisher":"https:\/\/www.facebook.com\/BlogQuerSaberPolitica\/","article_published_time":"2016-10-02T16:06:44+00:00","og_image":[{"url":"http:\/\/www.quersaberpolitica.com.br\/2016\/wp-content\/uploads\/2015\/10\/blogqsp-tse-1-300x183.jpg","type":"","width":"","height":""}],"twitter_card":"summary_large_image","twitter_misc":{"Escrito por":"","Est. tempo de leitura":"1 minuto"},"schema":{"@context":"https:\/\/schema.org","@graph":[{"@type":"Article","@id":"https:\/\/blogdofarnesio.com.br\/?p=149178#article","isPartOf":{"@id":"https:\/\/blogdofarnesio.com.br\/?p=149178"},"author":{"name":"","@id":""},"headline":"TSE REGISTRA PRIS\u00d5ES DE 21 CANDIDATOS E DE 142 ELEITORES NO PA\u00cdS","datePublished":"2016-10-02T16:06:44+00:00","mainEntityOfPage":{"@id":"https:\/\/blogdofarnesio.com.br\/?p=149178"},"wordCount":286,"commentCount":0,"publisher":{"@id":"https:\/\/blogdofarnesio.com.br\/#organization"},"image":{"@id":"https:\/\/blogdofarnesio.com.br\/?p=149178#primaryimage"},"thumbnailUrl":"http:\/\/www.quersaberpolitica.com.br\/2016\/wp-content\/uploads\/2015\/10\/blogqsp-tse-1-300x183.jpg","articleSection":["Pol\u00edtica"],"inLanguage":"pt-BR","potentialAction":[{"@type":"CommentAction","name":"Comment","target":["https:\/\/blogdofarnesio.com.br\/?p=149178#respond"]}]},{"@type":"WebPage","@id":"https:\/\/blogdofarnesio.com.br\/?p=149178","url":"https:\/\/blogdofarnesio.com.br\/?p=149178","name":"TSE REGISTRA PRIS\u00d5ES DE 21 CANDIDATOS E DE 142 ELEITORES NO PA\u00cdS - Blog do Farn\u00e9sio","isPartOf":{"@id":"https:\/\/blogdofarnesio.com.br\/#website"},"primaryImageOfPage":{"@id":"https:\/\/blogdofarnesio.com.br\/?p=149178#primaryimage"},"image":{"@id":"https:\/\/blogdofarnesio.com.br\/?p=149178#primaryimage"},"thumbnailUrl":"http:\/\/www.quersaberpolitica.com.br\/2016\/wp-content\/uploads\/2015\/10\/blogqsp-tse-1-300x183.jpg","datePublished":"2016-10-02T16:06:44+00:00","breadcrumb":{"@id":"https:\/\/blogdofarnesio.com.br\/?p=149178#breadcrumb"},"inLanguage":"pt-BR","potentialAction":[{"@type":"ReadAction","target":["https:\/\/blogdofarnesio.com.br\/?p=149178"]}]},{"@type":"ImageObject","inLanguage":"pt-BR","@id":"https:\/\/blogdofarnesio.com.br\/?p=149178#primaryimage","url":"http:\/\/www.quersaberpolitica.com.br\/2016\/wp-content\/uploads\/2015\/10\/blogqsp-tse-1-300x183.jpg","contentUrl":"http:\/\/www.quersaberpolitica.com.br\/2016\/wp-content\/uploads\/2015\/10\/blogqsp-tse-1-300x183.jpg"},{"@type":"BreadcrumbList","@id":"https:\/\/blogdofarnesio.com.br\/?p=149178#breadcrumb","itemListElement":[{"@type":"ListItem","position":1,"name":"In\u00edcio","item":"https:\/\/blogdofarnesio.com.br\/"},{"@type":"ListItem","position":2,"name":"TSE REGISTRA PRIS\u00d5ES DE 21 CANDIDATOS E DE 142 ELEITORES NO PA\u00cdS"}]},{"@type":"WebSite","@id":"https:\/\/blogdofarnesio.com.br\/#website","url":"https:\/\/blogdofarnesio.com.br\/","name":"Blog do Farn\u00e9sio","description":"Quer Saber Pol\u00edtica?","publisher":{"@id":"https:\/\/blogdofarnesio.com.br\/#organization"},"potentialAction":[{"@type":"SearchAction","target":{"@type":"EntryPoint","urlTemplate":"https:\/\/blogdofarnesio.com.br\/?s={search_term_string}"},"query-input":{"@type":"PropertyValueSpecification","valueRequired":true,"valueName":"search_term_string"}}],"inLanguage":"pt-BR"},{"@type":"Organization","@id":"https:\/\/blogdofarnesio.com.br\/#organization","name":"Blog do Farn\u00e9sio","url":"https:\/\/blogdofarnesio.com.br\/","logo":{"@type":"ImageObject","inLanguage":"pt-BR","@id":"https:\/\/blogdofarnesio.com.br\/#\/schema\/logo\/image\/","url":"https:\/\/blogdofarnesio.com.br\/wp-content\/uploads\/2026\/03\/cropped-logo_new-1.png","contentUrl":"https:\/\/blogdofarnesio.com.br\/wp-content\/uploads\/2026\/03\/cropped-logo_new-1.png","width":881,"height":685,"caption":"Blog do Farn\u00e9sio"},"image":{"@id":"https:\/\/blogdofarnesio.com.br\/#\/schema\/logo\/image\/"},"sameAs":["https:\/\/www.facebook.com\/BlogQuerSaberPolitica\/"]},{"@type":"Person","@id":"","url":"https:\/\/blogdofarnesio.com.br\/?author=7"}]}},"_links":{"self":[{"href":"https:\/\/blogdofarnesio.com.br\/index.php?rest_route=\/wp\/v2\/posts\/149178","targetHints":{"allow":["GET"]}}],"collection":[{"href":"https:\/\/blogdofarnesio.com.br\/index.php?rest_route=\/wp\/v2\/posts"}],"about":[{"href":"https:\/\/blogdofarnesio.com.br\/index.php?rest_route=\/wp\/v2\/types\/post"}],"author":[{"embeddable":true,"href":"https:\/\/blogdofarnesio.com.br\/index.php?rest_route=\/wp\/v2\/users\/7"}],"replies":[{"embeddable":true,"href":"https:\/\/blogdofarnesio.com.br\/index.php?rest_route=%2Fwp%2Fv2%2Fcomments&post=149178"}],"version-history":[{"count":0,"href":"https:\/\/blogdofarnesio.com.br\/index.php?rest_route=\/wp\/v2\/posts\/149178\/revisions"}],"wp:attachment":[{"href":"https:\/\/blogdofarnesio.com.br\/index.php?rest_route=%2Fwp%2Fv2%2Fmedia&parent=149178"}],"wp:term":[{"taxonomy":"category","embeddable":true,"href":"https:\/\/blogdofarnesio.com.br\/index.php?rest_route=%2Fwp%2Fv2%2Fcategories&post=149178"},{"taxonomy":"post_tag","embeddable":true,"href":"https:\/\/blogdofarnesio.com.br\/index.php?rest_route=%2Fwp%2Fv2%2Ftags&post=149178"}],"curies":[{"name":"wp","href":"https:\/\/api.w.org\/{rel}","templated":true}]}}