{"id":149172,"date":"2016-10-02T10:00:17","date_gmt":"2016-10-02T13:00:17","guid":{"rendered":"http:\/\/www.quersaberpolitica.com.br\/?p=149172"},"modified":"2016-10-01T21:18:15","modified_gmt":"2016-10-02T00:18:15","slug":"pesquisa-partidos-continuam-privilegiando-candidaturas-de-homens-e-de-brancos","status":"publish","type":"post","link":"https:\/\/blogdofarnesio.com.br\/?p=149172","title":{"rendered":"PESQUISA: PARTIDOS CONTINUAM PRIVILEGIANDO CANDIDATURAS DE HOMENS E DE BRANCOS"},"content":{"rendered":"<figure id=\"attachment_149173\" aria-describedby=\"caption-attachment-149173\" style=\"width: 413px\" class=\"wp-caption aligncenter\"><a href=\"http:\/\/www.quersaberpolitica.com.br\/2016\/wp-content\/uploads\/2016\/10\/blog-qsp-popula\u00e7ao-.jpg\"><img loading=\"lazy\" decoding=\"async\" class=\" wp-image-149173\" src=\"http:\/\/www.quersaberpolitica.com.br\/2016\/wp-content\/uploads\/2016\/10\/blog-qsp-popula\u00e7ao--300x201.jpg\" alt=\"Foto: Marcelo Camargo\" width=\"413\" height=\"281\" \/><\/a><figcaption id=\"caption-attachment-149173\" class=\"wp-caption-text\">Foto: Marcelo Camargo<\/figcaption><\/figure>\n<p style=\"text-align: justify\">Candidaturas no pa\u00eds continuam deixando de lado mulheres pretas, pardas e ind\u00edgenas. A maioria dos candidatos a vereador ou a prefeito nas elei\u00e7\u00f5es deste ano \u00e9 homem, sendo que os homens autodeclarados brancos s\u00e3o 58% na disputa por uma vaga a chefe do Executivo municipal.<\/p>\n<p>A constata\u00e7\u00e3o \u00e9 Grupo de Estudo Multidisciplinares da A\u00e7\u00e3o Afirmativa (Gemaa), da Universidade Estadual do Rio de Janeiro (Uerj), que divulgou esta semana levantamento sobre o perfil de g\u00eanero e de ra\u00e7a dos mais de 400 mil candidatos pelo pa\u00eds em cerca de 30 partidos.<\/p>\n<p style=\"text-align: justify\"><!--more--><\/p>\n<p style=\"text-align: justify\">Ao analisar os dados autodeclarados pelos pr\u00f3prios candidatos ao Tribunal Superior Eleitoral (TSE), os pesquisadores notaram que os homens brancos e pardos chegam a 66% das candidaturas a vereador, enquanto as mulheres s\u00e3o 33%, margeando o teto obrigat\u00f3rio, que \u00e9 de 30%. As candidatas brancas est\u00e3o em vantagem e somam 17%, enquanto as pretas e pardas s\u00e3o 15% \u2013 mesmo essas \u00faltimas sendo 27% da popula\u00e7\u00e3o, ou seja, um a cada tr\u00eas brasileiros \u00e9 uma mulher n\u00e3o branca, segundo o Censo 2010 do Instituo Brasileiro de Geografia e Estat\u00edstica.<\/p>\n<p style=\"text-align: justify\">Na disputa \u00e0s prefeituras, os homens brancos s\u00e3o l\u00edderes. Chegam a 58% dos concorrentes, enquanto as mulheres s\u00e3o 12% das candidatas, sendo 8% brancas \u2013 duas vezes mais que as n\u00e3o brancas. Os homens pretos, pardos e ind\u00edgenas tamb\u00e9m est\u00e3o em n\u00famero maior que sua preval\u00eancia na popula\u00e7\u00e3o, 29% dos candidatos, mesmo sendo 26% dos brasileiros.<\/p>\n<p style=\"text-align: justify\">Um dos autores do estudo, o professor do Gemaa, vinculado ao Instituto de Estudos Sociais e Pol\u00edticos da Uerj, Luiz Augusto Campos, levanta uma s\u00e9rie de hip\u00f3teses para explicar a baixa representa\u00e7\u00e3o de mulheres e de n\u00e3o brancos entre os candidatos. Ele cita a limita\u00e7\u00e3o na cota partid\u00e1ria, \u201cque est\u00e1 funcionando como cota para mulheres brancas\u201d, al\u00e9m da falta de apoio dos pr\u00f3prios partidos a candidatos que n\u00e3o sejam reflexo dos seus caciques.<\/p>\n<p style=\"text-align: justify\"><strong>Partidos<\/strong><\/p>\n<p style=\"text-align: justify\">A pesquisa do Gemaa tamb\u00e9m mostra a aus\u00eancia de candidatos pretos, pardos ou ind\u00edgenas nos grandes partidos, aqueles com mais recursos e chances de eleger representantes, independentemente do perfil ideol\u00f3gico, de direita ou esquerda. Por outro lado, os partidos com maior concentra\u00e7\u00e3o de candidaturas brancas s\u00e3o grandes ou m\u00e9dios, ligados a ideias de centro ou de direita.<\/p>\n<p style=\"text-align: justify\">Os tr\u00eas partidos com mais candidatos brancos \u00e0s c\u00e2maras de vereadores este ano s\u00e3o o NOVO (90%), o PMDB (60%) e o PSDB (58%). Na outra ponta, aqueles com o maior n\u00famero de autodeclarados pretos s\u00e3o o PSTU (37%), o PCB (19%) e o PSOL (17%).<\/p>\n<p style=\"text-align: justify\">\u201cA nossa hip\u00f3tese \u00e9 que o n\u00f3 disso tudo [da sub-representar\u00e3o de mulheres e de pessoas n\u00e3o brancas entre as candidaturas registradas] est\u00e1 no partido pol\u00edtico. Ele \u00e9 a porta de entrada na pol\u00edtica, ele que define quem vai se candidatar ou n\u00e3o. Quando \u00e9 mais tradicional, de elites mais tradicionais, ele tende a reproduzir esses grupos j\u00e1 constitu\u00eddos. Quando o partido \u00e9 novo, tende a estar mais aberto \u00e0 entrada de outros grupos\u201d, avaliou. \u201cH\u00e1 a\u00ed um componente que expressa vi\u00e9s racial, na in\u00e9rcia das elites desses partidos, para se manterem no poder\u201d, criticou.<\/p>\n<p style=\"text-align: justify\">Procurado pela\u00a0<strong>Ag\u00eancia Brasil<\/strong>, o diret\u00f3rio nacional do partido NOVO disse que \u00e9 formado por pessoas de todas as classes sociais e que tem dois dos tr\u00eas candidatos mais pobres e o maior n\u00famero de mulheres disputando uma vaga na C\u00e2mara de Vereadores de S\u00e3o Paulo. \u201cO NOVO \u00e9 o \u00fanico partido aberto a qualquer pessoa, onde qualquer cidad\u00e3o pode passar por um processo seletivo e ser candidato. Sem ser massa de manobra pelos ditos defensores das minorias\u201d, afirmou.<\/p>\n<p style=\"text-align: justify\">O PMDB e o PSDB n\u00e3o se manifestaram at\u00e9 a publica\u00e7\u00e3o desta reportagem.<\/p>\n<p style=\"text-align: justify\"><strong>Solu\u00e7\u00e3o<\/strong><\/p>\n<p style=\"text-align: justify\">Para garantir a elei\u00e7\u00e3o de mais mulheres e de candidatos n\u00e3o brancos, maioria na popula\u00e7\u00e3o, o professor defende cotas m\u00ednimas, al\u00e9m da distribui\u00e7\u00e3o, de maneira igual e at\u00e9 maior, de recursos para os candidatos com esse perfil. \u201cO ideal seria uma cota final em que o Parlamento tivesse um percentual m\u00ednimo e que as cadeiras fossem distribu\u00eddas para esses grupos. Mas isso demandaria mudan\u00e7as que os pol\u00edticos, sobretudo as elites dos partidos, n\u00e3o est\u00e3o dispostas a fazer\u201d.<\/p>\n<p style=\"text-align: justify\">O professor defende tamb\u00e9m uma cota partid\u00e1ria com recorte de g\u00eanero e ra\u00e7a. \u201cO problema \u00e9 na porta de entrada. As chances de uma pessoa com esse perfil permanecer na politica se multiplicam depois de eleita uma vez. O vi\u00e9s [racista] n\u00e3o \u00e9 do eleitor\u201d, disse.<\/p>\n<p style=\"text-align: justify\">\n<p style=\"text-align: justify\"><em>Ag\u00eancia Brasil<\/em><\/p>\n<p>&nbsp;<\/p>\n","protected":false},"excerpt":{"rendered":"<p>Candidaturas no pa\u00eds continuam deixando de lado mulheres pretas, pardas e ind\u00edgenas. A maioria dos candidatos a vereador ou a prefeito nas elei\u00e7\u00f5es deste ano \u00e9 homem, sendo que os homens autodeclarados brancos s\u00e3o 58% na disputa por uma vaga a chefe do Executivo municipal. A constata\u00e7\u00e3o \u00e9 Grupo de Estudo Multidisciplinares da A\u00e7\u00e3o Afirmativa (Gemaa), da Universidade Estadual do Rio de Janeiro (Uerj), que divulgou esta semana levantamento sobre o perfil de g\u00eanero e de ra\u00e7a dos mais de 400 mil candidatos pelo pa\u00eds em cerca de 30 partidos.<\/p>\n","protected":false},"author":7,"featured_media":0,"comment_status":"open","ping_status":"open","sticky":false,"template":"","format":"standard","meta":{"_acf_changed":false,"footnotes":""},"categories":[1],"tags":[],"class_list":["post-149172","post","type-post","status-publish","format-standard","hentry","category-politica"],"acf":[],"yoast_head":"<!-- This site is optimized with the Yoast SEO plugin v27.4 - https:\/\/yoast.com\/product\/yoast-seo-wordpress\/ -->\n<title>PESQUISA: PARTIDOS CONTINUAM PRIVILEGIANDO CANDIDATURAS DE HOMENS E DE BRANCOS - Blog do Farn\u00e9sio<\/title>\n<meta name=\"robots\" content=\"index, follow, max-snippet:-1, max-image-preview:large, max-video-preview:-1\" \/>\n<link rel=\"canonical\" href=\"https:\/\/blogdofarnesio.com.br\/?p=149172\" \/>\n<meta property=\"og:locale\" content=\"pt_BR\" \/>\n<meta property=\"og:type\" content=\"article\" \/>\n<meta property=\"og:title\" content=\"PESQUISA: PARTIDOS CONTINUAM PRIVILEGIANDO CANDIDATURAS DE HOMENS E DE BRANCOS - Blog do Farn\u00e9sio\" \/>\n<meta property=\"og:description\" content=\"Candidaturas no pa\u00eds continuam deixando de lado mulheres pretas, pardas e ind\u00edgenas. A maioria dos candidatos a vereador ou a prefeito nas elei\u00e7\u00f5es deste ano \u00e9 homem, sendo que os homens autodeclarados brancos s\u00e3o 58% na disputa por uma vaga a chefe do Executivo municipal. A constata\u00e7\u00e3o \u00e9 Grupo de Estudo Multidisciplinares da A\u00e7\u00e3o Afirmativa (Gemaa), da Universidade Estadual do Rio de Janeiro (Uerj), que divulgou esta semana levantamento sobre o perfil de g\u00eanero e de ra\u00e7a dos mais de 400 mil candidatos pelo pa\u00eds em cerca de 30 partidos.\" \/>\n<meta property=\"og:url\" content=\"https:\/\/blogdofarnesio.com.br\/?p=149172\" \/>\n<meta property=\"og:site_name\" content=\"Blog do Farn\u00e9sio\" \/>\n<meta property=\"article:publisher\" content=\"https:\/\/www.facebook.com\/BlogQuerSaberPolitica\/\" \/>\n<meta property=\"article:published_time\" content=\"2016-10-02T13:00:17+00:00\" \/>\n<meta name=\"twitter:card\" content=\"summary_large_image\" \/>\n<meta name=\"twitter:label1\" content=\"Escrito por\" \/>\n\t<meta name=\"twitter:data1\" content=\"\" \/>\n\t<meta name=\"twitter:label2\" content=\"Est. tempo de leitura\" \/>\n\t<meta name=\"twitter:data2\" content=\"4 minutos\" \/>\n<script type=\"application\/ld+json\" class=\"yoast-schema-graph\">{\"@context\":\"https:\\\/\\\/schema.org\",\"@graph\":[{\"@type\":\"Article\",\"@id\":\"https:\\\/\\\/blogdofarnesio.com.br\\\/?p=149172#article\",\"isPartOf\":{\"@id\":\"https:\\\/\\\/blogdofarnesio.com.br\\\/?p=149172\"},\"author\":{\"name\":\"\",\"@id\":\"\"},\"headline\":\"PESQUISA: PARTIDOS CONTINUAM PRIVILEGIANDO CANDIDATURAS DE HOMENS E DE BRANCOS\",\"datePublished\":\"2016-10-02T13:00:17+00:00\",\"mainEntityOfPage\":{\"@id\":\"https:\\\/\\\/blogdofarnesio.com.br\\\/?p=149172\"},\"wordCount\":798,\"commentCount\":0,\"publisher\":{\"@id\":\"https:\\\/\\\/blogdofarnesio.com.br\\\/#organization\"},\"articleSection\":[\"Pol\u00edtica\"],\"inLanguage\":\"pt-BR\",\"potentialAction\":[{\"@type\":\"CommentAction\",\"name\":\"Comment\",\"target\":[\"https:\\\/\\\/blogdofarnesio.com.br\\\/?p=149172#respond\"]}]},{\"@type\":\"WebPage\",\"@id\":\"https:\\\/\\\/blogdofarnesio.com.br\\\/?p=149172\",\"url\":\"https:\\\/\\\/blogdofarnesio.com.br\\\/?p=149172\",\"name\":\"PESQUISA: PARTIDOS CONTINUAM PRIVILEGIANDO CANDIDATURAS DE HOMENS E DE BRANCOS - Blog do Farn\u00e9sio\",\"isPartOf\":{\"@id\":\"https:\\\/\\\/blogdofarnesio.com.br\\\/#website\"},\"datePublished\":\"2016-10-02T13:00:17+00:00\",\"breadcrumb\":{\"@id\":\"https:\\\/\\\/blogdofarnesio.com.br\\\/?p=149172#breadcrumb\"},\"inLanguage\":\"pt-BR\",\"potentialAction\":[{\"@type\":\"ReadAction\",\"target\":[\"https:\\\/\\\/blogdofarnesio.com.br\\\/?p=149172\"]}]},{\"@type\":\"BreadcrumbList\",\"@id\":\"https:\\\/\\\/blogdofarnesio.com.br\\\/?p=149172#breadcrumb\",\"itemListElement\":[{\"@type\":\"ListItem\",\"position\":1,\"name\":\"In\u00edcio\",\"item\":\"https:\\\/\\\/blogdofarnesio.com.br\\\/\"},{\"@type\":\"ListItem\",\"position\":2,\"name\":\"PESQUISA: PARTIDOS CONTINUAM PRIVILEGIANDO CANDIDATURAS DE HOMENS E DE BRANCOS\"}]},{\"@type\":\"WebSite\",\"@id\":\"https:\\\/\\\/blogdofarnesio.com.br\\\/#website\",\"url\":\"https:\\\/\\\/blogdofarnesio.com.br\\\/\",\"name\":\"Blog do Farn\u00e9sio\",\"description\":\"Quer Saber Pol\u00edtica?\",\"publisher\":{\"@id\":\"https:\\\/\\\/blogdofarnesio.com.br\\\/#organization\"},\"potentialAction\":[{\"@type\":\"SearchAction\",\"target\":{\"@type\":\"EntryPoint\",\"urlTemplate\":\"https:\\\/\\\/blogdofarnesio.com.br\\\/?s={search_term_string}\"},\"query-input\":{\"@type\":\"PropertyValueSpecification\",\"valueRequired\":true,\"valueName\":\"search_term_string\"}}],\"inLanguage\":\"pt-BR\"},{\"@type\":\"Organization\",\"@id\":\"https:\\\/\\\/blogdofarnesio.com.br\\\/#organization\",\"name\":\"Blog do Farn\u00e9sio\",\"url\":\"https:\\\/\\\/blogdofarnesio.com.br\\\/\",\"logo\":{\"@type\":\"ImageObject\",\"inLanguage\":\"pt-BR\",\"@id\":\"https:\\\/\\\/blogdofarnesio.com.br\\\/#\\\/schema\\\/logo\\\/image\\\/\",\"url\":\"https:\\\/\\\/blogdofarnesio.com.br\\\/wp-content\\\/uploads\\\/2026\\\/03\\\/cropped-logo_new-1.png\",\"contentUrl\":\"https:\\\/\\\/blogdofarnesio.com.br\\\/wp-content\\\/uploads\\\/2026\\\/03\\\/cropped-logo_new-1.png\",\"width\":881,\"height\":685,\"caption\":\"Blog do Farn\u00e9sio\"},\"image\":{\"@id\":\"https:\\\/\\\/blogdofarnesio.com.br\\\/#\\\/schema\\\/logo\\\/image\\\/\"},\"sameAs\":[\"https:\\\/\\\/www.facebook.com\\\/BlogQuerSaberPolitica\\\/\"]},{\"@type\":\"Person\",\"@id\":\"\",\"url\":\"https:\\\/\\\/blogdofarnesio.com.br\\\/?author=7\"}]}<\/script>\n<!-- \/ Yoast SEO plugin. -->","yoast_head_json":{"title":"PESQUISA: PARTIDOS CONTINUAM PRIVILEGIANDO CANDIDATURAS DE HOMENS E DE BRANCOS - Blog do Farn\u00e9sio","robots":{"index":"index","follow":"follow","max-snippet":"max-snippet:-1","max-image-preview":"max-image-preview:large","max-video-preview":"max-video-preview:-1"},"canonical":"https:\/\/blogdofarnesio.com.br\/?p=149172","og_locale":"pt_BR","og_type":"article","og_title":"PESQUISA: PARTIDOS CONTINUAM PRIVILEGIANDO CANDIDATURAS DE HOMENS E DE BRANCOS - Blog do Farn\u00e9sio","og_description":"Candidaturas no pa\u00eds continuam deixando de lado mulheres pretas, pardas e ind\u00edgenas. A maioria dos candidatos a vereador ou a prefeito nas elei\u00e7\u00f5es deste ano \u00e9 homem, sendo que os homens autodeclarados brancos s\u00e3o 58% na disputa por uma vaga a chefe do Executivo municipal. A constata\u00e7\u00e3o \u00e9 Grupo de Estudo Multidisciplinares da A\u00e7\u00e3o Afirmativa (Gemaa), da Universidade Estadual do Rio de Janeiro (Uerj), que divulgou esta semana levantamento sobre o perfil de g\u00eanero e de ra\u00e7a dos mais de 400 mil candidatos pelo pa\u00eds em cerca de 30 partidos.","og_url":"https:\/\/blogdofarnesio.com.br\/?p=149172","og_site_name":"Blog do Farn\u00e9sio","article_publisher":"https:\/\/www.facebook.com\/BlogQuerSaberPolitica\/","article_published_time":"2016-10-02T13:00:17+00:00","twitter_card":"summary_large_image","twitter_misc":{"Escrito por":"","Est. tempo de leitura":"4 minutos"},"schema":{"@context":"https:\/\/schema.org","@graph":[{"@type":"Article","@id":"https:\/\/blogdofarnesio.com.br\/?p=149172#article","isPartOf":{"@id":"https:\/\/blogdofarnesio.com.br\/?p=149172"},"author":{"name":"","@id":""},"headline":"PESQUISA: PARTIDOS CONTINUAM PRIVILEGIANDO CANDIDATURAS DE HOMENS E DE BRANCOS","datePublished":"2016-10-02T13:00:17+00:00","mainEntityOfPage":{"@id":"https:\/\/blogdofarnesio.com.br\/?p=149172"},"wordCount":798,"commentCount":0,"publisher":{"@id":"https:\/\/blogdofarnesio.com.br\/#organization"},"articleSection":["Pol\u00edtica"],"inLanguage":"pt-BR","potentialAction":[{"@type":"CommentAction","name":"Comment","target":["https:\/\/blogdofarnesio.com.br\/?p=149172#respond"]}]},{"@type":"WebPage","@id":"https:\/\/blogdofarnesio.com.br\/?p=149172","url":"https:\/\/blogdofarnesio.com.br\/?p=149172","name":"PESQUISA: PARTIDOS CONTINUAM PRIVILEGIANDO CANDIDATURAS DE HOMENS E DE BRANCOS - Blog do Farn\u00e9sio","isPartOf":{"@id":"https:\/\/blogdofarnesio.com.br\/#website"},"datePublished":"2016-10-02T13:00:17+00:00","breadcrumb":{"@id":"https:\/\/blogdofarnesio.com.br\/?p=149172#breadcrumb"},"inLanguage":"pt-BR","potentialAction":[{"@type":"ReadAction","target":["https:\/\/blogdofarnesio.com.br\/?p=149172"]}]},{"@type":"BreadcrumbList","@id":"https:\/\/blogdofarnesio.com.br\/?p=149172#breadcrumb","itemListElement":[{"@type":"ListItem","position":1,"name":"In\u00edcio","item":"https:\/\/blogdofarnesio.com.br\/"},{"@type":"ListItem","position":2,"name":"PESQUISA: PARTIDOS CONTINUAM PRIVILEGIANDO CANDIDATURAS DE HOMENS E DE BRANCOS"}]},{"@type":"WebSite","@id":"https:\/\/blogdofarnesio.com.br\/#website","url":"https:\/\/blogdofarnesio.com.br\/","name":"Blog do Farn\u00e9sio","description":"Quer Saber Pol\u00edtica?","publisher":{"@id":"https:\/\/blogdofarnesio.com.br\/#organization"},"potentialAction":[{"@type":"SearchAction","target":{"@type":"EntryPoint","urlTemplate":"https:\/\/blogdofarnesio.com.br\/?s={search_term_string}"},"query-input":{"@type":"PropertyValueSpecification","valueRequired":true,"valueName":"search_term_string"}}],"inLanguage":"pt-BR"},{"@type":"Organization","@id":"https:\/\/blogdofarnesio.com.br\/#organization","name":"Blog do Farn\u00e9sio","url":"https:\/\/blogdofarnesio.com.br\/","logo":{"@type":"ImageObject","inLanguage":"pt-BR","@id":"https:\/\/blogdofarnesio.com.br\/#\/schema\/logo\/image\/","url":"https:\/\/blogdofarnesio.com.br\/wp-content\/uploads\/2026\/03\/cropped-logo_new-1.png","contentUrl":"https:\/\/blogdofarnesio.com.br\/wp-content\/uploads\/2026\/03\/cropped-logo_new-1.png","width":881,"height":685,"caption":"Blog do Farn\u00e9sio"},"image":{"@id":"https:\/\/blogdofarnesio.com.br\/#\/schema\/logo\/image\/"},"sameAs":["https:\/\/www.facebook.com\/BlogQuerSaberPolitica\/"]},{"@type":"Person","@id":"","url":"https:\/\/blogdofarnesio.com.br\/?author=7"}]}},"_links":{"self":[{"href":"https:\/\/blogdofarnesio.com.br\/index.php?rest_route=\/wp\/v2\/posts\/149172","targetHints":{"allow":["GET"]}}],"collection":[{"href":"https:\/\/blogdofarnesio.com.br\/index.php?rest_route=\/wp\/v2\/posts"}],"about":[{"href":"https:\/\/blogdofarnesio.com.br\/index.php?rest_route=\/wp\/v2\/types\/post"}],"author":[{"embeddable":true,"href":"https:\/\/blogdofarnesio.com.br\/index.php?rest_route=\/wp\/v2\/users\/7"}],"replies":[{"embeddable":true,"href":"https:\/\/blogdofarnesio.com.br\/index.php?rest_route=%2Fwp%2Fv2%2Fcomments&post=149172"}],"version-history":[{"count":0,"href":"https:\/\/blogdofarnesio.com.br\/index.php?rest_route=\/wp\/v2\/posts\/149172\/revisions"}],"wp:attachment":[{"href":"https:\/\/blogdofarnesio.com.br\/index.php?rest_route=%2Fwp%2Fv2%2Fmedia&parent=149172"}],"wp:term":[{"taxonomy":"category","embeddable":true,"href":"https:\/\/blogdofarnesio.com.br\/index.php?rest_route=%2Fwp%2Fv2%2Fcategories&post=149172"},{"taxonomy":"post_tag","embeddable":true,"href":"https:\/\/blogdofarnesio.com.br\/index.php?rest_route=%2Fwp%2Fv2%2Ftags&post=149172"}],"curies":[{"name":"wp","href":"https:\/\/api.w.org\/{rel}","templated":true}]}}