{"id":148485,"date":"2016-09-15T20:00:48","date_gmt":"2016-09-15T23:00:48","guid":{"rendered":"http:\/\/www.quersaberpolitica.com.br\/?p=148485"},"modified":"2016-09-15T16:11:16","modified_gmt":"2016-09-15T19:11:16","slug":"orientacoes-do-procon-de-juazeiro-alertam-o-consumidor-em-mais-um-informativo","status":"publish","type":"post","link":"https:\/\/blogdofarnesio.com.br\/?p=148485","title":{"rendered":"ORIENTA\u00c7\u00d5ES DO PROCON DE JUAZEIRO ALERTAM O CONSUMIDOR EM MAIS UM INFORMATIVO"},"content":{"rendered":"<p style=\"text-align: justify\"><a href=\"http:\/\/www.quersaberpolitica.com.br\/2016\/wp-content\/uploads\/2016\/05\/blogqsp-proconjuazeiro.jpg\"><img loading=\"lazy\" decoding=\"async\" class=\"wp-image-142847 aligncenter\" src=\"http:\/\/www.quersaberpolitica.com.br\/2016\/wp-content\/uploads\/2016\/05\/blogqsp-proconjuazeiro-300x200.jpg\" alt=\"blogqsp-proconjuazeiro\" width=\"405\" height=\"275\" \/><\/a><\/p>\n<p style=\"text-align: justify\">O PROCON de Juazeiro alerta a popula\u00e7\u00e3o acerca de uma mudan\u00e7a que pode aumentar a dor de cabe\u00e7a ao consumidor na hora de fechar as contas. A Anatel aprovou aumentos nas tarifas de liga\u00e7\u00f5es locais e de longa dist\u00e2ncia de 16,69% a at\u00e9 18,90%, a depender da concession\u00e1ria de telefonia fixa: o menor percentual vale para a Telef\u00f4nica, o maior para a Oi.<\/p>\n<p style=\"text-align: justify\">Esses percentuais, autorizados via circuito deliberativo, podem ser aplicados como varia\u00e7\u00e3o m\u00e1xima de um item individual da cesta de servi\u00e7os, desde que a cesta como um todo n\u00e3o aumente mais do que 2,27% (Telef\u00f4nica) a 2,95% (Oi).<\/p>\n<p style=\"text-align: justify\">Mas outra not\u00edcia pode ajudar o consumidor na hora de buscar seus direitos. Isso diz respeito ao sonho de alcan\u00e7ar a casa pr\u00f3pria ou um autom\u00f3vel zero quil\u00f4metro. Tudo isso requer, muitas vezes, um contrato de financiamento cheio de cl\u00e1usulas e letras mi\u00fadas. Para auxiliar os consumidores neste momento, a advogada Maristela Magalh\u00e3es, s\u00f3cia-fundadora da assessoria jur\u00eddica Brasprevi, listou as cinco tarifas mais abusivas cobradas pelos bancos.<\/p>\n<p style=\"text-align: justify\">Acessando os links abaixo o consumidor pode obter as informa\u00e7\u00f5es necess\u00e1rias sobre dois pontos abordados:<\/p>\n<p style=\"text-align: justify\"><b>1 &#8211; Anatel autoriza reajuste de at\u00e9 18,9% na telefonia fixa \u00a0<\/b><\/p>\n<p style=\"text-align: justify\"><a href=\"http:\/\/www.idec.org.br\/em-acao\/noticia-consumidor\/anatel-autoriza-reajuste-de-ate-18-9-na-telefonia-fixa\" target=\"_blank\">http:\/\/www.idec.org.br\/em-acao\/noticia-consumidor\/anatel-autoriza-reajuste-de-ate-18-9-na-telefonia-fixa<\/a><\/p>\n<p style=\"text-align: justify\"><b>2 &#8211; As 5 tarifas mais abusivas cobradas pelos bancos<\/b><\/p>\n<p style=\"text-align: justify\">ttp:\/\/<a href=\"http:\/\/www.portaldoconsumidor.gov.br\/noticia.asp?busca=sim&amp;id=31304\" target=\"_blank\">www.portaldoconsumidor.gov.br\/noticia.asp?busca=sim&amp;id=31304<\/a><\/p>\n<p style=\"text-align: justify\">ASCOM PMJ<\/p>\n","protected":false},"excerpt":{"rendered":"<p>O PROCON de Juazeiro alerta a popula\u00e7\u00e3o acerca de uma mudan\u00e7a que pode aumentar a dor de cabe\u00e7a ao consumidor na hora de fechar as contas. A Anatel aprovou aumentos nas tarifas de liga\u00e7\u00f5es locais e de longa dist\u00e2ncia de 16,69% a at\u00e9 18,90%, a depender da concession\u00e1ria de telefonia fixa: o menor percentual vale para a Telef\u00f4nica, o maior para a Oi. Esses percentuais, autorizados via circuito deliberativo, podem ser aplicados como varia\u00e7\u00e3o m\u00e1xima de um item individual da cesta de servi\u00e7os, desde que a cesta como um todo n\u00e3o aumente mais do que 2,27% (Telef\u00f4nica) a 2,95% (Oi). Mas outra not\u00edcia pode ajudar o consumidor na hora de buscar seus direitos. Isso diz respeito ao sonho de alcan\u00e7ar&hellip; <\/p>\n","protected":false},"author":7,"featured_media":0,"comment_status":"open","ping_status":"open","sticky":false,"template":"","format":"standard","meta":{"_acf_changed":false,"footnotes":""},"categories":[1],"tags":[],"class_list":["post-148485","post","type-post","status-publish","format-standard","hentry","category-politica"],"acf":[],"yoast_head":"<!-- This site is optimized with the Yoast SEO plugin v27.4 - https:\/\/yoast.com\/product\/yoast-seo-wordpress\/ -->\n<title>ORIENTA\u00c7\u00d5ES DO PROCON DE JUAZEIRO ALERTAM O CONSUMIDOR EM MAIS UM INFORMATIVO - Blog do Farn\u00e9sio<\/title>\n<meta name=\"robots\" content=\"index, follow, max-snippet:-1, max-image-preview:large, max-video-preview:-1\" \/>\n<link rel=\"canonical\" href=\"https:\/\/blogdofarnesio.com.br\/?p=148485\" \/>\n<meta property=\"og:locale\" content=\"pt_BR\" \/>\n<meta property=\"og:type\" content=\"article\" \/>\n<meta property=\"og:title\" content=\"ORIENTA\u00c7\u00d5ES DO PROCON DE JUAZEIRO ALERTAM O CONSUMIDOR EM MAIS UM INFORMATIVO - Blog do Farn\u00e9sio\" \/>\n<meta property=\"og:description\" content=\"O PROCON de Juazeiro alerta a popula\u00e7\u00e3o acerca de uma mudan\u00e7a que pode aumentar a dor de cabe\u00e7a ao consumidor na hora de fechar as contas. A Anatel aprovou aumentos nas tarifas de liga\u00e7\u00f5es locais e de longa dist\u00e2ncia de 16,69% a at\u00e9 18,90%, a depender da concession\u00e1ria de telefonia fixa: o menor percentual vale para a Telef\u00f4nica, o maior para a Oi. Esses percentuais, autorizados via circuito deliberativo, podem ser aplicados como varia\u00e7\u00e3o m\u00e1xima de um item individual da cesta de servi\u00e7os, desde que a cesta como um todo n\u00e3o aumente mais do que 2,27% (Telef\u00f4nica) a 2,95% (Oi). Mas outra not\u00edcia pode ajudar o consumidor na hora de buscar seus direitos. Isso diz respeito ao sonho de alcan\u00e7ar&hellip;\" \/>\n<meta property=\"og:url\" content=\"https:\/\/blogdofarnesio.com.br\/?p=148485\" \/>\n<meta property=\"og:site_name\" content=\"Blog do Farn\u00e9sio\" \/>\n<meta property=\"article:publisher\" content=\"https:\/\/www.facebook.com\/BlogQuerSaberPolitica\/\" \/>\n<meta property=\"article:published_time\" content=\"2016-09-15T23:00:48+00:00\" \/>\n<meta property=\"og:image\" content=\"http:\/\/www.quersaberpolitica.com.br\/2016\/wp-content\/uploads\/2016\/05\/blogqsp-proconjuazeiro-300x200.jpg\" \/>\n<meta name=\"twitter:card\" content=\"summary_large_image\" \/>\n<meta name=\"twitter:label1\" content=\"Escrito por\" \/>\n\t<meta name=\"twitter:data1\" content=\"\" \/>\n\t<meta name=\"twitter:label2\" content=\"Est. tempo de leitura\" \/>\n\t<meta name=\"twitter:data2\" content=\"1 minuto\" \/>\n<script type=\"application\/ld+json\" class=\"yoast-schema-graph\">{\"@context\":\"https:\\\/\\\/schema.org\",\"@graph\":[{\"@type\":\"Article\",\"@id\":\"https:\\\/\\\/blogdofarnesio.com.br\\\/?p=148485#article\",\"isPartOf\":{\"@id\":\"https:\\\/\\\/blogdofarnesio.com.br\\\/?p=148485\"},\"author\":{\"name\":\"\",\"@id\":\"\"},\"headline\":\"ORIENTA\u00c7\u00d5ES DO PROCON DE JUAZEIRO ALERTAM O CONSUMIDOR EM MAIS UM INFORMATIVO\",\"datePublished\":\"2016-09-15T23:00:48+00:00\",\"mainEntityOfPage\":{\"@id\":\"https:\\\/\\\/blogdofarnesio.com.br\\\/?p=148485\"},\"wordCount\":255,\"commentCount\":0,\"publisher\":{\"@id\":\"https:\\\/\\\/blogdofarnesio.com.br\\\/#organization\"},\"image\":{\"@id\":\"https:\\\/\\\/blogdofarnesio.com.br\\\/?p=148485#primaryimage\"},\"thumbnailUrl\":\"http:\\\/\\\/www.quersaberpolitica.com.br\\\/2016\\\/wp-content\\\/uploads\\\/2016\\\/05\\\/blogqsp-proconjuazeiro-300x200.jpg\",\"articleSection\":[\"Pol\u00edtica\"],\"inLanguage\":\"pt-BR\",\"potentialAction\":[{\"@type\":\"CommentAction\",\"name\":\"Comment\",\"target\":[\"https:\\\/\\\/blogdofarnesio.com.br\\\/?p=148485#respond\"]}]},{\"@type\":\"WebPage\",\"@id\":\"https:\\\/\\\/blogdofarnesio.com.br\\\/?p=148485\",\"url\":\"https:\\\/\\\/blogdofarnesio.com.br\\\/?p=148485\",\"name\":\"ORIENTA\u00c7\u00d5ES DO PROCON DE JUAZEIRO ALERTAM O CONSUMIDOR EM MAIS UM INFORMATIVO - Blog do Farn\u00e9sio\",\"isPartOf\":{\"@id\":\"https:\\\/\\\/blogdofarnesio.com.br\\\/#website\"},\"primaryImageOfPage\":{\"@id\":\"https:\\\/\\\/blogdofarnesio.com.br\\\/?p=148485#primaryimage\"},\"image\":{\"@id\":\"https:\\\/\\\/blogdofarnesio.com.br\\\/?p=148485#primaryimage\"},\"thumbnailUrl\":\"http:\\\/\\\/www.quersaberpolitica.com.br\\\/2016\\\/wp-content\\\/uploads\\\/2016\\\/05\\\/blogqsp-proconjuazeiro-300x200.jpg\",\"datePublished\":\"2016-09-15T23:00:48+00:00\",\"breadcrumb\":{\"@id\":\"https:\\\/\\\/blogdofarnesio.com.br\\\/?p=148485#breadcrumb\"},\"inLanguage\":\"pt-BR\",\"potentialAction\":[{\"@type\":\"ReadAction\",\"target\":[\"https:\\\/\\\/blogdofarnesio.com.br\\\/?p=148485\"]}]},{\"@type\":\"ImageObject\",\"inLanguage\":\"pt-BR\",\"@id\":\"https:\\\/\\\/blogdofarnesio.com.br\\\/?p=148485#primaryimage\",\"url\":\"http:\\\/\\\/www.quersaberpolitica.com.br\\\/2016\\\/wp-content\\\/uploads\\\/2016\\\/05\\\/blogqsp-proconjuazeiro-300x200.jpg\",\"contentUrl\":\"http:\\\/\\\/www.quersaberpolitica.com.br\\\/2016\\\/wp-content\\\/uploads\\\/2016\\\/05\\\/blogqsp-proconjuazeiro-300x200.jpg\"},{\"@type\":\"BreadcrumbList\",\"@id\":\"https:\\\/\\\/blogdofarnesio.com.br\\\/?p=148485#breadcrumb\",\"itemListElement\":[{\"@type\":\"ListItem\",\"position\":1,\"name\":\"In\u00edcio\",\"item\":\"https:\\\/\\\/blogdofarnesio.com.br\\\/\"},{\"@type\":\"ListItem\",\"position\":2,\"name\":\"ORIENTA\u00c7\u00d5ES DO PROCON DE JUAZEIRO ALERTAM O CONSUMIDOR EM MAIS UM INFORMATIVO\"}]},{\"@type\":\"WebSite\",\"@id\":\"https:\\\/\\\/blogdofarnesio.com.br\\\/#website\",\"url\":\"https:\\\/\\\/blogdofarnesio.com.br\\\/\",\"name\":\"Blog do Farn\u00e9sio\",\"description\":\"Quer Saber Pol\u00edtica?\",\"publisher\":{\"@id\":\"https:\\\/\\\/blogdofarnesio.com.br\\\/#organization\"},\"potentialAction\":[{\"@type\":\"SearchAction\",\"target\":{\"@type\":\"EntryPoint\",\"urlTemplate\":\"https:\\\/\\\/blogdofarnesio.com.br\\\/?s={search_term_string}\"},\"query-input\":{\"@type\":\"PropertyValueSpecification\",\"valueRequired\":true,\"valueName\":\"search_term_string\"}}],\"inLanguage\":\"pt-BR\"},{\"@type\":\"Organization\",\"@id\":\"https:\\\/\\\/blogdofarnesio.com.br\\\/#organization\",\"name\":\"Blog do Farn\u00e9sio\",\"url\":\"https:\\\/\\\/blogdofarnesio.com.br\\\/\",\"logo\":{\"@type\":\"ImageObject\",\"inLanguage\":\"pt-BR\",\"@id\":\"https:\\\/\\\/blogdofarnesio.com.br\\\/#\\\/schema\\\/logo\\\/image\\\/\",\"url\":\"https:\\\/\\\/blogdofarnesio.com.br\\\/wp-content\\\/uploads\\\/2026\\\/03\\\/cropped-logo_new-1.png\",\"contentUrl\":\"https:\\\/\\\/blogdofarnesio.com.br\\\/wp-content\\\/uploads\\\/2026\\\/03\\\/cropped-logo_new-1.png\",\"width\":881,\"height\":685,\"caption\":\"Blog do Farn\u00e9sio\"},\"image\":{\"@id\":\"https:\\\/\\\/blogdofarnesio.com.br\\\/#\\\/schema\\\/logo\\\/image\\\/\"},\"sameAs\":[\"https:\\\/\\\/www.facebook.com\\\/BlogQuerSaberPolitica\\\/\"]},{\"@type\":\"Person\",\"@id\":\"\",\"url\":\"https:\\\/\\\/blogdofarnesio.com.br\\\/?author=7\"}]}<\/script>\n<!-- \/ Yoast SEO plugin. -->","yoast_head_json":{"title":"ORIENTA\u00c7\u00d5ES DO PROCON DE JUAZEIRO ALERTAM O CONSUMIDOR EM MAIS UM INFORMATIVO - Blog do Farn\u00e9sio","robots":{"index":"index","follow":"follow","max-snippet":"max-snippet:-1","max-image-preview":"max-image-preview:large","max-video-preview":"max-video-preview:-1"},"canonical":"https:\/\/blogdofarnesio.com.br\/?p=148485","og_locale":"pt_BR","og_type":"article","og_title":"ORIENTA\u00c7\u00d5ES DO PROCON DE JUAZEIRO ALERTAM O CONSUMIDOR EM MAIS UM INFORMATIVO - Blog do Farn\u00e9sio","og_description":"O PROCON de Juazeiro alerta a popula\u00e7\u00e3o acerca de uma mudan\u00e7a que pode aumentar a dor de cabe\u00e7a ao consumidor na hora de fechar as contas. A Anatel aprovou aumentos nas tarifas de liga\u00e7\u00f5es locais e de longa dist\u00e2ncia de 16,69% a at\u00e9 18,90%, a depender da concession\u00e1ria de telefonia fixa: o menor percentual vale para a Telef\u00f4nica, o maior para a Oi. Esses percentuais, autorizados via circuito deliberativo, podem ser aplicados como varia\u00e7\u00e3o m\u00e1xima de um item individual da cesta de servi\u00e7os, desde que a cesta como um todo n\u00e3o aumente mais do que 2,27% (Telef\u00f4nica) a 2,95% (Oi). Mas outra not\u00edcia pode ajudar o consumidor na hora de buscar seus direitos. Isso diz respeito ao sonho de alcan\u00e7ar&hellip;","og_url":"https:\/\/blogdofarnesio.com.br\/?p=148485","og_site_name":"Blog do Farn\u00e9sio","article_publisher":"https:\/\/www.facebook.com\/BlogQuerSaberPolitica\/","article_published_time":"2016-09-15T23:00:48+00:00","og_image":[{"url":"http:\/\/www.quersaberpolitica.com.br\/2016\/wp-content\/uploads\/2016\/05\/blogqsp-proconjuazeiro-300x200.jpg","type":"","width":"","height":""}],"twitter_card":"summary_large_image","twitter_misc":{"Escrito por":"","Est. tempo de leitura":"1 minuto"},"schema":{"@context":"https:\/\/schema.org","@graph":[{"@type":"Article","@id":"https:\/\/blogdofarnesio.com.br\/?p=148485#article","isPartOf":{"@id":"https:\/\/blogdofarnesio.com.br\/?p=148485"},"author":{"name":"","@id":""},"headline":"ORIENTA\u00c7\u00d5ES DO PROCON DE JUAZEIRO ALERTAM O CONSUMIDOR EM MAIS UM INFORMATIVO","datePublished":"2016-09-15T23:00:48+00:00","mainEntityOfPage":{"@id":"https:\/\/blogdofarnesio.com.br\/?p=148485"},"wordCount":255,"commentCount":0,"publisher":{"@id":"https:\/\/blogdofarnesio.com.br\/#organization"},"image":{"@id":"https:\/\/blogdofarnesio.com.br\/?p=148485#primaryimage"},"thumbnailUrl":"http:\/\/www.quersaberpolitica.com.br\/2016\/wp-content\/uploads\/2016\/05\/blogqsp-proconjuazeiro-300x200.jpg","articleSection":["Pol\u00edtica"],"inLanguage":"pt-BR","potentialAction":[{"@type":"CommentAction","name":"Comment","target":["https:\/\/blogdofarnesio.com.br\/?p=148485#respond"]}]},{"@type":"WebPage","@id":"https:\/\/blogdofarnesio.com.br\/?p=148485","url":"https:\/\/blogdofarnesio.com.br\/?p=148485","name":"ORIENTA\u00c7\u00d5ES DO PROCON DE JUAZEIRO ALERTAM O CONSUMIDOR EM MAIS UM INFORMATIVO - Blog do Farn\u00e9sio","isPartOf":{"@id":"https:\/\/blogdofarnesio.com.br\/#website"},"primaryImageOfPage":{"@id":"https:\/\/blogdofarnesio.com.br\/?p=148485#primaryimage"},"image":{"@id":"https:\/\/blogdofarnesio.com.br\/?p=148485#primaryimage"},"thumbnailUrl":"http:\/\/www.quersaberpolitica.com.br\/2016\/wp-content\/uploads\/2016\/05\/blogqsp-proconjuazeiro-300x200.jpg","datePublished":"2016-09-15T23:00:48+00:00","breadcrumb":{"@id":"https:\/\/blogdofarnesio.com.br\/?p=148485#breadcrumb"},"inLanguage":"pt-BR","potentialAction":[{"@type":"ReadAction","target":["https:\/\/blogdofarnesio.com.br\/?p=148485"]}]},{"@type":"ImageObject","inLanguage":"pt-BR","@id":"https:\/\/blogdofarnesio.com.br\/?p=148485#primaryimage","url":"http:\/\/www.quersaberpolitica.com.br\/2016\/wp-content\/uploads\/2016\/05\/blogqsp-proconjuazeiro-300x200.jpg","contentUrl":"http:\/\/www.quersaberpolitica.com.br\/2016\/wp-content\/uploads\/2016\/05\/blogqsp-proconjuazeiro-300x200.jpg"},{"@type":"BreadcrumbList","@id":"https:\/\/blogdofarnesio.com.br\/?p=148485#breadcrumb","itemListElement":[{"@type":"ListItem","position":1,"name":"In\u00edcio","item":"https:\/\/blogdofarnesio.com.br\/"},{"@type":"ListItem","position":2,"name":"ORIENTA\u00c7\u00d5ES DO PROCON DE JUAZEIRO ALERTAM O CONSUMIDOR EM MAIS UM INFORMATIVO"}]},{"@type":"WebSite","@id":"https:\/\/blogdofarnesio.com.br\/#website","url":"https:\/\/blogdofarnesio.com.br\/","name":"Blog do Farn\u00e9sio","description":"Quer Saber Pol\u00edtica?","publisher":{"@id":"https:\/\/blogdofarnesio.com.br\/#organization"},"potentialAction":[{"@type":"SearchAction","target":{"@type":"EntryPoint","urlTemplate":"https:\/\/blogdofarnesio.com.br\/?s={search_term_string}"},"query-input":{"@type":"PropertyValueSpecification","valueRequired":true,"valueName":"search_term_string"}}],"inLanguage":"pt-BR"},{"@type":"Organization","@id":"https:\/\/blogdofarnesio.com.br\/#organization","name":"Blog do Farn\u00e9sio","url":"https:\/\/blogdofarnesio.com.br\/","logo":{"@type":"ImageObject","inLanguage":"pt-BR","@id":"https:\/\/blogdofarnesio.com.br\/#\/schema\/logo\/image\/","url":"https:\/\/blogdofarnesio.com.br\/wp-content\/uploads\/2026\/03\/cropped-logo_new-1.png","contentUrl":"https:\/\/blogdofarnesio.com.br\/wp-content\/uploads\/2026\/03\/cropped-logo_new-1.png","width":881,"height":685,"caption":"Blog do Farn\u00e9sio"},"image":{"@id":"https:\/\/blogdofarnesio.com.br\/#\/schema\/logo\/image\/"},"sameAs":["https:\/\/www.facebook.com\/BlogQuerSaberPolitica\/"]},{"@type":"Person","@id":"","url":"https:\/\/blogdofarnesio.com.br\/?author=7"}]}},"_links":{"self":[{"href":"https:\/\/blogdofarnesio.com.br\/index.php?rest_route=\/wp\/v2\/posts\/148485","targetHints":{"allow":["GET"]}}],"collection":[{"href":"https:\/\/blogdofarnesio.com.br\/index.php?rest_route=\/wp\/v2\/posts"}],"about":[{"href":"https:\/\/blogdofarnesio.com.br\/index.php?rest_route=\/wp\/v2\/types\/post"}],"author":[{"embeddable":true,"href":"https:\/\/blogdofarnesio.com.br\/index.php?rest_route=\/wp\/v2\/users\/7"}],"replies":[{"embeddable":true,"href":"https:\/\/blogdofarnesio.com.br\/index.php?rest_route=%2Fwp%2Fv2%2Fcomments&post=148485"}],"version-history":[{"count":0,"href":"https:\/\/blogdofarnesio.com.br\/index.php?rest_route=\/wp\/v2\/posts\/148485\/revisions"}],"wp:attachment":[{"href":"https:\/\/blogdofarnesio.com.br\/index.php?rest_route=%2Fwp%2Fv2%2Fmedia&parent=148485"}],"wp:term":[{"taxonomy":"category","embeddable":true,"href":"https:\/\/blogdofarnesio.com.br\/index.php?rest_route=%2Fwp%2Fv2%2Fcategories&post=148485"},{"taxonomy":"post_tag","embeddable":true,"href":"https:\/\/blogdofarnesio.com.br\/index.php?rest_route=%2Fwp%2Fv2%2Ftags&post=148485"}],"curies":[{"name":"wp","href":"https:\/\/api.w.org\/{rel}","templated":true}]}}