{"id":147850,"date":"2016-09-03T11:30:10","date_gmt":"2016-09-03T14:30:10","guid":{"rendered":"http:\/\/www.quersaberpolitica.com.br\/?p=147850"},"modified":"2016-09-03T09:52:40","modified_gmt":"2016-09-03T12:52:40","slug":"direto-de-remanso-55","status":"publish","type":"post","link":"https:\/\/blogdofarnesio.com.br\/?p=147850","title":{"rendered":"DIRETO DE REMANSO"},"content":{"rendered":"<p style=\"text-align: center\"><a href=\"http:\/\/www.quersaberpolitica.com.br\/2016\/wp-content\/uploads\/2016\/09\/blog-sqp-marcos-palmeiras-remanso.jpg\">\u201cCORON\u00c9IS DO ATRASO N\u00c3O CALAR\u00c3O A VOZ DO POVO\u201d. TRE GARANTE PUXADA DO 65<img loading=\"lazy\" decoding=\"async\" class=\"wp-image-147851 aligncenter\" src=\"http:\/\/www.quersaberpolitica.com.br\/2016\/wp-content\/uploads\/2016\/09\/blog-sqp-marcos-palmeiras-remanso-300x147.jpg\" alt=\"blog-sqp-marcos-palmeiras-remanso\" width=\"493\" height=\"249\" \/><\/a><\/p>\n<p style=\"text-align: justify\">O Candidato Marcos Palmeira (PC do B), marcou um gol contra o time Tony \u00c1vila\/Z\u00e9 Filho, que, em comum acordo, atentaram contra a Puxada do 65, o que no dizer do Desembargador Gustavo Mazzei Pereira,\u00a0 foi uma maquina\u00e7\u00e3o \u201cvioladora tanto da garantia contida nos artigos 39 e 41 da Lei n\u00ba 9.504\/97, como do direito constitucional de livre manifesta\u00e7\u00e3o e reuni\u00e3o\u201d.<\/p>\n<p style=\"text-align: justify\">Na decis\u00e3o, proferida no come\u00e7o da noite desta sexta-feira (2), Mazzei Pereira foi expl\u00edcito: \u201ca propaganda, exercida nos termos da legisla\u00e7\u00e3o eleitoral, n\u00e3o poder\u00e1 ser objeto de multa nem cerceada sob a alega\u00e7\u00e3o do exerc\u00edcio do poder de pol\u00edcia\u201d e completou: \u201cseja definitivamente concedida a seguran\u00e7a, para suspender os efeitos da Portaria n\u00ba03\/2016, no que tange \u00e0 proibi\u00e7\u00e3o de realizar as duas passeatas em locais distintos\u201d no m\u00e9rito.<\/p>\n<p style=\"text-align: justify\"><!--more--><\/p>\n<p style=\"text-align: justify\">Em todos os cantos da cidade, na pra\u00e7a, nos bares da noite desta sexta-feira (2), ao som m\u00fasicas alegres e fogos de artif\u00edcio, a frase mais repetida foi \u201cOs coron\u00e9is do atraso n\u00e3o calar\u00e3o a voz do povo\u201d.<\/p>\n<p style=\"text-align: justify\">A puxada do BNH ser\u00e1 realizada hoje, com concentra\u00e7\u00e3o no Bar do Beleza a partir das 19:00 horas e percorrer\u00e1 as quadras 11 e 13.<\/p>\n<p style=\"text-align: justify\"><em>Por Manuel Le\u00e3o<\/em><\/p>\n","protected":false},"excerpt":{"rendered":"<p>\u201cCORON\u00c9IS DO ATRASO N\u00c3O CALAR\u00c3O A VOZ DO POVO\u201d. TRE GARANTE PUXADA DO 65 O Candidato Marcos Palmeira (PC do B), marcou um gol contra o time Tony \u00c1vila\/Z\u00e9 Filho, que, em comum acordo, atentaram contra a Puxada do 65, o que no dizer do Desembargador Gustavo Mazzei Pereira,\u00a0 foi uma maquina\u00e7\u00e3o \u201cvioladora tanto da garantia contida nos artigos 39 e 41 da Lei n\u00ba 9.504\/97, como do direito constitucional de livre manifesta\u00e7\u00e3o e reuni\u00e3o\u201d. Na decis\u00e3o, proferida no come\u00e7o da noite desta sexta-feira (2), Mazzei Pereira foi expl\u00edcito: \u201ca propaganda, exercida nos termos da legisla\u00e7\u00e3o eleitoral, n\u00e3o poder\u00e1 ser objeto de multa nem cerceada sob a alega\u00e7\u00e3o do exerc\u00edcio do poder de pol\u00edcia\u201d e completou: \u201cseja definitivamente concedida a&hellip; <\/p>\n","protected":false},"author":7,"featured_media":0,"comment_status":"open","ping_status":"open","sticky":false,"template":"","format":"standard","meta":{"_acf_changed":false,"footnotes":""},"categories":[1],"tags":[],"class_list":["post-147850","post","type-post","status-publish","format-standard","hentry","category-politica"],"acf":[],"yoast_head":"<!-- This site is optimized with the Yoast SEO plugin v27.4 - https:\/\/yoast.com\/product\/yoast-seo-wordpress\/ -->\n<title>DIRETO DE REMANSO - Blog do Farn\u00e9sio<\/title>\n<meta name=\"robots\" content=\"index, follow, max-snippet:-1, max-image-preview:large, max-video-preview:-1\" \/>\n<link rel=\"canonical\" href=\"https:\/\/blogdofarnesio.com.br\/?p=147850\" \/>\n<meta property=\"og:locale\" content=\"pt_BR\" \/>\n<meta property=\"og:type\" content=\"article\" \/>\n<meta property=\"og:title\" content=\"DIRETO DE REMANSO - Blog do Farn\u00e9sio\" \/>\n<meta property=\"og:description\" content=\"\u201cCORON\u00c9IS DO ATRASO N\u00c3O CALAR\u00c3O A VOZ DO POVO\u201d. TRE GARANTE PUXADA DO 65 O Candidato Marcos Palmeira (PC do B), marcou um gol contra o time Tony \u00c1vila\/Z\u00e9 Filho, que, em comum acordo, atentaram contra a Puxada do 65, o que no dizer do Desembargador Gustavo Mazzei Pereira,\u00a0 foi uma maquina\u00e7\u00e3o \u201cvioladora tanto da garantia contida nos artigos 39 e 41 da Lei n\u00ba 9.504\/97, como do direito constitucional de livre manifesta\u00e7\u00e3o e reuni\u00e3o\u201d. Na decis\u00e3o, proferida no come\u00e7o da noite desta sexta-feira (2), Mazzei Pereira foi expl\u00edcito: \u201ca propaganda, exercida nos termos da legisla\u00e7\u00e3o eleitoral, n\u00e3o poder\u00e1 ser objeto de multa nem cerceada sob a alega\u00e7\u00e3o do exerc\u00edcio do poder de pol\u00edcia\u201d e completou: \u201cseja definitivamente concedida a&hellip;\" \/>\n<meta property=\"og:url\" content=\"https:\/\/blogdofarnesio.com.br\/?p=147850\" \/>\n<meta property=\"og:site_name\" content=\"Blog do Farn\u00e9sio\" \/>\n<meta property=\"article:publisher\" content=\"https:\/\/www.facebook.com\/BlogQuerSaberPolitica\/\" \/>\n<meta property=\"article:published_time\" content=\"2016-09-03T14:30:10+00:00\" \/>\n<meta property=\"og:image\" content=\"http:\/\/www.quersaberpolitica.com.br\/2016\/wp-content\/uploads\/2016\/09\/blog-sqp-marcos-palmeiras-remanso-300x147.jpg\" \/>\n<meta name=\"twitter:card\" content=\"summary_large_image\" \/>\n<meta name=\"twitter:label1\" content=\"Escrito por\" \/>\n\t<meta name=\"twitter:data1\" content=\"\" \/>\n\t<meta name=\"twitter:label2\" content=\"Est. tempo de leitura\" \/>\n\t<meta name=\"twitter:data2\" content=\"1 minuto\" \/>\n<script type=\"application\/ld+json\" class=\"yoast-schema-graph\">{\"@context\":\"https:\\\/\\\/schema.org\",\"@graph\":[{\"@type\":\"Article\",\"@id\":\"https:\\\/\\\/blogdofarnesio.com.br\\\/?p=147850#article\",\"isPartOf\":{\"@id\":\"https:\\\/\\\/blogdofarnesio.com.br\\\/?p=147850\"},\"author\":{\"name\":\"\",\"@id\":\"\"},\"headline\":\"DIRETO DE REMANSO\",\"datePublished\":\"2016-09-03T14:30:10+00:00\",\"mainEntityOfPage\":{\"@id\":\"https:\\\/\\\/blogdofarnesio.com.br\\\/?p=147850\"},\"wordCount\":227,\"commentCount\":0,\"publisher\":{\"@id\":\"https:\\\/\\\/blogdofarnesio.com.br\\\/#organization\"},\"image\":{\"@id\":\"https:\\\/\\\/blogdofarnesio.com.br\\\/?p=147850#primaryimage\"},\"thumbnailUrl\":\"http:\\\/\\\/www.quersaberpolitica.com.br\\\/2016\\\/wp-content\\\/uploads\\\/2016\\\/09\\\/blog-sqp-marcos-palmeiras-remanso-300x147.jpg\",\"articleSection\":[\"Pol\u00edtica\"],\"inLanguage\":\"pt-BR\",\"potentialAction\":[{\"@type\":\"CommentAction\",\"name\":\"Comment\",\"target\":[\"https:\\\/\\\/blogdofarnesio.com.br\\\/?p=147850#respond\"]}]},{\"@type\":\"WebPage\",\"@id\":\"https:\\\/\\\/blogdofarnesio.com.br\\\/?p=147850\",\"url\":\"https:\\\/\\\/blogdofarnesio.com.br\\\/?p=147850\",\"name\":\"DIRETO DE REMANSO - Blog do Farn\u00e9sio\",\"isPartOf\":{\"@id\":\"https:\\\/\\\/blogdofarnesio.com.br\\\/#website\"},\"primaryImageOfPage\":{\"@id\":\"https:\\\/\\\/blogdofarnesio.com.br\\\/?p=147850#primaryimage\"},\"image\":{\"@id\":\"https:\\\/\\\/blogdofarnesio.com.br\\\/?p=147850#primaryimage\"},\"thumbnailUrl\":\"http:\\\/\\\/www.quersaberpolitica.com.br\\\/2016\\\/wp-content\\\/uploads\\\/2016\\\/09\\\/blog-sqp-marcos-palmeiras-remanso-300x147.jpg\",\"datePublished\":\"2016-09-03T14:30:10+00:00\",\"breadcrumb\":{\"@id\":\"https:\\\/\\\/blogdofarnesio.com.br\\\/?p=147850#breadcrumb\"},\"inLanguage\":\"pt-BR\",\"potentialAction\":[{\"@type\":\"ReadAction\",\"target\":[\"https:\\\/\\\/blogdofarnesio.com.br\\\/?p=147850\"]}]},{\"@type\":\"ImageObject\",\"inLanguage\":\"pt-BR\",\"@id\":\"https:\\\/\\\/blogdofarnesio.com.br\\\/?p=147850#primaryimage\",\"url\":\"http:\\\/\\\/www.quersaberpolitica.com.br\\\/2016\\\/wp-content\\\/uploads\\\/2016\\\/09\\\/blog-sqp-marcos-palmeiras-remanso-300x147.jpg\",\"contentUrl\":\"http:\\\/\\\/www.quersaberpolitica.com.br\\\/2016\\\/wp-content\\\/uploads\\\/2016\\\/09\\\/blog-sqp-marcos-palmeiras-remanso-300x147.jpg\"},{\"@type\":\"BreadcrumbList\",\"@id\":\"https:\\\/\\\/blogdofarnesio.com.br\\\/?p=147850#breadcrumb\",\"itemListElement\":[{\"@type\":\"ListItem\",\"position\":1,\"name\":\"In\u00edcio\",\"item\":\"https:\\\/\\\/blogdofarnesio.com.br\\\/\"},{\"@type\":\"ListItem\",\"position\":2,\"name\":\"DIRETO DE REMANSO\"}]},{\"@type\":\"WebSite\",\"@id\":\"https:\\\/\\\/blogdofarnesio.com.br\\\/#website\",\"url\":\"https:\\\/\\\/blogdofarnesio.com.br\\\/\",\"name\":\"Blog do Farn\u00e9sio\",\"description\":\"Quer Saber Pol\u00edtica?\",\"publisher\":{\"@id\":\"https:\\\/\\\/blogdofarnesio.com.br\\\/#organization\"},\"potentialAction\":[{\"@type\":\"SearchAction\",\"target\":{\"@type\":\"EntryPoint\",\"urlTemplate\":\"https:\\\/\\\/blogdofarnesio.com.br\\\/?s={search_term_string}\"},\"query-input\":{\"@type\":\"PropertyValueSpecification\",\"valueRequired\":true,\"valueName\":\"search_term_string\"}}],\"inLanguage\":\"pt-BR\"},{\"@type\":\"Organization\",\"@id\":\"https:\\\/\\\/blogdofarnesio.com.br\\\/#organization\",\"name\":\"Blog do Farn\u00e9sio\",\"url\":\"https:\\\/\\\/blogdofarnesio.com.br\\\/\",\"logo\":{\"@type\":\"ImageObject\",\"inLanguage\":\"pt-BR\",\"@id\":\"https:\\\/\\\/blogdofarnesio.com.br\\\/#\\\/schema\\\/logo\\\/image\\\/\",\"url\":\"https:\\\/\\\/blogdofarnesio.com.br\\\/wp-content\\\/uploads\\\/2026\\\/03\\\/cropped-logo_new-1.png\",\"contentUrl\":\"https:\\\/\\\/blogdofarnesio.com.br\\\/wp-content\\\/uploads\\\/2026\\\/03\\\/cropped-logo_new-1.png\",\"width\":881,\"height\":685,\"caption\":\"Blog do Farn\u00e9sio\"},\"image\":{\"@id\":\"https:\\\/\\\/blogdofarnesio.com.br\\\/#\\\/schema\\\/logo\\\/image\\\/\"},\"sameAs\":[\"https:\\\/\\\/www.facebook.com\\\/BlogQuerSaberPolitica\\\/\"]},{\"@type\":\"Person\",\"@id\":\"\",\"url\":\"https:\\\/\\\/blogdofarnesio.com.br\\\/?author=7\"}]}<\/script>\n<!-- \/ Yoast SEO plugin. -->","yoast_head_json":{"title":"DIRETO DE REMANSO - Blog do Farn\u00e9sio","robots":{"index":"index","follow":"follow","max-snippet":"max-snippet:-1","max-image-preview":"max-image-preview:large","max-video-preview":"max-video-preview:-1"},"canonical":"https:\/\/blogdofarnesio.com.br\/?p=147850","og_locale":"pt_BR","og_type":"article","og_title":"DIRETO DE REMANSO - Blog do Farn\u00e9sio","og_description":"\u201cCORON\u00c9IS DO ATRASO N\u00c3O CALAR\u00c3O A VOZ DO POVO\u201d. TRE GARANTE PUXADA DO 65 O Candidato Marcos Palmeira (PC do B), marcou um gol contra o time Tony \u00c1vila\/Z\u00e9 Filho, que, em comum acordo, atentaram contra a Puxada do 65, o que no dizer do Desembargador Gustavo Mazzei Pereira,\u00a0 foi uma maquina\u00e7\u00e3o \u201cvioladora tanto da garantia contida nos artigos 39 e 41 da Lei n\u00ba 9.504\/97, como do direito constitucional de livre manifesta\u00e7\u00e3o e reuni\u00e3o\u201d. Na decis\u00e3o, proferida no come\u00e7o da noite desta sexta-feira (2), Mazzei Pereira foi expl\u00edcito: \u201ca propaganda, exercida nos termos da legisla\u00e7\u00e3o eleitoral, n\u00e3o poder\u00e1 ser objeto de multa nem cerceada sob a alega\u00e7\u00e3o do exerc\u00edcio do poder de pol\u00edcia\u201d e completou: \u201cseja definitivamente concedida a&hellip;","og_url":"https:\/\/blogdofarnesio.com.br\/?p=147850","og_site_name":"Blog do Farn\u00e9sio","article_publisher":"https:\/\/www.facebook.com\/BlogQuerSaberPolitica\/","article_published_time":"2016-09-03T14:30:10+00:00","og_image":[{"url":"http:\/\/www.quersaberpolitica.com.br\/2016\/wp-content\/uploads\/2016\/09\/blog-sqp-marcos-palmeiras-remanso-300x147.jpg","type":"","width":"","height":""}],"twitter_card":"summary_large_image","twitter_misc":{"Escrito por":"","Est. tempo de leitura":"1 minuto"},"schema":{"@context":"https:\/\/schema.org","@graph":[{"@type":"Article","@id":"https:\/\/blogdofarnesio.com.br\/?p=147850#article","isPartOf":{"@id":"https:\/\/blogdofarnesio.com.br\/?p=147850"},"author":{"name":"","@id":""},"headline":"DIRETO DE REMANSO","datePublished":"2016-09-03T14:30:10+00:00","mainEntityOfPage":{"@id":"https:\/\/blogdofarnesio.com.br\/?p=147850"},"wordCount":227,"commentCount":0,"publisher":{"@id":"https:\/\/blogdofarnesio.com.br\/#organization"},"image":{"@id":"https:\/\/blogdofarnesio.com.br\/?p=147850#primaryimage"},"thumbnailUrl":"http:\/\/www.quersaberpolitica.com.br\/2016\/wp-content\/uploads\/2016\/09\/blog-sqp-marcos-palmeiras-remanso-300x147.jpg","articleSection":["Pol\u00edtica"],"inLanguage":"pt-BR","potentialAction":[{"@type":"CommentAction","name":"Comment","target":["https:\/\/blogdofarnesio.com.br\/?p=147850#respond"]}]},{"@type":"WebPage","@id":"https:\/\/blogdofarnesio.com.br\/?p=147850","url":"https:\/\/blogdofarnesio.com.br\/?p=147850","name":"DIRETO DE REMANSO - Blog do Farn\u00e9sio","isPartOf":{"@id":"https:\/\/blogdofarnesio.com.br\/#website"},"primaryImageOfPage":{"@id":"https:\/\/blogdofarnesio.com.br\/?p=147850#primaryimage"},"image":{"@id":"https:\/\/blogdofarnesio.com.br\/?p=147850#primaryimage"},"thumbnailUrl":"http:\/\/www.quersaberpolitica.com.br\/2016\/wp-content\/uploads\/2016\/09\/blog-sqp-marcos-palmeiras-remanso-300x147.jpg","datePublished":"2016-09-03T14:30:10+00:00","breadcrumb":{"@id":"https:\/\/blogdofarnesio.com.br\/?p=147850#breadcrumb"},"inLanguage":"pt-BR","potentialAction":[{"@type":"ReadAction","target":["https:\/\/blogdofarnesio.com.br\/?p=147850"]}]},{"@type":"ImageObject","inLanguage":"pt-BR","@id":"https:\/\/blogdofarnesio.com.br\/?p=147850#primaryimage","url":"http:\/\/www.quersaberpolitica.com.br\/2016\/wp-content\/uploads\/2016\/09\/blog-sqp-marcos-palmeiras-remanso-300x147.jpg","contentUrl":"http:\/\/www.quersaberpolitica.com.br\/2016\/wp-content\/uploads\/2016\/09\/blog-sqp-marcos-palmeiras-remanso-300x147.jpg"},{"@type":"BreadcrumbList","@id":"https:\/\/blogdofarnesio.com.br\/?p=147850#breadcrumb","itemListElement":[{"@type":"ListItem","position":1,"name":"In\u00edcio","item":"https:\/\/blogdofarnesio.com.br\/"},{"@type":"ListItem","position":2,"name":"DIRETO DE REMANSO"}]},{"@type":"WebSite","@id":"https:\/\/blogdofarnesio.com.br\/#website","url":"https:\/\/blogdofarnesio.com.br\/","name":"Blog do Farn\u00e9sio","description":"Quer Saber Pol\u00edtica?","publisher":{"@id":"https:\/\/blogdofarnesio.com.br\/#organization"},"potentialAction":[{"@type":"SearchAction","target":{"@type":"EntryPoint","urlTemplate":"https:\/\/blogdofarnesio.com.br\/?s={search_term_string}"},"query-input":{"@type":"PropertyValueSpecification","valueRequired":true,"valueName":"search_term_string"}}],"inLanguage":"pt-BR"},{"@type":"Organization","@id":"https:\/\/blogdofarnesio.com.br\/#organization","name":"Blog do Farn\u00e9sio","url":"https:\/\/blogdofarnesio.com.br\/","logo":{"@type":"ImageObject","inLanguage":"pt-BR","@id":"https:\/\/blogdofarnesio.com.br\/#\/schema\/logo\/image\/","url":"https:\/\/blogdofarnesio.com.br\/wp-content\/uploads\/2026\/03\/cropped-logo_new-1.png","contentUrl":"https:\/\/blogdofarnesio.com.br\/wp-content\/uploads\/2026\/03\/cropped-logo_new-1.png","width":881,"height":685,"caption":"Blog do Farn\u00e9sio"},"image":{"@id":"https:\/\/blogdofarnesio.com.br\/#\/schema\/logo\/image\/"},"sameAs":["https:\/\/www.facebook.com\/BlogQuerSaberPolitica\/"]},{"@type":"Person","@id":"","url":"https:\/\/blogdofarnesio.com.br\/?author=7"}]}},"_links":{"self":[{"href":"https:\/\/blogdofarnesio.com.br\/index.php?rest_route=\/wp\/v2\/posts\/147850","targetHints":{"allow":["GET"]}}],"collection":[{"href":"https:\/\/blogdofarnesio.com.br\/index.php?rest_route=\/wp\/v2\/posts"}],"about":[{"href":"https:\/\/blogdofarnesio.com.br\/index.php?rest_route=\/wp\/v2\/types\/post"}],"author":[{"embeddable":true,"href":"https:\/\/blogdofarnesio.com.br\/index.php?rest_route=\/wp\/v2\/users\/7"}],"replies":[{"embeddable":true,"href":"https:\/\/blogdofarnesio.com.br\/index.php?rest_route=%2Fwp%2Fv2%2Fcomments&post=147850"}],"version-history":[{"count":0,"href":"https:\/\/blogdofarnesio.com.br\/index.php?rest_route=\/wp\/v2\/posts\/147850\/revisions"}],"wp:attachment":[{"href":"https:\/\/blogdofarnesio.com.br\/index.php?rest_route=%2Fwp%2Fv2%2Fmedia&parent=147850"}],"wp:term":[{"taxonomy":"category","embeddable":true,"href":"https:\/\/blogdofarnesio.com.br\/index.php?rest_route=%2Fwp%2Fv2%2Fcategories&post=147850"},{"taxonomy":"post_tag","embeddable":true,"href":"https:\/\/blogdofarnesio.com.br\/index.php?rest_route=%2Fwp%2Fv2%2Ftags&post=147850"}],"curies":[{"name":"wp","href":"https:\/\/api.w.org\/{rel}","templated":true}]}}