{"id":147675,"date":"2016-08-31T13:30:02","date_gmt":"2016-08-31T16:30:02","guid":{"rendered":"http:\/\/www.quersaberpolitica.com.br\/?p=147675"},"modified":"2016-08-31T14:48:11","modified_gmt":"2016-08-31T17:48:11","slug":"senado-aprova-impeachment-e-dilma-perde-mandato-de-presidente-da-republica","status":"publish","type":"post","link":"https:\/\/blogdofarnesio.com.br\/?p=147675","title":{"rendered":"SENADO APROVA IMPEACHMENT E DILMA PERDE MANDATO DE PRESIDENTE DA REP\u00daBLICA"},"content":{"rendered":"<p><img loading=\"lazy\" decoding=\"async\" class=\"aligncenter\" src=\"http:\/\/imagem.bocaonews.com.br\/fotos\/noticias\/153277\/mg\/001.jpg?time=1472658811\" width=\"430\" height=\"292\" \/><\/p>\n<p style=\"text-align: justify\">O Senado concluiu o julgamento do impeachment da presidente Dilma Rousseff (PT) e decidiu pelo afastamento definitivo da petista por 61 votos favor\u00e1veis e 20 contr\u00e1rios. Os tr\u00eas senadores baianos Otto Alencar (PSD), Roberto Muniz (PP) e L\u00eddice da Mata (PSB) votaram contra o impedimento de Dilma, que foi eleita para o maior cargo do Executivo em 2014 com 54 milh\u00f5es de votos em um segundo turno disputado contra o senador A\u00e9cio Neves (PSDB).<\/p>\n<p style=\"text-align: justify\">A petista passou a ser acusada de estelionato eleitoral, por prometer uma coisa durante a campanha de 2014 e fazer outra em seu segundo mandato. Posteriormente, a C\u00e2mara dos Deputados abriu processo acusando Dilma de pedaladas fiscais e usou a rejei\u00e7\u00e3o das contas do ano de 2014 pelo Tribunal de Contas da Uni\u00e3o como argumento para a acusa\u00e7\u00e3o do crime de responsabilidade fiscal.<\/p>\n<p style=\"text-align: justify\">Tamb\u00e9m integrou o processo a acusa\u00e7\u00e3o de que a agora ex-presidente publicou decretos abrindo cr\u00e9dito suplementar sem a autoriza\u00e7\u00e3o do Congresso Nacional.<\/p>\n<p style=\"text-align: justify\">Dilma entra para a hist\u00f3ria como a segunda presidente da Rep\u00fablica que perde o mandato por meio de impeachment e sua sa\u00edda representa o fim do ciclo do PT no poder nacional. Em 1992, o agora senador Fernando Collor de Mello foi afastado da Presid\u00eancia ap\u00f3s casos de corrup\u00e7\u00e3o.<\/p>\n<p style=\"text-align: justify\">Ap\u00f3s tramita\u00e7\u00e3o durante nove meses no Congresso Nacional, o processo teve os \u00faltimos seis dias como cruciais, quando ocorreu o julgamento no Senado.<\/p>\n<p style=\"text-align: justify\">No dia 25, na primeira sess\u00e3o, os senadores aliados de Dilma pediram a suspens\u00e3o do julgamento, alegando falta de sustenta\u00e7\u00e3o jur\u00eddica das den\u00fancias.\u00a0No comando dos trabalhos, o presidente do STF, ministro Ricardo Lewandowski, rejeitou todas as quest\u00f5es de ordem.<\/p>\n<p style=\"text-align: justify\">No dia 26, segundo dia, o Senado ouviu o economista Luiz Gonzaga Belluzo, o jurista Geraldo Prado e o ex-secret\u00e1rio-executivo do Minist\u00e9rio da Educa\u00e7\u00e3o Luiz Cl\u00e1udio Costa, que negaram a exist\u00eancia de crime de responsabilidade por parte da petista.<\/p>\n<p style=\"text-align: justify\">No dia 27, terceiro dia, o ex-ministro do Planejamento no governo Dilma, Nelson Barbosa, e o jurista Ricardo Lodi tamb\u00e9m defenderam a ex-presidente.<\/p>\n<p style=\"text-align: justify\">No dia 29, quarto dia, o Senado ouviu Dilma Rousseff, que fez a defesa do seu mandato presidencial.<\/p>\n<p style=\"text-align: justify\">No dia 30, os senadores tiveram 10 minutos cada um para exporem seus argumentos contra ou a favor do impeachment.<\/p>\n<p style=\"text-align: justify\">Dia 31, o Senado aprovou o afastamento definitivo da petista eleita em 2014 para seu segundo mandato.<\/p>\n<p style=\"text-align: justify\">Boc\u00e3o News<\/p>\n","protected":false},"excerpt":{"rendered":"<p>O Senado concluiu o julgamento do impeachment da presidente Dilma Rousseff (PT) e decidiu pelo afastamento definitivo da petista por 61 votos favor\u00e1veis e 20 contr\u00e1rios. Os tr\u00eas senadores baianos Otto Alencar (PSD), Roberto Muniz (PP) e L\u00eddice da Mata (PSB) votaram contra o impedimento de Dilma, que foi eleita para o maior cargo do Executivo em 2014 com 54 milh\u00f5es de votos em um segundo turno disputado contra o senador A\u00e9cio Neves (PSDB). A petista passou a ser acusada de estelionato eleitoral, por prometer uma coisa durante a campanha de 2014 e fazer outra em seu segundo mandato. Posteriormente, a C\u00e2mara dos Deputados abriu processo acusando Dilma de pedaladas fiscais e usou a rejei\u00e7\u00e3o das contas do ano de&hellip; <\/p>\n","protected":false},"author":7,"featured_media":0,"comment_status":"open","ping_status":"open","sticky":false,"template":"","format":"standard","meta":{"_acf_changed":false,"footnotes":""},"categories":[1],"tags":[],"class_list":["post-147675","post","type-post","status-publish","format-standard","hentry","category-politica"],"acf":[],"yoast_head":"<!-- This site is optimized with the Yoast SEO plugin v27.4 - https:\/\/yoast.com\/product\/yoast-seo-wordpress\/ -->\n<title>SENADO APROVA IMPEACHMENT E DILMA PERDE MANDATO DE PRESIDENTE DA REP\u00daBLICA - Blog do Farn\u00e9sio<\/title>\n<meta name=\"robots\" content=\"index, follow, max-snippet:-1, max-image-preview:large, max-video-preview:-1\" \/>\n<link rel=\"canonical\" href=\"https:\/\/blogdofarnesio.com.br\/?p=147675\" \/>\n<meta property=\"og:locale\" content=\"pt_BR\" \/>\n<meta property=\"og:type\" content=\"article\" \/>\n<meta property=\"og:title\" content=\"SENADO APROVA IMPEACHMENT E DILMA PERDE MANDATO DE PRESIDENTE DA REP\u00daBLICA - Blog do Farn\u00e9sio\" \/>\n<meta property=\"og:description\" content=\"O Senado concluiu o julgamento do impeachment da presidente Dilma Rousseff (PT) e decidiu pelo afastamento definitivo da petista por 61 votos favor\u00e1veis e 20 contr\u00e1rios. Os tr\u00eas senadores baianos Otto Alencar (PSD), Roberto Muniz (PP) e L\u00eddice da Mata (PSB) votaram contra o impedimento de Dilma, que foi eleita para o maior cargo do Executivo em 2014 com 54 milh\u00f5es de votos em um segundo turno disputado contra o senador A\u00e9cio Neves (PSDB). A petista passou a ser acusada de estelionato eleitoral, por prometer uma coisa durante a campanha de 2014 e fazer outra em seu segundo mandato. Posteriormente, a C\u00e2mara dos Deputados abriu processo acusando Dilma de pedaladas fiscais e usou a rejei\u00e7\u00e3o das contas do ano de&hellip;\" \/>\n<meta property=\"og:url\" content=\"https:\/\/blogdofarnesio.com.br\/?p=147675\" \/>\n<meta property=\"og:site_name\" content=\"Blog do Farn\u00e9sio\" \/>\n<meta property=\"article:publisher\" content=\"https:\/\/www.facebook.com\/BlogQuerSaberPolitica\/\" \/>\n<meta property=\"article:published_time\" content=\"2016-08-31T16:30:02+00:00\" \/>\n<meta property=\"article:modified_time\" content=\"2016-08-31T17:48:11+00:00\" \/>\n<meta property=\"og:image\" content=\"http:\/\/imagem.bocaonews.com.br\/fotos\/noticias\/153277\/mg\/001.jpg?time=1472658811\" \/>\n<meta name=\"twitter:card\" content=\"summary_large_image\" \/>\n<meta name=\"twitter:label1\" content=\"Escrito por\" \/>\n\t<meta name=\"twitter:data1\" content=\"\" \/>\n\t<meta name=\"twitter:label2\" content=\"Est. tempo de leitura\" \/>\n\t<meta name=\"twitter:data2\" content=\"2 minutos\" \/>\n<script type=\"application\/ld+json\" class=\"yoast-schema-graph\">{\"@context\":\"https:\\\/\\\/schema.org\",\"@graph\":[{\"@type\":\"Article\",\"@id\":\"https:\\\/\\\/blogdofarnesio.com.br\\\/?p=147675#article\",\"isPartOf\":{\"@id\":\"https:\\\/\\\/blogdofarnesio.com.br\\\/?p=147675\"},\"author\":{\"name\":\"\",\"@id\":\"\"},\"headline\":\"SENADO APROVA IMPEACHMENT E DILMA PERDE MANDATO DE PRESIDENTE DA REP\u00daBLICA\",\"datePublished\":\"2016-08-31T16:30:02+00:00\",\"dateModified\":\"2016-08-31T17:48:11+00:00\",\"mainEntityOfPage\":{\"@id\":\"https:\\\/\\\/blogdofarnesio.com.br\\\/?p=147675\"},\"wordCount\":422,\"commentCount\":1,\"publisher\":{\"@id\":\"https:\\\/\\\/blogdofarnesio.com.br\\\/#organization\"},\"image\":{\"@id\":\"https:\\\/\\\/blogdofarnesio.com.br\\\/?p=147675#primaryimage\"},\"thumbnailUrl\":\"http:\\\/\\\/imagem.bocaonews.com.br\\\/fotos\\\/noticias\\\/153277\\\/mg\\\/001.jpg?time=1472658811\",\"articleSection\":[\"Pol\u00edtica\"],\"inLanguage\":\"pt-BR\",\"potentialAction\":[{\"@type\":\"CommentAction\",\"name\":\"Comment\",\"target\":[\"https:\\\/\\\/blogdofarnesio.com.br\\\/?p=147675#respond\"]}]},{\"@type\":\"WebPage\",\"@id\":\"https:\\\/\\\/blogdofarnesio.com.br\\\/?p=147675\",\"url\":\"https:\\\/\\\/blogdofarnesio.com.br\\\/?p=147675\",\"name\":\"SENADO APROVA IMPEACHMENT E DILMA PERDE MANDATO DE PRESIDENTE DA REP\u00daBLICA - Blog do Farn\u00e9sio\",\"isPartOf\":{\"@id\":\"https:\\\/\\\/blogdofarnesio.com.br\\\/#website\"},\"primaryImageOfPage\":{\"@id\":\"https:\\\/\\\/blogdofarnesio.com.br\\\/?p=147675#primaryimage\"},\"image\":{\"@id\":\"https:\\\/\\\/blogdofarnesio.com.br\\\/?p=147675#primaryimage\"},\"thumbnailUrl\":\"http:\\\/\\\/imagem.bocaonews.com.br\\\/fotos\\\/noticias\\\/153277\\\/mg\\\/001.jpg?time=1472658811\",\"datePublished\":\"2016-08-31T16:30:02+00:00\",\"dateModified\":\"2016-08-31T17:48:11+00:00\",\"breadcrumb\":{\"@id\":\"https:\\\/\\\/blogdofarnesio.com.br\\\/?p=147675#breadcrumb\"},\"inLanguage\":\"pt-BR\",\"potentialAction\":[{\"@type\":\"ReadAction\",\"target\":[\"https:\\\/\\\/blogdofarnesio.com.br\\\/?p=147675\"]}]},{\"@type\":\"ImageObject\",\"inLanguage\":\"pt-BR\",\"@id\":\"https:\\\/\\\/blogdofarnesio.com.br\\\/?p=147675#primaryimage\",\"url\":\"http:\\\/\\\/imagem.bocaonews.com.br\\\/fotos\\\/noticias\\\/153277\\\/mg\\\/001.jpg?time=1472658811\",\"contentUrl\":\"http:\\\/\\\/imagem.bocaonews.com.br\\\/fotos\\\/noticias\\\/153277\\\/mg\\\/001.jpg?time=1472658811\"},{\"@type\":\"BreadcrumbList\",\"@id\":\"https:\\\/\\\/blogdofarnesio.com.br\\\/?p=147675#breadcrumb\",\"itemListElement\":[{\"@type\":\"ListItem\",\"position\":1,\"name\":\"In\u00edcio\",\"item\":\"https:\\\/\\\/blogdofarnesio.com.br\\\/\"},{\"@type\":\"ListItem\",\"position\":2,\"name\":\"SENADO APROVA IMPEACHMENT E DILMA PERDE MANDATO DE PRESIDENTE DA REP\u00daBLICA\"}]},{\"@type\":\"WebSite\",\"@id\":\"https:\\\/\\\/blogdofarnesio.com.br\\\/#website\",\"url\":\"https:\\\/\\\/blogdofarnesio.com.br\\\/\",\"name\":\"Blog do Farn\u00e9sio\",\"description\":\"Quer Saber Pol\u00edtica?\",\"publisher\":{\"@id\":\"https:\\\/\\\/blogdofarnesio.com.br\\\/#organization\"},\"potentialAction\":[{\"@type\":\"SearchAction\",\"target\":{\"@type\":\"EntryPoint\",\"urlTemplate\":\"https:\\\/\\\/blogdofarnesio.com.br\\\/?s={search_term_string}\"},\"query-input\":{\"@type\":\"PropertyValueSpecification\",\"valueRequired\":true,\"valueName\":\"search_term_string\"}}],\"inLanguage\":\"pt-BR\"},{\"@type\":\"Organization\",\"@id\":\"https:\\\/\\\/blogdofarnesio.com.br\\\/#organization\",\"name\":\"Blog do Farn\u00e9sio\",\"url\":\"https:\\\/\\\/blogdofarnesio.com.br\\\/\",\"logo\":{\"@type\":\"ImageObject\",\"inLanguage\":\"pt-BR\",\"@id\":\"https:\\\/\\\/blogdofarnesio.com.br\\\/#\\\/schema\\\/logo\\\/image\\\/\",\"url\":\"https:\\\/\\\/blogdofarnesio.com.br\\\/wp-content\\\/uploads\\\/2026\\\/03\\\/cropped-logo_new-1.png\",\"contentUrl\":\"https:\\\/\\\/blogdofarnesio.com.br\\\/wp-content\\\/uploads\\\/2026\\\/03\\\/cropped-logo_new-1.png\",\"width\":881,\"height\":685,\"caption\":\"Blog do Farn\u00e9sio\"},\"image\":{\"@id\":\"https:\\\/\\\/blogdofarnesio.com.br\\\/#\\\/schema\\\/logo\\\/image\\\/\"},\"sameAs\":[\"https:\\\/\\\/www.facebook.com\\\/BlogQuerSaberPolitica\\\/\"]},{\"@type\":\"Person\",\"@id\":\"\",\"url\":\"https:\\\/\\\/blogdofarnesio.com.br\\\/?author=7\"}]}<\/script>\n<!-- \/ Yoast SEO plugin. -->","yoast_head_json":{"title":"SENADO APROVA IMPEACHMENT E DILMA PERDE MANDATO DE PRESIDENTE DA REP\u00daBLICA - Blog do Farn\u00e9sio","robots":{"index":"index","follow":"follow","max-snippet":"max-snippet:-1","max-image-preview":"max-image-preview:large","max-video-preview":"max-video-preview:-1"},"canonical":"https:\/\/blogdofarnesio.com.br\/?p=147675","og_locale":"pt_BR","og_type":"article","og_title":"SENADO APROVA IMPEACHMENT E DILMA PERDE MANDATO DE PRESIDENTE DA REP\u00daBLICA - Blog do Farn\u00e9sio","og_description":"O Senado concluiu o julgamento do impeachment da presidente Dilma Rousseff (PT) e decidiu pelo afastamento definitivo da petista por 61 votos favor\u00e1veis e 20 contr\u00e1rios. Os tr\u00eas senadores baianos Otto Alencar (PSD), Roberto Muniz (PP) e L\u00eddice da Mata (PSB) votaram contra o impedimento de Dilma, que foi eleita para o maior cargo do Executivo em 2014 com 54 milh\u00f5es de votos em um segundo turno disputado contra o senador A\u00e9cio Neves (PSDB). A petista passou a ser acusada de estelionato eleitoral, por prometer uma coisa durante a campanha de 2014 e fazer outra em seu segundo mandato. Posteriormente, a C\u00e2mara dos Deputados abriu processo acusando Dilma de pedaladas fiscais e usou a rejei\u00e7\u00e3o das contas do ano de&hellip;","og_url":"https:\/\/blogdofarnesio.com.br\/?p=147675","og_site_name":"Blog do Farn\u00e9sio","article_publisher":"https:\/\/www.facebook.com\/BlogQuerSaberPolitica\/","article_published_time":"2016-08-31T16:30:02+00:00","article_modified_time":"2016-08-31T17:48:11+00:00","og_image":[{"url":"http:\/\/imagem.bocaonews.com.br\/fotos\/noticias\/153277\/mg\/001.jpg?time=1472658811","type":"","width":"","height":""}],"twitter_card":"summary_large_image","twitter_misc":{"Escrito por":"","Est. tempo de leitura":"2 minutos"},"schema":{"@context":"https:\/\/schema.org","@graph":[{"@type":"Article","@id":"https:\/\/blogdofarnesio.com.br\/?p=147675#article","isPartOf":{"@id":"https:\/\/blogdofarnesio.com.br\/?p=147675"},"author":{"name":"","@id":""},"headline":"SENADO APROVA IMPEACHMENT E DILMA PERDE MANDATO DE PRESIDENTE DA REP\u00daBLICA","datePublished":"2016-08-31T16:30:02+00:00","dateModified":"2016-08-31T17:48:11+00:00","mainEntityOfPage":{"@id":"https:\/\/blogdofarnesio.com.br\/?p=147675"},"wordCount":422,"commentCount":1,"publisher":{"@id":"https:\/\/blogdofarnesio.com.br\/#organization"},"image":{"@id":"https:\/\/blogdofarnesio.com.br\/?p=147675#primaryimage"},"thumbnailUrl":"http:\/\/imagem.bocaonews.com.br\/fotos\/noticias\/153277\/mg\/001.jpg?time=1472658811","articleSection":["Pol\u00edtica"],"inLanguage":"pt-BR","potentialAction":[{"@type":"CommentAction","name":"Comment","target":["https:\/\/blogdofarnesio.com.br\/?p=147675#respond"]}]},{"@type":"WebPage","@id":"https:\/\/blogdofarnesio.com.br\/?p=147675","url":"https:\/\/blogdofarnesio.com.br\/?p=147675","name":"SENADO APROVA IMPEACHMENT E DILMA PERDE MANDATO DE PRESIDENTE DA REP\u00daBLICA - Blog do Farn\u00e9sio","isPartOf":{"@id":"https:\/\/blogdofarnesio.com.br\/#website"},"primaryImageOfPage":{"@id":"https:\/\/blogdofarnesio.com.br\/?p=147675#primaryimage"},"image":{"@id":"https:\/\/blogdofarnesio.com.br\/?p=147675#primaryimage"},"thumbnailUrl":"http:\/\/imagem.bocaonews.com.br\/fotos\/noticias\/153277\/mg\/001.jpg?time=1472658811","datePublished":"2016-08-31T16:30:02+00:00","dateModified":"2016-08-31T17:48:11+00:00","breadcrumb":{"@id":"https:\/\/blogdofarnesio.com.br\/?p=147675#breadcrumb"},"inLanguage":"pt-BR","potentialAction":[{"@type":"ReadAction","target":["https:\/\/blogdofarnesio.com.br\/?p=147675"]}]},{"@type":"ImageObject","inLanguage":"pt-BR","@id":"https:\/\/blogdofarnesio.com.br\/?p=147675#primaryimage","url":"http:\/\/imagem.bocaonews.com.br\/fotos\/noticias\/153277\/mg\/001.jpg?time=1472658811","contentUrl":"http:\/\/imagem.bocaonews.com.br\/fotos\/noticias\/153277\/mg\/001.jpg?time=1472658811"},{"@type":"BreadcrumbList","@id":"https:\/\/blogdofarnesio.com.br\/?p=147675#breadcrumb","itemListElement":[{"@type":"ListItem","position":1,"name":"In\u00edcio","item":"https:\/\/blogdofarnesio.com.br\/"},{"@type":"ListItem","position":2,"name":"SENADO APROVA IMPEACHMENT E DILMA PERDE MANDATO DE PRESIDENTE DA REP\u00daBLICA"}]},{"@type":"WebSite","@id":"https:\/\/blogdofarnesio.com.br\/#website","url":"https:\/\/blogdofarnesio.com.br\/","name":"Blog do Farn\u00e9sio","description":"Quer Saber Pol\u00edtica?","publisher":{"@id":"https:\/\/blogdofarnesio.com.br\/#organization"},"potentialAction":[{"@type":"SearchAction","target":{"@type":"EntryPoint","urlTemplate":"https:\/\/blogdofarnesio.com.br\/?s={search_term_string}"},"query-input":{"@type":"PropertyValueSpecification","valueRequired":true,"valueName":"search_term_string"}}],"inLanguage":"pt-BR"},{"@type":"Organization","@id":"https:\/\/blogdofarnesio.com.br\/#organization","name":"Blog do Farn\u00e9sio","url":"https:\/\/blogdofarnesio.com.br\/","logo":{"@type":"ImageObject","inLanguage":"pt-BR","@id":"https:\/\/blogdofarnesio.com.br\/#\/schema\/logo\/image\/","url":"https:\/\/blogdofarnesio.com.br\/wp-content\/uploads\/2026\/03\/cropped-logo_new-1.png","contentUrl":"https:\/\/blogdofarnesio.com.br\/wp-content\/uploads\/2026\/03\/cropped-logo_new-1.png","width":881,"height":685,"caption":"Blog do Farn\u00e9sio"},"image":{"@id":"https:\/\/blogdofarnesio.com.br\/#\/schema\/logo\/image\/"},"sameAs":["https:\/\/www.facebook.com\/BlogQuerSaberPolitica\/"]},{"@type":"Person","@id":"","url":"https:\/\/blogdofarnesio.com.br\/?author=7"}]}},"_links":{"self":[{"href":"https:\/\/blogdofarnesio.com.br\/index.php?rest_route=\/wp\/v2\/posts\/147675","targetHints":{"allow":["GET"]}}],"collection":[{"href":"https:\/\/blogdofarnesio.com.br\/index.php?rest_route=\/wp\/v2\/posts"}],"about":[{"href":"https:\/\/blogdofarnesio.com.br\/index.php?rest_route=\/wp\/v2\/types\/post"}],"author":[{"embeddable":true,"href":"https:\/\/blogdofarnesio.com.br\/index.php?rest_route=\/wp\/v2\/users\/7"}],"replies":[{"embeddable":true,"href":"https:\/\/blogdofarnesio.com.br\/index.php?rest_route=%2Fwp%2Fv2%2Fcomments&post=147675"}],"version-history":[{"count":0,"href":"https:\/\/blogdofarnesio.com.br\/index.php?rest_route=\/wp\/v2\/posts\/147675\/revisions"}],"wp:attachment":[{"href":"https:\/\/blogdofarnesio.com.br\/index.php?rest_route=%2Fwp%2Fv2%2Fmedia&parent=147675"}],"wp:term":[{"taxonomy":"category","embeddable":true,"href":"https:\/\/blogdofarnesio.com.br\/index.php?rest_route=%2Fwp%2Fv2%2Fcategories&post=147675"},{"taxonomy":"post_tag","embeddable":true,"href":"https:\/\/blogdofarnesio.com.br\/index.php?rest_route=%2Fwp%2Fv2%2Ftags&post=147675"}],"curies":[{"name":"wp","href":"https:\/\/api.w.org\/{rel}","templated":true}]}}