{"id":147658,"date":"2016-08-31T12:30:47","date_gmt":"2016-08-31T15:30:47","guid":{"rendered":"http:\/\/www.quersaberpolitica.com.br\/?p=147658"},"modified":"2016-08-31T10:57:39","modified_gmt":"2016-08-31T13:57:39","slug":"dilma-prepara-pronunciamento-apos-julgamento-do-impeachment","status":"publish","type":"post","link":"https:\/\/blogdofarnesio.com.br\/2016\/08\/dilma-prepara-pronunciamento-apos-julgamento-do-impeachment\/","title":{"rendered":"DILMA PREPARA PRONUNCIAMENTO AP\u00d3S JULGAMENTO DO IMPEACHMENT"},"content":{"rendered":"<div class=\"text-center\">\n<div class=\"box-img\">\n<div class=\"img-legenda\"><img decoding=\"async\" class=\"aligncenter\" src=\"http:\/\/imagem.bahianoticias.com.br\/fotos\/estadao_noticias\/146275\/IMAGEM_NOTICIA_5.jpg?checksum=1472641531\" alt=\"Dilma prepara pronunciamento ap\u00f3s julgamento do impeachment\" \/><\/div>\n<div class=\"img-legenda\" style=\"text-align: center\">Foto: Marcelo Camargo \/ Ag\u00eancia Brasil<\/div>\n<\/div>\n<\/div>\n<div class=\"text-descricao\"><\/div>\n<div class=\"text-descricao\" style=\"text-align: justify\">A presidente afastada Dilma Rousseff j\u00e1 prepara um pronunciamento para fazer ap\u00f3s o julgamento do processo de impeachment.\u00a0Sem esperan\u00e7a de vencer a batalha, Dilma ainda n\u00e3o redigiu o texto, mas planeja reiterar o argumento de que a democracia est\u00e1 sendo ferida de morte por um golpe de Estado.\u00a0O pronunciamento dever\u00e1 ser feito no Pal\u00e1cio da Alvorada e divulgado nas redes sociais. O tom ser\u00e1 emocional, na linha de que a hist\u00f3ria far\u00e1 justi\u00e7a \u00e0 primeira mulher eleita presidente.\u00a0Dilma quer destacar que nunca desviou dinheiro p\u00fablico e est\u00e1 sendo v\u00edtima de uma &#8220;injusti\u00e7a&#8221; pol\u00edtica, pagando alto pre\u00e7o por contrariar interesses. Sua inten\u00e7\u00e3o \u00e9 protestar contra a &#8220;ruptura institucional&#8221;, como fez na sess\u00e3o de defesa do Senado, durante quase 14 horas, na segunda-feira.\u00a0Apesar da expectativa desfavor\u00e1vel sobre sua senten\u00e7a, a presidente afastada fez, na ter\u00e7a, v\u00e1rios telefonemas para senadores. A todos, apelava para que n\u00e3o a condenassem sem provas. O ex-presidente Luiz In\u00e1cio Lula da Silva permaneceu em Bras\u00edlia e procurou os que se diziam indecisos, al\u00e9m de dirigentes de partidos.\u00a0Lula tinha expectativa de que a bancada do Maranh\u00e3o &#8211; detentora de tr\u00eas votos &#8211; pudesse apoiar Dilma. Ap\u00f3s a primeira conversa que teve com o senador Edison Lob\u00e3o (PMDB-MA), por\u00e9m, o presidente interino Michel Temer fez press\u00e3o sobre os tr\u00eas maranhenses.\u00a0Ex-ministro de Minas e Energia nos dois governos do PT, Lob\u00e3o avisou Lula que n\u00e3o seria poss\u00edvel votar contra o impeachment. Um dirigente do PT disse ao jornal O Estado de S. Paulo que o ex-presidente previa h\u00e1 tempos o desfecho desta crise, mas tentou at\u00e9 o \u00faltimo minuto virar votos para n\u00e3o ser acusado de abandonar Dilma. As informa\u00e7\u00f5es s\u00e3o do jornal <b>O Estado de S. Paulo.<\/b><\/div>\n","protected":false},"excerpt":{"rendered":"<p>Foto: Marcelo Camargo \/ Ag\u00eancia Brasil A presidente afastada Dilma Rousseff j\u00e1 prepara um pronunciamento para fazer ap\u00f3s o julgamento do processo de impeachment.\u00a0Sem esperan\u00e7a de vencer a batalha, Dilma ainda n\u00e3o redigiu o texto, mas planeja reiterar o argumento de que a democracia est\u00e1 sendo ferida de morte por um golpe de Estado.\u00a0O pronunciamento dever\u00e1 ser feito no Pal\u00e1cio da Alvorada e divulgado nas redes sociais. O tom ser\u00e1 emocional, na linha de que a hist\u00f3ria far\u00e1 justi\u00e7a \u00e0 primeira mulher eleita presidente.\u00a0Dilma quer destacar que nunca desviou dinheiro p\u00fablico e est\u00e1 sendo v\u00edtima de uma &#8220;injusti\u00e7a&#8221; pol\u00edtica, pagando alto pre\u00e7o por contrariar interesses. Sua inten\u00e7\u00e3o \u00e9 protestar contra a &#8220;ruptura institucional&#8221;, como fez na sess\u00e3o de defesa do&hellip; <\/p>\n","protected":false},"author":7,"featured_media":0,"comment_status":"open","ping_status":"open","sticky":false,"template":"","format":"standard","meta":{"_acf_changed":false,"footnotes":""},"categories":[1],"tags":[],"class_list":["post-147658","post","type-post","status-publish","format-standard","hentry","category-politica"],"acf":[],"yoast_head":"<!-- This site is optimized with the Yoast SEO plugin v27.5 - https:\/\/yoast.com\/product\/yoast-seo-wordpress\/ -->\n<title>DILMA PREPARA PRONUNCIAMENTO AP\u00d3S JULGAMENTO DO IMPEACHMENT - Blog do Farn\u00e9sio<\/title>\n<meta name=\"robots\" content=\"index, follow, max-snippet:-1, max-image-preview:large, max-video-preview:-1\" \/>\n<link rel=\"canonical\" href=\"https:\/\/blogdofarnesio.com.br\/2016\/08\/dilma-prepara-pronunciamento-apos-julgamento-do-impeachment\/\" \/>\n<meta property=\"og:locale\" content=\"pt_BR\" \/>\n<meta property=\"og:type\" content=\"article\" \/>\n<meta property=\"og:title\" content=\"DILMA PREPARA PRONUNCIAMENTO AP\u00d3S JULGAMENTO DO IMPEACHMENT - Blog do Farn\u00e9sio\" \/>\n<meta property=\"og:description\" content=\"Foto: Marcelo Camargo \/ Ag\u00eancia Brasil A presidente afastada Dilma Rousseff j\u00e1 prepara um pronunciamento para fazer ap\u00f3s o julgamento do processo de impeachment.\u00a0Sem esperan\u00e7a de vencer a batalha, Dilma ainda n\u00e3o redigiu o texto, mas planeja reiterar o argumento de que a democracia est\u00e1 sendo ferida de morte por um golpe de Estado.\u00a0O pronunciamento dever\u00e1 ser feito no Pal\u00e1cio da Alvorada e divulgado nas redes sociais. O tom ser\u00e1 emocional, na linha de que a hist\u00f3ria far\u00e1 justi\u00e7a \u00e0 primeira mulher eleita presidente.\u00a0Dilma quer destacar que nunca desviou dinheiro p\u00fablico e est\u00e1 sendo v\u00edtima de uma &#8220;injusti\u00e7a&#8221; pol\u00edtica, pagando alto pre\u00e7o por contrariar interesses. Sua inten\u00e7\u00e3o \u00e9 protestar contra a &#8220;ruptura institucional&#8221;, como fez na sess\u00e3o de defesa do&hellip;\" \/>\n<meta property=\"og:url\" content=\"https:\/\/blogdofarnesio.com.br\/2016\/08\/dilma-prepara-pronunciamento-apos-julgamento-do-impeachment\/\" \/>\n<meta property=\"og:site_name\" content=\"Blog do Farn\u00e9sio\" \/>\n<meta property=\"article:publisher\" content=\"https:\/\/www.facebook.com\/BlogQuerSaberPolitica\/\" \/>\n<meta property=\"article:published_time\" content=\"2016-08-31T15:30:47+00:00\" \/>\n<meta property=\"og:image\" content=\"http:\/\/imagem.bahianoticias.com.br\/fotos\/estadao_noticias\/146275\/IMAGEM_NOTICIA_5.jpg?checksum=1472641531\" \/>\n<meta name=\"twitter:card\" content=\"summary_large_image\" \/>\n<meta name=\"twitter:label1\" content=\"Escrito por\" \/>\n\t<meta name=\"twitter:data1\" content=\"\" \/>\n\t<meta name=\"twitter:label2\" content=\"Est. tempo de leitura\" \/>\n\t<meta name=\"twitter:data2\" content=\"2 minutos\" \/>\n<script type=\"application\/ld+json\" class=\"yoast-schema-graph\">{\"@context\":\"https:\\\/\\\/schema.org\",\"@graph\":[{\"@type\":\"Article\",\"@id\":\"https:\\\/\\\/blogdofarnesio.com.br\\\/2016\\\/08\\\/dilma-prepara-pronunciamento-apos-julgamento-do-impeachment\\\/#article\",\"isPartOf\":{\"@id\":\"https:\\\/\\\/blogdofarnesio.com.br\\\/2016\\\/08\\\/dilma-prepara-pronunciamento-apos-julgamento-do-impeachment\\\/\"},\"author\":{\"name\":\"\",\"@id\":\"\"},\"headline\":\"DILMA PREPARA PRONUNCIAMENTO AP\u00d3S JULGAMENTO DO IMPEACHMENT\",\"datePublished\":\"2016-08-31T15:30:47+00:00\",\"mainEntityOfPage\":{\"@id\":\"https:\\\/\\\/blogdofarnesio.com.br\\\/2016\\\/08\\\/dilma-prepara-pronunciamento-apos-julgamento-do-impeachment\\\/\"},\"wordCount\":328,\"commentCount\":0,\"publisher\":{\"@id\":\"https:\\\/\\\/blogdofarnesio.com.br\\\/#organization\"},\"image\":{\"@id\":\"https:\\\/\\\/blogdofarnesio.com.br\\\/2016\\\/08\\\/dilma-prepara-pronunciamento-apos-julgamento-do-impeachment\\\/#primaryimage\"},\"thumbnailUrl\":\"http:\\\/\\\/imagem.bahianoticias.com.br\\\/fotos\\\/estadao_noticias\\\/146275\\\/IMAGEM_NOTICIA_5.jpg?checksum=1472641531\",\"articleSection\":[\"Pol\u00edtica\"],\"inLanguage\":\"pt-BR\",\"potentialAction\":[{\"@type\":\"CommentAction\",\"name\":\"Comment\",\"target\":[\"https:\\\/\\\/blogdofarnesio.com.br\\\/2016\\\/08\\\/dilma-prepara-pronunciamento-apos-julgamento-do-impeachment\\\/#respond\"]}]},{\"@type\":\"WebPage\",\"@id\":\"https:\\\/\\\/blogdofarnesio.com.br\\\/2016\\\/08\\\/dilma-prepara-pronunciamento-apos-julgamento-do-impeachment\\\/\",\"url\":\"https:\\\/\\\/blogdofarnesio.com.br\\\/2016\\\/08\\\/dilma-prepara-pronunciamento-apos-julgamento-do-impeachment\\\/\",\"name\":\"DILMA PREPARA PRONUNCIAMENTO AP\u00d3S JULGAMENTO DO IMPEACHMENT - Blog do Farn\u00e9sio\",\"isPartOf\":{\"@id\":\"https:\\\/\\\/blogdofarnesio.com.br\\\/#website\"},\"primaryImageOfPage\":{\"@id\":\"https:\\\/\\\/blogdofarnesio.com.br\\\/2016\\\/08\\\/dilma-prepara-pronunciamento-apos-julgamento-do-impeachment\\\/#primaryimage\"},\"image\":{\"@id\":\"https:\\\/\\\/blogdofarnesio.com.br\\\/2016\\\/08\\\/dilma-prepara-pronunciamento-apos-julgamento-do-impeachment\\\/#primaryimage\"},\"thumbnailUrl\":\"http:\\\/\\\/imagem.bahianoticias.com.br\\\/fotos\\\/estadao_noticias\\\/146275\\\/IMAGEM_NOTICIA_5.jpg?checksum=1472641531\",\"datePublished\":\"2016-08-31T15:30:47+00:00\",\"breadcrumb\":{\"@id\":\"https:\\\/\\\/blogdofarnesio.com.br\\\/2016\\\/08\\\/dilma-prepara-pronunciamento-apos-julgamento-do-impeachment\\\/#breadcrumb\"},\"inLanguage\":\"pt-BR\",\"potentialAction\":[{\"@type\":\"ReadAction\",\"target\":[\"https:\\\/\\\/blogdofarnesio.com.br\\\/2016\\\/08\\\/dilma-prepara-pronunciamento-apos-julgamento-do-impeachment\\\/\"]}]},{\"@type\":\"ImageObject\",\"inLanguage\":\"pt-BR\",\"@id\":\"https:\\\/\\\/blogdofarnesio.com.br\\\/2016\\\/08\\\/dilma-prepara-pronunciamento-apos-julgamento-do-impeachment\\\/#primaryimage\",\"url\":\"http:\\\/\\\/imagem.bahianoticias.com.br\\\/fotos\\\/estadao_noticias\\\/146275\\\/IMAGEM_NOTICIA_5.jpg?checksum=1472641531\",\"contentUrl\":\"http:\\\/\\\/imagem.bahianoticias.com.br\\\/fotos\\\/estadao_noticias\\\/146275\\\/IMAGEM_NOTICIA_5.jpg?checksum=1472641531\"},{\"@type\":\"BreadcrumbList\",\"@id\":\"https:\\\/\\\/blogdofarnesio.com.br\\\/2016\\\/08\\\/dilma-prepara-pronunciamento-apos-julgamento-do-impeachment\\\/#breadcrumb\",\"itemListElement\":[{\"@type\":\"ListItem\",\"position\":1,\"name\":\"In\u00edcio\",\"item\":\"https:\\\/\\\/blogdofarnesio.com.br\\\/\"},{\"@type\":\"ListItem\",\"position\":2,\"name\":\"DILMA PREPARA PRONUNCIAMENTO AP\u00d3S JULGAMENTO DO IMPEACHMENT\"}]},{\"@type\":\"WebSite\",\"@id\":\"https:\\\/\\\/blogdofarnesio.com.br\\\/#website\",\"url\":\"https:\\\/\\\/blogdofarnesio.com.br\\\/\",\"name\":\"Blog do Farn\u00e9sio\",\"description\":\"Quer Saber Pol\u00edtica?\",\"publisher\":{\"@id\":\"https:\\\/\\\/blogdofarnesio.com.br\\\/#organization\"},\"potentialAction\":[{\"@type\":\"SearchAction\",\"target\":{\"@type\":\"EntryPoint\",\"urlTemplate\":\"https:\\\/\\\/blogdofarnesio.com.br\\\/?s={search_term_string}\"},\"query-input\":{\"@type\":\"PropertyValueSpecification\",\"valueRequired\":true,\"valueName\":\"search_term_string\"}}],\"inLanguage\":\"pt-BR\"},{\"@type\":\"Organization\",\"@id\":\"https:\\\/\\\/blogdofarnesio.com.br\\\/#organization\",\"name\":\"Blog do Farn\u00e9sio\",\"url\":\"https:\\\/\\\/blogdofarnesio.com.br\\\/\",\"logo\":{\"@type\":\"ImageObject\",\"inLanguage\":\"pt-BR\",\"@id\":\"https:\\\/\\\/blogdofarnesio.com.br\\\/#\\\/schema\\\/logo\\\/image\\\/\",\"url\":\"https:\\\/\\\/blogdofarnesio.com.br\\\/wp-content\\\/uploads\\\/2026\\\/03\\\/cropped-logo_new-1.png\",\"contentUrl\":\"https:\\\/\\\/blogdofarnesio.com.br\\\/wp-content\\\/uploads\\\/2026\\\/03\\\/cropped-logo_new-1.png\",\"width\":881,\"height\":685,\"caption\":\"Blog do Farn\u00e9sio\"},\"image\":{\"@id\":\"https:\\\/\\\/blogdofarnesio.com.br\\\/#\\\/schema\\\/logo\\\/image\\\/\"},\"sameAs\":[\"https:\\\/\\\/www.facebook.com\\\/BlogQuerSaberPolitica\\\/\"]},{\"@type\":\"Person\",\"@id\":\"\",\"url\":\"https:\\\/\\\/blogdofarnesio.com.br\\\/author\\\/\"}]}<\/script>\n<!-- \/ Yoast SEO plugin. -->","yoast_head_json":{"title":"DILMA PREPARA PRONUNCIAMENTO AP\u00d3S JULGAMENTO DO IMPEACHMENT - Blog do Farn\u00e9sio","robots":{"index":"index","follow":"follow","max-snippet":"max-snippet:-1","max-image-preview":"max-image-preview:large","max-video-preview":"max-video-preview:-1"},"canonical":"https:\/\/blogdofarnesio.com.br\/2016\/08\/dilma-prepara-pronunciamento-apos-julgamento-do-impeachment\/","og_locale":"pt_BR","og_type":"article","og_title":"DILMA PREPARA PRONUNCIAMENTO AP\u00d3S JULGAMENTO DO IMPEACHMENT - Blog do Farn\u00e9sio","og_description":"Foto: Marcelo Camargo \/ Ag\u00eancia Brasil A presidente afastada Dilma Rousseff j\u00e1 prepara um pronunciamento para fazer ap\u00f3s o julgamento do processo de impeachment.\u00a0Sem esperan\u00e7a de vencer a batalha, Dilma ainda n\u00e3o redigiu o texto, mas planeja reiterar o argumento de que a democracia est\u00e1 sendo ferida de morte por um golpe de Estado.\u00a0O pronunciamento dever\u00e1 ser feito no Pal\u00e1cio da Alvorada e divulgado nas redes sociais. O tom ser\u00e1 emocional, na linha de que a hist\u00f3ria far\u00e1 justi\u00e7a \u00e0 primeira mulher eleita presidente.\u00a0Dilma quer destacar que nunca desviou dinheiro p\u00fablico e est\u00e1 sendo v\u00edtima de uma &#8220;injusti\u00e7a&#8221; pol\u00edtica, pagando alto pre\u00e7o por contrariar interesses. Sua inten\u00e7\u00e3o \u00e9 protestar contra a &#8220;ruptura institucional&#8221;, como fez na sess\u00e3o de defesa do&hellip;","og_url":"https:\/\/blogdofarnesio.com.br\/2016\/08\/dilma-prepara-pronunciamento-apos-julgamento-do-impeachment\/","og_site_name":"Blog do Farn\u00e9sio","article_publisher":"https:\/\/www.facebook.com\/BlogQuerSaberPolitica\/","article_published_time":"2016-08-31T15:30:47+00:00","og_image":[{"url":"http:\/\/imagem.bahianoticias.com.br\/fotos\/estadao_noticias\/146275\/IMAGEM_NOTICIA_5.jpg?checksum=1472641531","type":"","width":"","height":""}],"twitter_card":"summary_large_image","twitter_misc":{"Escrito por":"","Est. tempo de leitura":"2 minutos"},"schema":{"@context":"https:\/\/schema.org","@graph":[{"@type":"Article","@id":"https:\/\/blogdofarnesio.com.br\/2016\/08\/dilma-prepara-pronunciamento-apos-julgamento-do-impeachment\/#article","isPartOf":{"@id":"https:\/\/blogdofarnesio.com.br\/2016\/08\/dilma-prepara-pronunciamento-apos-julgamento-do-impeachment\/"},"author":{"name":"","@id":""},"headline":"DILMA PREPARA PRONUNCIAMENTO AP\u00d3S JULGAMENTO DO IMPEACHMENT","datePublished":"2016-08-31T15:30:47+00:00","mainEntityOfPage":{"@id":"https:\/\/blogdofarnesio.com.br\/2016\/08\/dilma-prepara-pronunciamento-apos-julgamento-do-impeachment\/"},"wordCount":328,"commentCount":0,"publisher":{"@id":"https:\/\/blogdofarnesio.com.br\/#organization"},"image":{"@id":"https:\/\/blogdofarnesio.com.br\/2016\/08\/dilma-prepara-pronunciamento-apos-julgamento-do-impeachment\/#primaryimage"},"thumbnailUrl":"http:\/\/imagem.bahianoticias.com.br\/fotos\/estadao_noticias\/146275\/IMAGEM_NOTICIA_5.jpg?checksum=1472641531","articleSection":["Pol\u00edtica"],"inLanguage":"pt-BR","potentialAction":[{"@type":"CommentAction","name":"Comment","target":["https:\/\/blogdofarnesio.com.br\/2016\/08\/dilma-prepara-pronunciamento-apos-julgamento-do-impeachment\/#respond"]}]},{"@type":"WebPage","@id":"https:\/\/blogdofarnesio.com.br\/2016\/08\/dilma-prepara-pronunciamento-apos-julgamento-do-impeachment\/","url":"https:\/\/blogdofarnesio.com.br\/2016\/08\/dilma-prepara-pronunciamento-apos-julgamento-do-impeachment\/","name":"DILMA PREPARA PRONUNCIAMENTO AP\u00d3S JULGAMENTO DO IMPEACHMENT - Blog do Farn\u00e9sio","isPartOf":{"@id":"https:\/\/blogdofarnesio.com.br\/#website"},"primaryImageOfPage":{"@id":"https:\/\/blogdofarnesio.com.br\/2016\/08\/dilma-prepara-pronunciamento-apos-julgamento-do-impeachment\/#primaryimage"},"image":{"@id":"https:\/\/blogdofarnesio.com.br\/2016\/08\/dilma-prepara-pronunciamento-apos-julgamento-do-impeachment\/#primaryimage"},"thumbnailUrl":"http:\/\/imagem.bahianoticias.com.br\/fotos\/estadao_noticias\/146275\/IMAGEM_NOTICIA_5.jpg?checksum=1472641531","datePublished":"2016-08-31T15:30:47+00:00","breadcrumb":{"@id":"https:\/\/blogdofarnesio.com.br\/2016\/08\/dilma-prepara-pronunciamento-apos-julgamento-do-impeachment\/#breadcrumb"},"inLanguage":"pt-BR","potentialAction":[{"@type":"ReadAction","target":["https:\/\/blogdofarnesio.com.br\/2016\/08\/dilma-prepara-pronunciamento-apos-julgamento-do-impeachment\/"]}]},{"@type":"ImageObject","inLanguage":"pt-BR","@id":"https:\/\/blogdofarnesio.com.br\/2016\/08\/dilma-prepara-pronunciamento-apos-julgamento-do-impeachment\/#primaryimage","url":"http:\/\/imagem.bahianoticias.com.br\/fotos\/estadao_noticias\/146275\/IMAGEM_NOTICIA_5.jpg?checksum=1472641531","contentUrl":"http:\/\/imagem.bahianoticias.com.br\/fotos\/estadao_noticias\/146275\/IMAGEM_NOTICIA_5.jpg?checksum=1472641531"},{"@type":"BreadcrumbList","@id":"https:\/\/blogdofarnesio.com.br\/2016\/08\/dilma-prepara-pronunciamento-apos-julgamento-do-impeachment\/#breadcrumb","itemListElement":[{"@type":"ListItem","position":1,"name":"In\u00edcio","item":"https:\/\/blogdofarnesio.com.br\/"},{"@type":"ListItem","position":2,"name":"DILMA PREPARA PRONUNCIAMENTO AP\u00d3S JULGAMENTO DO IMPEACHMENT"}]},{"@type":"WebSite","@id":"https:\/\/blogdofarnesio.com.br\/#website","url":"https:\/\/blogdofarnesio.com.br\/","name":"Blog do Farn\u00e9sio","description":"Quer Saber Pol\u00edtica?","publisher":{"@id":"https:\/\/blogdofarnesio.com.br\/#organization"},"potentialAction":[{"@type":"SearchAction","target":{"@type":"EntryPoint","urlTemplate":"https:\/\/blogdofarnesio.com.br\/?s={search_term_string}"},"query-input":{"@type":"PropertyValueSpecification","valueRequired":true,"valueName":"search_term_string"}}],"inLanguage":"pt-BR"},{"@type":"Organization","@id":"https:\/\/blogdofarnesio.com.br\/#organization","name":"Blog do Farn\u00e9sio","url":"https:\/\/blogdofarnesio.com.br\/","logo":{"@type":"ImageObject","inLanguage":"pt-BR","@id":"https:\/\/blogdofarnesio.com.br\/#\/schema\/logo\/image\/","url":"https:\/\/blogdofarnesio.com.br\/wp-content\/uploads\/2026\/03\/cropped-logo_new-1.png","contentUrl":"https:\/\/blogdofarnesio.com.br\/wp-content\/uploads\/2026\/03\/cropped-logo_new-1.png","width":881,"height":685,"caption":"Blog do Farn\u00e9sio"},"image":{"@id":"https:\/\/blogdofarnesio.com.br\/#\/schema\/logo\/image\/"},"sameAs":["https:\/\/www.facebook.com\/BlogQuerSaberPolitica\/"]},{"@type":"Person","@id":"","url":"https:\/\/blogdofarnesio.com.br\/author\/"}]}},"_links":{"self":[{"href":"https:\/\/blogdofarnesio.com.br\/wp-json\/wp\/v2\/posts\/147658","targetHints":{"allow":["GET"]}}],"collection":[{"href":"https:\/\/blogdofarnesio.com.br\/wp-json\/wp\/v2\/posts"}],"about":[{"href":"https:\/\/blogdofarnesio.com.br\/wp-json\/wp\/v2\/types\/post"}],"author":[{"embeddable":true,"href":"https:\/\/blogdofarnesio.com.br\/wp-json\/wp\/v2\/users\/7"}],"replies":[{"embeddable":true,"href":"https:\/\/blogdofarnesio.com.br\/wp-json\/wp\/v2\/comments?post=147658"}],"version-history":[{"count":0,"href":"https:\/\/blogdofarnesio.com.br\/wp-json\/wp\/v2\/posts\/147658\/revisions"}],"wp:attachment":[{"href":"https:\/\/blogdofarnesio.com.br\/wp-json\/wp\/v2\/media?parent=147658"}],"wp:term":[{"taxonomy":"category","embeddable":true,"href":"https:\/\/blogdofarnesio.com.br\/wp-json\/wp\/v2\/categories?post=147658"},{"taxonomy":"post_tag","embeddable":true,"href":"https:\/\/blogdofarnesio.com.br\/wp-json\/wp\/v2\/tags?post=147658"}],"curies":[{"name":"wp","href":"https:\/\/api.w.org\/{rel}","templated":true}]}}