{"id":147649,"date":"2016-08-31T14:20:47","date_gmt":"2016-08-31T17:20:47","guid":{"rendered":"http:\/\/www.quersaberpolitica.com.br\/?p=147649"},"modified":"2016-08-31T11:02:59","modified_gmt":"2016-08-31T14:02:59","slug":"os-sonhos-podem-governar-diz-medeiros-em-inauguracao-do-comite-de-suzana-e-leao","status":"publish","type":"post","link":"https:\/\/blogdofarnesio.com.br\/?p=147649","title":{"rendered":"\u201cOS SONHOS PODEM GOVERNAR\u201d, DIZ MEDEIROS EM INAUGURA\u00c7\u00c3O DO COMIT\u00ca DE SUZANA E LE\u00c3O"},"content":{"rendered":"<p style=\"text-align: justify\"><a href=\"http:\/\/www.quersaberpolitica.com.br\/2016\/wp-content\/uploads\/2016\/08\/blog-qsp-inagura\u00e7\u00e3o-comit\u00ea.jpg\"><img loading=\"lazy\" decoding=\"async\" class=\"wp-image-147650 aligncenter\" src=\"http:\/\/www.quersaberpolitica.com.br\/2016\/wp-content\/uploads\/2016\/08\/blog-qsp-inagura\u00e7\u00e3o-comit\u00ea-300x169.jpg\" alt=\"blog-qsp-inagura\u00e7\u00e3o-comit\u00ea\" width=\"419\" height=\"243\" \/><\/a><\/p>\n<p style=\"text-align: justify\">Na \u00faltima semana, a coliga\u00e7\u00e3o \u2018Juazeiro no Cora\u00e7\u00e3o\u2019 (PPS, PSDB e DEM) realizaram a inaugura\u00e7\u00e3o do Comit\u00ea central da campanha, que tem o delegado Charles Le\u00e3o, como candidato a prefeito, e a vereadora Suzana Ramos, como candidata a vice-prefeita. O ponto de apoio fica localizado na Avenida Adolfo Viana, centro, em frente \u00e0 Pra\u00e7a Ded\u00e9 Caxias.<\/p>\n<p style=\"text-align: justify\">O vereador e candidato \u00e0 reelei\u00e7\u00e3o Z\u00e9 Carlos Medeiros (PSDB) participou do evento. Medeiros chegou com uma grande comitiva. \u201cEstamos juntos nesse projeto de transformar nossa cidade. Le\u00e3o e Suzana s\u00e3o os representantes do povo que o povo da nossa terra se identifica e quer. Essa grande festa, a Avenida tomada\u00a0 \u00e9 a prova\u201d, comentou o tucano.<\/p>\n<p style=\"text-align: justify\"><!--more--><\/p>\n<p style=\"text-align: justify\">Segundo o candidato, a chapa Le\u00e3o e Suzana tem plena condi\u00e7\u00e3o de ganhar a elei\u00e7\u00e3o e fazer uma administra\u00e7\u00e3o diferente. \u201cTenho certeza que vamos instalar um novo governo em nossa cidade.\u00a0 Temos um sonho de uma cidade mais justa, humana, e tenho certeza que os sonhos podem governar. Assim, vamos trazer o progresso que nossa terra tanto almeja. Vamos, na C\u00e2mara e na Prefeitura, cuidar das pessoas e da cidade\u201d, pontuou.<\/p>\n<p>&nbsp;<\/p>\n<p><em>Ascom- Z\u00e9 Carlos Medeiros\u00a0<\/em><\/p>\n","protected":false},"excerpt":{"rendered":"<p>Na \u00faltima semana, a coliga\u00e7\u00e3o \u2018Juazeiro no Cora\u00e7\u00e3o\u2019 (PPS, PSDB e DEM) realizaram a inaugura\u00e7\u00e3o do Comit\u00ea central da campanha, que tem o delegado Charles Le\u00e3o, como candidato a prefeito, e a vereadora Suzana Ramos, como candidata a vice-prefeita. O ponto de apoio fica localizado na Avenida Adolfo Viana, centro, em frente \u00e0 Pra\u00e7a Ded\u00e9 Caxias. O vereador e candidato \u00e0 reelei\u00e7\u00e3o Z\u00e9 Carlos Medeiros (PSDB) participou do evento. Medeiros chegou com uma grande comitiva. \u201cEstamos juntos nesse projeto de transformar nossa cidade. Le\u00e3o e Suzana s\u00e3o os representantes do povo que o povo da nossa terra se identifica e quer. Essa grande festa, a Avenida tomada\u00a0 \u00e9 a prova\u201d, comentou o tucano.<\/p>\n","protected":false},"author":7,"featured_media":0,"comment_status":"open","ping_status":"open","sticky":false,"template":"","format":"standard","meta":{"_acf_changed":false,"footnotes":""},"categories":[1],"tags":[],"class_list":["post-147649","post","type-post","status-publish","format-standard","hentry","category-politica"],"acf":[],"yoast_head":"<!-- This site is optimized with the Yoast SEO plugin v27.4 - https:\/\/yoast.com\/product\/yoast-seo-wordpress\/ -->\n<title>\u201cOS SONHOS PODEM GOVERNAR\u201d, DIZ MEDEIROS EM INAUGURA\u00c7\u00c3O DO COMIT\u00ca DE SUZANA E LE\u00c3O - Blog do Farn\u00e9sio<\/title>\n<meta name=\"robots\" content=\"index, follow, max-snippet:-1, max-image-preview:large, max-video-preview:-1\" \/>\n<link rel=\"canonical\" href=\"https:\/\/blogdofarnesio.com.br\/?p=147649\" \/>\n<meta property=\"og:locale\" content=\"pt_BR\" \/>\n<meta property=\"og:type\" content=\"article\" \/>\n<meta property=\"og:title\" content=\"\u201cOS SONHOS PODEM GOVERNAR\u201d, DIZ MEDEIROS EM INAUGURA\u00c7\u00c3O DO COMIT\u00ca DE SUZANA E LE\u00c3O - Blog do Farn\u00e9sio\" \/>\n<meta property=\"og:description\" content=\"Na \u00faltima semana, a coliga\u00e7\u00e3o \u2018Juazeiro no Cora\u00e7\u00e3o\u2019 (PPS, PSDB e DEM) realizaram a inaugura\u00e7\u00e3o do Comit\u00ea central da campanha, que tem o delegado Charles Le\u00e3o, como candidato a prefeito, e a vereadora Suzana Ramos, como candidata a vice-prefeita. O ponto de apoio fica localizado na Avenida Adolfo Viana, centro, em frente \u00e0 Pra\u00e7a Ded\u00e9 Caxias. O vereador e candidato \u00e0 reelei\u00e7\u00e3o Z\u00e9 Carlos Medeiros (PSDB) participou do evento. Medeiros chegou com uma grande comitiva. \u201cEstamos juntos nesse projeto de transformar nossa cidade. Le\u00e3o e Suzana s\u00e3o os representantes do povo que o povo da nossa terra se identifica e quer. Essa grande festa, a Avenida tomada\u00a0 \u00e9 a prova\u201d, comentou o tucano.\" \/>\n<meta property=\"og:url\" content=\"https:\/\/blogdofarnesio.com.br\/?p=147649\" \/>\n<meta property=\"og:site_name\" content=\"Blog do Farn\u00e9sio\" \/>\n<meta property=\"article:publisher\" content=\"https:\/\/www.facebook.com\/BlogQuerSaberPolitica\/\" \/>\n<meta property=\"article:published_time\" content=\"2016-08-31T17:20:47+00:00\" \/>\n<meta name=\"twitter:card\" content=\"summary_large_image\" \/>\n<meta name=\"twitter:label1\" content=\"Escrito por\" \/>\n\t<meta name=\"twitter:data1\" content=\"\" \/>\n\t<meta name=\"twitter:label2\" content=\"Est. tempo de leitura\" \/>\n\t<meta name=\"twitter:data2\" content=\"1 minuto\" \/>\n<script type=\"application\/ld+json\" class=\"yoast-schema-graph\">{\"@context\":\"https:\\\/\\\/schema.org\",\"@graph\":[{\"@type\":\"Article\",\"@id\":\"https:\\\/\\\/blogdofarnesio.com.br\\\/?p=147649#article\",\"isPartOf\":{\"@id\":\"https:\\\/\\\/blogdofarnesio.com.br\\\/?p=147649\"},\"author\":{\"name\":\"\",\"@id\":\"\"},\"headline\":\"\u201cOS SONHOS PODEM GOVERNAR\u201d, DIZ MEDEIROS EM INAUGURA\u00c7\u00c3O DO COMIT\u00ca DE SUZANA E LE\u00c3O\",\"datePublished\":\"2016-08-31T17:20:47+00:00\",\"mainEntityOfPage\":{\"@id\":\"https:\\\/\\\/blogdofarnesio.com.br\\\/?p=147649\"},\"wordCount\":215,\"commentCount\":0,\"publisher\":{\"@id\":\"https:\\\/\\\/blogdofarnesio.com.br\\\/#organization\"},\"articleSection\":[\"Pol\u00edtica\"],\"inLanguage\":\"pt-BR\",\"potentialAction\":[{\"@type\":\"CommentAction\",\"name\":\"Comment\",\"target\":[\"https:\\\/\\\/blogdofarnesio.com.br\\\/?p=147649#respond\"]}]},{\"@type\":\"WebPage\",\"@id\":\"https:\\\/\\\/blogdofarnesio.com.br\\\/?p=147649\",\"url\":\"https:\\\/\\\/blogdofarnesio.com.br\\\/?p=147649\",\"name\":\"\u201cOS SONHOS PODEM GOVERNAR\u201d, DIZ MEDEIROS EM INAUGURA\u00c7\u00c3O DO COMIT\u00ca DE SUZANA E LE\u00c3O - Blog do Farn\u00e9sio\",\"isPartOf\":{\"@id\":\"https:\\\/\\\/blogdofarnesio.com.br\\\/#website\"},\"datePublished\":\"2016-08-31T17:20:47+00:00\",\"breadcrumb\":{\"@id\":\"https:\\\/\\\/blogdofarnesio.com.br\\\/?p=147649#breadcrumb\"},\"inLanguage\":\"pt-BR\",\"potentialAction\":[{\"@type\":\"ReadAction\",\"target\":[\"https:\\\/\\\/blogdofarnesio.com.br\\\/?p=147649\"]}]},{\"@type\":\"BreadcrumbList\",\"@id\":\"https:\\\/\\\/blogdofarnesio.com.br\\\/?p=147649#breadcrumb\",\"itemListElement\":[{\"@type\":\"ListItem\",\"position\":1,\"name\":\"In\u00edcio\",\"item\":\"https:\\\/\\\/blogdofarnesio.com.br\\\/\"},{\"@type\":\"ListItem\",\"position\":2,\"name\":\"\u201cOS SONHOS PODEM GOVERNAR\u201d, DIZ MEDEIROS EM INAUGURA\u00c7\u00c3O DO COMIT\u00ca DE SUZANA E LE\u00c3O\"}]},{\"@type\":\"WebSite\",\"@id\":\"https:\\\/\\\/blogdofarnesio.com.br\\\/#website\",\"url\":\"https:\\\/\\\/blogdofarnesio.com.br\\\/\",\"name\":\"Blog do Farn\u00e9sio\",\"description\":\"Quer Saber Pol\u00edtica?\",\"publisher\":{\"@id\":\"https:\\\/\\\/blogdofarnesio.com.br\\\/#organization\"},\"potentialAction\":[{\"@type\":\"SearchAction\",\"target\":{\"@type\":\"EntryPoint\",\"urlTemplate\":\"https:\\\/\\\/blogdofarnesio.com.br\\\/?s={search_term_string}\"},\"query-input\":{\"@type\":\"PropertyValueSpecification\",\"valueRequired\":true,\"valueName\":\"search_term_string\"}}],\"inLanguage\":\"pt-BR\"},{\"@type\":\"Organization\",\"@id\":\"https:\\\/\\\/blogdofarnesio.com.br\\\/#organization\",\"name\":\"Blog do Farn\u00e9sio\",\"url\":\"https:\\\/\\\/blogdofarnesio.com.br\\\/\",\"logo\":{\"@type\":\"ImageObject\",\"inLanguage\":\"pt-BR\",\"@id\":\"https:\\\/\\\/blogdofarnesio.com.br\\\/#\\\/schema\\\/logo\\\/image\\\/\",\"url\":\"https:\\\/\\\/blogdofarnesio.com.br\\\/wp-content\\\/uploads\\\/2026\\\/03\\\/cropped-logo_new-1.png\",\"contentUrl\":\"https:\\\/\\\/blogdofarnesio.com.br\\\/wp-content\\\/uploads\\\/2026\\\/03\\\/cropped-logo_new-1.png\",\"width\":881,\"height\":685,\"caption\":\"Blog do Farn\u00e9sio\"},\"image\":{\"@id\":\"https:\\\/\\\/blogdofarnesio.com.br\\\/#\\\/schema\\\/logo\\\/image\\\/\"},\"sameAs\":[\"https:\\\/\\\/www.facebook.com\\\/BlogQuerSaberPolitica\\\/\"]},{\"@type\":\"Person\",\"@id\":\"\",\"url\":\"https:\\\/\\\/blogdofarnesio.com.br\\\/?author=7\"}]}<\/script>\n<!-- \/ Yoast SEO plugin. -->","yoast_head_json":{"title":"\u201cOS SONHOS PODEM GOVERNAR\u201d, DIZ MEDEIROS EM INAUGURA\u00c7\u00c3O DO COMIT\u00ca DE SUZANA E LE\u00c3O - Blog do Farn\u00e9sio","robots":{"index":"index","follow":"follow","max-snippet":"max-snippet:-1","max-image-preview":"max-image-preview:large","max-video-preview":"max-video-preview:-1"},"canonical":"https:\/\/blogdofarnesio.com.br\/?p=147649","og_locale":"pt_BR","og_type":"article","og_title":"\u201cOS SONHOS PODEM GOVERNAR\u201d, DIZ MEDEIROS EM INAUGURA\u00c7\u00c3O DO COMIT\u00ca DE SUZANA E LE\u00c3O - Blog do Farn\u00e9sio","og_description":"Na \u00faltima semana, a coliga\u00e7\u00e3o \u2018Juazeiro no Cora\u00e7\u00e3o\u2019 (PPS, PSDB e DEM) realizaram a inaugura\u00e7\u00e3o do Comit\u00ea central da campanha, que tem o delegado Charles Le\u00e3o, como candidato a prefeito, e a vereadora Suzana Ramos, como candidata a vice-prefeita. O ponto de apoio fica localizado na Avenida Adolfo Viana, centro, em frente \u00e0 Pra\u00e7a Ded\u00e9 Caxias. O vereador e candidato \u00e0 reelei\u00e7\u00e3o Z\u00e9 Carlos Medeiros (PSDB) participou do evento. Medeiros chegou com uma grande comitiva. \u201cEstamos juntos nesse projeto de transformar nossa cidade. Le\u00e3o e Suzana s\u00e3o os representantes do povo que o povo da nossa terra se identifica e quer. Essa grande festa, a Avenida tomada\u00a0 \u00e9 a prova\u201d, comentou o tucano.","og_url":"https:\/\/blogdofarnesio.com.br\/?p=147649","og_site_name":"Blog do Farn\u00e9sio","article_publisher":"https:\/\/www.facebook.com\/BlogQuerSaberPolitica\/","article_published_time":"2016-08-31T17:20:47+00:00","twitter_card":"summary_large_image","twitter_misc":{"Escrito por":"","Est. tempo de leitura":"1 minuto"},"schema":{"@context":"https:\/\/schema.org","@graph":[{"@type":"Article","@id":"https:\/\/blogdofarnesio.com.br\/?p=147649#article","isPartOf":{"@id":"https:\/\/blogdofarnesio.com.br\/?p=147649"},"author":{"name":"","@id":""},"headline":"\u201cOS SONHOS PODEM GOVERNAR\u201d, DIZ MEDEIROS EM INAUGURA\u00c7\u00c3O DO COMIT\u00ca DE SUZANA E LE\u00c3O","datePublished":"2016-08-31T17:20:47+00:00","mainEntityOfPage":{"@id":"https:\/\/blogdofarnesio.com.br\/?p=147649"},"wordCount":215,"commentCount":0,"publisher":{"@id":"https:\/\/blogdofarnesio.com.br\/#organization"},"articleSection":["Pol\u00edtica"],"inLanguage":"pt-BR","potentialAction":[{"@type":"CommentAction","name":"Comment","target":["https:\/\/blogdofarnesio.com.br\/?p=147649#respond"]}]},{"@type":"WebPage","@id":"https:\/\/blogdofarnesio.com.br\/?p=147649","url":"https:\/\/blogdofarnesio.com.br\/?p=147649","name":"\u201cOS SONHOS PODEM GOVERNAR\u201d, DIZ MEDEIROS EM INAUGURA\u00c7\u00c3O DO COMIT\u00ca DE SUZANA E LE\u00c3O - Blog do Farn\u00e9sio","isPartOf":{"@id":"https:\/\/blogdofarnesio.com.br\/#website"},"datePublished":"2016-08-31T17:20:47+00:00","breadcrumb":{"@id":"https:\/\/blogdofarnesio.com.br\/?p=147649#breadcrumb"},"inLanguage":"pt-BR","potentialAction":[{"@type":"ReadAction","target":["https:\/\/blogdofarnesio.com.br\/?p=147649"]}]},{"@type":"BreadcrumbList","@id":"https:\/\/blogdofarnesio.com.br\/?p=147649#breadcrumb","itemListElement":[{"@type":"ListItem","position":1,"name":"In\u00edcio","item":"https:\/\/blogdofarnesio.com.br\/"},{"@type":"ListItem","position":2,"name":"\u201cOS SONHOS PODEM GOVERNAR\u201d, DIZ MEDEIROS EM INAUGURA\u00c7\u00c3O DO COMIT\u00ca DE SUZANA E LE\u00c3O"}]},{"@type":"WebSite","@id":"https:\/\/blogdofarnesio.com.br\/#website","url":"https:\/\/blogdofarnesio.com.br\/","name":"Blog do Farn\u00e9sio","description":"Quer Saber Pol\u00edtica?","publisher":{"@id":"https:\/\/blogdofarnesio.com.br\/#organization"},"potentialAction":[{"@type":"SearchAction","target":{"@type":"EntryPoint","urlTemplate":"https:\/\/blogdofarnesio.com.br\/?s={search_term_string}"},"query-input":{"@type":"PropertyValueSpecification","valueRequired":true,"valueName":"search_term_string"}}],"inLanguage":"pt-BR"},{"@type":"Organization","@id":"https:\/\/blogdofarnesio.com.br\/#organization","name":"Blog do Farn\u00e9sio","url":"https:\/\/blogdofarnesio.com.br\/","logo":{"@type":"ImageObject","inLanguage":"pt-BR","@id":"https:\/\/blogdofarnesio.com.br\/#\/schema\/logo\/image\/","url":"https:\/\/blogdofarnesio.com.br\/wp-content\/uploads\/2026\/03\/cropped-logo_new-1.png","contentUrl":"https:\/\/blogdofarnesio.com.br\/wp-content\/uploads\/2026\/03\/cropped-logo_new-1.png","width":881,"height":685,"caption":"Blog do Farn\u00e9sio"},"image":{"@id":"https:\/\/blogdofarnesio.com.br\/#\/schema\/logo\/image\/"},"sameAs":["https:\/\/www.facebook.com\/BlogQuerSaberPolitica\/"]},{"@type":"Person","@id":"","url":"https:\/\/blogdofarnesio.com.br\/?author=7"}]}},"_links":{"self":[{"href":"https:\/\/blogdofarnesio.com.br\/index.php?rest_route=\/wp\/v2\/posts\/147649","targetHints":{"allow":["GET"]}}],"collection":[{"href":"https:\/\/blogdofarnesio.com.br\/index.php?rest_route=\/wp\/v2\/posts"}],"about":[{"href":"https:\/\/blogdofarnesio.com.br\/index.php?rest_route=\/wp\/v2\/types\/post"}],"author":[{"embeddable":true,"href":"https:\/\/blogdofarnesio.com.br\/index.php?rest_route=\/wp\/v2\/users\/7"}],"replies":[{"embeddable":true,"href":"https:\/\/blogdofarnesio.com.br\/index.php?rest_route=%2Fwp%2Fv2%2Fcomments&post=147649"}],"version-history":[{"count":0,"href":"https:\/\/blogdofarnesio.com.br\/index.php?rest_route=\/wp\/v2\/posts\/147649\/revisions"}],"wp:attachment":[{"href":"https:\/\/blogdofarnesio.com.br\/index.php?rest_route=%2Fwp%2Fv2%2Fmedia&parent=147649"}],"wp:term":[{"taxonomy":"category","embeddable":true,"href":"https:\/\/blogdofarnesio.com.br\/index.php?rest_route=%2Fwp%2Fv2%2Fcategories&post=147649"},{"taxonomy":"post_tag","embeddable":true,"href":"https:\/\/blogdofarnesio.com.br\/index.php?rest_route=%2Fwp%2Fv2%2Ftags&post=147649"}],"curies":[{"name":"wp","href":"https:\/\/api.w.org\/{rel}","templated":true}]}}