{"id":147648,"date":"2016-08-31T13:00:11","date_gmt":"2016-08-31T16:00:11","guid":{"rendered":"http:\/\/www.quersaberpolitica.com.br\/?p=147648"},"modified":"2016-08-31T11:00:00","modified_gmt":"2016-08-31T14:00:00","slug":"moradores-relatam-queda-de-energia-eletrica-em-petrolina","status":"publish","type":"post","link":"https:\/\/blogdofarnesio.com.br\/?p=147648","title":{"rendered":"MORADORES RELATAM QUEDA DE ENERGIA EL\u00c9TRICA EM PETROLINA"},"content":{"rendered":"<p style=\"text-align: justify\"><a href=\"http:\/\/www.quersaberpolitica.com.br\/2016\/wp-content\/uploads\/2015\/08\/blogqs-escurid\u00e3o-quid\u00e9.jpg\"><img loading=\"lazy\" decoding=\"async\" class=\"wp-image-129180 aligncenter\" src=\"http:\/\/www.quersaberpolitica.com.br\/2016\/wp-content\/uploads\/2015\/08\/blogqs-escurid\u00e3o-quid\u00e9-300x278.jpg\" alt=\"blogqs-escurid\u00e3o-quid\u00e9\" width=\"420\" height=\"390\" srcset=\"https:\/\/blogdofarnesio.com.br\/wp-content\/uploads\/2015\/08\/blogqs-escurid\u00e3o-quid\u00e9-300x278.jpg 300w, https:\/\/blogdofarnesio.com.br\/wp-content\/uploads\/2015\/08\/blogqs-escurid\u00e3o-quid\u00e9-323x300.jpg 323w, https:\/\/blogdofarnesio.com.br\/wp-content\/uploads\/2015\/08\/blogqs-escurid\u00e3o-quid\u00e9.jpg 362w\" sizes=\"auto, (max-width: 420px) 100vw, 420px\" \/><\/a><\/p>\n<p style=\"text-align: justify\">No in\u00edcio da tarde de ontem (30), faltou energia el\u00e9trica em Petrolina, no Sert\u00e3o de Pernambuco. No Centro da cidade, os sem\u00e1foros pararam de funcionar, e em bairros como S\u00e3o Jos\u00e9, Quati I e Vila Eduardo tamb\u00e9m foram registradas interrup\u00e7\u00f5es no fornecimento de energia. A Companhia Energ\u00e9tica de Pernambuco (Celpe) n\u00e3o estipulou a quantidade de bairros atingidos, mas informou que 23% das cargas do estado de Pernambuco foram afetadas com o desligamento autom\u00e1tico na Linha de Transmiss\u00e3o Colinas\/Miracema, no Tocantins.<\/p>\n<p style=\"text-align: justify\">No bairro S\u00e3o Jos\u00e9, na Zona Central de Petrolina, o aut\u00f4nomo Thiago Medeiros, disse que \u00a0a energia faltou antes que ele sa\u00edsse para trabalhar. \u201cFaltou era 13h15 e demorou uns 15 minutos para retornar. Eu estava almo\u00e7ando para ir trabalhar\u201d, relata.<\/p>\n<p style=\"text-align: justify\"><!--more--><\/p>\n<p style=\"text-align: justify\">A aposentada Vanda Matia Cunha Melo, que mora na Rua S\u00e3o Jos\u00e9, no Centro, contou que a luz demorou cerca de uma hora para retornar em sua resid\u00eancia. \u201cEra quase 12h30 quando faltou energia. Eu estava deitada e a luz apagou, e teve muito calor e muri\u00e7oca. E demorou, s\u00f3 veio voltar depois 1 hora da tarde\u201d.<\/p>\n<p style=\"text-align: justify\">A Celpe divulgou, atrav\u00e9s de nota, que doze estados das regi\u00f5es Norte e Nordeste do Brasil tiveram o fornecimento de energia el\u00e9trica parcialmente afetado em decorr\u00eancia do desligamento autom\u00e1tico na Linha de Transmiss\u00e3o Colinas\/Miracema, no Tocantins.<\/p>\n<p style=\"text-align: justify\">De acordo com a Companhia, a ocorr\u00eancia teve in\u00edcio \u00e0s 12h49 desta ter\u00e7a-feira (30). O processo de recomposi\u00e7\u00e3o das cargas ocorreu, gradativamente, a partir das 13h15. O fornecimento de energia foi restabelecido em praticamente todo o estado \u00e0s 13h23. As causas da ocorr\u00eancia ainda est\u00e3o sob an\u00e1lise pelo Operador Nacional do Sistema El\u00e9trico (ONS).<\/p>\n<p><em>G1\/ Petrolina<\/em><\/p>\n","protected":false},"excerpt":{"rendered":"<p>No in\u00edcio da tarde de ontem (30), faltou energia el\u00e9trica em Petrolina, no Sert\u00e3o de Pernambuco. No Centro da cidade, os sem\u00e1foros pararam de funcionar, e em bairros como S\u00e3o Jos\u00e9, Quati I e Vila Eduardo tamb\u00e9m foram registradas interrup\u00e7\u00f5es no fornecimento de energia. A Companhia Energ\u00e9tica de Pernambuco (Celpe) n\u00e3o estipulou a quantidade de bairros atingidos, mas informou que 23% das cargas do estado de Pernambuco foram afetadas com o desligamento autom\u00e1tico na Linha de Transmiss\u00e3o Colinas\/Miracema, no Tocantins. No bairro S\u00e3o Jos\u00e9, na Zona Central de Petrolina, o aut\u00f4nomo Thiago Medeiros, disse que \u00a0a energia faltou antes que ele sa\u00edsse para trabalhar. \u201cFaltou era 13h15 e demorou uns 15 minutos para retornar. Eu estava almo\u00e7ando para ir trabalhar\u201d,&hellip; <\/p>\n","protected":false},"author":7,"featured_media":0,"comment_status":"open","ping_status":"open","sticky":false,"template":"","format":"standard","meta":{"_acf_changed":false,"footnotes":""},"categories":[27],"tags":[],"class_list":["post-147648","post","type-post","status-publish","format-standard","hentry","category-cidades"],"acf":[],"yoast_head":"<!-- This site is optimized with the Yoast SEO plugin v27.4 - https:\/\/yoast.com\/product\/yoast-seo-wordpress\/ -->\n<title>MORADORES RELATAM QUEDA DE ENERGIA EL\u00c9TRICA EM PETROLINA - Blog do Farn\u00e9sio<\/title>\n<meta name=\"robots\" content=\"index, follow, max-snippet:-1, max-image-preview:large, max-video-preview:-1\" \/>\n<link rel=\"canonical\" href=\"https:\/\/blogdofarnesio.com.br\/?p=147648\" \/>\n<meta property=\"og:locale\" content=\"pt_BR\" \/>\n<meta property=\"og:type\" content=\"article\" \/>\n<meta property=\"og:title\" content=\"MORADORES RELATAM QUEDA DE ENERGIA EL\u00c9TRICA EM PETROLINA - Blog do Farn\u00e9sio\" \/>\n<meta property=\"og:description\" content=\"No in\u00edcio da tarde de ontem (30), faltou energia el\u00e9trica em Petrolina, no Sert\u00e3o de Pernambuco. No Centro da cidade, os sem\u00e1foros pararam de funcionar, e em bairros como S\u00e3o Jos\u00e9, Quati I e Vila Eduardo tamb\u00e9m foram registradas interrup\u00e7\u00f5es no fornecimento de energia. A Companhia Energ\u00e9tica de Pernambuco (Celpe) n\u00e3o estipulou a quantidade de bairros atingidos, mas informou que 23% das cargas do estado de Pernambuco foram afetadas com o desligamento autom\u00e1tico na Linha de Transmiss\u00e3o Colinas\/Miracema, no Tocantins. No bairro S\u00e3o Jos\u00e9, na Zona Central de Petrolina, o aut\u00f4nomo Thiago Medeiros, disse que \u00a0a energia faltou antes que ele sa\u00edsse para trabalhar. \u201cFaltou era 13h15 e demorou uns 15 minutos para retornar. Eu estava almo\u00e7ando para ir trabalhar\u201d,&hellip;\" \/>\n<meta property=\"og:url\" content=\"https:\/\/blogdofarnesio.com.br\/?p=147648\" \/>\n<meta property=\"og:site_name\" content=\"Blog do Farn\u00e9sio\" \/>\n<meta property=\"article:publisher\" content=\"https:\/\/www.facebook.com\/BlogQuerSaberPolitica\/\" \/>\n<meta property=\"article:published_time\" content=\"2016-08-31T16:00:11+00:00\" \/>\n<meta name=\"twitter:card\" content=\"summary_large_image\" \/>\n<meta name=\"twitter:label1\" content=\"Escrito por\" \/>\n\t<meta name=\"twitter:data1\" content=\"\" \/>\n\t<meta name=\"twitter:label2\" content=\"Est. tempo de leitura\" \/>\n\t<meta name=\"twitter:data2\" content=\"1 minuto\" \/>\n<script type=\"application\/ld+json\" class=\"yoast-schema-graph\">{\"@context\":\"https:\\\/\\\/schema.org\",\"@graph\":[{\"@type\":\"Article\",\"@id\":\"https:\\\/\\\/blogdofarnesio.com.br\\\/?p=147648#article\",\"isPartOf\":{\"@id\":\"https:\\\/\\\/blogdofarnesio.com.br\\\/?p=147648\"},\"author\":{\"name\":\"\",\"@id\":\"\"},\"headline\":\"MORADORES RELATAM QUEDA DE ENERGIA EL\u00c9TRICA EM PETROLINA\",\"datePublished\":\"2016-08-31T16:00:11+00:00\",\"mainEntityOfPage\":{\"@id\":\"https:\\\/\\\/blogdofarnesio.com.br\\\/?p=147648\"},\"wordCount\":308,\"commentCount\":0,\"publisher\":{\"@id\":\"https:\\\/\\\/blogdofarnesio.com.br\\\/#organization\"},\"articleSection\":[\"Cidades\"],\"inLanguage\":\"pt-BR\",\"potentialAction\":[{\"@type\":\"CommentAction\",\"name\":\"Comment\",\"target\":[\"https:\\\/\\\/blogdofarnesio.com.br\\\/?p=147648#respond\"]}]},{\"@type\":\"WebPage\",\"@id\":\"https:\\\/\\\/blogdofarnesio.com.br\\\/?p=147648\",\"url\":\"https:\\\/\\\/blogdofarnesio.com.br\\\/?p=147648\",\"name\":\"MORADORES RELATAM QUEDA DE ENERGIA EL\u00c9TRICA EM PETROLINA - Blog do Farn\u00e9sio\",\"isPartOf\":{\"@id\":\"https:\\\/\\\/blogdofarnesio.com.br\\\/#website\"},\"datePublished\":\"2016-08-31T16:00:11+00:00\",\"breadcrumb\":{\"@id\":\"https:\\\/\\\/blogdofarnesio.com.br\\\/?p=147648#breadcrumb\"},\"inLanguage\":\"pt-BR\",\"potentialAction\":[{\"@type\":\"ReadAction\",\"target\":[\"https:\\\/\\\/blogdofarnesio.com.br\\\/?p=147648\"]}]},{\"@type\":\"BreadcrumbList\",\"@id\":\"https:\\\/\\\/blogdofarnesio.com.br\\\/?p=147648#breadcrumb\",\"itemListElement\":[{\"@type\":\"ListItem\",\"position\":1,\"name\":\"In\u00edcio\",\"item\":\"https:\\\/\\\/blogdofarnesio.com.br\\\/\"},{\"@type\":\"ListItem\",\"position\":2,\"name\":\"MORADORES RELATAM QUEDA DE ENERGIA EL\u00c9TRICA EM PETROLINA\"}]},{\"@type\":\"WebSite\",\"@id\":\"https:\\\/\\\/blogdofarnesio.com.br\\\/#website\",\"url\":\"https:\\\/\\\/blogdofarnesio.com.br\\\/\",\"name\":\"Blog do Farn\u00e9sio\",\"description\":\"Quer Saber Pol\u00edtica?\",\"publisher\":{\"@id\":\"https:\\\/\\\/blogdofarnesio.com.br\\\/#organization\"},\"potentialAction\":[{\"@type\":\"SearchAction\",\"target\":{\"@type\":\"EntryPoint\",\"urlTemplate\":\"https:\\\/\\\/blogdofarnesio.com.br\\\/?s={search_term_string}\"},\"query-input\":{\"@type\":\"PropertyValueSpecification\",\"valueRequired\":true,\"valueName\":\"search_term_string\"}}],\"inLanguage\":\"pt-BR\"},{\"@type\":\"Organization\",\"@id\":\"https:\\\/\\\/blogdofarnesio.com.br\\\/#organization\",\"name\":\"Blog do Farn\u00e9sio\",\"url\":\"https:\\\/\\\/blogdofarnesio.com.br\\\/\",\"logo\":{\"@type\":\"ImageObject\",\"inLanguage\":\"pt-BR\",\"@id\":\"https:\\\/\\\/blogdofarnesio.com.br\\\/#\\\/schema\\\/logo\\\/image\\\/\",\"url\":\"https:\\\/\\\/blogdofarnesio.com.br\\\/wp-content\\\/uploads\\\/2026\\\/03\\\/cropped-logo_new-1.png\",\"contentUrl\":\"https:\\\/\\\/blogdofarnesio.com.br\\\/wp-content\\\/uploads\\\/2026\\\/03\\\/cropped-logo_new-1.png\",\"width\":881,\"height\":685,\"caption\":\"Blog do Farn\u00e9sio\"},\"image\":{\"@id\":\"https:\\\/\\\/blogdofarnesio.com.br\\\/#\\\/schema\\\/logo\\\/image\\\/\"},\"sameAs\":[\"https:\\\/\\\/www.facebook.com\\\/BlogQuerSaberPolitica\\\/\"]},{\"@type\":\"Person\",\"@id\":\"\",\"url\":\"https:\\\/\\\/blogdofarnesio.com.br\\\/?author=7\"}]}<\/script>\n<!-- \/ Yoast SEO plugin. -->","yoast_head_json":{"title":"MORADORES RELATAM QUEDA DE ENERGIA EL\u00c9TRICA EM PETROLINA - Blog do Farn\u00e9sio","robots":{"index":"index","follow":"follow","max-snippet":"max-snippet:-1","max-image-preview":"max-image-preview:large","max-video-preview":"max-video-preview:-1"},"canonical":"https:\/\/blogdofarnesio.com.br\/?p=147648","og_locale":"pt_BR","og_type":"article","og_title":"MORADORES RELATAM QUEDA DE ENERGIA EL\u00c9TRICA EM PETROLINA - Blog do Farn\u00e9sio","og_description":"No in\u00edcio da tarde de ontem (30), faltou energia el\u00e9trica em Petrolina, no Sert\u00e3o de Pernambuco. No Centro da cidade, os sem\u00e1foros pararam de funcionar, e em bairros como S\u00e3o Jos\u00e9, Quati I e Vila Eduardo tamb\u00e9m foram registradas interrup\u00e7\u00f5es no fornecimento de energia. A Companhia Energ\u00e9tica de Pernambuco (Celpe) n\u00e3o estipulou a quantidade de bairros atingidos, mas informou que 23% das cargas do estado de Pernambuco foram afetadas com o desligamento autom\u00e1tico na Linha de Transmiss\u00e3o Colinas\/Miracema, no Tocantins. No bairro S\u00e3o Jos\u00e9, na Zona Central de Petrolina, o aut\u00f4nomo Thiago Medeiros, disse que \u00a0a energia faltou antes que ele sa\u00edsse para trabalhar. \u201cFaltou era 13h15 e demorou uns 15 minutos para retornar. Eu estava almo\u00e7ando para ir trabalhar\u201d,&hellip;","og_url":"https:\/\/blogdofarnesio.com.br\/?p=147648","og_site_name":"Blog do Farn\u00e9sio","article_publisher":"https:\/\/www.facebook.com\/BlogQuerSaberPolitica\/","article_published_time":"2016-08-31T16:00:11+00:00","twitter_card":"summary_large_image","twitter_misc":{"Escrito por":"","Est. tempo de leitura":"1 minuto"},"schema":{"@context":"https:\/\/schema.org","@graph":[{"@type":"Article","@id":"https:\/\/blogdofarnesio.com.br\/?p=147648#article","isPartOf":{"@id":"https:\/\/blogdofarnesio.com.br\/?p=147648"},"author":{"name":"","@id":""},"headline":"MORADORES RELATAM QUEDA DE ENERGIA EL\u00c9TRICA EM PETROLINA","datePublished":"2016-08-31T16:00:11+00:00","mainEntityOfPage":{"@id":"https:\/\/blogdofarnesio.com.br\/?p=147648"},"wordCount":308,"commentCount":0,"publisher":{"@id":"https:\/\/blogdofarnesio.com.br\/#organization"},"articleSection":["Cidades"],"inLanguage":"pt-BR","potentialAction":[{"@type":"CommentAction","name":"Comment","target":["https:\/\/blogdofarnesio.com.br\/?p=147648#respond"]}]},{"@type":"WebPage","@id":"https:\/\/blogdofarnesio.com.br\/?p=147648","url":"https:\/\/blogdofarnesio.com.br\/?p=147648","name":"MORADORES RELATAM QUEDA DE ENERGIA EL\u00c9TRICA EM PETROLINA - Blog do Farn\u00e9sio","isPartOf":{"@id":"https:\/\/blogdofarnesio.com.br\/#website"},"datePublished":"2016-08-31T16:00:11+00:00","breadcrumb":{"@id":"https:\/\/blogdofarnesio.com.br\/?p=147648#breadcrumb"},"inLanguage":"pt-BR","potentialAction":[{"@type":"ReadAction","target":["https:\/\/blogdofarnesio.com.br\/?p=147648"]}]},{"@type":"BreadcrumbList","@id":"https:\/\/blogdofarnesio.com.br\/?p=147648#breadcrumb","itemListElement":[{"@type":"ListItem","position":1,"name":"In\u00edcio","item":"https:\/\/blogdofarnesio.com.br\/"},{"@type":"ListItem","position":2,"name":"MORADORES RELATAM QUEDA DE ENERGIA EL\u00c9TRICA EM PETROLINA"}]},{"@type":"WebSite","@id":"https:\/\/blogdofarnesio.com.br\/#website","url":"https:\/\/blogdofarnesio.com.br\/","name":"Blog do Farn\u00e9sio","description":"Quer Saber Pol\u00edtica?","publisher":{"@id":"https:\/\/blogdofarnesio.com.br\/#organization"},"potentialAction":[{"@type":"SearchAction","target":{"@type":"EntryPoint","urlTemplate":"https:\/\/blogdofarnesio.com.br\/?s={search_term_string}"},"query-input":{"@type":"PropertyValueSpecification","valueRequired":true,"valueName":"search_term_string"}}],"inLanguage":"pt-BR"},{"@type":"Organization","@id":"https:\/\/blogdofarnesio.com.br\/#organization","name":"Blog do Farn\u00e9sio","url":"https:\/\/blogdofarnesio.com.br\/","logo":{"@type":"ImageObject","inLanguage":"pt-BR","@id":"https:\/\/blogdofarnesio.com.br\/#\/schema\/logo\/image\/","url":"https:\/\/blogdofarnesio.com.br\/wp-content\/uploads\/2026\/03\/cropped-logo_new-1.png","contentUrl":"https:\/\/blogdofarnesio.com.br\/wp-content\/uploads\/2026\/03\/cropped-logo_new-1.png","width":881,"height":685,"caption":"Blog do Farn\u00e9sio"},"image":{"@id":"https:\/\/blogdofarnesio.com.br\/#\/schema\/logo\/image\/"},"sameAs":["https:\/\/www.facebook.com\/BlogQuerSaberPolitica\/"]},{"@type":"Person","@id":"","url":"https:\/\/blogdofarnesio.com.br\/?author=7"}]}},"_links":{"self":[{"href":"https:\/\/blogdofarnesio.com.br\/index.php?rest_route=\/wp\/v2\/posts\/147648","targetHints":{"allow":["GET"]}}],"collection":[{"href":"https:\/\/blogdofarnesio.com.br\/index.php?rest_route=\/wp\/v2\/posts"}],"about":[{"href":"https:\/\/blogdofarnesio.com.br\/index.php?rest_route=\/wp\/v2\/types\/post"}],"author":[{"embeddable":true,"href":"https:\/\/blogdofarnesio.com.br\/index.php?rest_route=\/wp\/v2\/users\/7"}],"replies":[{"embeddable":true,"href":"https:\/\/blogdofarnesio.com.br\/index.php?rest_route=%2Fwp%2Fv2%2Fcomments&post=147648"}],"version-history":[{"count":0,"href":"https:\/\/blogdofarnesio.com.br\/index.php?rest_route=\/wp\/v2\/posts\/147648\/revisions"}],"wp:attachment":[{"href":"https:\/\/blogdofarnesio.com.br\/index.php?rest_route=%2Fwp%2Fv2%2Fmedia&parent=147648"}],"wp:term":[{"taxonomy":"category","embeddable":true,"href":"https:\/\/blogdofarnesio.com.br\/index.php?rest_route=%2Fwp%2Fv2%2Fcategories&post=147648"},{"taxonomy":"post_tag","embeddable":true,"href":"https:\/\/blogdofarnesio.com.br\/index.php?rest_route=%2Fwp%2Fv2%2Ftags&post=147648"}],"curies":[{"name":"wp","href":"https:\/\/api.w.org\/{rel}","templated":true}]}}