{"id":147579,"date":"2016-08-30T07:00:53","date_gmt":"2016-08-30T10:00:53","guid":{"rendered":"http:\/\/www.quersaberpolitica.com.br\/?p=147579"},"modified":"2016-08-29T21:27:11","modified_gmt":"2016-08-30T00:27:11","slug":"jovem-e-encontrada-morta-dentro-de-casa-em-juazeiro","status":"publish","type":"post","link":"https:\/\/blogdofarnesio.com.br\/?p=147579","title":{"rendered":"JOVEM \u00c9 ENCONTRADA MORTA DENTRO DE CASA EM JUAZEIRO"},"content":{"rendered":"<p style=\"text-align: justify\">Uma mo\u00e7a foi encontrada morta dentro de sua casa nesta noite de ontem\u00a0(29) na Rua Mestre Lula, centro de Juazeiro. Segundo informa\u00e7\u00f5es, ela trabalhava nas Lojas Americanas de Petrolina e era de Pil\u00e3o Arcado.<\/p>\n<p><a href=\"http:\/\/acaopopular.net\/jornal\/jovem-e-encontrada-morta-dentro-de-casa-em-juazeiro\/moca1\/\" rel=\"attachment wp-att-147862\"><img decoding=\"async\" class=\"wp-image-147862 size-full aligncenter\" src=\"http:\/\/i0.wp.com\/acaopopular.net\/jornal\/wp-content\/uploads\/2016\/08\/mo%C3%A7a1.jpg?resize=270%2C480\" alt=\"mo\u00e7a1\" \/><\/a><\/p>\n<p style=\"text-align: justify\">Ainda segundo informa\u00e7\u00f5es policiais, o ela era conhecida pelo pr\u00e9-nome de Vaneide e aparentava ter 23 anos de idade. Os motivos da morte ningu\u00e9m sabe. O corpo estava em estado avan\u00e7ado de decomposi\u00e7\u00e3o e foi recolhido pela equipe do IML.<\/p>\n<p><a href=\"http:\/\/acaopopular.net\/jornal\/jovem-e-encontrada-morta-dentro-de-casa-em-juazeiro\/moca2\/\" rel=\"attachment wp-att-147863\"><img decoding=\"async\" class=\"alignnone wp-image-147863 size-full\" src=\"http:\/\/i2.wp.com\/acaopopular.net\/jornal\/wp-content\/uploads\/2016\/08\/mo%C3%A7a2.jpg?resize=270%2C480\" alt=\"mo\u00e7a2\" \/><\/a><a href=\"http:\/\/acaopopular.net\/jornal\/jovem-e-encontrada-morta-dentro-de-casa-em-juazeiro\/moca1\/\" rel=\"attachment wp-att-147862\"><img decoding=\"async\" class=\"alignnone wp-image-147862 size-full\" src=\"http:\/\/i0.wp.com\/acaopopular.net\/jornal\/wp-content\/uploads\/2016\/08\/mo%C3%A7a1.jpg?resize=270%2C480\" alt=\"mo\u00e7a1\" \/><\/a><\/p>\n","protected":false},"excerpt":{"rendered":"<p>Uma mo\u00e7a foi encontrada morta dentro de sua casa nesta noite de ontem\u00a0(29) na Rua Mestre Lula, centro de Juazeiro. Segundo informa\u00e7\u00f5es, ela trabalhava nas Lojas Americanas de Petrolina e era de Pil\u00e3o Arcado. Ainda segundo informa\u00e7\u00f5es policiais, o ela era conhecida pelo pr\u00e9-nome de Vaneide e aparentava ter 23 anos de idade. Os motivos da morte ningu\u00e9m sabe. O corpo estava em estado avan\u00e7ado de decomposi\u00e7\u00e3o e foi recolhido pela equipe do IML.<\/p>\n","protected":false},"author":7,"featured_media":0,"comment_status":"open","ping_status":"open","sticky":false,"template":"","format":"standard","meta":{"_acf_changed":false,"footnotes":""},"categories":[9],"tags":[],"class_list":["post-147579","post","type-post","status-publish","format-standard","hentry","category-policia"],"acf":[],"yoast_head":"<!-- This site is optimized with the Yoast SEO plugin v27.4 - https:\/\/yoast.com\/product\/yoast-seo-wordpress\/ -->\n<title>JOVEM \u00c9 ENCONTRADA MORTA DENTRO DE CASA EM JUAZEIRO - Blog do Farn\u00e9sio<\/title>\n<meta name=\"robots\" content=\"index, follow, max-snippet:-1, max-image-preview:large, max-video-preview:-1\" \/>\n<link rel=\"canonical\" href=\"https:\/\/blogdofarnesio.com.br\/?p=147579\" \/>\n<meta property=\"og:locale\" content=\"pt_BR\" \/>\n<meta property=\"og:type\" content=\"article\" \/>\n<meta property=\"og:title\" content=\"JOVEM \u00c9 ENCONTRADA MORTA DENTRO DE CASA EM JUAZEIRO - Blog do Farn\u00e9sio\" \/>\n<meta property=\"og:description\" content=\"Uma mo\u00e7a foi encontrada morta dentro de sua casa nesta noite de ontem\u00a0(29) na Rua Mestre Lula, centro de Juazeiro. Segundo informa\u00e7\u00f5es, ela trabalhava nas Lojas Americanas de Petrolina e era de Pil\u00e3o Arcado. Ainda segundo informa\u00e7\u00f5es policiais, o ela era conhecida pelo pr\u00e9-nome de Vaneide e aparentava ter 23 anos de idade. Os motivos da morte ningu\u00e9m sabe. O corpo estava em estado avan\u00e7ado de decomposi\u00e7\u00e3o e foi recolhido pela equipe do IML.\" \/>\n<meta property=\"og:url\" content=\"https:\/\/blogdofarnesio.com.br\/?p=147579\" \/>\n<meta property=\"og:site_name\" content=\"Blog do Farn\u00e9sio\" \/>\n<meta property=\"article:publisher\" content=\"https:\/\/www.facebook.com\/BlogQuerSaberPolitica\/\" \/>\n<meta property=\"article:published_time\" content=\"2016-08-30T10:00:53+00:00\" \/>\n<meta property=\"og:image\" content=\"http:\/\/i0.wp.com\/acaopopular.net\/jornal\/wp-content\/uploads\/2016\/08\/mo%C3%A7a1.jpg?resize=270%2C480\" \/>\n<meta name=\"twitter:card\" content=\"summary_large_image\" \/>\n<meta name=\"twitter:label1\" content=\"Escrito por\" \/>\n\t<meta name=\"twitter:data1\" content=\"\" \/>\n<script type=\"application\/ld+json\" class=\"yoast-schema-graph\">{\"@context\":\"https:\\\/\\\/schema.org\",\"@graph\":[{\"@type\":\"Article\",\"@id\":\"https:\\\/\\\/blogdofarnesio.com.br\\\/?p=147579#article\",\"isPartOf\":{\"@id\":\"https:\\\/\\\/blogdofarnesio.com.br\\\/?p=147579\"},\"author\":{\"name\":\"\",\"@id\":\"\"},\"headline\":\"JOVEM \u00c9 ENCONTRADA MORTA DENTRO DE CASA EM JUAZEIRO\",\"datePublished\":\"2016-08-30T10:00:53+00:00\",\"mainEntityOfPage\":{\"@id\":\"https:\\\/\\\/blogdofarnesio.com.br\\\/?p=147579\"},\"wordCount\":89,\"commentCount\":0,\"publisher\":{\"@id\":\"https:\\\/\\\/blogdofarnesio.com.br\\\/#organization\"},\"image\":{\"@id\":\"https:\\\/\\\/blogdofarnesio.com.br\\\/?p=147579#primaryimage\"},\"thumbnailUrl\":\"http:\\\/\\\/i0.wp.com\\\/acaopopular.net\\\/jornal\\\/wp-content\\\/uploads\\\/2016\\\/08\\\/mo%C3%A7a1.jpg?resize=270%2C480\",\"articleSection\":[\"Pol\u00edcia\"],\"inLanguage\":\"pt-BR\",\"potentialAction\":[{\"@type\":\"CommentAction\",\"name\":\"Comment\",\"target\":[\"https:\\\/\\\/blogdofarnesio.com.br\\\/?p=147579#respond\"]}]},{\"@type\":\"WebPage\",\"@id\":\"https:\\\/\\\/blogdofarnesio.com.br\\\/?p=147579\",\"url\":\"https:\\\/\\\/blogdofarnesio.com.br\\\/?p=147579\",\"name\":\"JOVEM \u00c9 ENCONTRADA MORTA DENTRO DE CASA EM JUAZEIRO - Blog do Farn\u00e9sio\",\"isPartOf\":{\"@id\":\"https:\\\/\\\/blogdofarnesio.com.br\\\/#website\"},\"primaryImageOfPage\":{\"@id\":\"https:\\\/\\\/blogdofarnesio.com.br\\\/?p=147579#primaryimage\"},\"image\":{\"@id\":\"https:\\\/\\\/blogdofarnesio.com.br\\\/?p=147579#primaryimage\"},\"thumbnailUrl\":\"http:\\\/\\\/i0.wp.com\\\/acaopopular.net\\\/jornal\\\/wp-content\\\/uploads\\\/2016\\\/08\\\/mo%C3%A7a1.jpg?resize=270%2C480\",\"datePublished\":\"2016-08-30T10:00:53+00:00\",\"breadcrumb\":{\"@id\":\"https:\\\/\\\/blogdofarnesio.com.br\\\/?p=147579#breadcrumb\"},\"inLanguage\":\"pt-BR\",\"potentialAction\":[{\"@type\":\"ReadAction\",\"target\":[\"https:\\\/\\\/blogdofarnesio.com.br\\\/?p=147579\"]}]},{\"@type\":\"ImageObject\",\"inLanguage\":\"pt-BR\",\"@id\":\"https:\\\/\\\/blogdofarnesio.com.br\\\/?p=147579#primaryimage\",\"url\":\"http:\\\/\\\/i0.wp.com\\\/acaopopular.net\\\/jornal\\\/wp-content\\\/uploads\\\/2016\\\/08\\\/mo%C3%A7a1.jpg?resize=270%2C480\",\"contentUrl\":\"http:\\\/\\\/i0.wp.com\\\/acaopopular.net\\\/jornal\\\/wp-content\\\/uploads\\\/2016\\\/08\\\/mo%C3%A7a1.jpg?resize=270%2C480\"},{\"@type\":\"BreadcrumbList\",\"@id\":\"https:\\\/\\\/blogdofarnesio.com.br\\\/?p=147579#breadcrumb\",\"itemListElement\":[{\"@type\":\"ListItem\",\"position\":1,\"name\":\"In\u00edcio\",\"item\":\"https:\\\/\\\/blogdofarnesio.com.br\\\/\"},{\"@type\":\"ListItem\",\"position\":2,\"name\":\"JOVEM \u00c9 ENCONTRADA MORTA DENTRO DE CASA EM JUAZEIRO\"}]},{\"@type\":\"WebSite\",\"@id\":\"https:\\\/\\\/blogdofarnesio.com.br\\\/#website\",\"url\":\"https:\\\/\\\/blogdofarnesio.com.br\\\/\",\"name\":\"Blog do Farn\u00e9sio\",\"description\":\"Quer Saber Pol\u00edtica?\",\"publisher\":{\"@id\":\"https:\\\/\\\/blogdofarnesio.com.br\\\/#organization\"},\"potentialAction\":[{\"@type\":\"SearchAction\",\"target\":{\"@type\":\"EntryPoint\",\"urlTemplate\":\"https:\\\/\\\/blogdofarnesio.com.br\\\/?s={search_term_string}\"},\"query-input\":{\"@type\":\"PropertyValueSpecification\",\"valueRequired\":true,\"valueName\":\"search_term_string\"}}],\"inLanguage\":\"pt-BR\"},{\"@type\":\"Organization\",\"@id\":\"https:\\\/\\\/blogdofarnesio.com.br\\\/#organization\",\"name\":\"Blog do Farn\u00e9sio\",\"url\":\"https:\\\/\\\/blogdofarnesio.com.br\\\/\",\"logo\":{\"@type\":\"ImageObject\",\"inLanguage\":\"pt-BR\",\"@id\":\"https:\\\/\\\/blogdofarnesio.com.br\\\/#\\\/schema\\\/logo\\\/image\\\/\",\"url\":\"https:\\\/\\\/blogdofarnesio.com.br\\\/wp-content\\\/uploads\\\/2026\\\/03\\\/cropped-logo_new-1.png\",\"contentUrl\":\"https:\\\/\\\/blogdofarnesio.com.br\\\/wp-content\\\/uploads\\\/2026\\\/03\\\/cropped-logo_new-1.png\",\"width\":881,\"height\":685,\"caption\":\"Blog do Farn\u00e9sio\"},\"image\":{\"@id\":\"https:\\\/\\\/blogdofarnesio.com.br\\\/#\\\/schema\\\/logo\\\/image\\\/\"},\"sameAs\":[\"https:\\\/\\\/www.facebook.com\\\/BlogQuerSaberPolitica\\\/\"]},{\"@type\":\"Person\",\"@id\":\"\",\"url\":\"https:\\\/\\\/blogdofarnesio.com.br\\\/?author=7\"}]}<\/script>\n<!-- \/ Yoast SEO plugin. -->","yoast_head_json":{"title":"JOVEM \u00c9 ENCONTRADA MORTA DENTRO DE CASA EM JUAZEIRO - Blog do Farn\u00e9sio","robots":{"index":"index","follow":"follow","max-snippet":"max-snippet:-1","max-image-preview":"max-image-preview:large","max-video-preview":"max-video-preview:-1"},"canonical":"https:\/\/blogdofarnesio.com.br\/?p=147579","og_locale":"pt_BR","og_type":"article","og_title":"JOVEM \u00c9 ENCONTRADA MORTA DENTRO DE CASA EM JUAZEIRO - Blog do Farn\u00e9sio","og_description":"Uma mo\u00e7a foi encontrada morta dentro de sua casa nesta noite de ontem\u00a0(29) na Rua Mestre Lula, centro de Juazeiro. Segundo informa\u00e7\u00f5es, ela trabalhava nas Lojas Americanas de Petrolina e era de Pil\u00e3o Arcado. Ainda segundo informa\u00e7\u00f5es policiais, o ela era conhecida pelo pr\u00e9-nome de Vaneide e aparentava ter 23 anos de idade. Os motivos da morte ningu\u00e9m sabe. O corpo estava em estado avan\u00e7ado de decomposi\u00e7\u00e3o e foi recolhido pela equipe do IML.","og_url":"https:\/\/blogdofarnesio.com.br\/?p=147579","og_site_name":"Blog do Farn\u00e9sio","article_publisher":"https:\/\/www.facebook.com\/BlogQuerSaberPolitica\/","article_published_time":"2016-08-30T10:00:53+00:00","og_image":[{"url":"http:\/\/i0.wp.com\/acaopopular.net\/jornal\/wp-content\/uploads\/2016\/08\/mo%C3%A7a1.jpg?resize=270%2C480","type":"","width":"","height":""}],"twitter_card":"summary_large_image","twitter_misc":{"Escrito por":""},"schema":{"@context":"https:\/\/schema.org","@graph":[{"@type":"Article","@id":"https:\/\/blogdofarnesio.com.br\/?p=147579#article","isPartOf":{"@id":"https:\/\/blogdofarnesio.com.br\/?p=147579"},"author":{"name":"","@id":""},"headline":"JOVEM \u00c9 ENCONTRADA MORTA DENTRO DE CASA EM JUAZEIRO","datePublished":"2016-08-30T10:00:53+00:00","mainEntityOfPage":{"@id":"https:\/\/blogdofarnesio.com.br\/?p=147579"},"wordCount":89,"commentCount":0,"publisher":{"@id":"https:\/\/blogdofarnesio.com.br\/#organization"},"image":{"@id":"https:\/\/blogdofarnesio.com.br\/?p=147579#primaryimage"},"thumbnailUrl":"http:\/\/i0.wp.com\/acaopopular.net\/jornal\/wp-content\/uploads\/2016\/08\/mo%C3%A7a1.jpg?resize=270%2C480","articleSection":["Pol\u00edcia"],"inLanguage":"pt-BR","potentialAction":[{"@type":"CommentAction","name":"Comment","target":["https:\/\/blogdofarnesio.com.br\/?p=147579#respond"]}]},{"@type":"WebPage","@id":"https:\/\/blogdofarnesio.com.br\/?p=147579","url":"https:\/\/blogdofarnesio.com.br\/?p=147579","name":"JOVEM \u00c9 ENCONTRADA MORTA DENTRO DE CASA EM JUAZEIRO - Blog do Farn\u00e9sio","isPartOf":{"@id":"https:\/\/blogdofarnesio.com.br\/#website"},"primaryImageOfPage":{"@id":"https:\/\/blogdofarnesio.com.br\/?p=147579#primaryimage"},"image":{"@id":"https:\/\/blogdofarnesio.com.br\/?p=147579#primaryimage"},"thumbnailUrl":"http:\/\/i0.wp.com\/acaopopular.net\/jornal\/wp-content\/uploads\/2016\/08\/mo%C3%A7a1.jpg?resize=270%2C480","datePublished":"2016-08-30T10:00:53+00:00","breadcrumb":{"@id":"https:\/\/blogdofarnesio.com.br\/?p=147579#breadcrumb"},"inLanguage":"pt-BR","potentialAction":[{"@type":"ReadAction","target":["https:\/\/blogdofarnesio.com.br\/?p=147579"]}]},{"@type":"ImageObject","inLanguage":"pt-BR","@id":"https:\/\/blogdofarnesio.com.br\/?p=147579#primaryimage","url":"http:\/\/i0.wp.com\/acaopopular.net\/jornal\/wp-content\/uploads\/2016\/08\/mo%C3%A7a1.jpg?resize=270%2C480","contentUrl":"http:\/\/i0.wp.com\/acaopopular.net\/jornal\/wp-content\/uploads\/2016\/08\/mo%C3%A7a1.jpg?resize=270%2C480"},{"@type":"BreadcrumbList","@id":"https:\/\/blogdofarnesio.com.br\/?p=147579#breadcrumb","itemListElement":[{"@type":"ListItem","position":1,"name":"In\u00edcio","item":"https:\/\/blogdofarnesio.com.br\/"},{"@type":"ListItem","position":2,"name":"JOVEM \u00c9 ENCONTRADA MORTA DENTRO DE CASA EM JUAZEIRO"}]},{"@type":"WebSite","@id":"https:\/\/blogdofarnesio.com.br\/#website","url":"https:\/\/blogdofarnesio.com.br\/","name":"Blog do Farn\u00e9sio","description":"Quer Saber Pol\u00edtica?","publisher":{"@id":"https:\/\/blogdofarnesio.com.br\/#organization"},"potentialAction":[{"@type":"SearchAction","target":{"@type":"EntryPoint","urlTemplate":"https:\/\/blogdofarnesio.com.br\/?s={search_term_string}"},"query-input":{"@type":"PropertyValueSpecification","valueRequired":true,"valueName":"search_term_string"}}],"inLanguage":"pt-BR"},{"@type":"Organization","@id":"https:\/\/blogdofarnesio.com.br\/#organization","name":"Blog do Farn\u00e9sio","url":"https:\/\/blogdofarnesio.com.br\/","logo":{"@type":"ImageObject","inLanguage":"pt-BR","@id":"https:\/\/blogdofarnesio.com.br\/#\/schema\/logo\/image\/","url":"https:\/\/blogdofarnesio.com.br\/wp-content\/uploads\/2026\/03\/cropped-logo_new-1.png","contentUrl":"https:\/\/blogdofarnesio.com.br\/wp-content\/uploads\/2026\/03\/cropped-logo_new-1.png","width":881,"height":685,"caption":"Blog do Farn\u00e9sio"},"image":{"@id":"https:\/\/blogdofarnesio.com.br\/#\/schema\/logo\/image\/"},"sameAs":["https:\/\/www.facebook.com\/BlogQuerSaberPolitica\/"]},{"@type":"Person","@id":"","url":"https:\/\/blogdofarnesio.com.br\/?author=7"}]}},"_links":{"self":[{"href":"https:\/\/blogdofarnesio.com.br\/index.php?rest_route=\/wp\/v2\/posts\/147579","targetHints":{"allow":["GET"]}}],"collection":[{"href":"https:\/\/blogdofarnesio.com.br\/index.php?rest_route=\/wp\/v2\/posts"}],"about":[{"href":"https:\/\/blogdofarnesio.com.br\/index.php?rest_route=\/wp\/v2\/types\/post"}],"author":[{"embeddable":true,"href":"https:\/\/blogdofarnesio.com.br\/index.php?rest_route=\/wp\/v2\/users\/7"}],"replies":[{"embeddable":true,"href":"https:\/\/blogdofarnesio.com.br\/index.php?rest_route=%2Fwp%2Fv2%2Fcomments&post=147579"}],"version-history":[{"count":0,"href":"https:\/\/blogdofarnesio.com.br\/index.php?rest_route=\/wp\/v2\/posts\/147579\/revisions"}],"wp:attachment":[{"href":"https:\/\/blogdofarnesio.com.br\/index.php?rest_route=%2Fwp%2Fv2%2Fmedia&parent=147579"}],"wp:term":[{"taxonomy":"category","embeddable":true,"href":"https:\/\/blogdofarnesio.com.br\/index.php?rest_route=%2Fwp%2Fv2%2Fcategories&post=147579"},{"taxonomy":"post_tag","embeddable":true,"href":"https:\/\/blogdofarnesio.com.br\/index.php?rest_route=%2Fwp%2Fv2%2Ftags&post=147579"}],"curies":[{"name":"wp","href":"https:\/\/api.w.org\/{rel}","templated":true}]}}