{"id":147459,"date":"2016-08-28T07:00:00","date_gmt":"2016-08-28T10:00:00","guid":{"rendered":"http:\/\/www.quersaberpolitica.com.br\/?p=147459"},"modified":"2016-08-27T17:30:22","modified_gmt":"2016-08-27T20:30:22","slug":"juazeiro-sedia-seminario-de-educacao-empreendedora-para-universidades","status":"publish","type":"post","link":"https:\/\/blogdofarnesio.com.br\/?p=147459","title":{"rendered":"JUAZEIRO SEDIA SEMIN\u00c1RIO DE EDUCA\u00c7\u00c3O EMPREENDEDORA PARA UNIVERSIDADES"},"content":{"rendered":"<p><a href=\"http:\/\/www.quersaberpolitica.com.br\/2016\/wp-content\/uploads\/2013\/12\/download.jpg\"><img loading=\"lazy\" decoding=\"async\" class=\"wp-image-66750 aligncenter\" src=\"http:\/\/www.quersaberpolitica.com.br\/2016\/wp-content\/uploads\/2013\/12\/download.jpg\" alt=\"BLOGQSEBRAE\" width=\"421\" height=\"271\" \/><\/a><\/p>\n<p style=\"text-align: justify\">Estudantes, professores e gestores de universidades p\u00fablicas e privadas\u00a0com interesse em trabalhar o empreendedorismo na sala de aula podem participar do Semin\u00e1rio de Educa\u00e7\u00e3o Empreendedora, que ser\u00e1 realizado gratuitamente na pr\u00f3xima segunda-feira, dia 29, a partir das 18h30, no audit\u00f3rio da Universidade do Vale do S\u00e3o Francisco (Univasf), em Juazeiro.<\/p>\n<p style=\"text-align: justify\">O objetivo do evento \u00e9 apresentar as solu\u00e7\u00f5es do Sebrae para fomentar o empreendedorismo no ensino superior e mostrar como as institui\u00e7\u00f5es de educa\u00e7\u00e3o podem ampliar a forma\u00e7\u00e3o dos universit\u00e1rios ao unir o conte\u00fado curricular a pr\u00e1ticas empreendedoras.<\/p>\n<p style=\"text-align: justify\"><!--more--><\/p>\n<p style=\"text-align: justify\">Na regi\u00e3o, os munic\u00edpios de Juazeiro e Sobradinho j\u00e1 apresentam experi\u00eancias positivas com a implanta\u00e7\u00e3o do Programa Jovens Empreendedores Primeiros Passos (JEPP) na educa\u00e7\u00e3o b\u00e1sica, onde professores foram capacitados para atuar com a disciplina de empreendedorismo com estudantes do ensino fundamental. A meta do Sebrae \u00e9 intensificar esse trabalho, focando tamb\u00e9m no ensino superior.<\/p>\n<p style=\"text-align: justify\">\u201cA universidade vai contribuir por meio de pr\u00e1ticas que consolidem o aprendizado, preparando o estudante para um cen\u00e1rio profissional mais amplo, que possibilite ao futuro profissional ser tamb\u00e9m um empreendedor, seja com foco na carreira ou na cria\u00e7\u00e3o do pr\u00f3prio neg\u00f3cio\u201d, explica a t\u00e9cnica do Sebrae Juazeiro, Audeni Souza.<\/p>\n<p style=\"text-align: justify\">A programa\u00e7\u00e3o conta com a palestra \u201cEmpreendedorismo em dois tempos\u201d, que vai abordar formas de atua\u00e7\u00e3o frente \u00e0 vida e ao mercado de trabalho, com a ado\u00e7\u00e3o de atitudes empreendedoras. No semin\u00e1rio, tamb\u00e9m ser\u00e1 realizada a palestra e lan\u00e7amento do\u00a0<a href=\"http:\/\/desafiouniversitarioempreendedor.sebrae.com.br\/plataforma\/index.xhtml\">Desafio Universit\u00e1rio Empreendedor<\/a>, uma competi\u00e7\u00e3o nacional desenvolvida pelo Sebrae, que incentiva universit\u00e1rios a testar suas habilidade em gerir neg\u00f3cios, por meio de atividades virtuais e presenciais nas \u00e1reas de gest\u00e3o, mercado, inova\u00e7\u00e3o e empreendedorismo.<\/p>\n<p style=\"text-align: justify\">Os interessados podem se inscrever ou obter mais informa\u00e7\u00f5es na sede do Sebrae Juazeiro, localizada na Rua Coronel Jo\u00e3o Evangelista, n\u00ba 22, Centro, ou pelo telefone\u00a0<a href=\"tel:%2874%29%203612-0827\">(74) 3612-0827<\/a>.<\/p>\n<p style=\"text-align: justify\"><em>Ascom- Ag\u00eancia Sebrae<\/em><\/p>\n","protected":false},"excerpt":{"rendered":"<p>Estudantes, professores e gestores de universidades p\u00fablicas e privadas\u00a0com interesse em trabalhar o empreendedorismo na sala de aula podem participar do Semin\u00e1rio de Educa\u00e7\u00e3o Empreendedora, que ser\u00e1 realizado gratuitamente na pr\u00f3xima segunda-feira, dia 29, a partir das 18h30, no audit\u00f3rio da Universidade do Vale do S\u00e3o Francisco (Univasf), em Juazeiro. O objetivo do evento \u00e9 apresentar as solu\u00e7\u00f5es do Sebrae para fomentar o empreendedorismo no ensino superior e mostrar como as institui\u00e7\u00f5es de educa\u00e7\u00e3o podem ampliar a forma\u00e7\u00e3o dos universit\u00e1rios ao unir o conte\u00fado curricular a pr\u00e1ticas empreendedoras.<\/p>\n","protected":false},"author":7,"featured_media":0,"comment_status":"open","ping_status":"open","sticky":false,"template":"","format":"standard","meta":{"_acf_changed":false,"footnotes":""},"categories":[44],"tags":[],"class_list":["post-147459","post","type-post","status-publish","format-standard","hentry","category-administracao"],"acf":[],"yoast_head":"<!-- This site is optimized with the Yoast SEO plugin v27.4 - https:\/\/yoast.com\/product\/yoast-seo-wordpress\/ -->\n<title>JUAZEIRO SEDIA SEMIN\u00c1RIO DE EDUCA\u00c7\u00c3O EMPREENDEDORA PARA UNIVERSIDADES - Blog do Farn\u00e9sio<\/title>\n<meta name=\"robots\" content=\"index, follow, max-snippet:-1, max-image-preview:large, max-video-preview:-1\" \/>\n<link rel=\"canonical\" href=\"https:\/\/blogdofarnesio.com.br\/?p=147459\" \/>\n<meta property=\"og:locale\" content=\"pt_BR\" \/>\n<meta property=\"og:type\" content=\"article\" \/>\n<meta property=\"og:title\" content=\"JUAZEIRO SEDIA SEMIN\u00c1RIO DE EDUCA\u00c7\u00c3O EMPREENDEDORA PARA UNIVERSIDADES - Blog do Farn\u00e9sio\" \/>\n<meta property=\"og:description\" content=\"Estudantes, professores e gestores de universidades p\u00fablicas e privadas\u00a0com interesse em trabalhar o empreendedorismo na sala de aula podem participar do Semin\u00e1rio de Educa\u00e7\u00e3o Empreendedora, que ser\u00e1 realizado gratuitamente na pr\u00f3xima segunda-feira, dia 29, a partir das 18h30, no audit\u00f3rio da Universidade do Vale do S\u00e3o Francisco (Univasf), em Juazeiro. O objetivo do evento \u00e9 apresentar as solu\u00e7\u00f5es do Sebrae para fomentar o empreendedorismo no ensino superior e mostrar como as institui\u00e7\u00f5es de educa\u00e7\u00e3o podem ampliar a forma\u00e7\u00e3o dos universit\u00e1rios ao unir o conte\u00fado curricular a pr\u00e1ticas empreendedoras.\" \/>\n<meta property=\"og:url\" content=\"https:\/\/blogdofarnesio.com.br\/?p=147459\" \/>\n<meta property=\"og:site_name\" content=\"Blog do Farn\u00e9sio\" \/>\n<meta property=\"article:publisher\" content=\"https:\/\/www.facebook.com\/BlogQuerSaberPolitica\/\" \/>\n<meta property=\"article:published_time\" content=\"2016-08-28T10:00:00+00:00\" \/>\n<meta property=\"og:image\" content=\"http:\/\/www.quersaberpolitica.com.br\/2016\/wp-content\/uploads\/2013\/12\/download.jpg\" \/>\n<meta name=\"twitter:card\" content=\"summary_large_image\" \/>\n<meta name=\"twitter:label1\" content=\"Escrito por\" \/>\n\t<meta name=\"twitter:data1\" content=\"\" \/>\n\t<meta name=\"twitter:label2\" content=\"Est. tempo de leitura\" \/>\n\t<meta name=\"twitter:data2\" content=\"2 minutos\" \/>\n<script type=\"application\/ld+json\" class=\"yoast-schema-graph\">{\"@context\":\"https:\\\/\\\/schema.org\",\"@graph\":[{\"@type\":\"Article\",\"@id\":\"https:\\\/\\\/blogdofarnesio.com.br\\\/?p=147459#article\",\"isPartOf\":{\"@id\":\"https:\\\/\\\/blogdofarnesio.com.br\\\/?p=147459\"},\"author\":{\"name\":\"\",\"@id\":\"\"},\"headline\":\"JUAZEIRO SEDIA SEMIN\u00c1RIO DE EDUCA\u00c7\u00c3O EMPREENDEDORA PARA UNIVERSIDADES\",\"datePublished\":\"2016-08-28T10:00:00+00:00\",\"mainEntityOfPage\":{\"@id\":\"https:\\\/\\\/blogdofarnesio.com.br\\\/?p=147459\"},\"wordCount\":343,\"commentCount\":0,\"publisher\":{\"@id\":\"https:\\\/\\\/blogdofarnesio.com.br\\\/#organization\"},\"image\":{\"@id\":\"https:\\\/\\\/blogdofarnesio.com.br\\\/?p=147459#primaryimage\"},\"thumbnailUrl\":\"http:\\\/\\\/www.quersaberpolitica.com.br\\\/2016\\\/wp-content\\\/uploads\\\/2013\\\/12\\\/download.jpg\",\"articleSection\":[\"Administra\u00e7\u00e3o\"],\"inLanguage\":\"pt-BR\",\"potentialAction\":[{\"@type\":\"CommentAction\",\"name\":\"Comment\",\"target\":[\"https:\\\/\\\/blogdofarnesio.com.br\\\/?p=147459#respond\"]}]},{\"@type\":\"WebPage\",\"@id\":\"https:\\\/\\\/blogdofarnesio.com.br\\\/?p=147459\",\"url\":\"https:\\\/\\\/blogdofarnesio.com.br\\\/?p=147459\",\"name\":\"JUAZEIRO SEDIA SEMIN\u00c1RIO DE EDUCA\u00c7\u00c3O EMPREENDEDORA PARA UNIVERSIDADES - Blog do Farn\u00e9sio\",\"isPartOf\":{\"@id\":\"https:\\\/\\\/blogdofarnesio.com.br\\\/#website\"},\"primaryImageOfPage\":{\"@id\":\"https:\\\/\\\/blogdofarnesio.com.br\\\/?p=147459#primaryimage\"},\"image\":{\"@id\":\"https:\\\/\\\/blogdofarnesio.com.br\\\/?p=147459#primaryimage\"},\"thumbnailUrl\":\"http:\\\/\\\/www.quersaberpolitica.com.br\\\/2016\\\/wp-content\\\/uploads\\\/2013\\\/12\\\/download.jpg\",\"datePublished\":\"2016-08-28T10:00:00+00:00\",\"breadcrumb\":{\"@id\":\"https:\\\/\\\/blogdofarnesio.com.br\\\/?p=147459#breadcrumb\"},\"inLanguage\":\"pt-BR\",\"potentialAction\":[{\"@type\":\"ReadAction\",\"target\":[\"https:\\\/\\\/blogdofarnesio.com.br\\\/?p=147459\"]}]},{\"@type\":\"ImageObject\",\"inLanguage\":\"pt-BR\",\"@id\":\"https:\\\/\\\/blogdofarnesio.com.br\\\/?p=147459#primaryimage\",\"url\":\"http:\\\/\\\/www.quersaberpolitica.com.br\\\/2016\\\/wp-content\\\/uploads\\\/2013\\\/12\\\/download.jpg\",\"contentUrl\":\"http:\\\/\\\/www.quersaberpolitica.com.br\\\/2016\\\/wp-content\\\/uploads\\\/2013\\\/12\\\/download.jpg\"},{\"@type\":\"BreadcrumbList\",\"@id\":\"https:\\\/\\\/blogdofarnesio.com.br\\\/?p=147459#breadcrumb\",\"itemListElement\":[{\"@type\":\"ListItem\",\"position\":1,\"name\":\"In\u00edcio\",\"item\":\"https:\\\/\\\/blogdofarnesio.com.br\\\/\"},{\"@type\":\"ListItem\",\"position\":2,\"name\":\"JUAZEIRO SEDIA SEMIN\u00c1RIO DE EDUCA\u00c7\u00c3O EMPREENDEDORA PARA UNIVERSIDADES\"}]},{\"@type\":\"WebSite\",\"@id\":\"https:\\\/\\\/blogdofarnesio.com.br\\\/#website\",\"url\":\"https:\\\/\\\/blogdofarnesio.com.br\\\/\",\"name\":\"Blog do Farn\u00e9sio\",\"description\":\"Quer Saber Pol\u00edtica?\",\"publisher\":{\"@id\":\"https:\\\/\\\/blogdofarnesio.com.br\\\/#organization\"},\"potentialAction\":[{\"@type\":\"SearchAction\",\"target\":{\"@type\":\"EntryPoint\",\"urlTemplate\":\"https:\\\/\\\/blogdofarnesio.com.br\\\/?s={search_term_string}\"},\"query-input\":{\"@type\":\"PropertyValueSpecification\",\"valueRequired\":true,\"valueName\":\"search_term_string\"}}],\"inLanguage\":\"pt-BR\"},{\"@type\":\"Organization\",\"@id\":\"https:\\\/\\\/blogdofarnesio.com.br\\\/#organization\",\"name\":\"Blog do Farn\u00e9sio\",\"url\":\"https:\\\/\\\/blogdofarnesio.com.br\\\/\",\"logo\":{\"@type\":\"ImageObject\",\"inLanguage\":\"pt-BR\",\"@id\":\"https:\\\/\\\/blogdofarnesio.com.br\\\/#\\\/schema\\\/logo\\\/image\\\/\",\"url\":\"https:\\\/\\\/blogdofarnesio.com.br\\\/wp-content\\\/uploads\\\/2026\\\/03\\\/cropped-logo_new-1.png\",\"contentUrl\":\"https:\\\/\\\/blogdofarnesio.com.br\\\/wp-content\\\/uploads\\\/2026\\\/03\\\/cropped-logo_new-1.png\",\"width\":881,\"height\":685,\"caption\":\"Blog do Farn\u00e9sio\"},\"image\":{\"@id\":\"https:\\\/\\\/blogdofarnesio.com.br\\\/#\\\/schema\\\/logo\\\/image\\\/\"},\"sameAs\":[\"https:\\\/\\\/www.facebook.com\\\/BlogQuerSaberPolitica\\\/\"]},{\"@type\":\"Person\",\"@id\":\"\",\"url\":\"https:\\\/\\\/blogdofarnesio.com.br\\\/?author=7\"}]}<\/script>\n<!-- \/ Yoast SEO plugin. -->","yoast_head_json":{"title":"JUAZEIRO SEDIA SEMIN\u00c1RIO DE EDUCA\u00c7\u00c3O EMPREENDEDORA PARA UNIVERSIDADES - Blog do Farn\u00e9sio","robots":{"index":"index","follow":"follow","max-snippet":"max-snippet:-1","max-image-preview":"max-image-preview:large","max-video-preview":"max-video-preview:-1"},"canonical":"https:\/\/blogdofarnesio.com.br\/?p=147459","og_locale":"pt_BR","og_type":"article","og_title":"JUAZEIRO SEDIA SEMIN\u00c1RIO DE EDUCA\u00c7\u00c3O EMPREENDEDORA PARA UNIVERSIDADES - Blog do Farn\u00e9sio","og_description":"Estudantes, professores e gestores de universidades p\u00fablicas e privadas\u00a0com interesse em trabalhar o empreendedorismo na sala de aula podem participar do Semin\u00e1rio de Educa\u00e7\u00e3o Empreendedora, que ser\u00e1 realizado gratuitamente na pr\u00f3xima segunda-feira, dia 29, a partir das 18h30, no audit\u00f3rio da Universidade do Vale do S\u00e3o Francisco (Univasf), em Juazeiro. O objetivo do evento \u00e9 apresentar as solu\u00e7\u00f5es do Sebrae para fomentar o empreendedorismo no ensino superior e mostrar como as institui\u00e7\u00f5es de educa\u00e7\u00e3o podem ampliar a forma\u00e7\u00e3o dos universit\u00e1rios ao unir o conte\u00fado curricular a pr\u00e1ticas empreendedoras.","og_url":"https:\/\/blogdofarnesio.com.br\/?p=147459","og_site_name":"Blog do Farn\u00e9sio","article_publisher":"https:\/\/www.facebook.com\/BlogQuerSaberPolitica\/","article_published_time":"2016-08-28T10:00:00+00:00","og_image":[{"url":"http:\/\/www.quersaberpolitica.com.br\/2016\/wp-content\/uploads\/2013\/12\/download.jpg","type":"","width":"","height":""}],"twitter_card":"summary_large_image","twitter_misc":{"Escrito por":"","Est. tempo de leitura":"2 minutos"},"schema":{"@context":"https:\/\/schema.org","@graph":[{"@type":"Article","@id":"https:\/\/blogdofarnesio.com.br\/?p=147459#article","isPartOf":{"@id":"https:\/\/blogdofarnesio.com.br\/?p=147459"},"author":{"name":"","@id":""},"headline":"JUAZEIRO SEDIA SEMIN\u00c1RIO DE EDUCA\u00c7\u00c3O EMPREENDEDORA PARA UNIVERSIDADES","datePublished":"2016-08-28T10:00:00+00:00","mainEntityOfPage":{"@id":"https:\/\/blogdofarnesio.com.br\/?p=147459"},"wordCount":343,"commentCount":0,"publisher":{"@id":"https:\/\/blogdofarnesio.com.br\/#organization"},"image":{"@id":"https:\/\/blogdofarnesio.com.br\/?p=147459#primaryimage"},"thumbnailUrl":"http:\/\/www.quersaberpolitica.com.br\/2016\/wp-content\/uploads\/2013\/12\/download.jpg","articleSection":["Administra\u00e7\u00e3o"],"inLanguage":"pt-BR","potentialAction":[{"@type":"CommentAction","name":"Comment","target":["https:\/\/blogdofarnesio.com.br\/?p=147459#respond"]}]},{"@type":"WebPage","@id":"https:\/\/blogdofarnesio.com.br\/?p=147459","url":"https:\/\/blogdofarnesio.com.br\/?p=147459","name":"JUAZEIRO SEDIA SEMIN\u00c1RIO DE EDUCA\u00c7\u00c3O EMPREENDEDORA PARA UNIVERSIDADES - Blog do Farn\u00e9sio","isPartOf":{"@id":"https:\/\/blogdofarnesio.com.br\/#website"},"primaryImageOfPage":{"@id":"https:\/\/blogdofarnesio.com.br\/?p=147459#primaryimage"},"image":{"@id":"https:\/\/blogdofarnesio.com.br\/?p=147459#primaryimage"},"thumbnailUrl":"http:\/\/www.quersaberpolitica.com.br\/2016\/wp-content\/uploads\/2013\/12\/download.jpg","datePublished":"2016-08-28T10:00:00+00:00","breadcrumb":{"@id":"https:\/\/blogdofarnesio.com.br\/?p=147459#breadcrumb"},"inLanguage":"pt-BR","potentialAction":[{"@type":"ReadAction","target":["https:\/\/blogdofarnesio.com.br\/?p=147459"]}]},{"@type":"ImageObject","inLanguage":"pt-BR","@id":"https:\/\/blogdofarnesio.com.br\/?p=147459#primaryimage","url":"http:\/\/www.quersaberpolitica.com.br\/2016\/wp-content\/uploads\/2013\/12\/download.jpg","contentUrl":"http:\/\/www.quersaberpolitica.com.br\/2016\/wp-content\/uploads\/2013\/12\/download.jpg"},{"@type":"BreadcrumbList","@id":"https:\/\/blogdofarnesio.com.br\/?p=147459#breadcrumb","itemListElement":[{"@type":"ListItem","position":1,"name":"In\u00edcio","item":"https:\/\/blogdofarnesio.com.br\/"},{"@type":"ListItem","position":2,"name":"JUAZEIRO SEDIA SEMIN\u00c1RIO DE EDUCA\u00c7\u00c3O EMPREENDEDORA PARA UNIVERSIDADES"}]},{"@type":"WebSite","@id":"https:\/\/blogdofarnesio.com.br\/#website","url":"https:\/\/blogdofarnesio.com.br\/","name":"Blog do Farn\u00e9sio","description":"Quer Saber Pol\u00edtica?","publisher":{"@id":"https:\/\/blogdofarnesio.com.br\/#organization"},"potentialAction":[{"@type":"SearchAction","target":{"@type":"EntryPoint","urlTemplate":"https:\/\/blogdofarnesio.com.br\/?s={search_term_string}"},"query-input":{"@type":"PropertyValueSpecification","valueRequired":true,"valueName":"search_term_string"}}],"inLanguage":"pt-BR"},{"@type":"Organization","@id":"https:\/\/blogdofarnesio.com.br\/#organization","name":"Blog do Farn\u00e9sio","url":"https:\/\/blogdofarnesio.com.br\/","logo":{"@type":"ImageObject","inLanguage":"pt-BR","@id":"https:\/\/blogdofarnesio.com.br\/#\/schema\/logo\/image\/","url":"https:\/\/blogdofarnesio.com.br\/wp-content\/uploads\/2026\/03\/cropped-logo_new-1.png","contentUrl":"https:\/\/blogdofarnesio.com.br\/wp-content\/uploads\/2026\/03\/cropped-logo_new-1.png","width":881,"height":685,"caption":"Blog do Farn\u00e9sio"},"image":{"@id":"https:\/\/blogdofarnesio.com.br\/#\/schema\/logo\/image\/"},"sameAs":["https:\/\/www.facebook.com\/BlogQuerSaberPolitica\/"]},{"@type":"Person","@id":"","url":"https:\/\/blogdofarnesio.com.br\/?author=7"}]}},"_links":{"self":[{"href":"https:\/\/blogdofarnesio.com.br\/index.php?rest_route=\/wp\/v2\/posts\/147459","targetHints":{"allow":["GET"]}}],"collection":[{"href":"https:\/\/blogdofarnesio.com.br\/index.php?rest_route=\/wp\/v2\/posts"}],"about":[{"href":"https:\/\/blogdofarnesio.com.br\/index.php?rest_route=\/wp\/v2\/types\/post"}],"author":[{"embeddable":true,"href":"https:\/\/blogdofarnesio.com.br\/index.php?rest_route=\/wp\/v2\/users\/7"}],"replies":[{"embeddable":true,"href":"https:\/\/blogdofarnesio.com.br\/index.php?rest_route=%2Fwp%2Fv2%2Fcomments&post=147459"}],"version-history":[{"count":0,"href":"https:\/\/blogdofarnesio.com.br\/index.php?rest_route=\/wp\/v2\/posts\/147459\/revisions"}],"wp:attachment":[{"href":"https:\/\/blogdofarnesio.com.br\/index.php?rest_route=%2Fwp%2Fv2%2Fmedia&parent=147459"}],"wp:term":[{"taxonomy":"category","embeddable":true,"href":"https:\/\/blogdofarnesio.com.br\/index.php?rest_route=%2Fwp%2Fv2%2Fcategories&post=147459"},{"taxonomy":"post_tag","embeddable":true,"href":"https:\/\/blogdofarnesio.com.br\/index.php?rest_route=%2Fwp%2Fv2%2Ftags&post=147459"}],"curies":[{"name":"wp","href":"https:\/\/api.w.org\/{rel}","templated":true}]}}