{"id":147452,"date":"2016-08-27T19:00:26","date_gmt":"2016-08-27T22:00:26","guid":{"rendered":"http:\/\/www.quersaberpolitica.com.br\/?p=147452"},"modified":"2016-08-27T12:48:04","modified_gmt":"2016-08-27T15:48:04","slug":"joseph-bandeira-firma-parceria-com-os-delegados-civis-de-juazeiro","status":"publish","type":"post","link":"https:\/\/blogdofarnesio.com.br\/?p=147452","title":{"rendered":"JOSEPH BANDEIRA FIRMA PARCERIA COM OS DELEGADOS CIVIS DE JUAZEIRO"},"content":{"rendered":"<p><a href=\"http:\/\/www.quersaberpolitica.com.br\/2016\/wp-content\/uploads\/2016\/08\/blog-sqp-Joseph.jpg\"><img loading=\"lazy\" decoding=\"async\" class=\"wp-image-147453 aligncenter\" src=\"http:\/\/www.quersaberpolitica.com.br\/2016\/wp-content\/uploads\/2016\/08\/blog-sqp-Joseph-270x300.jpg\" alt=\"blog-sqp- Joseph\" width=\"420\" height=\"465\" srcset=\"https:\/\/blogdofarnesio.com.br\/wp-content\/uploads\/2016\/08\/blog-sqp-Joseph-270x300.jpg 270w, https:\/\/blogdofarnesio.com.br\/wp-content\/uploads\/2016\/08\/blog-sqp-Joseph.jpg 336w\" sizes=\"auto, (max-width: 420px) 100vw, 420px\" \/><\/a><\/p>\n<p style=\"text-align: justify\">Na tarde ontem (26), aconteceu no Grande Hotel de Juazeiro, um almo\u00e7o informal entre o candidato a prefeito Joseph Bandeira acompanhado de seu vice Wank Medrado com os delegados de Pol\u00edcia Civil da circunscri\u00e7\u00e3o de Juazeiro.<\/p>\n<p style=\"text-align: justify\">Estavam presentes autoridades policiais, os delegados da 1\u00aa Delegacia Territorial de Repress\u00e3o a Furtos e Roubos Fl\u00e1vio Andr\u00e9 Rocha Martins (titular), N\u00e9lio Ferreira Neves e Reginaldo C\u00e9sar Cabral de Lima, o delegado da delegacia de homic\u00eddios, Barcos Aira Louren\u00e7o Galdino e a delegada de Apoio a Prote\u00e7\u00e3o \u00e0 Mulher, Rosineide Motta Medrado.<\/p>\n<p style=\"text-align: justify\">Durante o encontro, foram debatidas demandas da delegacia regional e sugest\u00f5es para seguran\u00e7a p\u00fablica no munic\u00edpio de Juazeiro.<\/p>\n<p><em>Ascom- Joseph Bandeira<\/em><\/p>\n","protected":false},"excerpt":{"rendered":"<p>Na tarde ontem (26), aconteceu no Grande Hotel de Juazeiro, um almo\u00e7o informal entre o candidato a prefeito Joseph Bandeira acompanhado de seu vice Wank Medrado com os delegados de Pol\u00edcia Civil da circunscri\u00e7\u00e3o de Juazeiro. Estavam presentes autoridades policiais, os delegados da 1\u00aa Delegacia Territorial de Repress\u00e3o a Furtos e Roubos Fl\u00e1vio Andr\u00e9 Rocha Martins (titular), N\u00e9lio Ferreira Neves e Reginaldo C\u00e9sar Cabral de Lima, o delegado da delegacia de homic\u00eddios, Barcos Aira Louren\u00e7o Galdino e a delegada de Apoio a Prote\u00e7\u00e3o \u00e0 Mulher, Rosineide Motta Medrado. Durante o encontro, foram debatidas demandas da delegacia regional e sugest\u00f5es para seguran\u00e7a p\u00fablica no munic\u00edpio de Juazeiro. Ascom- Joseph Bandeira<\/p>\n","protected":false},"author":7,"featured_media":0,"comment_status":"open","ping_status":"open","sticky":false,"template":"","format":"standard","meta":{"_acf_changed":false,"footnotes":""},"categories":[1],"tags":[],"class_list":["post-147452","post","type-post","status-publish","format-standard","hentry","category-politica"],"acf":[],"yoast_head":"<!-- This site is optimized with the Yoast SEO plugin v27.4 - https:\/\/yoast.com\/product\/yoast-seo-wordpress\/ -->\n<title>JOSEPH BANDEIRA FIRMA PARCERIA COM OS DELEGADOS CIVIS DE JUAZEIRO - Blog do Farn\u00e9sio<\/title>\n<meta name=\"robots\" content=\"index, follow, max-snippet:-1, max-image-preview:large, max-video-preview:-1\" \/>\n<link rel=\"canonical\" href=\"https:\/\/blogdofarnesio.com.br\/?p=147452\" \/>\n<meta property=\"og:locale\" content=\"pt_BR\" \/>\n<meta property=\"og:type\" content=\"article\" \/>\n<meta property=\"og:title\" content=\"JOSEPH BANDEIRA FIRMA PARCERIA COM OS DELEGADOS CIVIS DE JUAZEIRO - Blog do Farn\u00e9sio\" \/>\n<meta property=\"og:description\" content=\"Na tarde ontem (26), aconteceu no Grande Hotel de Juazeiro, um almo\u00e7o informal entre o candidato a prefeito Joseph Bandeira acompanhado de seu vice Wank Medrado com os delegados de Pol\u00edcia Civil da circunscri\u00e7\u00e3o de Juazeiro. Estavam presentes autoridades policiais, os delegados da 1\u00aa Delegacia Territorial de Repress\u00e3o a Furtos e Roubos Fl\u00e1vio Andr\u00e9 Rocha Martins (titular), N\u00e9lio Ferreira Neves e Reginaldo C\u00e9sar Cabral de Lima, o delegado da delegacia de homic\u00eddios, Barcos Aira Louren\u00e7o Galdino e a delegada de Apoio a Prote\u00e7\u00e3o \u00e0 Mulher, Rosineide Motta Medrado. Durante o encontro, foram debatidas demandas da delegacia regional e sugest\u00f5es para seguran\u00e7a p\u00fablica no munic\u00edpio de Juazeiro. Ascom- Joseph Bandeira\" \/>\n<meta property=\"og:url\" content=\"https:\/\/blogdofarnesio.com.br\/?p=147452\" \/>\n<meta property=\"og:site_name\" content=\"Blog do Farn\u00e9sio\" \/>\n<meta property=\"article:publisher\" content=\"https:\/\/www.facebook.com\/BlogQuerSaberPolitica\/\" \/>\n<meta property=\"article:published_time\" content=\"2016-08-27T22:00:26+00:00\" \/>\n<meta property=\"og:image\" content=\"http:\/\/www.quersaberpolitica.com.br\/2016\/wp-content\/uploads\/2016\/08\/blog-sqp-Joseph-270x300.jpg\" \/>\n<meta name=\"twitter:card\" content=\"summary_large_image\" \/>\n<meta name=\"twitter:label1\" content=\"Escrito por\" \/>\n\t<meta name=\"twitter:data1\" content=\"\" \/>\n\t<meta name=\"twitter:label2\" content=\"Est. tempo de leitura\" \/>\n\t<meta name=\"twitter:data2\" content=\"1 minuto\" \/>\n<script type=\"application\/ld+json\" class=\"yoast-schema-graph\">{\"@context\":\"https:\\\/\\\/schema.org\",\"@graph\":[{\"@type\":\"Article\",\"@id\":\"https:\\\/\\\/blogdofarnesio.com.br\\\/?p=147452#article\",\"isPartOf\":{\"@id\":\"https:\\\/\\\/blogdofarnesio.com.br\\\/?p=147452\"},\"author\":{\"name\":\"\",\"@id\":\"\"},\"headline\":\"JOSEPH BANDEIRA FIRMA PARCERIA COM OS DELEGADOS CIVIS DE JUAZEIRO\",\"datePublished\":\"2016-08-27T22:00:26+00:00\",\"mainEntityOfPage\":{\"@id\":\"https:\\\/\\\/blogdofarnesio.com.br\\\/?p=147452\"},\"wordCount\":130,\"commentCount\":0,\"publisher\":{\"@id\":\"https:\\\/\\\/blogdofarnesio.com.br\\\/#organization\"},\"image\":{\"@id\":\"https:\\\/\\\/blogdofarnesio.com.br\\\/?p=147452#primaryimage\"},\"thumbnailUrl\":\"http:\\\/\\\/www.quersaberpolitica.com.br\\\/2016\\\/wp-content\\\/uploads\\\/2016\\\/08\\\/blog-sqp-Joseph-270x300.jpg\",\"articleSection\":[\"Pol\u00edtica\"],\"inLanguage\":\"pt-BR\",\"potentialAction\":[{\"@type\":\"CommentAction\",\"name\":\"Comment\",\"target\":[\"https:\\\/\\\/blogdofarnesio.com.br\\\/?p=147452#respond\"]}]},{\"@type\":\"WebPage\",\"@id\":\"https:\\\/\\\/blogdofarnesio.com.br\\\/?p=147452\",\"url\":\"https:\\\/\\\/blogdofarnesio.com.br\\\/?p=147452\",\"name\":\"JOSEPH BANDEIRA FIRMA PARCERIA COM OS DELEGADOS CIVIS DE JUAZEIRO - Blog do Farn\u00e9sio\",\"isPartOf\":{\"@id\":\"https:\\\/\\\/blogdofarnesio.com.br\\\/#website\"},\"primaryImageOfPage\":{\"@id\":\"https:\\\/\\\/blogdofarnesio.com.br\\\/?p=147452#primaryimage\"},\"image\":{\"@id\":\"https:\\\/\\\/blogdofarnesio.com.br\\\/?p=147452#primaryimage\"},\"thumbnailUrl\":\"http:\\\/\\\/www.quersaberpolitica.com.br\\\/2016\\\/wp-content\\\/uploads\\\/2016\\\/08\\\/blog-sqp-Joseph-270x300.jpg\",\"datePublished\":\"2016-08-27T22:00:26+00:00\",\"breadcrumb\":{\"@id\":\"https:\\\/\\\/blogdofarnesio.com.br\\\/?p=147452#breadcrumb\"},\"inLanguage\":\"pt-BR\",\"potentialAction\":[{\"@type\":\"ReadAction\",\"target\":[\"https:\\\/\\\/blogdofarnesio.com.br\\\/?p=147452\"]}]},{\"@type\":\"ImageObject\",\"inLanguage\":\"pt-BR\",\"@id\":\"https:\\\/\\\/blogdofarnesio.com.br\\\/?p=147452#primaryimage\",\"url\":\"http:\\\/\\\/www.quersaberpolitica.com.br\\\/2016\\\/wp-content\\\/uploads\\\/2016\\\/08\\\/blog-sqp-Joseph-270x300.jpg\",\"contentUrl\":\"http:\\\/\\\/www.quersaberpolitica.com.br\\\/2016\\\/wp-content\\\/uploads\\\/2016\\\/08\\\/blog-sqp-Joseph-270x300.jpg\"},{\"@type\":\"BreadcrumbList\",\"@id\":\"https:\\\/\\\/blogdofarnesio.com.br\\\/?p=147452#breadcrumb\",\"itemListElement\":[{\"@type\":\"ListItem\",\"position\":1,\"name\":\"In\u00edcio\",\"item\":\"https:\\\/\\\/blogdofarnesio.com.br\\\/\"},{\"@type\":\"ListItem\",\"position\":2,\"name\":\"JOSEPH BANDEIRA FIRMA PARCERIA COM OS DELEGADOS CIVIS DE JUAZEIRO\"}]},{\"@type\":\"WebSite\",\"@id\":\"https:\\\/\\\/blogdofarnesio.com.br\\\/#website\",\"url\":\"https:\\\/\\\/blogdofarnesio.com.br\\\/\",\"name\":\"Blog do Farn\u00e9sio\",\"description\":\"Quer Saber Pol\u00edtica?\",\"publisher\":{\"@id\":\"https:\\\/\\\/blogdofarnesio.com.br\\\/#organization\"},\"potentialAction\":[{\"@type\":\"SearchAction\",\"target\":{\"@type\":\"EntryPoint\",\"urlTemplate\":\"https:\\\/\\\/blogdofarnesio.com.br\\\/?s={search_term_string}\"},\"query-input\":{\"@type\":\"PropertyValueSpecification\",\"valueRequired\":true,\"valueName\":\"search_term_string\"}}],\"inLanguage\":\"pt-BR\"},{\"@type\":\"Organization\",\"@id\":\"https:\\\/\\\/blogdofarnesio.com.br\\\/#organization\",\"name\":\"Blog do Farn\u00e9sio\",\"url\":\"https:\\\/\\\/blogdofarnesio.com.br\\\/\",\"logo\":{\"@type\":\"ImageObject\",\"inLanguage\":\"pt-BR\",\"@id\":\"https:\\\/\\\/blogdofarnesio.com.br\\\/#\\\/schema\\\/logo\\\/image\\\/\",\"url\":\"https:\\\/\\\/blogdofarnesio.com.br\\\/wp-content\\\/uploads\\\/2026\\\/03\\\/cropped-logo_new-1.png\",\"contentUrl\":\"https:\\\/\\\/blogdofarnesio.com.br\\\/wp-content\\\/uploads\\\/2026\\\/03\\\/cropped-logo_new-1.png\",\"width\":881,\"height\":685,\"caption\":\"Blog do Farn\u00e9sio\"},\"image\":{\"@id\":\"https:\\\/\\\/blogdofarnesio.com.br\\\/#\\\/schema\\\/logo\\\/image\\\/\"},\"sameAs\":[\"https:\\\/\\\/www.facebook.com\\\/BlogQuerSaberPolitica\\\/\"]},{\"@type\":\"Person\",\"@id\":\"\",\"url\":\"https:\\\/\\\/blogdofarnesio.com.br\\\/?author=7\"}]}<\/script>\n<!-- \/ Yoast SEO plugin. -->","yoast_head_json":{"title":"JOSEPH BANDEIRA FIRMA PARCERIA COM OS DELEGADOS CIVIS DE JUAZEIRO - Blog do Farn\u00e9sio","robots":{"index":"index","follow":"follow","max-snippet":"max-snippet:-1","max-image-preview":"max-image-preview:large","max-video-preview":"max-video-preview:-1"},"canonical":"https:\/\/blogdofarnesio.com.br\/?p=147452","og_locale":"pt_BR","og_type":"article","og_title":"JOSEPH BANDEIRA FIRMA PARCERIA COM OS DELEGADOS CIVIS DE JUAZEIRO - Blog do Farn\u00e9sio","og_description":"Na tarde ontem (26), aconteceu no Grande Hotel de Juazeiro, um almo\u00e7o informal entre o candidato a prefeito Joseph Bandeira acompanhado de seu vice Wank Medrado com os delegados de Pol\u00edcia Civil da circunscri\u00e7\u00e3o de Juazeiro. Estavam presentes autoridades policiais, os delegados da 1\u00aa Delegacia Territorial de Repress\u00e3o a Furtos e Roubos Fl\u00e1vio Andr\u00e9 Rocha Martins (titular), N\u00e9lio Ferreira Neves e Reginaldo C\u00e9sar Cabral de Lima, o delegado da delegacia de homic\u00eddios, Barcos Aira Louren\u00e7o Galdino e a delegada de Apoio a Prote\u00e7\u00e3o \u00e0 Mulher, Rosineide Motta Medrado. Durante o encontro, foram debatidas demandas da delegacia regional e sugest\u00f5es para seguran\u00e7a p\u00fablica no munic\u00edpio de Juazeiro. Ascom- Joseph Bandeira","og_url":"https:\/\/blogdofarnesio.com.br\/?p=147452","og_site_name":"Blog do Farn\u00e9sio","article_publisher":"https:\/\/www.facebook.com\/BlogQuerSaberPolitica\/","article_published_time":"2016-08-27T22:00:26+00:00","og_image":[{"url":"http:\/\/www.quersaberpolitica.com.br\/2016\/wp-content\/uploads\/2016\/08\/blog-sqp-Joseph-270x300.jpg","type":"","width":"","height":""}],"twitter_card":"summary_large_image","twitter_misc":{"Escrito por":"","Est. tempo de leitura":"1 minuto"},"schema":{"@context":"https:\/\/schema.org","@graph":[{"@type":"Article","@id":"https:\/\/blogdofarnesio.com.br\/?p=147452#article","isPartOf":{"@id":"https:\/\/blogdofarnesio.com.br\/?p=147452"},"author":{"name":"","@id":""},"headline":"JOSEPH BANDEIRA FIRMA PARCERIA COM OS DELEGADOS CIVIS DE JUAZEIRO","datePublished":"2016-08-27T22:00:26+00:00","mainEntityOfPage":{"@id":"https:\/\/blogdofarnesio.com.br\/?p=147452"},"wordCount":130,"commentCount":0,"publisher":{"@id":"https:\/\/blogdofarnesio.com.br\/#organization"},"image":{"@id":"https:\/\/blogdofarnesio.com.br\/?p=147452#primaryimage"},"thumbnailUrl":"http:\/\/www.quersaberpolitica.com.br\/2016\/wp-content\/uploads\/2016\/08\/blog-sqp-Joseph-270x300.jpg","articleSection":["Pol\u00edtica"],"inLanguage":"pt-BR","potentialAction":[{"@type":"CommentAction","name":"Comment","target":["https:\/\/blogdofarnesio.com.br\/?p=147452#respond"]}]},{"@type":"WebPage","@id":"https:\/\/blogdofarnesio.com.br\/?p=147452","url":"https:\/\/blogdofarnesio.com.br\/?p=147452","name":"JOSEPH BANDEIRA FIRMA PARCERIA COM OS DELEGADOS CIVIS DE JUAZEIRO - Blog do Farn\u00e9sio","isPartOf":{"@id":"https:\/\/blogdofarnesio.com.br\/#website"},"primaryImageOfPage":{"@id":"https:\/\/blogdofarnesio.com.br\/?p=147452#primaryimage"},"image":{"@id":"https:\/\/blogdofarnesio.com.br\/?p=147452#primaryimage"},"thumbnailUrl":"http:\/\/www.quersaberpolitica.com.br\/2016\/wp-content\/uploads\/2016\/08\/blog-sqp-Joseph-270x300.jpg","datePublished":"2016-08-27T22:00:26+00:00","breadcrumb":{"@id":"https:\/\/blogdofarnesio.com.br\/?p=147452#breadcrumb"},"inLanguage":"pt-BR","potentialAction":[{"@type":"ReadAction","target":["https:\/\/blogdofarnesio.com.br\/?p=147452"]}]},{"@type":"ImageObject","inLanguage":"pt-BR","@id":"https:\/\/blogdofarnesio.com.br\/?p=147452#primaryimage","url":"http:\/\/www.quersaberpolitica.com.br\/2016\/wp-content\/uploads\/2016\/08\/blog-sqp-Joseph-270x300.jpg","contentUrl":"http:\/\/www.quersaberpolitica.com.br\/2016\/wp-content\/uploads\/2016\/08\/blog-sqp-Joseph-270x300.jpg"},{"@type":"BreadcrumbList","@id":"https:\/\/blogdofarnesio.com.br\/?p=147452#breadcrumb","itemListElement":[{"@type":"ListItem","position":1,"name":"In\u00edcio","item":"https:\/\/blogdofarnesio.com.br\/"},{"@type":"ListItem","position":2,"name":"JOSEPH BANDEIRA FIRMA PARCERIA COM OS DELEGADOS CIVIS DE JUAZEIRO"}]},{"@type":"WebSite","@id":"https:\/\/blogdofarnesio.com.br\/#website","url":"https:\/\/blogdofarnesio.com.br\/","name":"Blog do Farn\u00e9sio","description":"Quer Saber Pol\u00edtica?","publisher":{"@id":"https:\/\/blogdofarnesio.com.br\/#organization"},"potentialAction":[{"@type":"SearchAction","target":{"@type":"EntryPoint","urlTemplate":"https:\/\/blogdofarnesio.com.br\/?s={search_term_string}"},"query-input":{"@type":"PropertyValueSpecification","valueRequired":true,"valueName":"search_term_string"}}],"inLanguage":"pt-BR"},{"@type":"Organization","@id":"https:\/\/blogdofarnesio.com.br\/#organization","name":"Blog do Farn\u00e9sio","url":"https:\/\/blogdofarnesio.com.br\/","logo":{"@type":"ImageObject","inLanguage":"pt-BR","@id":"https:\/\/blogdofarnesio.com.br\/#\/schema\/logo\/image\/","url":"https:\/\/blogdofarnesio.com.br\/wp-content\/uploads\/2026\/03\/cropped-logo_new-1.png","contentUrl":"https:\/\/blogdofarnesio.com.br\/wp-content\/uploads\/2026\/03\/cropped-logo_new-1.png","width":881,"height":685,"caption":"Blog do Farn\u00e9sio"},"image":{"@id":"https:\/\/blogdofarnesio.com.br\/#\/schema\/logo\/image\/"},"sameAs":["https:\/\/www.facebook.com\/BlogQuerSaberPolitica\/"]},{"@type":"Person","@id":"","url":"https:\/\/blogdofarnesio.com.br\/?author=7"}]}},"_links":{"self":[{"href":"https:\/\/blogdofarnesio.com.br\/index.php?rest_route=\/wp\/v2\/posts\/147452","targetHints":{"allow":["GET"]}}],"collection":[{"href":"https:\/\/blogdofarnesio.com.br\/index.php?rest_route=\/wp\/v2\/posts"}],"about":[{"href":"https:\/\/blogdofarnesio.com.br\/index.php?rest_route=\/wp\/v2\/types\/post"}],"author":[{"embeddable":true,"href":"https:\/\/blogdofarnesio.com.br\/index.php?rest_route=\/wp\/v2\/users\/7"}],"replies":[{"embeddable":true,"href":"https:\/\/blogdofarnesio.com.br\/index.php?rest_route=%2Fwp%2Fv2%2Fcomments&post=147452"}],"version-history":[{"count":0,"href":"https:\/\/blogdofarnesio.com.br\/index.php?rest_route=\/wp\/v2\/posts\/147452\/revisions"}],"wp:attachment":[{"href":"https:\/\/blogdofarnesio.com.br\/index.php?rest_route=%2Fwp%2Fv2%2Fmedia&parent=147452"}],"wp:term":[{"taxonomy":"category","embeddable":true,"href":"https:\/\/blogdofarnesio.com.br\/index.php?rest_route=%2Fwp%2Fv2%2Fcategories&post=147452"},{"taxonomy":"post_tag","embeddable":true,"href":"https:\/\/blogdofarnesio.com.br\/index.php?rest_route=%2Fwp%2Fv2%2Ftags&post=147452"}],"curies":[{"name":"wp","href":"https:\/\/api.w.org\/{rel}","templated":true}]}}