{"id":147445,"date":"2016-08-27T14:00:18","date_gmt":"2016-08-27T17:00:18","guid":{"rendered":"http:\/\/www.quersaberpolitica.com.br\/?p=147445"},"modified":"2016-08-27T11:12:08","modified_gmt":"2016-08-27T14:12:08","slug":"revitalizacao-do-sao-francisco-deve-custar-r-30-bilhoes","status":"publish","type":"post","link":"https:\/\/blogdofarnesio.com.br\/?p=147445","title":{"rendered":"REVITALIZA\u00c7\u00c3O DO S\u00c3O FRANCISCO DEVE CUSTAR R$ 30 BILH\u00d5ES"},"content":{"rendered":"<figure id=\"attachment_25896\" aria-describedby=\"caption-attachment-25896\" style=\"width: 422px\" class=\"wp-caption aligncenter\"><a href=\"http:\/\/www.quersaberpolitica.com.br\/2016\/wp-content\/uploads\/2013\/01\/blogqsprioneopolesSE.jpg\"><img loading=\"lazy\" decoding=\"async\" class=\" wp-image-25896\" src=\"http:\/\/www.quersaberpolitica.com.br\/2016\/wp-content\/uploads\/2013\/01\/blogqsprioneopolesSE-300x224.jpg\" alt=\"Foz do S\u00e3o Francisco  Foto Farn\u00e9sio Silva\" width=\"422\" height=\"319\" \/><\/a><figcaption id=\"caption-attachment-25896\" class=\"wp-caption-text\">Foz do S\u00e3o Francisco Foto Farn\u00e9sio Silva<\/figcaption><\/figure>\n<p style=\"text-align: justify\">Alvo de debate ap\u00f3s o an\u00fancio do programa Novo Chico, a revitaliza\u00e7\u00e3o da bacia do Rio S\u00e3o Francisco deve exigir um investimento de cerca de R$ 30 bilh\u00f5es, conforme estimativa do caderno de investimentos do novo plano gestor de recursos h\u00eddricos da bacia do rio, que est\u00e1 sendo finalizado pelo Comit\u00ea da Bacia Hidrogr\u00e1fica do Rio S\u00e3o Francisco (CBHSF).<\/p>\n<p style=\"text-align: justify\">Segundo informa\u00e7\u00f5es da Ag\u00eancia Brasil, o documento deve ser conclu\u00eddo ainda este m\u00eas. No \u00faltimo dia 9, o presidente em exerc\u00edcio Michel Temer assinou decreto que remodela o Programa de Revitaliza\u00e7\u00e3o da Bacia do Rio S\u00e3o Francisco, que havia sido institu\u00eddo em 2001 pelo ent\u00e3o presidente Fernando Henrique Cardoso. Na \u00faltimo dia 15, a C\u00e2mara T\u00e9cnica do programa realizou a primeira reuni\u00e3o, que criou grupos de trabalho para planejar em detalhes as a\u00e7\u00f5es a serem executadas e os custos.<\/p>\n<p style=\"text-align: justify\">Durante o encontro, o ministro da Integra\u00e7\u00e3o Nacional, Helder Barbalho, afirmou que as interven\u00e7\u00f5es devem custar cerca de R$ 7 bilh\u00f5es, aplicadas em um per\u00edodo de 10 anos. O plano de execu\u00e7\u00e3o do programa deve ser apresentado em 90 dias, mas ainda em setembro o comit\u00ea dever\u00e1 lan\u00e7ar o plano gestor da bacia, com diretrizes previstas tamb\u00e9m para 10 anos.<\/p>\n<p style=\"text-align: justify\">O presidente do comit\u00ea, Anivaldo Miranda, avalia que este documento antecipar\u00e1 as primeiras decis\u00f5es do comit\u00ea gestor e da c\u00e2mara t\u00e9cnica. \u201cNesse plano, fizemos um diagn\u00f3stico e identificamos cen\u00e1rios atuais e futuros para a demanda h\u00eddrica at\u00e9 2035 e definimos tamb\u00e9m eixos de atua\u00e7\u00e3o, metas e prioridades. Vamos oferecer o plano como contribui\u00e7\u00e3o. A partir da\u00ed, o programa da revitaliza\u00e7\u00e3o poder\u00e1 economizar tempo e dinheiro e partir para estabelecer quanto ser\u00e1 gasto a cada ano\u201d.<\/p>\n<p style=\"text-align: justify\">BN<\/p>\n","protected":false},"excerpt":{"rendered":"<p>Alvo de debate ap\u00f3s o an\u00fancio do programa Novo Chico, a revitaliza\u00e7\u00e3o da bacia do Rio S\u00e3o Francisco deve exigir um investimento de cerca de R$ 30 bilh\u00f5es, conforme estimativa do caderno de investimentos do novo plano gestor de recursos h\u00eddricos da bacia do rio, que est\u00e1 sendo finalizado pelo Comit\u00ea da Bacia Hidrogr\u00e1fica do Rio S\u00e3o Francisco (CBHSF). Segundo informa\u00e7\u00f5es da Ag\u00eancia Brasil, o documento deve ser conclu\u00eddo ainda este m\u00eas. No \u00faltimo dia 9, o presidente em exerc\u00edcio Michel Temer assinou decreto que remodela o Programa de Revitaliza\u00e7\u00e3o da Bacia do Rio S\u00e3o Francisco, que havia sido institu\u00eddo em 2001 pelo ent\u00e3o presidente Fernando Henrique Cardoso. Na \u00faltimo dia 15, a C\u00e2mara T\u00e9cnica do programa realizou a primeira&hellip; <\/p>\n","protected":false},"author":7,"featured_media":0,"comment_status":"open","ping_status":"open","sticky":false,"template":"","format":"standard","meta":{"_acf_changed":false,"footnotes":""},"categories":[44],"tags":[],"class_list":["post-147445","post","type-post","status-publish","format-standard","hentry","category-administracao"],"acf":[],"yoast_head":"<!-- This site is optimized with the Yoast SEO plugin v27.4 - https:\/\/yoast.com\/product\/yoast-seo-wordpress\/ -->\n<title>REVITALIZA\u00c7\u00c3O DO S\u00c3O FRANCISCO DEVE CUSTAR R$ 30 BILH\u00d5ES - Blog do Farn\u00e9sio<\/title>\n<meta name=\"robots\" content=\"index, follow, max-snippet:-1, max-image-preview:large, max-video-preview:-1\" \/>\n<link rel=\"canonical\" href=\"https:\/\/blogdofarnesio.com.br\/?p=147445\" \/>\n<meta property=\"og:locale\" content=\"pt_BR\" \/>\n<meta property=\"og:type\" content=\"article\" \/>\n<meta property=\"og:title\" content=\"REVITALIZA\u00c7\u00c3O DO S\u00c3O FRANCISCO DEVE CUSTAR R$ 30 BILH\u00d5ES - Blog do Farn\u00e9sio\" \/>\n<meta property=\"og:description\" content=\"Alvo de debate ap\u00f3s o an\u00fancio do programa Novo Chico, a revitaliza\u00e7\u00e3o da bacia do Rio S\u00e3o Francisco deve exigir um investimento de cerca de R$ 30 bilh\u00f5es, conforme estimativa do caderno de investimentos do novo plano gestor de recursos h\u00eddricos da bacia do rio, que est\u00e1 sendo finalizado pelo Comit\u00ea da Bacia Hidrogr\u00e1fica do Rio S\u00e3o Francisco (CBHSF). Segundo informa\u00e7\u00f5es da Ag\u00eancia Brasil, o documento deve ser conclu\u00eddo ainda este m\u00eas. No \u00faltimo dia 9, o presidente em exerc\u00edcio Michel Temer assinou decreto que remodela o Programa de Revitaliza\u00e7\u00e3o da Bacia do Rio S\u00e3o Francisco, que havia sido institu\u00eddo em 2001 pelo ent\u00e3o presidente Fernando Henrique Cardoso. Na \u00faltimo dia 15, a C\u00e2mara T\u00e9cnica do programa realizou a primeira&hellip;\" \/>\n<meta property=\"og:url\" content=\"https:\/\/blogdofarnesio.com.br\/?p=147445\" \/>\n<meta property=\"og:site_name\" content=\"Blog do Farn\u00e9sio\" \/>\n<meta property=\"article:publisher\" content=\"https:\/\/www.facebook.com\/BlogQuerSaberPolitica\/\" \/>\n<meta property=\"article:published_time\" content=\"2016-08-27T17:00:18+00:00\" \/>\n<meta property=\"og:image\" content=\"http:\/\/www.quersaberpolitica.com.br\/2016\/wp-content\/uploads\/2013\/01\/blogqsprioneopolesSE-300x224.jpg\" \/>\n<meta name=\"twitter:card\" content=\"summary_large_image\" \/>\n<meta name=\"twitter:label1\" content=\"Escrito por\" \/>\n\t<meta name=\"twitter:data1\" content=\"\" \/>\n\t<meta name=\"twitter:label2\" content=\"Est. tempo de leitura\" \/>\n\t<meta name=\"twitter:data2\" content=\"2 minutos\" \/>\n<script type=\"application\/ld+json\" class=\"yoast-schema-graph\">{\"@context\":\"https:\\\/\\\/schema.org\",\"@graph\":[{\"@type\":\"Article\",\"@id\":\"https:\\\/\\\/blogdofarnesio.com.br\\\/?p=147445#article\",\"isPartOf\":{\"@id\":\"https:\\\/\\\/blogdofarnesio.com.br\\\/?p=147445\"},\"author\":{\"name\":\"\",\"@id\":\"\"},\"headline\":\"REVITALIZA\u00c7\u00c3O DO S\u00c3O FRANCISCO DEVE CUSTAR R$ 30 BILH\u00d5ES\",\"datePublished\":\"2016-08-27T17:00:18+00:00\",\"mainEntityOfPage\":{\"@id\":\"https:\\\/\\\/blogdofarnesio.com.br\\\/?p=147445\"},\"wordCount\":330,\"commentCount\":0,\"publisher\":{\"@id\":\"https:\\\/\\\/blogdofarnesio.com.br\\\/#organization\"},\"image\":{\"@id\":\"https:\\\/\\\/blogdofarnesio.com.br\\\/?p=147445#primaryimage\"},\"thumbnailUrl\":\"http:\\\/\\\/www.quersaberpolitica.com.br\\\/2016\\\/wp-content\\\/uploads\\\/2013\\\/01\\\/blogqsprioneopolesSE-300x224.jpg\",\"articleSection\":[\"Administra\u00e7\u00e3o\"],\"inLanguage\":\"pt-BR\",\"potentialAction\":[{\"@type\":\"CommentAction\",\"name\":\"Comment\",\"target\":[\"https:\\\/\\\/blogdofarnesio.com.br\\\/?p=147445#respond\"]}]},{\"@type\":\"WebPage\",\"@id\":\"https:\\\/\\\/blogdofarnesio.com.br\\\/?p=147445\",\"url\":\"https:\\\/\\\/blogdofarnesio.com.br\\\/?p=147445\",\"name\":\"REVITALIZA\u00c7\u00c3O DO S\u00c3O FRANCISCO DEVE CUSTAR R$ 30 BILH\u00d5ES - Blog do Farn\u00e9sio\",\"isPartOf\":{\"@id\":\"https:\\\/\\\/blogdofarnesio.com.br\\\/#website\"},\"primaryImageOfPage\":{\"@id\":\"https:\\\/\\\/blogdofarnesio.com.br\\\/?p=147445#primaryimage\"},\"image\":{\"@id\":\"https:\\\/\\\/blogdofarnesio.com.br\\\/?p=147445#primaryimage\"},\"thumbnailUrl\":\"http:\\\/\\\/www.quersaberpolitica.com.br\\\/2016\\\/wp-content\\\/uploads\\\/2013\\\/01\\\/blogqsprioneopolesSE-300x224.jpg\",\"datePublished\":\"2016-08-27T17:00:18+00:00\",\"breadcrumb\":{\"@id\":\"https:\\\/\\\/blogdofarnesio.com.br\\\/?p=147445#breadcrumb\"},\"inLanguage\":\"pt-BR\",\"potentialAction\":[{\"@type\":\"ReadAction\",\"target\":[\"https:\\\/\\\/blogdofarnesio.com.br\\\/?p=147445\"]}]},{\"@type\":\"ImageObject\",\"inLanguage\":\"pt-BR\",\"@id\":\"https:\\\/\\\/blogdofarnesio.com.br\\\/?p=147445#primaryimage\",\"url\":\"http:\\\/\\\/www.quersaberpolitica.com.br\\\/2016\\\/wp-content\\\/uploads\\\/2013\\\/01\\\/blogqsprioneopolesSE-300x224.jpg\",\"contentUrl\":\"http:\\\/\\\/www.quersaberpolitica.com.br\\\/2016\\\/wp-content\\\/uploads\\\/2013\\\/01\\\/blogqsprioneopolesSE-300x224.jpg\"},{\"@type\":\"BreadcrumbList\",\"@id\":\"https:\\\/\\\/blogdofarnesio.com.br\\\/?p=147445#breadcrumb\",\"itemListElement\":[{\"@type\":\"ListItem\",\"position\":1,\"name\":\"In\u00edcio\",\"item\":\"https:\\\/\\\/blogdofarnesio.com.br\\\/\"},{\"@type\":\"ListItem\",\"position\":2,\"name\":\"REVITALIZA\u00c7\u00c3O DO S\u00c3O FRANCISCO DEVE CUSTAR R$ 30 BILH\u00d5ES\"}]},{\"@type\":\"WebSite\",\"@id\":\"https:\\\/\\\/blogdofarnesio.com.br\\\/#website\",\"url\":\"https:\\\/\\\/blogdofarnesio.com.br\\\/\",\"name\":\"Blog do Farn\u00e9sio\",\"description\":\"Quer Saber Pol\u00edtica?\",\"publisher\":{\"@id\":\"https:\\\/\\\/blogdofarnesio.com.br\\\/#organization\"},\"potentialAction\":[{\"@type\":\"SearchAction\",\"target\":{\"@type\":\"EntryPoint\",\"urlTemplate\":\"https:\\\/\\\/blogdofarnesio.com.br\\\/?s={search_term_string}\"},\"query-input\":{\"@type\":\"PropertyValueSpecification\",\"valueRequired\":true,\"valueName\":\"search_term_string\"}}],\"inLanguage\":\"pt-BR\"},{\"@type\":\"Organization\",\"@id\":\"https:\\\/\\\/blogdofarnesio.com.br\\\/#organization\",\"name\":\"Blog do Farn\u00e9sio\",\"url\":\"https:\\\/\\\/blogdofarnesio.com.br\\\/\",\"logo\":{\"@type\":\"ImageObject\",\"inLanguage\":\"pt-BR\",\"@id\":\"https:\\\/\\\/blogdofarnesio.com.br\\\/#\\\/schema\\\/logo\\\/image\\\/\",\"url\":\"https:\\\/\\\/blogdofarnesio.com.br\\\/wp-content\\\/uploads\\\/2026\\\/03\\\/cropped-logo_new-1.png\",\"contentUrl\":\"https:\\\/\\\/blogdofarnesio.com.br\\\/wp-content\\\/uploads\\\/2026\\\/03\\\/cropped-logo_new-1.png\",\"width\":881,\"height\":685,\"caption\":\"Blog do Farn\u00e9sio\"},\"image\":{\"@id\":\"https:\\\/\\\/blogdofarnesio.com.br\\\/#\\\/schema\\\/logo\\\/image\\\/\"},\"sameAs\":[\"https:\\\/\\\/www.facebook.com\\\/BlogQuerSaberPolitica\\\/\"]},{\"@type\":\"Person\",\"@id\":\"\",\"url\":\"https:\\\/\\\/blogdofarnesio.com.br\\\/?author=7\"}]}<\/script>\n<!-- \/ Yoast SEO plugin. -->","yoast_head_json":{"title":"REVITALIZA\u00c7\u00c3O DO S\u00c3O FRANCISCO DEVE CUSTAR R$ 30 BILH\u00d5ES - Blog do Farn\u00e9sio","robots":{"index":"index","follow":"follow","max-snippet":"max-snippet:-1","max-image-preview":"max-image-preview:large","max-video-preview":"max-video-preview:-1"},"canonical":"https:\/\/blogdofarnesio.com.br\/?p=147445","og_locale":"pt_BR","og_type":"article","og_title":"REVITALIZA\u00c7\u00c3O DO S\u00c3O FRANCISCO DEVE CUSTAR R$ 30 BILH\u00d5ES - Blog do Farn\u00e9sio","og_description":"Alvo de debate ap\u00f3s o an\u00fancio do programa Novo Chico, a revitaliza\u00e7\u00e3o da bacia do Rio S\u00e3o Francisco deve exigir um investimento de cerca de R$ 30 bilh\u00f5es, conforme estimativa do caderno de investimentos do novo plano gestor de recursos h\u00eddricos da bacia do rio, que est\u00e1 sendo finalizado pelo Comit\u00ea da Bacia Hidrogr\u00e1fica do Rio S\u00e3o Francisco (CBHSF). Segundo informa\u00e7\u00f5es da Ag\u00eancia Brasil, o documento deve ser conclu\u00eddo ainda este m\u00eas. No \u00faltimo dia 9, o presidente em exerc\u00edcio Michel Temer assinou decreto que remodela o Programa de Revitaliza\u00e7\u00e3o da Bacia do Rio S\u00e3o Francisco, que havia sido institu\u00eddo em 2001 pelo ent\u00e3o presidente Fernando Henrique Cardoso. Na \u00faltimo dia 15, a C\u00e2mara T\u00e9cnica do programa realizou a primeira&hellip;","og_url":"https:\/\/blogdofarnesio.com.br\/?p=147445","og_site_name":"Blog do Farn\u00e9sio","article_publisher":"https:\/\/www.facebook.com\/BlogQuerSaberPolitica\/","article_published_time":"2016-08-27T17:00:18+00:00","og_image":[{"url":"http:\/\/www.quersaberpolitica.com.br\/2016\/wp-content\/uploads\/2013\/01\/blogqsprioneopolesSE-300x224.jpg","type":"","width":"","height":""}],"twitter_card":"summary_large_image","twitter_misc":{"Escrito por":"","Est. tempo de leitura":"2 minutos"},"schema":{"@context":"https:\/\/schema.org","@graph":[{"@type":"Article","@id":"https:\/\/blogdofarnesio.com.br\/?p=147445#article","isPartOf":{"@id":"https:\/\/blogdofarnesio.com.br\/?p=147445"},"author":{"name":"","@id":""},"headline":"REVITALIZA\u00c7\u00c3O DO S\u00c3O FRANCISCO DEVE CUSTAR R$ 30 BILH\u00d5ES","datePublished":"2016-08-27T17:00:18+00:00","mainEntityOfPage":{"@id":"https:\/\/blogdofarnesio.com.br\/?p=147445"},"wordCount":330,"commentCount":0,"publisher":{"@id":"https:\/\/blogdofarnesio.com.br\/#organization"},"image":{"@id":"https:\/\/blogdofarnesio.com.br\/?p=147445#primaryimage"},"thumbnailUrl":"http:\/\/www.quersaberpolitica.com.br\/2016\/wp-content\/uploads\/2013\/01\/blogqsprioneopolesSE-300x224.jpg","articleSection":["Administra\u00e7\u00e3o"],"inLanguage":"pt-BR","potentialAction":[{"@type":"CommentAction","name":"Comment","target":["https:\/\/blogdofarnesio.com.br\/?p=147445#respond"]}]},{"@type":"WebPage","@id":"https:\/\/blogdofarnesio.com.br\/?p=147445","url":"https:\/\/blogdofarnesio.com.br\/?p=147445","name":"REVITALIZA\u00c7\u00c3O DO S\u00c3O FRANCISCO DEVE CUSTAR R$ 30 BILH\u00d5ES - Blog do Farn\u00e9sio","isPartOf":{"@id":"https:\/\/blogdofarnesio.com.br\/#website"},"primaryImageOfPage":{"@id":"https:\/\/blogdofarnesio.com.br\/?p=147445#primaryimage"},"image":{"@id":"https:\/\/blogdofarnesio.com.br\/?p=147445#primaryimage"},"thumbnailUrl":"http:\/\/www.quersaberpolitica.com.br\/2016\/wp-content\/uploads\/2013\/01\/blogqsprioneopolesSE-300x224.jpg","datePublished":"2016-08-27T17:00:18+00:00","breadcrumb":{"@id":"https:\/\/blogdofarnesio.com.br\/?p=147445#breadcrumb"},"inLanguage":"pt-BR","potentialAction":[{"@type":"ReadAction","target":["https:\/\/blogdofarnesio.com.br\/?p=147445"]}]},{"@type":"ImageObject","inLanguage":"pt-BR","@id":"https:\/\/blogdofarnesio.com.br\/?p=147445#primaryimage","url":"http:\/\/www.quersaberpolitica.com.br\/2016\/wp-content\/uploads\/2013\/01\/blogqsprioneopolesSE-300x224.jpg","contentUrl":"http:\/\/www.quersaberpolitica.com.br\/2016\/wp-content\/uploads\/2013\/01\/blogqsprioneopolesSE-300x224.jpg"},{"@type":"BreadcrumbList","@id":"https:\/\/blogdofarnesio.com.br\/?p=147445#breadcrumb","itemListElement":[{"@type":"ListItem","position":1,"name":"In\u00edcio","item":"https:\/\/blogdofarnesio.com.br\/"},{"@type":"ListItem","position":2,"name":"REVITALIZA\u00c7\u00c3O DO S\u00c3O FRANCISCO DEVE CUSTAR R$ 30 BILH\u00d5ES"}]},{"@type":"WebSite","@id":"https:\/\/blogdofarnesio.com.br\/#website","url":"https:\/\/blogdofarnesio.com.br\/","name":"Blog do Farn\u00e9sio","description":"Quer Saber Pol\u00edtica?","publisher":{"@id":"https:\/\/blogdofarnesio.com.br\/#organization"},"potentialAction":[{"@type":"SearchAction","target":{"@type":"EntryPoint","urlTemplate":"https:\/\/blogdofarnesio.com.br\/?s={search_term_string}"},"query-input":{"@type":"PropertyValueSpecification","valueRequired":true,"valueName":"search_term_string"}}],"inLanguage":"pt-BR"},{"@type":"Organization","@id":"https:\/\/blogdofarnesio.com.br\/#organization","name":"Blog do Farn\u00e9sio","url":"https:\/\/blogdofarnesio.com.br\/","logo":{"@type":"ImageObject","inLanguage":"pt-BR","@id":"https:\/\/blogdofarnesio.com.br\/#\/schema\/logo\/image\/","url":"https:\/\/blogdofarnesio.com.br\/wp-content\/uploads\/2026\/03\/cropped-logo_new-1.png","contentUrl":"https:\/\/blogdofarnesio.com.br\/wp-content\/uploads\/2026\/03\/cropped-logo_new-1.png","width":881,"height":685,"caption":"Blog do Farn\u00e9sio"},"image":{"@id":"https:\/\/blogdofarnesio.com.br\/#\/schema\/logo\/image\/"},"sameAs":["https:\/\/www.facebook.com\/BlogQuerSaberPolitica\/"]},{"@type":"Person","@id":"","url":"https:\/\/blogdofarnesio.com.br\/?author=7"}]}},"_links":{"self":[{"href":"https:\/\/blogdofarnesio.com.br\/index.php?rest_route=\/wp\/v2\/posts\/147445","targetHints":{"allow":["GET"]}}],"collection":[{"href":"https:\/\/blogdofarnesio.com.br\/index.php?rest_route=\/wp\/v2\/posts"}],"about":[{"href":"https:\/\/blogdofarnesio.com.br\/index.php?rest_route=\/wp\/v2\/types\/post"}],"author":[{"embeddable":true,"href":"https:\/\/blogdofarnesio.com.br\/index.php?rest_route=\/wp\/v2\/users\/7"}],"replies":[{"embeddable":true,"href":"https:\/\/blogdofarnesio.com.br\/index.php?rest_route=%2Fwp%2Fv2%2Fcomments&post=147445"}],"version-history":[{"count":0,"href":"https:\/\/blogdofarnesio.com.br\/index.php?rest_route=\/wp\/v2\/posts\/147445\/revisions"}],"wp:attachment":[{"href":"https:\/\/blogdofarnesio.com.br\/index.php?rest_route=%2Fwp%2Fv2%2Fmedia&parent=147445"}],"wp:term":[{"taxonomy":"category","embeddable":true,"href":"https:\/\/blogdofarnesio.com.br\/index.php?rest_route=%2Fwp%2Fv2%2Fcategories&post=147445"},{"taxonomy":"post_tag","embeddable":true,"href":"https:\/\/blogdofarnesio.com.br\/index.php?rest_route=%2Fwp%2Fv2%2Ftags&post=147445"}],"curies":[{"name":"wp","href":"https:\/\/api.w.org\/{rel}","templated":true}]}}