{"id":147387,"date":"2016-08-26T11:30:24","date_gmt":"2016-08-26T14:30:24","guid":{"rendered":"http:\/\/www.quersaberpolitica.com.br\/?p=147387"},"modified":"2016-08-26T09:49:42","modified_gmt":"2016-08-26T12:49:42","slug":"odacy-firma-compromissos-com-o-jose-e-maria-e-com-os-conselheiros-tutelares-de-petrolina","status":"publish","type":"post","link":"https:\/\/blogdofarnesio.com.br\/?p=147387","title":{"rendered":"ODACY FIRMA COMPROMISSOS COM O JOS\u00c9 E MARIA E COM OS CONSELHEIROS TUTELARES DE PETROLINA"},"content":{"rendered":"<p style=\"text-align: justify\"><a href=\"http:\/\/www.quersaberpolitica.com.br\/2016\/wp-content\/uploads\/2016\/08\/blogqsp-odacy-2.jpg\"><img loading=\"lazy\" decoding=\"async\" class=\"wp-image-147388 aligncenter\" src=\"http:\/\/www.quersaberpolitica.com.br\/2016\/wp-content\/uploads\/2016\/08\/blogqsp-odacy-2-300x200.jpg\" alt=\"blogqsp-odacy\" width=\"414\" height=\"281\" \/><\/a><\/p>\n<p style=\"text-align: justify\">Na \u00faltima\u00a0quinta-feira, 25, de campanha positiva para o candidato a prefeito de Petrolina, Odacy Amorim, do PT. A jornada foi encerrada com chave de ouro no Adesiva\u00e7o e na Puxada 13, realizados no bairro Jos\u00e9 e Maria. Odacy confirma a cada dia a aceita\u00e7\u00e3o do povo de Petrolina ao seu nome para governar a cidade que ele administrou e teve a gest\u00e3o premiada, al\u00e9m de uma aprova\u00e7\u00e3o de mais de 90%.<\/p>\n<p style=\"text-align: justify\">No Jos\u00e9 e Maria, Odacy criou o Pronto Atendimento de Sa\u00fade 24 horas, fechado quando ele deixou o governo, mas nunca esquecido pelo grande servi\u00e7o que prestou aos petrolinenese. Durante sua passagem pelo local onde hoje \u00e9 a AME do bairro, Odacy confirmou o compromisso de reabrir o hospital 24 horas do Jos\u00e9 e Maria e ampliar o modelo para outras localidades na cidade e do interior.<\/p>\n<p style=\"text-align: justify\"><!--more--><\/p>\n<p style=\"text-align: justify\">\u201cEstou aqui para reafirmar que iremos reabrir o hospital 24 horas aqui do Jos\u00e9 e Maria e levar para outros bairros e para as regi\u00f5es de sequeiro e irrigada. Vamos trabalhar firmes e ampliar os servi\u00e7os de sa\u00fade, com novos equipamentos e muito mais aten\u00e7\u00e3o para a nossa popula\u00e7\u00e3o\u201d, destacou Odacy.<\/p>\n<p style=\"text-align: justify\">A sexta tamb\u00e9m foi dedicada ao compromisso com os conselheiros tutelares de Petrolina. Na reuni\u00e3o que foi organizada na sede da OAB-Seccional Petrolina, comandada pelo grupo de conselheiros da cidade, para saber os compromissos com o trabalho deles dos candidatos a prefeito. Odacy mostrou que sua preocupa\u00e7\u00e3o com a prote\u00e7\u00e3o das crian\u00e7as e adolescentes de Petrolina, continuar\u00e1 sendo prioridade como foi em seu governo.<\/p>\n<p style=\"text-align: justify\">\u201cN\u00f3s ampliamos essa rede de prote\u00e7\u00e3o com a cria\u00e7\u00e3o de mais um conselho tutelar em nosso governo, pagamos de forma justa e vamos, retornando \u00e0 Prefeitura, atender ao pleito dos conselheiros de disponibilizar o sal\u00e1rio de algo em torno de R$ 4 mil como Caruaru j\u00e1 remunera seus conselheiros hoje como citado na reuni\u00e3o. Vamos tamb\u00e9m implantar mais um conselho. Esse \u00e9 meu compromisso, pois temos essa preocupa\u00e7\u00e3o de proteger as crian\u00e7as, conectadas com as fam\u00edlias junto com outros servi\u00e7os municipais, onde atuaremos firmes\u201d, frisou Odacy Amorim.<\/p>\n<p style=\"text-align: justify\">No final da reuni\u00e3o com os Conselheiros, Odacy assinou um termo de compromisso para colocar em pr\u00e1tica quando eleito, as principais demandas dos conselhos tutelares de Petrolina. \u201cMe comprometi e cumprirei, numa constru\u00e7\u00e3o conjunta para apoiar e melhorar as condi\u00e7\u00f5es de trabalho dos conselheiros tutelares do nosso munic\u00edpio\u201d, concluiu.<\/p>\n<p style=\"text-align: justify\"><em>FOTOS CR\u00c9DITO &#8211; REGINA LIMA &#8211; DIVULGA\u00c7\u00c3O<\/em><\/p>\n","protected":false},"excerpt":{"rendered":"<p>Na \u00faltima\u00a0quinta-feira, 25, de campanha positiva para o candidato a prefeito de Petrolina, Odacy Amorim, do PT. A jornada foi encerrada com chave de ouro no Adesiva\u00e7o e na Puxada 13, realizados no bairro Jos\u00e9 e Maria. Odacy confirma a cada dia a aceita\u00e7\u00e3o do povo de Petrolina ao seu nome para governar a cidade que ele administrou e teve a gest\u00e3o premiada, al\u00e9m de uma aprova\u00e7\u00e3o de mais de 90%. No Jos\u00e9 e Maria, Odacy criou o Pronto Atendimento de Sa\u00fade 24 horas, fechado quando ele deixou o governo, mas nunca esquecido pelo grande servi\u00e7o que prestou aos petrolinenese. Durante sua passagem pelo local onde hoje \u00e9 a AME do bairro, Odacy confirmou o compromisso de reabrir o hospital&hellip; <\/p>\n","protected":false},"author":7,"featured_media":0,"comment_status":"open","ping_status":"open","sticky":false,"template":"","format":"standard","meta":{"_acf_changed":false,"footnotes":""},"categories":[1],"tags":[],"class_list":["post-147387","post","type-post","status-publish","format-standard","hentry","category-politica"],"acf":[],"yoast_head":"<!-- This site is optimized with the Yoast SEO plugin v27.4 - https:\/\/yoast.com\/product\/yoast-seo-wordpress\/ -->\n<title>ODACY FIRMA COMPROMISSOS COM O JOS\u00c9 E MARIA E COM OS CONSELHEIROS TUTELARES DE PETROLINA - Blog do Farn\u00e9sio<\/title>\n<meta name=\"robots\" content=\"index, follow, max-snippet:-1, max-image-preview:large, max-video-preview:-1\" \/>\n<link rel=\"canonical\" href=\"https:\/\/blogdofarnesio.com.br\/?p=147387\" \/>\n<meta property=\"og:locale\" content=\"pt_BR\" \/>\n<meta property=\"og:type\" content=\"article\" \/>\n<meta property=\"og:title\" content=\"ODACY FIRMA COMPROMISSOS COM O JOS\u00c9 E MARIA E COM OS CONSELHEIROS TUTELARES DE PETROLINA - Blog do Farn\u00e9sio\" \/>\n<meta property=\"og:description\" content=\"Na \u00faltima\u00a0quinta-feira, 25, de campanha positiva para o candidato a prefeito de Petrolina, Odacy Amorim, do PT. A jornada foi encerrada com chave de ouro no Adesiva\u00e7o e na Puxada 13, realizados no bairro Jos\u00e9 e Maria. Odacy confirma a cada dia a aceita\u00e7\u00e3o do povo de Petrolina ao seu nome para governar a cidade que ele administrou e teve a gest\u00e3o premiada, al\u00e9m de uma aprova\u00e7\u00e3o de mais de 90%. No Jos\u00e9 e Maria, Odacy criou o Pronto Atendimento de Sa\u00fade 24 horas, fechado quando ele deixou o governo, mas nunca esquecido pelo grande servi\u00e7o que prestou aos petrolinenese. Durante sua passagem pelo local onde hoje \u00e9 a AME do bairro, Odacy confirmou o compromisso de reabrir o hospital&hellip;\" \/>\n<meta property=\"og:url\" content=\"https:\/\/blogdofarnesio.com.br\/?p=147387\" \/>\n<meta property=\"og:site_name\" content=\"Blog do Farn\u00e9sio\" \/>\n<meta property=\"article:publisher\" content=\"https:\/\/www.facebook.com\/BlogQuerSaberPolitica\/\" \/>\n<meta property=\"article:published_time\" content=\"2016-08-26T14:30:24+00:00\" \/>\n<meta property=\"og:image\" content=\"http:\/\/www.quersaberpolitica.com.br\/2016\/wp-content\/uploads\/2016\/08\/blogqsp-odacy-2-300x200.jpg\" \/>\n<meta name=\"twitter:card\" content=\"summary_large_image\" \/>\n<meta name=\"twitter:label1\" content=\"Escrito por\" \/>\n\t<meta name=\"twitter:data1\" content=\"\" \/>\n\t<meta name=\"twitter:label2\" content=\"Est. tempo de leitura\" \/>\n\t<meta name=\"twitter:data2\" content=\"2 minutos\" \/>\n<script type=\"application\/ld+json\" class=\"yoast-schema-graph\">{\"@context\":\"https:\\\/\\\/schema.org\",\"@graph\":[{\"@type\":\"Article\",\"@id\":\"https:\\\/\\\/blogdofarnesio.com.br\\\/?p=147387#article\",\"isPartOf\":{\"@id\":\"https:\\\/\\\/blogdofarnesio.com.br\\\/?p=147387\"},\"author\":{\"name\":\"\",\"@id\":\"\"},\"headline\":\"ODACY FIRMA COMPROMISSOS COM O JOS\u00c9 E MARIA E COM OS CONSELHEIROS TUTELARES DE PETROLINA\",\"datePublished\":\"2016-08-26T14:30:24+00:00\",\"mainEntityOfPage\":{\"@id\":\"https:\\\/\\\/blogdofarnesio.com.br\\\/?p=147387\"},\"wordCount\":436,\"commentCount\":0,\"publisher\":{\"@id\":\"https:\\\/\\\/blogdofarnesio.com.br\\\/#organization\"},\"image\":{\"@id\":\"https:\\\/\\\/blogdofarnesio.com.br\\\/?p=147387#primaryimage\"},\"thumbnailUrl\":\"http:\\\/\\\/www.quersaberpolitica.com.br\\\/2016\\\/wp-content\\\/uploads\\\/2016\\\/08\\\/blogqsp-odacy-2-300x200.jpg\",\"articleSection\":[\"Pol\u00edtica\"],\"inLanguage\":\"pt-BR\",\"potentialAction\":[{\"@type\":\"CommentAction\",\"name\":\"Comment\",\"target\":[\"https:\\\/\\\/blogdofarnesio.com.br\\\/?p=147387#respond\"]}]},{\"@type\":\"WebPage\",\"@id\":\"https:\\\/\\\/blogdofarnesio.com.br\\\/?p=147387\",\"url\":\"https:\\\/\\\/blogdofarnesio.com.br\\\/?p=147387\",\"name\":\"ODACY FIRMA COMPROMISSOS COM O JOS\u00c9 E MARIA E COM OS CONSELHEIROS TUTELARES DE PETROLINA - Blog do Farn\u00e9sio\",\"isPartOf\":{\"@id\":\"https:\\\/\\\/blogdofarnesio.com.br\\\/#website\"},\"primaryImageOfPage\":{\"@id\":\"https:\\\/\\\/blogdofarnesio.com.br\\\/?p=147387#primaryimage\"},\"image\":{\"@id\":\"https:\\\/\\\/blogdofarnesio.com.br\\\/?p=147387#primaryimage\"},\"thumbnailUrl\":\"http:\\\/\\\/www.quersaberpolitica.com.br\\\/2016\\\/wp-content\\\/uploads\\\/2016\\\/08\\\/blogqsp-odacy-2-300x200.jpg\",\"datePublished\":\"2016-08-26T14:30:24+00:00\",\"breadcrumb\":{\"@id\":\"https:\\\/\\\/blogdofarnesio.com.br\\\/?p=147387#breadcrumb\"},\"inLanguage\":\"pt-BR\",\"potentialAction\":[{\"@type\":\"ReadAction\",\"target\":[\"https:\\\/\\\/blogdofarnesio.com.br\\\/?p=147387\"]}]},{\"@type\":\"ImageObject\",\"inLanguage\":\"pt-BR\",\"@id\":\"https:\\\/\\\/blogdofarnesio.com.br\\\/?p=147387#primaryimage\",\"url\":\"http:\\\/\\\/www.quersaberpolitica.com.br\\\/2016\\\/wp-content\\\/uploads\\\/2016\\\/08\\\/blogqsp-odacy-2-300x200.jpg\",\"contentUrl\":\"http:\\\/\\\/www.quersaberpolitica.com.br\\\/2016\\\/wp-content\\\/uploads\\\/2016\\\/08\\\/blogqsp-odacy-2-300x200.jpg\"},{\"@type\":\"BreadcrumbList\",\"@id\":\"https:\\\/\\\/blogdofarnesio.com.br\\\/?p=147387#breadcrumb\",\"itemListElement\":[{\"@type\":\"ListItem\",\"position\":1,\"name\":\"In\u00edcio\",\"item\":\"https:\\\/\\\/blogdofarnesio.com.br\\\/\"},{\"@type\":\"ListItem\",\"position\":2,\"name\":\"ODACY FIRMA COMPROMISSOS COM O JOS\u00c9 E MARIA E COM OS CONSELHEIROS TUTELARES DE PETROLINA\"}]},{\"@type\":\"WebSite\",\"@id\":\"https:\\\/\\\/blogdofarnesio.com.br\\\/#website\",\"url\":\"https:\\\/\\\/blogdofarnesio.com.br\\\/\",\"name\":\"Blog do Farn\u00e9sio\",\"description\":\"Quer Saber Pol\u00edtica?\",\"publisher\":{\"@id\":\"https:\\\/\\\/blogdofarnesio.com.br\\\/#organization\"},\"potentialAction\":[{\"@type\":\"SearchAction\",\"target\":{\"@type\":\"EntryPoint\",\"urlTemplate\":\"https:\\\/\\\/blogdofarnesio.com.br\\\/?s={search_term_string}\"},\"query-input\":{\"@type\":\"PropertyValueSpecification\",\"valueRequired\":true,\"valueName\":\"search_term_string\"}}],\"inLanguage\":\"pt-BR\"},{\"@type\":\"Organization\",\"@id\":\"https:\\\/\\\/blogdofarnesio.com.br\\\/#organization\",\"name\":\"Blog do Farn\u00e9sio\",\"url\":\"https:\\\/\\\/blogdofarnesio.com.br\\\/\",\"logo\":{\"@type\":\"ImageObject\",\"inLanguage\":\"pt-BR\",\"@id\":\"https:\\\/\\\/blogdofarnesio.com.br\\\/#\\\/schema\\\/logo\\\/image\\\/\",\"url\":\"https:\\\/\\\/blogdofarnesio.com.br\\\/wp-content\\\/uploads\\\/2026\\\/03\\\/cropped-logo_new-1.png\",\"contentUrl\":\"https:\\\/\\\/blogdofarnesio.com.br\\\/wp-content\\\/uploads\\\/2026\\\/03\\\/cropped-logo_new-1.png\",\"width\":881,\"height\":685,\"caption\":\"Blog do Farn\u00e9sio\"},\"image\":{\"@id\":\"https:\\\/\\\/blogdofarnesio.com.br\\\/#\\\/schema\\\/logo\\\/image\\\/\"},\"sameAs\":[\"https:\\\/\\\/www.facebook.com\\\/BlogQuerSaberPolitica\\\/\"]},{\"@type\":\"Person\",\"@id\":\"\",\"url\":\"https:\\\/\\\/blogdofarnesio.com.br\\\/?author=7\"}]}<\/script>\n<!-- \/ Yoast SEO plugin. -->","yoast_head_json":{"title":"ODACY FIRMA COMPROMISSOS COM O JOS\u00c9 E MARIA E COM OS CONSELHEIROS TUTELARES DE PETROLINA - Blog do Farn\u00e9sio","robots":{"index":"index","follow":"follow","max-snippet":"max-snippet:-1","max-image-preview":"max-image-preview:large","max-video-preview":"max-video-preview:-1"},"canonical":"https:\/\/blogdofarnesio.com.br\/?p=147387","og_locale":"pt_BR","og_type":"article","og_title":"ODACY FIRMA COMPROMISSOS COM O JOS\u00c9 E MARIA E COM OS CONSELHEIROS TUTELARES DE PETROLINA - Blog do Farn\u00e9sio","og_description":"Na \u00faltima\u00a0quinta-feira, 25, de campanha positiva para o candidato a prefeito de Petrolina, Odacy Amorim, do PT. A jornada foi encerrada com chave de ouro no Adesiva\u00e7o e na Puxada 13, realizados no bairro Jos\u00e9 e Maria. Odacy confirma a cada dia a aceita\u00e7\u00e3o do povo de Petrolina ao seu nome para governar a cidade que ele administrou e teve a gest\u00e3o premiada, al\u00e9m de uma aprova\u00e7\u00e3o de mais de 90%. No Jos\u00e9 e Maria, Odacy criou o Pronto Atendimento de Sa\u00fade 24 horas, fechado quando ele deixou o governo, mas nunca esquecido pelo grande servi\u00e7o que prestou aos petrolinenese. Durante sua passagem pelo local onde hoje \u00e9 a AME do bairro, Odacy confirmou o compromisso de reabrir o hospital&hellip;","og_url":"https:\/\/blogdofarnesio.com.br\/?p=147387","og_site_name":"Blog do Farn\u00e9sio","article_publisher":"https:\/\/www.facebook.com\/BlogQuerSaberPolitica\/","article_published_time":"2016-08-26T14:30:24+00:00","og_image":[{"url":"http:\/\/www.quersaberpolitica.com.br\/2016\/wp-content\/uploads\/2016\/08\/blogqsp-odacy-2-300x200.jpg","type":"","width":"","height":""}],"twitter_card":"summary_large_image","twitter_misc":{"Escrito por":"","Est. tempo de leitura":"2 minutos"},"schema":{"@context":"https:\/\/schema.org","@graph":[{"@type":"Article","@id":"https:\/\/blogdofarnesio.com.br\/?p=147387#article","isPartOf":{"@id":"https:\/\/blogdofarnesio.com.br\/?p=147387"},"author":{"name":"","@id":""},"headline":"ODACY FIRMA COMPROMISSOS COM O JOS\u00c9 E MARIA E COM OS CONSELHEIROS TUTELARES DE PETROLINA","datePublished":"2016-08-26T14:30:24+00:00","mainEntityOfPage":{"@id":"https:\/\/blogdofarnesio.com.br\/?p=147387"},"wordCount":436,"commentCount":0,"publisher":{"@id":"https:\/\/blogdofarnesio.com.br\/#organization"},"image":{"@id":"https:\/\/blogdofarnesio.com.br\/?p=147387#primaryimage"},"thumbnailUrl":"http:\/\/www.quersaberpolitica.com.br\/2016\/wp-content\/uploads\/2016\/08\/blogqsp-odacy-2-300x200.jpg","articleSection":["Pol\u00edtica"],"inLanguage":"pt-BR","potentialAction":[{"@type":"CommentAction","name":"Comment","target":["https:\/\/blogdofarnesio.com.br\/?p=147387#respond"]}]},{"@type":"WebPage","@id":"https:\/\/blogdofarnesio.com.br\/?p=147387","url":"https:\/\/blogdofarnesio.com.br\/?p=147387","name":"ODACY FIRMA COMPROMISSOS COM O JOS\u00c9 E MARIA E COM OS CONSELHEIROS TUTELARES DE PETROLINA - Blog do Farn\u00e9sio","isPartOf":{"@id":"https:\/\/blogdofarnesio.com.br\/#website"},"primaryImageOfPage":{"@id":"https:\/\/blogdofarnesio.com.br\/?p=147387#primaryimage"},"image":{"@id":"https:\/\/blogdofarnesio.com.br\/?p=147387#primaryimage"},"thumbnailUrl":"http:\/\/www.quersaberpolitica.com.br\/2016\/wp-content\/uploads\/2016\/08\/blogqsp-odacy-2-300x200.jpg","datePublished":"2016-08-26T14:30:24+00:00","breadcrumb":{"@id":"https:\/\/blogdofarnesio.com.br\/?p=147387#breadcrumb"},"inLanguage":"pt-BR","potentialAction":[{"@type":"ReadAction","target":["https:\/\/blogdofarnesio.com.br\/?p=147387"]}]},{"@type":"ImageObject","inLanguage":"pt-BR","@id":"https:\/\/blogdofarnesio.com.br\/?p=147387#primaryimage","url":"http:\/\/www.quersaberpolitica.com.br\/2016\/wp-content\/uploads\/2016\/08\/blogqsp-odacy-2-300x200.jpg","contentUrl":"http:\/\/www.quersaberpolitica.com.br\/2016\/wp-content\/uploads\/2016\/08\/blogqsp-odacy-2-300x200.jpg"},{"@type":"BreadcrumbList","@id":"https:\/\/blogdofarnesio.com.br\/?p=147387#breadcrumb","itemListElement":[{"@type":"ListItem","position":1,"name":"In\u00edcio","item":"https:\/\/blogdofarnesio.com.br\/"},{"@type":"ListItem","position":2,"name":"ODACY FIRMA COMPROMISSOS COM O JOS\u00c9 E MARIA E COM OS CONSELHEIROS TUTELARES DE PETROLINA"}]},{"@type":"WebSite","@id":"https:\/\/blogdofarnesio.com.br\/#website","url":"https:\/\/blogdofarnesio.com.br\/","name":"Blog do Farn\u00e9sio","description":"Quer Saber Pol\u00edtica?","publisher":{"@id":"https:\/\/blogdofarnesio.com.br\/#organization"},"potentialAction":[{"@type":"SearchAction","target":{"@type":"EntryPoint","urlTemplate":"https:\/\/blogdofarnesio.com.br\/?s={search_term_string}"},"query-input":{"@type":"PropertyValueSpecification","valueRequired":true,"valueName":"search_term_string"}}],"inLanguage":"pt-BR"},{"@type":"Organization","@id":"https:\/\/blogdofarnesio.com.br\/#organization","name":"Blog do Farn\u00e9sio","url":"https:\/\/blogdofarnesio.com.br\/","logo":{"@type":"ImageObject","inLanguage":"pt-BR","@id":"https:\/\/blogdofarnesio.com.br\/#\/schema\/logo\/image\/","url":"https:\/\/blogdofarnesio.com.br\/wp-content\/uploads\/2026\/03\/cropped-logo_new-1.png","contentUrl":"https:\/\/blogdofarnesio.com.br\/wp-content\/uploads\/2026\/03\/cropped-logo_new-1.png","width":881,"height":685,"caption":"Blog do Farn\u00e9sio"},"image":{"@id":"https:\/\/blogdofarnesio.com.br\/#\/schema\/logo\/image\/"},"sameAs":["https:\/\/www.facebook.com\/BlogQuerSaberPolitica\/"]},{"@type":"Person","@id":"","url":"https:\/\/blogdofarnesio.com.br\/?author=7"}]}},"_links":{"self":[{"href":"https:\/\/blogdofarnesio.com.br\/index.php?rest_route=\/wp\/v2\/posts\/147387","targetHints":{"allow":["GET"]}}],"collection":[{"href":"https:\/\/blogdofarnesio.com.br\/index.php?rest_route=\/wp\/v2\/posts"}],"about":[{"href":"https:\/\/blogdofarnesio.com.br\/index.php?rest_route=\/wp\/v2\/types\/post"}],"author":[{"embeddable":true,"href":"https:\/\/blogdofarnesio.com.br\/index.php?rest_route=\/wp\/v2\/users\/7"}],"replies":[{"embeddable":true,"href":"https:\/\/blogdofarnesio.com.br\/index.php?rest_route=%2Fwp%2Fv2%2Fcomments&post=147387"}],"version-history":[{"count":0,"href":"https:\/\/blogdofarnesio.com.br\/index.php?rest_route=\/wp\/v2\/posts\/147387\/revisions"}],"wp:attachment":[{"href":"https:\/\/blogdofarnesio.com.br\/index.php?rest_route=%2Fwp%2Fv2%2Fmedia&parent=147387"}],"wp:term":[{"taxonomy":"category","embeddable":true,"href":"https:\/\/blogdofarnesio.com.br\/index.php?rest_route=%2Fwp%2Fv2%2Fcategories&post=147387"},{"taxonomy":"post_tag","embeddable":true,"href":"https:\/\/blogdofarnesio.com.br\/index.php?rest_route=%2Fwp%2Fv2%2Ftags&post=147387"}],"curies":[{"name":"wp","href":"https:\/\/api.w.org\/{rel}","templated":true}]}}