{"id":147386,"date":"2016-08-26T10:40:28","date_gmt":"2016-08-26T13:40:28","guid":{"rendered":"http:\/\/www.quersaberpolitica.com.br\/?p=147386"},"modified":"2016-08-26T09:45:05","modified_gmt":"2016-08-26T12:45:05","slug":"micros-e-pequenos-empresarios-de-juazeiro-casa-nova-e-uaua-podem-participar-de-graca-de-cursos-e-palestras-promovidos-pelo-sebrae","status":"publish","type":"post","link":"https:\/\/blogdofarnesio.com.br\/?p=147386","title":{"rendered":"MICROS E PEQUENOS EMPRES\u00c1RIOS DE JUAZEIRO, CASA NOVA E UAU\u00c1 PODEM PARTICIPAR, DE GRA\u00c7A, DE CURSOS E PALESTRAS PROMOVIDOS PELO SEBRAE"},"content":{"rendered":"<p style=\"text-align: justify\"><a href=\"http:\/\/www.quersaberpolitica.com.br\/2016\/wp-content\/uploads\/2016\/07\/bloqqsp-sedesebrae-cursocapacita\u00e7\u00e3o.jpg\"><img loading=\"lazy\" decoding=\"async\" class=\"wp-image-145048 aligncenter\" src=\"http:\/\/www.quersaberpolitica.com.br\/2016\/wp-content\/uploads\/2016\/07\/bloqqsp-sedesebrae-cursocapacita\u00e7\u00e3o-300x168.jpg\" alt=\"bloqqsp-sedesebrae-cursocapacita\u00e7\u00e3o\" width=\"426\" height=\"246\" \/><\/a><\/p>\n<p style=\"text-align: justify\">Em sua segunda edi\u00e7\u00e3o, a Semana Sebrae de Capacita\u00e7\u00e3o Empresarial \u00e9 o maior evento para pequenos neg\u00f3cios da Bahia e acontece de 29 de agosto a 03 de setembro deste ano. Durante seis dias, o Sebrae apresenta uma extensa programa\u00e7\u00e3o de palestras, cursos, semin\u00e1rios, cl\u00ednicas tecnol\u00f3gicas, workshops, oficinas e megapalestras, em mais de 200 eventos em todo o Estado, com um total de 30 mil vagas.<\/p>\n<p style=\"text-align: justify\">As capacita\u00e7\u00f5es incluem temas como associativismo, cen\u00e1rios econ\u00f4micos, com\u00e9rcio internacional, competitividade, design, empreendedorismo, estrat\u00e9gias, finan\u00e7as, gera\u00e7\u00e3o de valor, gest\u00e3o empresarial, inova\u00e7\u00e3o, lideran\u00e7a, marketing e vendas, modelo de neg\u00f3cio, motiva\u00e7\u00e3o, planejamento, produtividade, recursos humanos, startup, sustentabilidade, turismo, varejo e consumo.<\/p>\n<p style=\"text-align: justify\"><!--more--><\/p>\n<p style=\"text-align: justify\">\u00a0<b>Em Juazeiro <\/b>est\u00e3o sendo oferecidos 13 eventos entre palestras, oficinas e di\u00e1logos. As inscri\u00e7\u00f5es podem ser feitas no Sebrae que fica na rua da 28, no centro da cidade, das 9h \u00e0s 12h e das 14h \u00e0s 17h. Quem preferir pode fazer a inscri\u00e7\u00e3o tamb\u00e9m pela internet no site: <a href=\"http:\/\/www.semanasebrae.com.br\/\" target=\"_blank\">www.semanasebrae.com.br<\/a> Quem puder pode doar 1 kg de alimento no dia do evento. Outras informa\u00e7\u00f5es pelos telefones <a href=\"tel:%2874%29%203612-0468\" target=\"_blank\">(74) 3612-0468<\/a>\/ 3612-0827.<\/p>\n<p style=\"text-align: justify\">Para o gerente regional do Sebrae Carlos Cointeiro, \u00e9 uma oportunidade para empres\u00e1rios e seus colaboradores se qualificarem ainda mais. \u201cExistem estudos que mostram que nos pequenos neg\u00f3cios, o que diferencia uma empresa da outra \u00e9 o conhecimento de quem a gerencia. S\u00e3o as t\u00e9cnicas de venda, \u00e9 o bom atendimento, o conhecimento do produto, o como lidar com as pessoas, interagir com o cliente. \u00c9 preciso que o empres\u00e1rio invista em qualifica\u00e7\u00e3o para que se tenha um retorno em termos de vendas, de resultados operacionais do seu neg\u00f3cio\u201d destacou Carlos Cointeiro ao falar da import\u00e2ncia da semana de capacita\u00e7\u00e3o para quem vive dos pequenos neg\u00f3cios.<\/p>\n<p style=\"text-align: justify\"><b>Casa Nova<\/b> tamb\u00e9m \u00e9 uma das cidades contempladas com a semana de capacita\u00e7\u00e3o empresarial. Tr\u00eas palestras ser\u00e3o realizadas na Associa\u00e7\u00e3o Comercial da cidade. Todas \u00e0s 19h.<\/p>\n<p style=\"text-align: justify\">Dia 31 de agosto ser\u00e1 abordado o tema: Planeje o seu neg\u00f3cio e tenha melhores resultados;<\/p>\n<p style=\"text-align: justify\">Dia 01 de setembro a palestra tem como tema: Gest\u00e3o Visual de Lojas;<\/p>\n<p style=\"text-align: justify\">Dia 02 de setembro o tema da palestra \u00e9: Como Atender para Vender Mais.<\/p>\n<p style=\"text-align: justify\">A inscri\u00e7\u00e3o pode ser feita na Associa\u00e7\u00e3o Comercial de Casa Nova com Eliz\u00e2ngela. Mas quem preferir pode fazer tamb\u00e9m pela internet no site: <a href=\"http:\/\/www.semanasebrae.com.br\/\" target=\"_blank\">www.semanasebrae.com.br<\/a><\/p>\n<p style=\"text-align: justify\">Os comerciantes atendidos pelo o Programa Bioma Caatinga do Sebrae, Banco do Brasil, Funda\u00e7\u00e3o Banco do Brasil e outros parceiros podem procurar o Agente de Desenvolvimento Rural Sustent\u00e1vel C\u00e1tia Cilene que ela auxilia na inscri\u00e7\u00e3o. O telefone de C\u00e1tia Cilene \u00e9 <a href=\"tel:%2874%29%2098816-9758\" target=\"_blank\">(74) 98816-9758<\/a>.<\/p>\n<p style=\"text-align: justify\"><b>J\u00e1 em Uau\u00e1<\/b> haver\u00e1 apenas uma palestra. Ser\u00e1 no dia 31 de agosto e ter\u00e1 como tema:\u00a0<em><b>Fluxo de Caixa: Controle e Planejamento de sua empresa.<\/b><\/em>\u00a0O encontro ser\u00e1 na Associa\u00e7\u00e3o Comercial de Uau\u00e1, a partir das 19h.<\/p>\n<p style=\"text-align: justify\">Os interessados podem realizar a inscri\u00e7\u00e3o na pr\u00f3pria Associa\u00e7\u00e3o Comercial, que fica na Pra\u00e7a S\u00e3o Jo\u00e3o Batista, n\u00famero 513, ou tamb\u00e9m pela internet. Comerciantes atendidos pelo o Programa Bioma Caatinga podem procurar o Agente de Desenvolvimento Rural Sustent\u00e1vel, Luiz Am\u00e9rico, que ele auxiliar\u00e1 na inscri\u00e7\u00e3o. O telefone para contato \u00e9 (74) 9 9967-5954.<\/p>\n<p><em>Josenaldo Rodrigues \u2013 Coapseri\/ Programa Bioma Caatinga<\/em><\/p>\n","protected":false},"excerpt":{"rendered":"<p>Em sua segunda edi\u00e7\u00e3o, a Semana Sebrae de Capacita\u00e7\u00e3o Empresarial \u00e9 o maior evento para pequenos neg\u00f3cios da Bahia e acontece de 29 de agosto a 03 de setembro deste ano. Durante seis dias, o Sebrae apresenta uma extensa programa\u00e7\u00e3o de palestras, cursos, semin\u00e1rios, cl\u00ednicas tecnol\u00f3gicas, workshops, oficinas e megapalestras, em mais de 200 eventos em todo o Estado, com um total de 30 mil vagas. As capacita\u00e7\u00f5es incluem temas como associativismo, cen\u00e1rios econ\u00f4micos, com\u00e9rcio internacional, competitividade, design, empreendedorismo, estrat\u00e9gias, finan\u00e7as, gera\u00e7\u00e3o de valor, gest\u00e3o empresarial, inova\u00e7\u00e3o, lideran\u00e7a, marketing e vendas, modelo de neg\u00f3cio, motiva\u00e7\u00e3o, planejamento, produtividade, recursos humanos, startup, sustentabilidade, turismo, varejo e consumo.<\/p>\n","protected":false},"author":7,"featured_media":0,"comment_status":"open","ping_status":"open","sticky":false,"template":"","format":"standard","meta":{"_acf_changed":false,"footnotes":""},"categories":[44],"tags":[],"class_list":["post-147386","post","type-post","status-publish","format-standard","hentry","category-administracao"],"acf":[],"yoast_head":"<!-- This site is optimized with the Yoast SEO plugin v27.4 - https:\/\/yoast.com\/product\/yoast-seo-wordpress\/ -->\n<title>MICROS E PEQUENOS EMPRES\u00c1RIOS DE JUAZEIRO, CASA NOVA E UAU\u00c1 PODEM PARTICIPAR, DE GRA\u00c7A, DE CURSOS E PALESTRAS PROMOVIDOS PELO SEBRAE - Blog do Farn\u00e9sio<\/title>\n<meta name=\"robots\" content=\"index, follow, max-snippet:-1, max-image-preview:large, max-video-preview:-1\" \/>\n<link rel=\"canonical\" href=\"https:\/\/blogdofarnesio.com.br\/?p=147386\" \/>\n<meta property=\"og:locale\" content=\"pt_BR\" \/>\n<meta property=\"og:type\" content=\"article\" \/>\n<meta property=\"og:title\" content=\"MICROS E PEQUENOS EMPRES\u00c1RIOS DE JUAZEIRO, CASA NOVA E UAU\u00c1 PODEM PARTICIPAR, DE GRA\u00c7A, DE CURSOS E PALESTRAS PROMOVIDOS PELO SEBRAE - Blog do Farn\u00e9sio\" \/>\n<meta property=\"og:description\" content=\"Em sua segunda edi\u00e7\u00e3o, a Semana Sebrae de Capacita\u00e7\u00e3o Empresarial \u00e9 o maior evento para pequenos neg\u00f3cios da Bahia e acontece de 29 de agosto a 03 de setembro deste ano. Durante seis dias, o Sebrae apresenta uma extensa programa\u00e7\u00e3o de palestras, cursos, semin\u00e1rios, cl\u00ednicas tecnol\u00f3gicas, workshops, oficinas e megapalestras, em mais de 200 eventos em todo o Estado, com um total de 30 mil vagas. As capacita\u00e7\u00f5es incluem temas como associativismo, cen\u00e1rios econ\u00f4micos, com\u00e9rcio internacional, competitividade, design, empreendedorismo, estrat\u00e9gias, finan\u00e7as, gera\u00e7\u00e3o de valor, gest\u00e3o empresarial, inova\u00e7\u00e3o, lideran\u00e7a, marketing e vendas, modelo de neg\u00f3cio, motiva\u00e7\u00e3o, planejamento, produtividade, recursos humanos, startup, sustentabilidade, turismo, varejo e consumo.\" \/>\n<meta property=\"og:url\" content=\"https:\/\/blogdofarnesio.com.br\/?p=147386\" \/>\n<meta property=\"og:site_name\" content=\"Blog do Farn\u00e9sio\" \/>\n<meta property=\"article:publisher\" content=\"https:\/\/www.facebook.com\/BlogQuerSaberPolitica\/\" \/>\n<meta property=\"article:published_time\" content=\"2016-08-26T13:40:28+00:00\" \/>\n<meta name=\"twitter:card\" content=\"summary_large_image\" \/>\n<meta name=\"twitter:label1\" content=\"Escrito por\" \/>\n\t<meta name=\"twitter:data1\" content=\"\" \/>\n\t<meta name=\"twitter:label2\" content=\"Est. tempo de leitura\" \/>\n\t<meta name=\"twitter:data2\" content=\"3 minutos\" \/>\n<script type=\"application\/ld+json\" class=\"yoast-schema-graph\">{\"@context\":\"https:\\\/\\\/schema.org\",\"@graph\":[{\"@type\":\"Article\",\"@id\":\"https:\\\/\\\/blogdofarnesio.com.br\\\/?p=147386#article\",\"isPartOf\":{\"@id\":\"https:\\\/\\\/blogdofarnesio.com.br\\\/?p=147386\"},\"author\":{\"name\":\"\",\"@id\":\"\"},\"headline\":\"MICROS E PEQUENOS EMPRES\u00c1RIOS DE JUAZEIRO, CASA NOVA E UAU\u00c1 PODEM PARTICIPAR, DE GRA\u00c7A, DE CURSOS E PALESTRAS PROMOVIDOS PELO SEBRAE\",\"datePublished\":\"2016-08-26T13:40:28+00:00\",\"mainEntityOfPage\":{\"@id\":\"https:\\\/\\\/blogdofarnesio.com.br\\\/?p=147386\"},\"wordCount\":580,\"commentCount\":0,\"publisher\":{\"@id\":\"https:\\\/\\\/blogdofarnesio.com.br\\\/#organization\"},\"articleSection\":[\"Administra\u00e7\u00e3o\"],\"inLanguage\":\"pt-BR\",\"potentialAction\":[{\"@type\":\"CommentAction\",\"name\":\"Comment\",\"target\":[\"https:\\\/\\\/blogdofarnesio.com.br\\\/?p=147386#respond\"]}]},{\"@type\":\"WebPage\",\"@id\":\"https:\\\/\\\/blogdofarnesio.com.br\\\/?p=147386\",\"url\":\"https:\\\/\\\/blogdofarnesio.com.br\\\/?p=147386\",\"name\":\"MICROS E PEQUENOS EMPRES\u00c1RIOS DE JUAZEIRO, CASA NOVA E UAU\u00c1 PODEM PARTICIPAR, DE GRA\u00c7A, DE CURSOS E PALESTRAS PROMOVIDOS PELO SEBRAE - Blog do Farn\u00e9sio\",\"isPartOf\":{\"@id\":\"https:\\\/\\\/blogdofarnesio.com.br\\\/#website\"},\"datePublished\":\"2016-08-26T13:40:28+00:00\",\"breadcrumb\":{\"@id\":\"https:\\\/\\\/blogdofarnesio.com.br\\\/?p=147386#breadcrumb\"},\"inLanguage\":\"pt-BR\",\"potentialAction\":[{\"@type\":\"ReadAction\",\"target\":[\"https:\\\/\\\/blogdofarnesio.com.br\\\/?p=147386\"]}]},{\"@type\":\"BreadcrumbList\",\"@id\":\"https:\\\/\\\/blogdofarnesio.com.br\\\/?p=147386#breadcrumb\",\"itemListElement\":[{\"@type\":\"ListItem\",\"position\":1,\"name\":\"In\u00edcio\",\"item\":\"https:\\\/\\\/blogdofarnesio.com.br\\\/\"},{\"@type\":\"ListItem\",\"position\":2,\"name\":\"MICROS E PEQUENOS EMPRES\u00c1RIOS DE JUAZEIRO, CASA NOVA E UAU\u00c1 PODEM PARTICIPAR, DE GRA\u00c7A, DE CURSOS E PALESTRAS PROMOVIDOS PELO SEBRAE\"}]},{\"@type\":\"WebSite\",\"@id\":\"https:\\\/\\\/blogdofarnesio.com.br\\\/#website\",\"url\":\"https:\\\/\\\/blogdofarnesio.com.br\\\/\",\"name\":\"Blog do Farn\u00e9sio\",\"description\":\"Quer Saber Pol\u00edtica?\",\"publisher\":{\"@id\":\"https:\\\/\\\/blogdofarnesio.com.br\\\/#organization\"},\"potentialAction\":[{\"@type\":\"SearchAction\",\"target\":{\"@type\":\"EntryPoint\",\"urlTemplate\":\"https:\\\/\\\/blogdofarnesio.com.br\\\/?s={search_term_string}\"},\"query-input\":{\"@type\":\"PropertyValueSpecification\",\"valueRequired\":true,\"valueName\":\"search_term_string\"}}],\"inLanguage\":\"pt-BR\"},{\"@type\":\"Organization\",\"@id\":\"https:\\\/\\\/blogdofarnesio.com.br\\\/#organization\",\"name\":\"Blog do Farn\u00e9sio\",\"url\":\"https:\\\/\\\/blogdofarnesio.com.br\\\/\",\"logo\":{\"@type\":\"ImageObject\",\"inLanguage\":\"pt-BR\",\"@id\":\"https:\\\/\\\/blogdofarnesio.com.br\\\/#\\\/schema\\\/logo\\\/image\\\/\",\"url\":\"https:\\\/\\\/blogdofarnesio.com.br\\\/wp-content\\\/uploads\\\/2026\\\/03\\\/cropped-logo_new-1.png\",\"contentUrl\":\"https:\\\/\\\/blogdofarnesio.com.br\\\/wp-content\\\/uploads\\\/2026\\\/03\\\/cropped-logo_new-1.png\",\"width\":881,\"height\":685,\"caption\":\"Blog do Farn\u00e9sio\"},\"image\":{\"@id\":\"https:\\\/\\\/blogdofarnesio.com.br\\\/#\\\/schema\\\/logo\\\/image\\\/\"},\"sameAs\":[\"https:\\\/\\\/www.facebook.com\\\/BlogQuerSaberPolitica\\\/\"]},{\"@type\":\"Person\",\"@id\":\"\",\"url\":\"https:\\\/\\\/blogdofarnesio.com.br\\\/?author=7\"}]}<\/script>\n<!-- \/ Yoast SEO plugin. -->","yoast_head_json":{"title":"MICROS E PEQUENOS EMPRES\u00c1RIOS DE JUAZEIRO, CASA NOVA E UAU\u00c1 PODEM PARTICIPAR, DE GRA\u00c7A, DE CURSOS E PALESTRAS PROMOVIDOS PELO SEBRAE - Blog do Farn\u00e9sio","robots":{"index":"index","follow":"follow","max-snippet":"max-snippet:-1","max-image-preview":"max-image-preview:large","max-video-preview":"max-video-preview:-1"},"canonical":"https:\/\/blogdofarnesio.com.br\/?p=147386","og_locale":"pt_BR","og_type":"article","og_title":"MICROS E PEQUENOS EMPRES\u00c1RIOS DE JUAZEIRO, CASA NOVA E UAU\u00c1 PODEM PARTICIPAR, DE GRA\u00c7A, DE CURSOS E PALESTRAS PROMOVIDOS PELO SEBRAE - Blog do Farn\u00e9sio","og_description":"Em sua segunda edi\u00e7\u00e3o, a Semana Sebrae de Capacita\u00e7\u00e3o Empresarial \u00e9 o maior evento para pequenos neg\u00f3cios da Bahia e acontece de 29 de agosto a 03 de setembro deste ano. Durante seis dias, o Sebrae apresenta uma extensa programa\u00e7\u00e3o de palestras, cursos, semin\u00e1rios, cl\u00ednicas tecnol\u00f3gicas, workshops, oficinas e megapalestras, em mais de 200 eventos em todo o Estado, com um total de 30 mil vagas. As capacita\u00e7\u00f5es incluem temas como associativismo, cen\u00e1rios econ\u00f4micos, com\u00e9rcio internacional, competitividade, design, empreendedorismo, estrat\u00e9gias, finan\u00e7as, gera\u00e7\u00e3o de valor, gest\u00e3o empresarial, inova\u00e7\u00e3o, lideran\u00e7a, marketing e vendas, modelo de neg\u00f3cio, motiva\u00e7\u00e3o, planejamento, produtividade, recursos humanos, startup, sustentabilidade, turismo, varejo e consumo.","og_url":"https:\/\/blogdofarnesio.com.br\/?p=147386","og_site_name":"Blog do Farn\u00e9sio","article_publisher":"https:\/\/www.facebook.com\/BlogQuerSaberPolitica\/","article_published_time":"2016-08-26T13:40:28+00:00","twitter_card":"summary_large_image","twitter_misc":{"Escrito por":"","Est. tempo de leitura":"3 minutos"},"schema":{"@context":"https:\/\/schema.org","@graph":[{"@type":"Article","@id":"https:\/\/blogdofarnesio.com.br\/?p=147386#article","isPartOf":{"@id":"https:\/\/blogdofarnesio.com.br\/?p=147386"},"author":{"name":"","@id":""},"headline":"MICROS E PEQUENOS EMPRES\u00c1RIOS DE JUAZEIRO, CASA NOVA E UAU\u00c1 PODEM PARTICIPAR, DE GRA\u00c7A, DE CURSOS E PALESTRAS PROMOVIDOS PELO SEBRAE","datePublished":"2016-08-26T13:40:28+00:00","mainEntityOfPage":{"@id":"https:\/\/blogdofarnesio.com.br\/?p=147386"},"wordCount":580,"commentCount":0,"publisher":{"@id":"https:\/\/blogdofarnesio.com.br\/#organization"},"articleSection":["Administra\u00e7\u00e3o"],"inLanguage":"pt-BR","potentialAction":[{"@type":"CommentAction","name":"Comment","target":["https:\/\/blogdofarnesio.com.br\/?p=147386#respond"]}]},{"@type":"WebPage","@id":"https:\/\/blogdofarnesio.com.br\/?p=147386","url":"https:\/\/blogdofarnesio.com.br\/?p=147386","name":"MICROS E PEQUENOS EMPRES\u00c1RIOS DE JUAZEIRO, CASA NOVA E UAU\u00c1 PODEM PARTICIPAR, DE GRA\u00c7A, DE CURSOS E PALESTRAS PROMOVIDOS PELO SEBRAE - Blog do Farn\u00e9sio","isPartOf":{"@id":"https:\/\/blogdofarnesio.com.br\/#website"},"datePublished":"2016-08-26T13:40:28+00:00","breadcrumb":{"@id":"https:\/\/blogdofarnesio.com.br\/?p=147386#breadcrumb"},"inLanguage":"pt-BR","potentialAction":[{"@type":"ReadAction","target":["https:\/\/blogdofarnesio.com.br\/?p=147386"]}]},{"@type":"BreadcrumbList","@id":"https:\/\/blogdofarnesio.com.br\/?p=147386#breadcrumb","itemListElement":[{"@type":"ListItem","position":1,"name":"In\u00edcio","item":"https:\/\/blogdofarnesio.com.br\/"},{"@type":"ListItem","position":2,"name":"MICROS E PEQUENOS EMPRES\u00c1RIOS DE JUAZEIRO, CASA NOVA E UAU\u00c1 PODEM PARTICIPAR, DE GRA\u00c7A, DE CURSOS E PALESTRAS PROMOVIDOS PELO SEBRAE"}]},{"@type":"WebSite","@id":"https:\/\/blogdofarnesio.com.br\/#website","url":"https:\/\/blogdofarnesio.com.br\/","name":"Blog do Farn\u00e9sio","description":"Quer Saber Pol\u00edtica?","publisher":{"@id":"https:\/\/blogdofarnesio.com.br\/#organization"},"potentialAction":[{"@type":"SearchAction","target":{"@type":"EntryPoint","urlTemplate":"https:\/\/blogdofarnesio.com.br\/?s={search_term_string}"},"query-input":{"@type":"PropertyValueSpecification","valueRequired":true,"valueName":"search_term_string"}}],"inLanguage":"pt-BR"},{"@type":"Organization","@id":"https:\/\/blogdofarnesio.com.br\/#organization","name":"Blog do Farn\u00e9sio","url":"https:\/\/blogdofarnesio.com.br\/","logo":{"@type":"ImageObject","inLanguage":"pt-BR","@id":"https:\/\/blogdofarnesio.com.br\/#\/schema\/logo\/image\/","url":"https:\/\/blogdofarnesio.com.br\/wp-content\/uploads\/2026\/03\/cropped-logo_new-1.png","contentUrl":"https:\/\/blogdofarnesio.com.br\/wp-content\/uploads\/2026\/03\/cropped-logo_new-1.png","width":881,"height":685,"caption":"Blog do Farn\u00e9sio"},"image":{"@id":"https:\/\/blogdofarnesio.com.br\/#\/schema\/logo\/image\/"},"sameAs":["https:\/\/www.facebook.com\/BlogQuerSaberPolitica\/"]},{"@type":"Person","@id":"","url":"https:\/\/blogdofarnesio.com.br\/?author=7"}]}},"_links":{"self":[{"href":"https:\/\/blogdofarnesio.com.br\/index.php?rest_route=\/wp\/v2\/posts\/147386","targetHints":{"allow":["GET"]}}],"collection":[{"href":"https:\/\/blogdofarnesio.com.br\/index.php?rest_route=\/wp\/v2\/posts"}],"about":[{"href":"https:\/\/blogdofarnesio.com.br\/index.php?rest_route=\/wp\/v2\/types\/post"}],"author":[{"embeddable":true,"href":"https:\/\/blogdofarnesio.com.br\/index.php?rest_route=\/wp\/v2\/users\/7"}],"replies":[{"embeddable":true,"href":"https:\/\/blogdofarnesio.com.br\/index.php?rest_route=%2Fwp%2Fv2%2Fcomments&post=147386"}],"version-history":[{"count":0,"href":"https:\/\/blogdofarnesio.com.br\/index.php?rest_route=\/wp\/v2\/posts\/147386\/revisions"}],"wp:attachment":[{"href":"https:\/\/blogdofarnesio.com.br\/index.php?rest_route=%2Fwp%2Fv2%2Fmedia&parent=147386"}],"wp:term":[{"taxonomy":"category","embeddable":true,"href":"https:\/\/blogdofarnesio.com.br\/index.php?rest_route=%2Fwp%2Fv2%2Fcategories&post=147386"},{"taxonomy":"post_tag","embeddable":true,"href":"https:\/\/blogdofarnesio.com.br\/index.php?rest_route=%2Fwp%2Fv2%2Ftags&post=147386"}],"curies":[{"name":"wp","href":"https:\/\/api.w.org\/{rel}","templated":true}]}}