{"id":147384,"date":"2016-08-26T10:20:26","date_gmt":"2016-08-26T13:20:26","guid":{"rendered":"http:\/\/www.quersaberpolitica.com.br\/?p=147384"},"modified":"2016-08-26T09:39:51","modified_gmt":"2016-08-26T12:39:51","slug":"escola-municipal-professora-leopoldina-leal-desenvolve-atividades-na-semana-nacional-da-pessoa-com-deficiencia","status":"publish","type":"post","link":"https:\/\/blogdofarnesio.com.br\/?p=147384","title":{"rendered":"ESCOLA MUNICIPAL PROFESSORA LEOPOLDINA LEAL DESENVOLVE ATIVIDADES NA SEMANA NACIONAL DA PESSOA COM DEFICI\u00caNCIA"},"content":{"rendered":"<p style=\"text-align: justify\"><a href=\"http:\/\/www.quersaberpolitica.com.br\/2016\/wp-content\/uploads\/2016\/08\/blogqsp-Semana-da-Inclus\u00e3o-Leopoldina-1.jpeg\"><img loading=\"lazy\" decoding=\"async\" class=\"wp-image-147385 aligncenter\" src=\"http:\/\/www.quersaberpolitica.com.br\/2016\/wp-content\/uploads\/2016\/08\/blogqsp-Semana-da-Inclus\u00e3o-Leopoldina-1-300x181.jpeg\" alt=\"blogqsp- Semana da Inclus\u00e3o Leopoldina (1)\" width=\"427\" height=\"264\" \/><\/a><\/p>\n<p style=\"text-align: justify\">A Semana Nacional da Pessoa com Defici\u00eancia \u00e9 comemorada no Brasil dos dias 21 a 28 de agosto. Durante esse per\u00edodo, em Juazeiro, as escolas municipais desenvolveram atividades sobre o tema com o objetivo de trabalhar a inclus\u00e3o dentro da sala de aula. Cada institui\u00e7\u00e3o elaborou seu pr\u00f3prio calend\u00e1rio de a\u00e7\u00f5es, que variaram de gincanas at\u00e9 o debate em sala de aula.<\/p>\n<p style=\"text-align: justify\">Na Escola Municipal Professora Leopoldina Leal duas atividades foram desenvolvidas por grupos. Segundo a professora de Atendimento Educacional Especializado (AEE), Jandira Rodrigues da Silva, a primeira foi a exibi\u00e7\u00e3o de dois v\u00eddeos motivacionais, um sobre a supera\u00e7\u00e3o no esporte e o outro sobre atletas paraol\u00edmpicos. \u201cTentamos aliar um assunto atual, que \u00e9 a olimp\u00edada, com o debate sobre a inclus\u00e3o. Depois que eles assistiram, conversamos sobre a import\u00e2ncia de respeitar o diferente e tamb\u00e9m sobre a grande capacidade da pessoa com defici\u00eancia\u201d, relata.<\/p>\n<p style=\"text-align: justify\">A segunda atividade foi l\u00fadica, a professora mostrava uma letra em libras e o aluno que estivesse com a letra do alfabeto correspondente se manifestava. Ap\u00f3s esse jogo, foram sinalizadas frutas, tamb\u00e9m por meio da linguagem de sinais. O aluno que soubesse qual era, corria para pegar a imagem dela em uma \u00e1rvore que foi desenhada com tinta guache no p\u00e1tio da escola.<\/p>\n<p style=\"text-align: justify\">A professora avaliou positivamente o resultado das atividades. \u201cUma vez por semana, desde o in\u00edcio do ano, trabalhamos o ensino de libras por 15 minutos em cada sala. Foi gratificante ver que eles j\u00e1 est\u00e3o fazendo essa correspond\u00eancia e que j\u00e1 podem se comunicar\u201d, exprime Jacira. A Escola Municipal Professora Leopoldina Leal atende 432 alunos, entre eles h\u00e1 cinco crian\u00e7as com defici\u00eancia, sendo um auditivo, dois f\u00edsicos e dois intelectuais.<\/p>\n<p style=\"text-align: justify\">A programa\u00e7\u00e3o da Semana Nacional da Pessoa com Defici\u00eancia dentro das escolas do munic\u00edpio iniciou no ano de 2009. \u00c9 uma proposta do N\u00facleo de Atendimento Psicossocial e Inclus\u00e3o (NAPSI), da Secretaria de Educa\u00e7\u00e3o e Esportes (Seduc) do munic\u00edpio.<\/p>\n<p style=\"text-align: justify\">A gerente do n\u00facleo, Creuza Lima, explica que a programa\u00e7\u00e3o \u00e9 importante para que as crian\u00e7as aprendam a respeitar a limita\u00e7\u00e3o do pr\u00f3ximo. \u201cA inclus\u00e3o j\u00e1 \u00e9 uma realidade vivenciada nas escolas municipais h\u00e1 muito tempo, pois nossos alunos com defici\u00eancia estudam na sala de aula comum e o que\u00a0n\u00f3s queremos \u00e9 garantir a perman\u00eancia dessas crian\u00e7as na escola\u201d, salienta.<\/p>\n<p style=\"text-align: justify\"><em>Ascom<\/em><\/p>\n","protected":false},"excerpt":{"rendered":"<p>A Semana Nacional da Pessoa com Defici\u00eancia \u00e9 comemorada no Brasil dos dias 21 a 28 de agosto. Durante esse per\u00edodo, em Juazeiro, as escolas municipais desenvolveram atividades sobre o tema com o objetivo de trabalhar a inclus\u00e3o dentro da sala de aula. Cada institui\u00e7\u00e3o elaborou seu pr\u00f3prio calend\u00e1rio de a\u00e7\u00f5es, que variaram de gincanas at\u00e9 o debate em sala de aula. Na Escola Municipal Professora Leopoldina Leal duas atividades foram desenvolvidas por grupos. Segundo a professora de Atendimento Educacional Especializado (AEE), Jandira Rodrigues da Silva, a primeira foi a exibi\u00e7\u00e3o de dois v\u00eddeos motivacionais, um sobre a supera\u00e7\u00e3o no esporte e o outro sobre atletas paraol\u00edmpicos. \u201cTentamos aliar um assunto atual, que \u00e9 a olimp\u00edada, com o debate sobre&hellip; <\/p>\n","protected":false},"author":7,"featured_media":0,"comment_status":"open","ping_status":"open","sticky":false,"template":"","format":"standard","meta":{"_acf_changed":false,"footnotes":""},"categories":[44],"tags":[],"class_list":["post-147384","post","type-post","status-publish","format-standard","hentry","category-administracao"],"acf":[],"yoast_head":"<!-- This site is optimized with the Yoast SEO plugin v27.4 - https:\/\/yoast.com\/product\/yoast-seo-wordpress\/ -->\n<title>ESCOLA MUNICIPAL PROFESSORA LEOPOLDINA LEAL DESENVOLVE ATIVIDADES NA SEMANA NACIONAL DA PESSOA COM DEFICI\u00caNCIA - Blog do Farn\u00e9sio<\/title>\n<meta name=\"robots\" content=\"index, follow, max-snippet:-1, max-image-preview:large, max-video-preview:-1\" \/>\n<link rel=\"canonical\" href=\"https:\/\/blogdofarnesio.com.br\/?p=147384\" \/>\n<meta property=\"og:locale\" content=\"pt_BR\" \/>\n<meta property=\"og:type\" content=\"article\" \/>\n<meta property=\"og:title\" content=\"ESCOLA MUNICIPAL PROFESSORA LEOPOLDINA LEAL DESENVOLVE ATIVIDADES NA SEMANA NACIONAL DA PESSOA COM DEFICI\u00caNCIA - Blog do Farn\u00e9sio\" \/>\n<meta property=\"og:description\" content=\"A Semana Nacional da Pessoa com Defici\u00eancia \u00e9 comemorada no Brasil dos dias 21 a 28 de agosto. Durante esse per\u00edodo, em Juazeiro, as escolas municipais desenvolveram atividades sobre o tema com o objetivo de trabalhar a inclus\u00e3o dentro da sala de aula. Cada institui\u00e7\u00e3o elaborou seu pr\u00f3prio calend\u00e1rio de a\u00e7\u00f5es, que variaram de gincanas at\u00e9 o debate em sala de aula. Na Escola Municipal Professora Leopoldina Leal duas atividades foram desenvolvidas por grupos. Segundo a professora de Atendimento Educacional Especializado (AEE), Jandira Rodrigues da Silva, a primeira foi a exibi\u00e7\u00e3o de dois v\u00eddeos motivacionais, um sobre a supera\u00e7\u00e3o no esporte e o outro sobre atletas paraol\u00edmpicos. \u201cTentamos aliar um assunto atual, que \u00e9 a olimp\u00edada, com o debate sobre&hellip;\" \/>\n<meta property=\"og:url\" content=\"https:\/\/blogdofarnesio.com.br\/?p=147384\" \/>\n<meta property=\"og:site_name\" content=\"Blog do Farn\u00e9sio\" \/>\n<meta property=\"article:publisher\" content=\"https:\/\/www.facebook.com\/BlogQuerSaberPolitica\/\" \/>\n<meta property=\"article:published_time\" content=\"2016-08-26T13:20:26+00:00\" \/>\n<meta name=\"twitter:card\" content=\"summary_large_image\" \/>\n<meta name=\"twitter:label1\" content=\"Escrito por\" \/>\n\t<meta name=\"twitter:data1\" content=\"\" \/>\n\t<meta name=\"twitter:label2\" content=\"Est. tempo de leitura\" \/>\n\t<meta name=\"twitter:data2\" content=\"2 minutos\" \/>\n<script type=\"application\/ld+json\" class=\"yoast-schema-graph\">{\"@context\":\"https:\\\/\\\/schema.org\",\"@graph\":[{\"@type\":\"Article\",\"@id\":\"https:\\\/\\\/blogdofarnesio.com.br\\\/?p=147384#article\",\"isPartOf\":{\"@id\":\"https:\\\/\\\/blogdofarnesio.com.br\\\/?p=147384\"},\"author\":{\"name\":\"\",\"@id\":\"\"},\"headline\":\"ESCOLA MUNICIPAL PROFESSORA LEOPOLDINA LEAL DESENVOLVE ATIVIDADES NA SEMANA NACIONAL DA PESSOA COM DEFICI\u00caNCIA\",\"datePublished\":\"2016-08-26T13:20:26+00:00\",\"mainEntityOfPage\":{\"@id\":\"https:\\\/\\\/blogdofarnesio.com.br\\\/?p=147384\"},\"wordCount\":426,\"commentCount\":0,\"publisher\":{\"@id\":\"https:\\\/\\\/blogdofarnesio.com.br\\\/#organization\"},\"articleSection\":[\"Administra\u00e7\u00e3o\"],\"inLanguage\":\"pt-BR\",\"potentialAction\":[{\"@type\":\"CommentAction\",\"name\":\"Comment\",\"target\":[\"https:\\\/\\\/blogdofarnesio.com.br\\\/?p=147384#respond\"]}]},{\"@type\":\"WebPage\",\"@id\":\"https:\\\/\\\/blogdofarnesio.com.br\\\/?p=147384\",\"url\":\"https:\\\/\\\/blogdofarnesio.com.br\\\/?p=147384\",\"name\":\"ESCOLA MUNICIPAL PROFESSORA LEOPOLDINA LEAL DESENVOLVE ATIVIDADES NA SEMANA NACIONAL DA PESSOA COM DEFICI\u00caNCIA - Blog do Farn\u00e9sio\",\"isPartOf\":{\"@id\":\"https:\\\/\\\/blogdofarnesio.com.br\\\/#website\"},\"datePublished\":\"2016-08-26T13:20:26+00:00\",\"breadcrumb\":{\"@id\":\"https:\\\/\\\/blogdofarnesio.com.br\\\/?p=147384#breadcrumb\"},\"inLanguage\":\"pt-BR\",\"potentialAction\":[{\"@type\":\"ReadAction\",\"target\":[\"https:\\\/\\\/blogdofarnesio.com.br\\\/?p=147384\"]}]},{\"@type\":\"BreadcrumbList\",\"@id\":\"https:\\\/\\\/blogdofarnesio.com.br\\\/?p=147384#breadcrumb\",\"itemListElement\":[{\"@type\":\"ListItem\",\"position\":1,\"name\":\"In\u00edcio\",\"item\":\"https:\\\/\\\/blogdofarnesio.com.br\\\/\"},{\"@type\":\"ListItem\",\"position\":2,\"name\":\"ESCOLA MUNICIPAL PROFESSORA LEOPOLDINA LEAL DESENVOLVE ATIVIDADES NA SEMANA NACIONAL DA PESSOA COM DEFICI\u00caNCIA\"}]},{\"@type\":\"WebSite\",\"@id\":\"https:\\\/\\\/blogdofarnesio.com.br\\\/#website\",\"url\":\"https:\\\/\\\/blogdofarnesio.com.br\\\/\",\"name\":\"Blog do Farn\u00e9sio\",\"description\":\"Quer Saber Pol\u00edtica?\",\"publisher\":{\"@id\":\"https:\\\/\\\/blogdofarnesio.com.br\\\/#organization\"},\"potentialAction\":[{\"@type\":\"SearchAction\",\"target\":{\"@type\":\"EntryPoint\",\"urlTemplate\":\"https:\\\/\\\/blogdofarnesio.com.br\\\/?s={search_term_string}\"},\"query-input\":{\"@type\":\"PropertyValueSpecification\",\"valueRequired\":true,\"valueName\":\"search_term_string\"}}],\"inLanguage\":\"pt-BR\"},{\"@type\":\"Organization\",\"@id\":\"https:\\\/\\\/blogdofarnesio.com.br\\\/#organization\",\"name\":\"Blog do Farn\u00e9sio\",\"url\":\"https:\\\/\\\/blogdofarnesio.com.br\\\/\",\"logo\":{\"@type\":\"ImageObject\",\"inLanguage\":\"pt-BR\",\"@id\":\"https:\\\/\\\/blogdofarnesio.com.br\\\/#\\\/schema\\\/logo\\\/image\\\/\",\"url\":\"https:\\\/\\\/blogdofarnesio.com.br\\\/wp-content\\\/uploads\\\/2026\\\/03\\\/cropped-logo_new-1.png\",\"contentUrl\":\"https:\\\/\\\/blogdofarnesio.com.br\\\/wp-content\\\/uploads\\\/2026\\\/03\\\/cropped-logo_new-1.png\",\"width\":881,\"height\":685,\"caption\":\"Blog do Farn\u00e9sio\"},\"image\":{\"@id\":\"https:\\\/\\\/blogdofarnesio.com.br\\\/#\\\/schema\\\/logo\\\/image\\\/\"},\"sameAs\":[\"https:\\\/\\\/www.facebook.com\\\/BlogQuerSaberPolitica\\\/\"]},{\"@type\":\"Person\",\"@id\":\"\",\"url\":\"https:\\\/\\\/blogdofarnesio.com.br\\\/?author=7\"}]}<\/script>\n<!-- \/ Yoast SEO plugin. -->","yoast_head_json":{"title":"ESCOLA MUNICIPAL PROFESSORA LEOPOLDINA LEAL DESENVOLVE ATIVIDADES NA SEMANA NACIONAL DA PESSOA COM DEFICI\u00caNCIA - Blog do Farn\u00e9sio","robots":{"index":"index","follow":"follow","max-snippet":"max-snippet:-1","max-image-preview":"max-image-preview:large","max-video-preview":"max-video-preview:-1"},"canonical":"https:\/\/blogdofarnesio.com.br\/?p=147384","og_locale":"pt_BR","og_type":"article","og_title":"ESCOLA MUNICIPAL PROFESSORA LEOPOLDINA LEAL DESENVOLVE ATIVIDADES NA SEMANA NACIONAL DA PESSOA COM DEFICI\u00caNCIA - Blog do Farn\u00e9sio","og_description":"A Semana Nacional da Pessoa com Defici\u00eancia \u00e9 comemorada no Brasil dos dias 21 a 28 de agosto. Durante esse per\u00edodo, em Juazeiro, as escolas municipais desenvolveram atividades sobre o tema com o objetivo de trabalhar a inclus\u00e3o dentro da sala de aula. Cada institui\u00e7\u00e3o elaborou seu pr\u00f3prio calend\u00e1rio de a\u00e7\u00f5es, que variaram de gincanas at\u00e9 o debate em sala de aula. Na Escola Municipal Professora Leopoldina Leal duas atividades foram desenvolvidas por grupos. Segundo a professora de Atendimento Educacional Especializado (AEE), Jandira Rodrigues da Silva, a primeira foi a exibi\u00e7\u00e3o de dois v\u00eddeos motivacionais, um sobre a supera\u00e7\u00e3o no esporte e o outro sobre atletas paraol\u00edmpicos. \u201cTentamos aliar um assunto atual, que \u00e9 a olimp\u00edada, com o debate sobre&hellip;","og_url":"https:\/\/blogdofarnesio.com.br\/?p=147384","og_site_name":"Blog do Farn\u00e9sio","article_publisher":"https:\/\/www.facebook.com\/BlogQuerSaberPolitica\/","article_published_time":"2016-08-26T13:20:26+00:00","twitter_card":"summary_large_image","twitter_misc":{"Escrito por":"","Est. tempo de leitura":"2 minutos"},"schema":{"@context":"https:\/\/schema.org","@graph":[{"@type":"Article","@id":"https:\/\/blogdofarnesio.com.br\/?p=147384#article","isPartOf":{"@id":"https:\/\/blogdofarnesio.com.br\/?p=147384"},"author":{"name":"","@id":""},"headline":"ESCOLA MUNICIPAL PROFESSORA LEOPOLDINA LEAL DESENVOLVE ATIVIDADES NA SEMANA NACIONAL DA PESSOA COM DEFICI\u00caNCIA","datePublished":"2016-08-26T13:20:26+00:00","mainEntityOfPage":{"@id":"https:\/\/blogdofarnesio.com.br\/?p=147384"},"wordCount":426,"commentCount":0,"publisher":{"@id":"https:\/\/blogdofarnesio.com.br\/#organization"},"articleSection":["Administra\u00e7\u00e3o"],"inLanguage":"pt-BR","potentialAction":[{"@type":"CommentAction","name":"Comment","target":["https:\/\/blogdofarnesio.com.br\/?p=147384#respond"]}]},{"@type":"WebPage","@id":"https:\/\/blogdofarnesio.com.br\/?p=147384","url":"https:\/\/blogdofarnesio.com.br\/?p=147384","name":"ESCOLA MUNICIPAL PROFESSORA LEOPOLDINA LEAL DESENVOLVE ATIVIDADES NA SEMANA NACIONAL DA PESSOA COM DEFICI\u00caNCIA - Blog do Farn\u00e9sio","isPartOf":{"@id":"https:\/\/blogdofarnesio.com.br\/#website"},"datePublished":"2016-08-26T13:20:26+00:00","breadcrumb":{"@id":"https:\/\/blogdofarnesio.com.br\/?p=147384#breadcrumb"},"inLanguage":"pt-BR","potentialAction":[{"@type":"ReadAction","target":["https:\/\/blogdofarnesio.com.br\/?p=147384"]}]},{"@type":"BreadcrumbList","@id":"https:\/\/blogdofarnesio.com.br\/?p=147384#breadcrumb","itemListElement":[{"@type":"ListItem","position":1,"name":"In\u00edcio","item":"https:\/\/blogdofarnesio.com.br\/"},{"@type":"ListItem","position":2,"name":"ESCOLA MUNICIPAL PROFESSORA LEOPOLDINA LEAL DESENVOLVE ATIVIDADES NA SEMANA NACIONAL DA PESSOA COM DEFICI\u00caNCIA"}]},{"@type":"WebSite","@id":"https:\/\/blogdofarnesio.com.br\/#website","url":"https:\/\/blogdofarnesio.com.br\/","name":"Blog do Farn\u00e9sio","description":"Quer Saber Pol\u00edtica?","publisher":{"@id":"https:\/\/blogdofarnesio.com.br\/#organization"},"potentialAction":[{"@type":"SearchAction","target":{"@type":"EntryPoint","urlTemplate":"https:\/\/blogdofarnesio.com.br\/?s={search_term_string}"},"query-input":{"@type":"PropertyValueSpecification","valueRequired":true,"valueName":"search_term_string"}}],"inLanguage":"pt-BR"},{"@type":"Organization","@id":"https:\/\/blogdofarnesio.com.br\/#organization","name":"Blog do Farn\u00e9sio","url":"https:\/\/blogdofarnesio.com.br\/","logo":{"@type":"ImageObject","inLanguage":"pt-BR","@id":"https:\/\/blogdofarnesio.com.br\/#\/schema\/logo\/image\/","url":"https:\/\/blogdofarnesio.com.br\/wp-content\/uploads\/2026\/03\/cropped-logo_new-1.png","contentUrl":"https:\/\/blogdofarnesio.com.br\/wp-content\/uploads\/2026\/03\/cropped-logo_new-1.png","width":881,"height":685,"caption":"Blog do Farn\u00e9sio"},"image":{"@id":"https:\/\/blogdofarnesio.com.br\/#\/schema\/logo\/image\/"},"sameAs":["https:\/\/www.facebook.com\/BlogQuerSaberPolitica\/"]},{"@type":"Person","@id":"","url":"https:\/\/blogdofarnesio.com.br\/?author=7"}]}},"_links":{"self":[{"href":"https:\/\/blogdofarnesio.com.br\/index.php?rest_route=\/wp\/v2\/posts\/147384","targetHints":{"allow":["GET"]}}],"collection":[{"href":"https:\/\/blogdofarnesio.com.br\/index.php?rest_route=\/wp\/v2\/posts"}],"about":[{"href":"https:\/\/blogdofarnesio.com.br\/index.php?rest_route=\/wp\/v2\/types\/post"}],"author":[{"embeddable":true,"href":"https:\/\/blogdofarnesio.com.br\/index.php?rest_route=\/wp\/v2\/users\/7"}],"replies":[{"embeddable":true,"href":"https:\/\/blogdofarnesio.com.br\/index.php?rest_route=%2Fwp%2Fv2%2Fcomments&post=147384"}],"version-history":[{"count":0,"href":"https:\/\/blogdofarnesio.com.br\/index.php?rest_route=\/wp\/v2\/posts\/147384\/revisions"}],"wp:attachment":[{"href":"https:\/\/blogdofarnesio.com.br\/index.php?rest_route=%2Fwp%2Fv2%2Fmedia&parent=147384"}],"wp:term":[{"taxonomy":"category","embeddable":true,"href":"https:\/\/blogdofarnesio.com.br\/index.php?rest_route=%2Fwp%2Fv2%2Fcategories&post=147384"},{"taxonomy":"post_tag","embeddable":true,"href":"https:\/\/blogdofarnesio.com.br\/index.php?rest_route=%2Fwp%2Fv2%2Ftags&post=147384"}],"curies":[{"name":"wp","href":"https:\/\/api.w.org\/{rel}","templated":true}]}}