{"id":147379,"date":"2016-08-26T08:30:16","date_gmt":"2016-08-26T11:30:16","guid":{"rendered":"http:\/\/www.quersaberpolitica.com.br\/?p=147379"},"modified":"2016-08-26T07:30:27","modified_gmt":"2016-08-26T10:30:27","slug":"confira-a-agenda-dos-candidatos-a-prefeitura-de-petrolina-2","status":"publish","type":"post","link":"https:\/\/blogdofarnesio.com.br\/?p=147379","title":{"rendered":"CONFIRA A AGENDA DOS CANDIDATOS \u00c0 PREFEITURA DE PETROLINA"},"content":{"rendered":"<p style=\"text-align: justify\"><a href=\"http:\/\/www.quersaberpolitica.com.br\/2016\/wp-content\/uploads\/2016\/06\/Blogqspelei\u00e7\u00e3o2016.jpeg\"><img loading=\"lazy\" decoding=\"async\" class=\"wp-image-144441 aligncenter\" src=\"http:\/\/www.quersaberpolitica.com.br\/2016\/wp-content\/uploads\/2016\/06\/Blogqspelei\u00e7\u00e3o2016-300x145.jpeg\" alt=\"Blogqspelei\u00e7\u00e3o2016\" width=\"445\" height=\"224\" \/><\/a><\/p>\n<p style=\"text-align: justify\"><strong>Edinaldo Lima (PMDB)<\/strong><\/p>\n<p style=\"text-align: justify\"><strong>7h<\/strong> \u2013 Entrevista na r\u00e1dio Grande Rio FM \u2013 Programa Nossa Voz<\/p>\n<p style=\"text-align: justify\"><strong>9h30<\/strong> \u2013 Entrevista \u2013 Site Nossa Voz<\/p>\n<p style=\"text-align: justify\"><strong>10h30<\/strong> \u2013 Participa\u00e7\u00e3o no evento da semana nacional da pessoa com defici\u00eancia<\/p>\n<p style=\"text-align: justify\"><strong>Local:<\/strong> Plen\u00e1rio da C\u00e2mara de Vereadores<\/p>\n<p style=\"text-align: justify\"><strong>14h<\/strong> \u2013 Grava\u00e7\u00e3o para o guia eleitoral<\/p>\n<p style=\"text-align: justify\"><strong>17h<\/strong> \u2013 Caminhada da vit\u00f3ria do povo<\/p>\n<p style=\"text-align: justify\"><strong>Local:<\/strong> Bairro Vila Eul\u00e1lia<\/p>\n<p style=\"text-align: justify\"><strong>Concentra\u00e7\u00e3o:<\/strong> Rua Santo Andr\u00e9, ao lado da igreja Assembleia de Deus<\/p>\n<p style=\"text-align: justify\"><strong>20h30<\/strong> \u2013 Reuni\u00e3o no Residencial Vila Real do programa minha casa minha vida<\/p>\n<p style=\"text-align: justify\"><strong>Miguel Coelho (PSB)<\/strong><\/p>\n<p style=\"text-align: justify\"><strong>06h30<\/strong> \u2013 Reuni\u00e3o com produtores rurais<\/p>\n<p style=\"text-align: justify\"><strong>Local:<\/strong> Comunidade do\u00a0N4<\/p>\n<p style=\"text-align: justify\"><strong>07h30<\/strong> \u2013 Reuni\u00e3o com microempres\u00e1rios<\/p>\n<p style=\"text-align: justify\"><strong>Local:<\/strong> Avenida Sete de Setembro<\/p>\n<p style=\"text-align: justify\"><strong>08h30<\/strong> \u2013 Assina termo de compromisso com deficientes f\u00edsicos<\/p>\n<p style=\"text-align: justify\"><strong>Local:<\/strong> C\u00e2mara municipal de Petrolina<\/p>\n<p style=\"text-align: justify\"><strong>12h<\/strong> \u2013 Inaugura\u00e7\u00e3o do comit\u00ea<\/p>\n<p style=\"text-align: justify\"><strong>Local:<\/strong> Avenida Clementino Coelho (ao lado da Mavel) \u2013 bairro Atr\u00e1s da Banca<\/p>\n<p style=\"text-align: justify\"><strong>15h30<\/strong> \u2013 Visita Empresas<\/p>\n<p style=\"text-align: justify\"><strong>Local:<\/strong> Distrito Industrial de Petrolina<\/p>\n<p style=\"text-align: justify\"><strong>18h<\/strong> \u2013 Caminhada Azul no bairro Jo\u00e3o de Deus<\/p>\n<p style=\"text-align: justify\"><strong>Local<\/strong>: Concentra\u00e7\u00e3o no Cras<\/p>\n<p style=\"text-align: justify\"><strong>Odacy Amorim (PT)<\/strong><\/p>\n<p style=\"text-align: justify\"><strong>8h<\/strong> \u2013 Efetiva\u00e7\u00e3o de compromisso junto ao Conselho Municipal dos Direitos da Pessoa com Defici\u00eancia.<\/p>\n<p style=\"text-align: justify\"><strong>Local:<\/strong> C\u00e2mara Municipal<\/p>\n<p style=\"text-align: justify\"><strong>13h<\/strong> \u2013 Acompanha a exibi\u00e7\u00e3o do primeiro guia eleitoral da campanha junto com a equipe de campanha e realiza grava\u00e7\u00e3o para o guia eleitoral.<\/p>\n<p style=\"text-align: justify\"><strong>15h30<\/strong> \u2013 Reuni\u00e3o na Igreja Evang\u00e9lica Filad\u00e9lfia.<\/p>\n<p style=\"text-align: justify\"><strong>Local:<\/strong>\u00a0 Av. Filad\u00e9lfia, 730- Alto da Boa Vista<\/p>\n<p>Os demais n\u00e3o enviaram ainda<\/p>\n","protected":false},"excerpt":{"rendered":"<p>Edinaldo Lima (PMDB) 7h \u2013 Entrevista na r\u00e1dio Grande Rio FM \u2013 Programa Nossa Voz 9h30 \u2013 Entrevista \u2013 Site Nossa Voz 10h30 \u2013 Participa\u00e7\u00e3o no evento da semana nacional da pessoa com defici\u00eancia Local: Plen\u00e1rio da C\u00e2mara de Vereadores 14h \u2013 Grava\u00e7\u00e3o para o guia eleitoral 17h \u2013 Caminhada da vit\u00f3ria do povo Local: Bairro Vila Eul\u00e1lia Concentra\u00e7\u00e3o: Rua Santo Andr\u00e9, ao lado da igreja Assembleia de Deus 20h30 \u2013 Reuni\u00e3o no Residencial Vila Real do programa minha casa minha vida Miguel Coelho (PSB) 06h30 \u2013 Reuni\u00e3o com produtores rurais Local: Comunidade do\u00a0N4 07h30 \u2013 Reuni\u00e3o com microempres\u00e1rios Local: Avenida Sete de Setembro 08h30 \u2013 Assina termo de compromisso com deficientes f\u00edsicos Local: C\u00e2mara municipal de Petrolina 12h \u2013&hellip; <\/p>\n","protected":false},"author":7,"featured_media":0,"comment_status":"open","ping_status":"open","sticky":false,"template":"","format":"standard","meta":{"_acf_changed":false,"footnotes":""},"categories":[1],"tags":[],"class_list":["post-147379","post","type-post","status-publish","format-standard","hentry","category-politica"],"acf":[],"yoast_head":"<!-- This site is optimized with the Yoast SEO plugin v27.4 - https:\/\/yoast.com\/product\/yoast-seo-wordpress\/ -->\n<title>CONFIRA A AGENDA DOS CANDIDATOS \u00c0 PREFEITURA DE PETROLINA - Blog do Farn\u00e9sio<\/title>\n<meta name=\"robots\" content=\"index, follow, max-snippet:-1, max-image-preview:large, max-video-preview:-1\" \/>\n<link rel=\"canonical\" href=\"https:\/\/blogdofarnesio.com.br\/?p=147379\" \/>\n<meta property=\"og:locale\" content=\"pt_BR\" \/>\n<meta property=\"og:type\" content=\"article\" \/>\n<meta property=\"og:title\" content=\"CONFIRA A AGENDA DOS CANDIDATOS \u00c0 PREFEITURA DE PETROLINA - Blog do Farn\u00e9sio\" \/>\n<meta property=\"og:description\" content=\"Edinaldo Lima (PMDB) 7h \u2013 Entrevista na r\u00e1dio Grande Rio FM \u2013 Programa Nossa Voz 9h30 \u2013 Entrevista \u2013 Site Nossa Voz 10h30 \u2013 Participa\u00e7\u00e3o no evento da semana nacional da pessoa com defici\u00eancia Local: Plen\u00e1rio da C\u00e2mara de Vereadores 14h \u2013 Grava\u00e7\u00e3o para o guia eleitoral 17h \u2013 Caminhada da vit\u00f3ria do povo Local: Bairro Vila Eul\u00e1lia Concentra\u00e7\u00e3o: Rua Santo Andr\u00e9, ao lado da igreja Assembleia de Deus 20h30 \u2013 Reuni\u00e3o no Residencial Vila Real do programa minha casa minha vida Miguel Coelho (PSB) 06h30 \u2013 Reuni\u00e3o com produtores rurais Local: Comunidade do\u00a0N4 07h30 \u2013 Reuni\u00e3o com microempres\u00e1rios Local: Avenida Sete de Setembro 08h30 \u2013 Assina termo de compromisso com deficientes f\u00edsicos Local: C\u00e2mara municipal de Petrolina 12h \u2013&hellip;\" \/>\n<meta property=\"og:url\" content=\"https:\/\/blogdofarnesio.com.br\/?p=147379\" \/>\n<meta property=\"og:site_name\" content=\"Blog do Farn\u00e9sio\" \/>\n<meta property=\"article:publisher\" content=\"https:\/\/www.facebook.com\/BlogQuerSaberPolitica\/\" \/>\n<meta property=\"article:published_time\" content=\"2016-08-26T11:30:16+00:00\" \/>\n<meta name=\"twitter:card\" content=\"summary_large_image\" \/>\n<meta name=\"twitter:label1\" content=\"Escrito por\" \/>\n\t<meta name=\"twitter:data1\" content=\"\" \/>\n\t<meta name=\"twitter:label2\" content=\"Est. tempo de leitura\" \/>\n\t<meta name=\"twitter:data2\" content=\"1 minuto\" \/>\n<script type=\"application\/ld+json\" class=\"yoast-schema-graph\">{\"@context\":\"https:\\\/\\\/schema.org\",\"@graph\":[{\"@type\":\"Article\",\"@id\":\"https:\\\/\\\/blogdofarnesio.com.br\\\/?p=147379#article\",\"isPartOf\":{\"@id\":\"https:\\\/\\\/blogdofarnesio.com.br\\\/?p=147379\"},\"author\":{\"name\":\"\",\"@id\":\"\"},\"headline\":\"CONFIRA A AGENDA DOS CANDIDATOS \u00c0 PREFEITURA DE PETROLINA\",\"datePublished\":\"2016-08-26T11:30:16+00:00\",\"mainEntityOfPage\":{\"@id\":\"https:\\\/\\\/blogdofarnesio.com.br\\\/?p=147379\"},\"wordCount\":243,\"commentCount\":0,\"publisher\":{\"@id\":\"https:\\\/\\\/blogdofarnesio.com.br\\\/#organization\"},\"articleSection\":[\"Pol\u00edtica\"],\"inLanguage\":\"pt-BR\",\"potentialAction\":[{\"@type\":\"CommentAction\",\"name\":\"Comment\",\"target\":[\"https:\\\/\\\/blogdofarnesio.com.br\\\/?p=147379#respond\"]}]},{\"@type\":\"WebPage\",\"@id\":\"https:\\\/\\\/blogdofarnesio.com.br\\\/?p=147379\",\"url\":\"https:\\\/\\\/blogdofarnesio.com.br\\\/?p=147379\",\"name\":\"CONFIRA A AGENDA DOS CANDIDATOS \u00c0 PREFEITURA DE PETROLINA - Blog do Farn\u00e9sio\",\"isPartOf\":{\"@id\":\"https:\\\/\\\/blogdofarnesio.com.br\\\/#website\"},\"datePublished\":\"2016-08-26T11:30:16+00:00\",\"breadcrumb\":{\"@id\":\"https:\\\/\\\/blogdofarnesio.com.br\\\/?p=147379#breadcrumb\"},\"inLanguage\":\"pt-BR\",\"potentialAction\":[{\"@type\":\"ReadAction\",\"target\":[\"https:\\\/\\\/blogdofarnesio.com.br\\\/?p=147379\"]}]},{\"@type\":\"BreadcrumbList\",\"@id\":\"https:\\\/\\\/blogdofarnesio.com.br\\\/?p=147379#breadcrumb\",\"itemListElement\":[{\"@type\":\"ListItem\",\"position\":1,\"name\":\"In\u00edcio\",\"item\":\"https:\\\/\\\/blogdofarnesio.com.br\\\/\"},{\"@type\":\"ListItem\",\"position\":2,\"name\":\"CONFIRA A AGENDA DOS CANDIDATOS \u00c0 PREFEITURA DE PETROLINA\"}]},{\"@type\":\"WebSite\",\"@id\":\"https:\\\/\\\/blogdofarnesio.com.br\\\/#website\",\"url\":\"https:\\\/\\\/blogdofarnesio.com.br\\\/\",\"name\":\"Blog do Farn\u00e9sio\",\"description\":\"Quer Saber Pol\u00edtica?\",\"publisher\":{\"@id\":\"https:\\\/\\\/blogdofarnesio.com.br\\\/#organization\"},\"potentialAction\":[{\"@type\":\"SearchAction\",\"target\":{\"@type\":\"EntryPoint\",\"urlTemplate\":\"https:\\\/\\\/blogdofarnesio.com.br\\\/?s={search_term_string}\"},\"query-input\":{\"@type\":\"PropertyValueSpecification\",\"valueRequired\":true,\"valueName\":\"search_term_string\"}}],\"inLanguage\":\"pt-BR\"},{\"@type\":\"Organization\",\"@id\":\"https:\\\/\\\/blogdofarnesio.com.br\\\/#organization\",\"name\":\"Blog do Farn\u00e9sio\",\"url\":\"https:\\\/\\\/blogdofarnesio.com.br\\\/\",\"logo\":{\"@type\":\"ImageObject\",\"inLanguage\":\"pt-BR\",\"@id\":\"https:\\\/\\\/blogdofarnesio.com.br\\\/#\\\/schema\\\/logo\\\/image\\\/\",\"url\":\"https:\\\/\\\/blogdofarnesio.com.br\\\/wp-content\\\/uploads\\\/2026\\\/03\\\/cropped-logo_new-1.png\",\"contentUrl\":\"https:\\\/\\\/blogdofarnesio.com.br\\\/wp-content\\\/uploads\\\/2026\\\/03\\\/cropped-logo_new-1.png\",\"width\":881,\"height\":685,\"caption\":\"Blog do Farn\u00e9sio\"},\"image\":{\"@id\":\"https:\\\/\\\/blogdofarnesio.com.br\\\/#\\\/schema\\\/logo\\\/image\\\/\"},\"sameAs\":[\"https:\\\/\\\/www.facebook.com\\\/BlogQuerSaberPolitica\\\/\"]},{\"@type\":\"Person\",\"@id\":\"\",\"url\":\"https:\\\/\\\/blogdofarnesio.com.br\\\/?author=7\"}]}<\/script>\n<!-- \/ Yoast SEO plugin. -->","yoast_head_json":{"title":"CONFIRA A AGENDA DOS CANDIDATOS \u00c0 PREFEITURA DE PETROLINA - Blog do Farn\u00e9sio","robots":{"index":"index","follow":"follow","max-snippet":"max-snippet:-1","max-image-preview":"max-image-preview:large","max-video-preview":"max-video-preview:-1"},"canonical":"https:\/\/blogdofarnesio.com.br\/?p=147379","og_locale":"pt_BR","og_type":"article","og_title":"CONFIRA A AGENDA DOS CANDIDATOS \u00c0 PREFEITURA DE PETROLINA - Blog do Farn\u00e9sio","og_description":"Edinaldo Lima (PMDB) 7h \u2013 Entrevista na r\u00e1dio Grande Rio FM \u2013 Programa Nossa Voz 9h30 \u2013 Entrevista \u2013 Site Nossa Voz 10h30 \u2013 Participa\u00e7\u00e3o no evento da semana nacional da pessoa com defici\u00eancia Local: Plen\u00e1rio da C\u00e2mara de Vereadores 14h \u2013 Grava\u00e7\u00e3o para o guia eleitoral 17h \u2013 Caminhada da vit\u00f3ria do povo Local: Bairro Vila Eul\u00e1lia Concentra\u00e7\u00e3o: Rua Santo Andr\u00e9, ao lado da igreja Assembleia de Deus 20h30 \u2013 Reuni\u00e3o no Residencial Vila Real do programa minha casa minha vida Miguel Coelho (PSB) 06h30 \u2013 Reuni\u00e3o com produtores rurais Local: Comunidade do\u00a0N4 07h30 \u2013 Reuni\u00e3o com microempres\u00e1rios Local: Avenida Sete de Setembro 08h30 \u2013 Assina termo de compromisso com deficientes f\u00edsicos Local: C\u00e2mara municipal de Petrolina 12h \u2013&hellip;","og_url":"https:\/\/blogdofarnesio.com.br\/?p=147379","og_site_name":"Blog do Farn\u00e9sio","article_publisher":"https:\/\/www.facebook.com\/BlogQuerSaberPolitica\/","article_published_time":"2016-08-26T11:30:16+00:00","twitter_card":"summary_large_image","twitter_misc":{"Escrito por":"","Est. tempo de leitura":"1 minuto"},"schema":{"@context":"https:\/\/schema.org","@graph":[{"@type":"Article","@id":"https:\/\/blogdofarnesio.com.br\/?p=147379#article","isPartOf":{"@id":"https:\/\/blogdofarnesio.com.br\/?p=147379"},"author":{"name":"","@id":""},"headline":"CONFIRA A AGENDA DOS CANDIDATOS \u00c0 PREFEITURA DE PETROLINA","datePublished":"2016-08-26T11:30:16+00:00","mainEntityOfPage":{"@id":"https:\/\/blogdofarnesio.com.br\/?p=147379"},"wordCount":243,"commentCount":0,"publisher":{"@id":"https:\/\/blogdofarnesio.com.br\/#organization"},"articleSection":["Pol\u00edtica"],"inLanguage":"pt-BR","potentialAction":[{"@type":"CommentAction","name":"Comment","target":["https:\/\/blogdofarnesio.com.br\/?p=147379#respond"]}]},{"@type":"WebPage","@id":"https:\/\/blogdofarnesio.com.br\/?p=147379","url":"https:\/\/blogdofarnesio.com.br\/?p=147379","name":"CONFIRA A AGENDA DOS CANDIDATOS \u00c0 PREFEITURA DE PETROLINA - Blog do Farn\u00e9sio","isPartOf":{"@id":"https:\/\/blogdofarnesio.com.br\/#website"},"datePublished":"2016-08-26T11:30:16+00:00","breadcrumb":{"@id":"https:\/\/blogdofarnesio.com.br\/?p=147379#breadcrumb"},"inLanguage":"pt-BR","potentialAction":[{"@type":"ReadAction","target":["https:\/\/blogdofarnesio.com.br\/?p=147379"]}]},{"@type":"BreadcrumbList","@id":"https:\/\/blogdofarnesio.com.br\/?p=147379#breadcrumb","itemListElement":[{"@type":"ListItem","position":1,"name":"In\u00edcio","item":"https:\/\/blogdofarnesio.com.br\/"},{"@type":"ListItem","position":2,"name":"CONFIRA A AGENDA DOS CANDIDATOS \u00c0 PREFEITURA DE PETROLINA"}]},{"@type":"WebSite","@id":"https:\/\/blogdofarnesio.com.br\/#website","url":"https:\/\/blogdofarnesio.com.br\/","name":"Blog do Farn\u00e9sio","description":"Quer Saber Pol\u00edtica?","publisher":{"@id":"https:\/\/blogdofarnesio.com.br\/#organization"},"potentialAction":[{"@type":"SearchAction","target":{"@type":"EntryPoint","urlTemplate":"https:\/\/blogdofarnesio.com.br\/?s={search_term_string}"},"query-input":{"@type":"PropertyValueSpecification","valueRequired":true,"valueName":"search_term_string"}}],"inLanguage":"pt-BR"},{"@type":"Organization","@id":"https:\/\/blogdofarnesio.com.br\/#organization","name":"Blog do Farn\u00e9sio","url":"https:\/\/blogdofarnesio.com.br\/","logo":{"@type":"ImageObject","inLanguage":"pt-BR","@id":"https:\/\/blogdofarnesio.com.br\/#\/schema\/logo\/image\/","url":"https:\/\/blogdofarnesio.com.br\/wp-content\/uploads\/2026\/03\/cropped-logo_new-1.png","contentUrl":"https:\/\/blogdofarnesio.com.br\/wp-content\/uploads\/2026\/03\/cropped-logo_new-1.png","width":881,"height":685,"caption":"Blog do Farn\u00e9sio"},"image":{"@id":"https:\/\/blogdofarnesio.com.br\/#\/schema\/logo\/image\/"},"sameAs":["https:\/\/www.facebook.com\/BlogQuerSaberPolitica\/"]},{"@type":"Person","@id":"","url":"https:\/\/blogdofarnesio.com.br\/?author=7"}]}},"_links":{"self":[{"href":"https:\/\/blogdofarnesio.com.br\/index.php?rest_route=\/wp\/v2\/posts\/147379","targetHints":{"allow":["GET"]}}],"collection":[{"href":"https:\/\/blogdofarnesio.com.br\/index.php?rest_route=\/wp\/v2\/posts"}],"about":[{"href":"https:\/\/blogdofarnesio.com.br\/index.php?rest_route=\/wp\/v2\/types\/post"}],"author":[{"embeddable":true,"href":"https:\/\/blogdofarnesio.com.br\/index.php?rest_route=\/wp\/v2\/users\/7"}],"replies":[{"embeddable":true,"href":"https:\/\/blogdofarnesio.com.br\/index.php?rest_route=%2Fwp%2Fv2%2Fcomments&post=147379"}],"version-history":[{"count":0,"href":"https:\/\/blogdofarnesio.com.br\/index.php?rest_route=\/wp\/v2\/posts\/147379\/revisions"}],"wp:attachment":[{"href":"https:\/\/blogdofarnesio.com.br\/index.php?rest_route=%2Fwp%2Fv2%2Fmedia&parent=147379"}],"wp:term":[{"taxonomy":"category","embeddable":true,"href":"https:\/\/blogdofarnesio.com.br\/index.php?rest_route=%2Fwp%2Fv2%2Fcategories&post=147379"},{"taxonomy":"post_tag","embeddable":true,"href":"https:\/\/blogdofarnesio.com.br\/index.php?rest_route=%2Fwp%2Fv2%2Ftags&post=147379"}],"curies":[{"name":"wp","href":"https:\/\/api.w.org\/{rel}","templated":true}]}}