{"id":147378,"date":"2016-08-26T09:20:38","date_gmt":"2016-08-26T12:20:38","guid":{"rendered":"http:\/\/www.quersaberpolitica.com.br\/?p=147378"},"modified":"2016-08-25T21:45:42","modified_gmt":"2016-08-26T00:45:42","slug":"edesio-santos-da-cancao-prossegue-com-inscricoes-abertas","status":"publish","type":"post","link":"https:\/\/blogdofarnesio.com.br\/?p=147378","title":{"rendered":"ED\u00c9SIO SANTOS DA CAN\u00c7\u00c3O PROSSEGUE COM INSCRI\u00c7\u00d5ES ABERTAS"},"content":{"rendered":"<p style=\"text-align: justify\"><a href=\"http:\/\/www.quersaberpolitica.com.br\/2016\/wp-content\/uploads\/2016\/08\/blogqsp-festivaledesiosantos.jpg\"><img loading=\"lazy\" decoding=\"async\" class=\"wp-image-146554 aligncenter\" src=\"http:\/\/www.quersaberpolitica.com.br\/2016\/wp-content\/uploads\/2016\/08\/blogqsp-festivaledesiosantos-300x150.jpg\" alt=\"blogqsp-festivaledesiosantos\" width=\"437\" height=\"227\" \/><\/a><\/p>\n<p style=\"text-align: justify\">O Festival Nacional Ed\u00e9sio Santos da Can\u00e7\u00e3o &#8211; FESC 2016, realizado em Juazeiro, prossegue com inscri\u00e7\u00f5es abertas at\u00e9 o dia 5 de Setembro de 2016. As inscri\u00e7\u00f5es s\u00e3o gratuitas e para todo o pa\u00eds. S\u00e3o mais de R$ 30 mil em pr\u00eamios. Edital e ficha de inscri\u00e7\u00f5es est\u00e3o dispon\u00edveis no site da prefeitura de Juazeiro\u00a0<a href=\"http:\/\/l.facebook.com\/l.php?u=http%3A%2F%2Fwww.juazeiro.ba.gov.br%2FEdesioSantos&amp;h=5AQHhTrDaAQHqQo7Fv5TWsW3AOa0q7o7jujiLIzWIW9oF5A&amp;enc=AZM4R7NVEoT_cR580ehLrwWShlO6dEQ8FnNggCdtH1Qr4pkhgT0YcFQEY1DlkDrhzqjkeG8suvm72OX6pMeZAtY8k5MXpEPP9cHPUjtwPei7T_ePs-PmZN2V3572OnLEn3sYFDtp_rKKQtbe-oyvtx1yjV4KY3r8bacZvJmqX8TSr4xQkkakH1ySm33HUofOHXb0U7gWwd54VV34UeE0odc4&amp;s=1\">www.juazeiro.ba.gov.br\/EdesioSantos<\/a>\u00a0(com ficha preenchida e entregue na sede da Secretaria de Cultura e Juventude em Juazeiro).<\/p>\n<p style=\"text-align: justify\">As inscri\u00e7\u00f5es tamb\u00e9m podem ser feitas pelos Correios e na sede da Secretaria de Cultura e Juventude (SECJU), situada \u00e0 Avenida Carmela Dutra, N\u00ba 683, Centro, Juazeiro-Bahia, CEP \u2013 48.903-530, no hor\u00e1rio de 08h \u00e0s 12h e de 14h \u00e0s 170h de segunda a sexta-feira.<\/p>\n<p style=\"text-align: justify\">No caso da inscri\u00e7\u00e3o pelos Correios, os interessados dever\u00e3o adquirir o regulamento e ficha de inscri\u00e7\u00e3o atrav\u00e9s do site da prefeitura, e depois de preenchida a ficha, enviar com aviso de recebimento (AR) para o mesmo endere\u00e7o.<\/p>\n<p style=\"text-align: justify\">Mais informa\u00e7\u00f5es na sede da SECJU ou pelo telefone: (74) 3614 2652. O Festival Ed\u00e9sio Santos da Can\u00e7\u00e3o ser\u00e1 realizado nos dias 06, 07 e 08 de Outubro de 2016.<\/p>\n<p style=\"text-align: justify\"><em>Ascom<\/em><\/p>\n","protected":false},"excerpt":{"rendered":"<p>O Festival Nacional Ed\u00e9sio Santos da Can\u00e7\u00e3o &#8211; FESC 2016, realizado em Juazeiro, prossegue com inscri\u00e7\u00f5es abertas at\u00e9 o dia 5 de Setembro de 2016. As inscri\u00e7\u00f5es s\u00e3o gratuitas e para todo o pa\u00eds. S\u00e3o mais de R$ 30 mil em pr\u00eamios. Edital e ficha de inscri\u00e7\u00f5es est\u00e3o dispon\u00edveis no site da prefeitura de Juazeiro\u00a0www.juazeiro.ba.gov.br\/EdesioSantos\u00a0(com ficha preenchida e entregue na sede da Secretaria de Cultura e Juventude em Juazeiro). As inscri\u00e7\u00f5es tamb\u00e9m podem ser feitas pelos Correios e na sede da Secretaria de Cultura e Juventude (SECJU), situada \u00e0 Avenida Carmela Dutra, N\u00ba 683, Centro, Juazeiro-Bahia, CEP \u2013 48.903-530, no hor\u00e1rio de 08h \u00e0s 12h e de 14h \u00e0s 170h de segunda a sexta-feira. No caso da inscri\u00e7\u00e3o pelos Correios,&hellip; <\/p>\n","protected":false},"author":7,"featured_media":0,"comment_status":"open","ping_status":"open","sticky":false,"template":"","format":"standard","meta":{"_acf_changed":false,"footnotes":""},"categories":[44,10],"tags":[],"class_list":["post-147378","post","type-post","status-publish","format-standard","hentry","category-administracao","category-cultura"],"acf":[],"yoast_head":"<!-- This site is optimized with the Yoast SEO plugin v27.4 - https:\/\/yoast.com\/product\/yoast-seo-wordpress\/ -->\n<title>ED\u00c9SIO SANTOS DA CAN\u00c7\u00c3O PROSSEGUE COM INSCRI\u00c7\u00d5ES ABERTAS - Blog do Farn\u00e9sio<\/title>\n<meta name=\"robots\" content=\"index, follow, max-snippet:-1, max-image-preview:large, max-video-preview:-1\" \/>\n<link rel=\"canonical\" href=\"https:\/\/blogdofarnesio.com.br\/?p=147378\" \/>\n<meta property=\"og:locale\" content=\"pt_BR\" \/>\n<meta property=\"og:type\" content=\"article\" \/>\n<meta property=\"og:title\" content=\"ED\u00c9SIO SANTOS DA CAN\u00c7\u00c3O PROSSEGUE COM INSCRI\u00c7\u00d5ES ABERTAS - Blog do Farn\u00e9sio\" \/>\n<meta property=\"og:description\" content=\"O Festival Nacional Ed\u00e9sio Santos da Can\u00e7\u00e3o &#8211; FESC 2016, realizado em Juazeiro, prossegue com inscri\u00e7\u00f5es abertas at\u00e9 o dia 5 de Setembro de 2016. As inscri\u00e7\u00f5es s\u00e3o gratuitas e para todo o pa\u00eds. S\u00e3o mais de R$ 30 mil em pr\u00eamios. Edital e ficha de inscri\u00e7\u00f5es est\u00e3o dispon\u00edveis no site da prefeitura de Juazeiro\u00a0www.juazeiro.ba.gov.br\/EdesioSantos\u00a0(com ficha preenchida e entregue na sede da Secretaria de Cultura e Juventude em Juazeiro). As inscri\u00e7\u00f5es tamb\u00e9m podem ser feitas pelos Correios e na sede da Secretaria de Cultura e Juventude (SECJU), situada \u00e0 Avenida Carmela Dutra, N\u00ba 683, Centro, Juazeiro-Bahia, CEP \u2013 48.903-530, no hor\u00e1rio de 08h \u00e0s 12h e de 14h \u00e0s 170h de segunda a sexta-feira. No caso da inscri\u00e7\u00e3o pelos Correios,&hellip;\" \/>\n<meta property=\"og:url\" content=\"https:\/\/blogdofarnesio.com.br\/?p=147378\" \/>\n<meta property=\"og:site_name\" content=\"Blog do Farn\u00e9sio\" \/>\n<meta property=\"article:publisher\" content=\"https:\/\/www.facebook.com\/BlogQuerSaberPolitica\/\" \/>\n<meta property=\"article:published_time\" content=\"2016-08-26T12:20:38+00:00\" \/>\n<meta property=\"og:image\" content=\"http:\/\/www.quersaberpolitica.com.br\/2016\/wp-content\/uploads\/2016\/08\/blogqsp-festivaledesiosantos-300x150.jpg\" \/>\n<meta name=\"twitter:card\" content=\"summary_large_image\" \/>\n<meta name=\"twitter:label1\" content=\"Escrito por\" \/>\n\t<meta name=\"twitter:data1\" content=\"\" \/>\n\t<meta name=\"twitter:label2\" content=\"Est. tempo de leitura\" \/>\n\t<meta name=\"twitter:data2\" content=\"1 minuto\" \/>\n<script type=\"application\/ld+json\" class=\"yoast-schema-graph\">{\"@context\":\"https:\\\/\\\/schema.org\",\"@graph\":[{\"@type\":\"Article\",\"@id\":\"https:\\\/\\\/blogdofarnesio.com.br\\\/?p=147378#article\",\"isPartOf\":{\"@id\":\"https:\\\/\\\/blogdofarnesio.com.br\\\/?p=147378\"},\"author\":{\"name\":\"\",\"@id\":\"\"},\"headline\":\"ED\u00c9SIO SANTOS DA CAN\u00c7\u00c3O PROSSEGUE COM INSCRI\u00c7\u00d5ES ABERTAS\",\"datePublished\":\"2016-08-26T12:20:38+00:00\",\"mainEntityOfPage\":{\"@id\":\"https:\\\/\\\/blogdofarnesio.com.br\\\/?p=147378\"},\"wordCount\":208,\"commentCount\":0,\"publisher\":{\"@id\":\"https:\\\/\\\/blogdofarnesio.com.br\\\/#organization\"},\"image\":{\"@id\":\"https:\\\/\\\/blogdofarnesio.com.br\\\/?p=147378#primaryimage\"},\"thumbnailUrl\":\"http:\\\/\\\/www.quersaberpolitica.com.br\\\/2016\\\/wp-content\\\/uploads\\\/2016\\\/08\\\/blogqsp-festivaledesiosantos-300x150.jpg\",\"articleSection\":[\"Administra\u00e7\u00e3o\",\"Cultura\"],\"inLanguage\":\"pt-BR\",\"potentialAction\":[{\"@type\":\"CommentAction\",\"name\":\"Comment\",\"target\":[\"https:\\\/\\\/blogdofarnesio.com.br\\\/?p=147378#respond\"]}]},{\"@type\":\"WebPage\",\"@id\":\"https:\\\/\\\/blogdofarnesio.com.br\\\/?p=147378\",\"url\":\"https:\\\/\\\/blogdofarnesio.com.br\\\/?p=147378\",\"name\":\"ED\u00c9SIO SANTOS DA CAN\u00c7\u00c3O PROSSEGUE COM INSCRI\u00c7\u00d5ES ABERTAS - Blog do Farn\u00e9sio\",\"isPartOf\":{\"@id\":\"https:\\\/\\\/blogdofarnesio.com.br\\\/#website\"},\"primaryImageOfPage\":{\"@id\":\"https:\\\/\\\/blogdofarnesio.com.br\\\/?p=147378#primaryimage\"},\"image\":{\"@id\":\"https:\\\/\\\/blogdofarnesio.com.br\\\/?p=147378#primaryimage\"},\"thumbnailUrl\":\"http:\\\/\\\/www.quersaberpolitica.com.br\\\/2016\\\/wp-content\\\/uploads\\\/2016\\\/08\\\/blogqsp-festivaledesiosantos-300x150.jpg\",\"datePublished\":\"2016-08-26T12:20:38+00:00\",\"breadcrumb\":{\"@id\":\"https:\\\/\\\/blogdofarnesio.com.br\\\/?p=147378#breadcrumb\"},\"inLanguage\":\"pt-BR\",\"potentialAction\":[{\"@type\":\"ReadAction\",\"target\":[\"https:\\\/\\\/blogdofarnesio.com.br\\\/?p=147378\"]}]},{\"@type\":\"ImageObject\",\"inLanguage\":\"pt-BR\",\"@id\":\"https:\\\/\\\/blogdofarnesio.com.br\\\/?p=147378#primaryimage\",\"url\":\"http:\\\/\\\/www.quersaberpolitica.com.br\\\/2016\\\/wp-content\\\/uploads\\\/2016\\\/08\\\/blogqsp-festivaledesiosantos-300x150.jpg\",\"contentUrl\":\"http:\\\/\\\/www.quersaberpolitica.com.br\\\/2016\\\/wp-content\\\/uploads\\\/2016\\\/08\\\/blogqsp-festivaledesiosantos-300x150.jpg\"},{\"@type\":\"BreadcrumbList\",\"@id\":\"https:\\\/\\\/blogdofarnesio.com.br\\\/?p=147378#breadcrumb\",\"itemListElement\":[{\"@type\":\"ListItem\",\"position\":1,\"name\":\"In\u00edcio\",\"item\":\"https:\\\/\\\/blogdofarnesio.com.br\\\/\"},{\"@type\":\"ListItem\",\"position\":2,\"name\":\"ED\u00c9SIO SANTOS DA CAN\u00c7\u00c3O PROSSEGUE COM INSCRI\u00c7\u00d5ES ABERTAS\"}]},{\"@type\":\"WebSite\",\"@id\":\"https:\\\/\\\/blogdofarnesio.com.br\\\/#website\",\"url\":\"https:\\\/\\\/blogdofarnesio.com.br\\\/\",\"name\":\"Blog do Farn\u00e9sio\",\"description\":\"Quer Saber Pol\u00edtica?\",\"publisher\":{\"@id\":\"https:\\\/\\\/blogdofarnesio.com.br\\\/#organization\"},\"potentialAction\":[{\"@type\":\"SearchAction\",\"target\":{\"@type\":\"EntryPoint\",\"urlTemplate\":\"https:\\\/\\\/blogdofarnesio.com.br\\\/?s={search_term_string}\"},\"query-input\":{\"@type\":\"PropertyValueSpecification\",\"valueRequired\":true,\"valueName\":\"search_term_string\"}}],\"inLanguage\":\"pt-BR\"},{\"@type\":\"Organization\",\"@id\":\"https:\\\/\\\/blogdofarnesio.com.br\\\/#organization\",\"name\":\"Blog do Farn\u00e9sio\",\"url\":\"https:\\\/\\\/blogdofarnesio.com.br\\\/\",\"logo\":{\"@type\":\"ImageObject\",\"inLanguage\":\"pt-BR\",\"@id\":\"https:\\\/\\\/blogdofarnesio.com.br\\\/#\\\/schema\\\/logo\\\/image\\\/\",\"url\":\"https:\\\/\\\/blogdofarnesio.com.br\\\/wp-content\\\/uploads\\\/2026\\\/03\\\/cropped-logo_new-1.png\",\"contentUrl\":\"https:\\\/\\\/blogdofarnesio.com.br\\\/wp-content\\\/uploads\\\/2026\\\/03\\\/cropped-logo_new-1.png\",\"width\":881,\"height\":685,\"caption\":\"Blog do Farn\u00e9sio\"},\"image\":{\"@id\":\"https:\\\/\\\/blogdofarnesio.com.br\\\/#\\\/schema\\\/logo\\\/image\\\/\"},\"sameAs\":[\"https:\\\/\\\/www.facebook.com\\\/BlogQuerSaberPolitica\\\/\"]},{\"@type\":\"Person\",\"@id\":\"\",\"url\":\"https:\\\/\\\/blogdofarnesio.com.br\\\/?author=7\"}]}<\/script>\n<!-- \/ Yoast SEO plugin. -->","yoast_head_json":{"title":"ED\u00c9SIO SANTOS DA CAN\u00c7\u00c3O PROSSEGUE COM INSCRI\u00c7\u00d5ES ABERTAS - Blog do Farn\u00e9sio","robots":{"index":"index","follow":"follow","max-snippet":"max-snippet:-1","max-image-preview":"max-image-preview:large","max-video-preview":"max-video-preview:-1"},"canonical":"https:\/\/blogdofarnesio.com.br\/?p=147378","og_locale":"pt_BR","og_type":"article","og_title":"ED\u00c9SIO SANTOS DA CAN\u00c7\u00c3O PROSSEGUE COM INSCRI\u00c7\u00d5ES ABERTAS - Blog do Farn\u00e9sio","og_description":"O Festival Nacional Ed\u00e9sio Santos da Can\u00e7\u00e3o &#8211; FESC 2016, realizado em Juazeiro, prossegue com inscri\u00e7\u00f5es abertas at\u00e9 o dia 5 de Setembro de 2016. As inscri\u00e7\u00f5es s\u00e3o gratuitas e para todo o pa\u00eds. S\u00e3o mais de R$ 30 mil em pr\u00eamios. Edital e ficha de inscri\u00e7\u00f5es est\u00e3o dispon\u00edveis no site da prefeitura de Juazeiro\u00a0www.juazeiro.ba.gov.br\/EdesioSantos\u00a0(com ficha preenchida e entregue na sede da Secretaria de Cultura e Juventude em Juazeiro). As inscri\u00e7\u00f5es tamb\u00e9m podem ser feitas pelos Correios e na sede da Secretaria de Cultura e Juventude (SECJU), situada \u00e0 Avenida Carmela Dutra, N\u00ba 683, Centro, Juazeiro-Bahia, CEP \u2013 48.903-530, no hor\u00e1rio de 08h \u00e0s 12h e de 14h \u00e0s 170h de segunda a sexta-feira. No caso da inscri\u00e7\u00e3o pelos Correios,&hellip;","og_url":"https:\/\/blogdofarnesio.com.br\/?p=147378","og_site_name":"Blog do Farn\u00e9sio","article_publisher":"https:\/\/www.facebook.com\/BlogQuerSaberPolitica\/","article_published_time":"2016-08-26T12:20:38+00:00","og_image":[{"url":"http:\/\/www.quersaberpolitica.com.br\/2016\/wp-content\/uploads\/2016\/08\/blogqsp-festivaledesiosantos-300x150.jpg","type":"","width":"","height":""}],"twitter_card":"summary_large_image","twitter_misc":{"Escrito por":"","Est. tempo de leitura":"1 minuto"},"schema":{"@context":"https:\/\/schema.org","@graph":[{"@type":"Article","@id":"https:\/\/blogdofarnesio.com.br\/?p=147378#article","isPartOf":{"@id":"https:\/\/blogdofarnesio.com.br\/?p=147378"},"author":{"name":"","@id":""},"headline":"ED\u00c9SIO SANTOS DA CAN\u00c7\u00c3O PROSSEGUE COM INSCRI\u00c7\u00d5ES ABERTAS","datePublished":"2016-08-26T12:20:38+00:00","mainEntityOfPage":{"@id":"https:\/\/blogdofarnesio.com.br\/?p=147378"},"wordCount":208,"commentCount":0,"publisher":{"@id":"https:\/\/blogdofarnesio.com.br\/#organization"},"image":{"@id":"https:\/\/blogdofarnesio.com.br\/?p=147378#primaryimage"},"thumbnailUrl":"http:\/\/www.quersaberpolitica.com.br\/2016\/wp-content\/uploads\/2016\/08\/blogqsp-festivaledesiosantos-300x150.jpg","articleSection":["Administra\u00e7\u00e3o","Cultura"],"inLanguage":"pt-BR","potentialAction":[{"@type":"CommentAction","name":"Comment","target":["https:\/\/blogdofarnesio.com.br\/?p=147378#respond"]}]},{"@type":"WebPage","@id":"https:\/\/blogdofarnesio.com.br\/?p=147378","url":"https:\/\/blogdofarnesio.com.br\/?p=147378","name":"ED\u00c9SIO SANTOS DA CAN\u00c7\u00c3O PROSSEGUE COM INSCRI\u00c7\u00d5ES ABERTAS - Blog do Farn\u00e9sio","isPartOf":{"@id":"https:\/\/blogdofarnesio.com.br\/#website"},"primaryImageOfPage":{"@id":"https:\/\/blogdofarnesio.com.br\/?p=147378#primaryimage"},"image":{"@id":"https:\/\/blogdofarnesio.com.br\/?p=147378#primaryimage"},"thumbnailUrl":"http:\/\/www.quersaberpolitica.com.br\/2016\/wp-content\/uploads\/2016\/08\/blogqsp-festivaledesiosantos-300x150.jpg","datePublished":"2016-08-26T12:20:38+00:00","breadcrumb":{"@id":"https:\/\/blogdofarnesio.com.br\/?p=147378#breadcrumb"},"inLanguage":"pt-BR","potentialAction":[{"@type":"ReadAction","target":["https:\/\/blogdofarnesio.com.br\/?p=147378"]}]},{"@type":"ImageObject","inLanguage":"pt-BR","@id":"https:\/\/blogdofarnesio.com.br\/?p=147378#primaryimage","url":"http:\/\/www.quersaberpolitica.com.br\/2016\/wp-content\/uploads\/2016\/08\/blogqsp-festivaledesiosantos-300x150.jpg","contentUrl":"http:\/\/www.quersaberpolitica.com.br\/2016\/wp-content\/uploads\/2016\/08\/blogqsp-festivaledesiosantos-300x150.jpg"},{"@type":"BreadcrumbList","@id":"https:\/\/blogdofarnesio.com.br\/?p=147378#breadcrumb","itemListElement":[{"@type":"ListItem","position":1,"name":"In\u00edcio","item":"https:\/\/blogdofarnesio.com.br\/"},{"@type":"ListItem","position":2,"name":"ED\u00c9SIO SANTOS DA CAN\u00c7\u00c3O PROSSEGUE COM INSCRI\u00c7\u00d5ES ABERTAS"}]},{"@type":"WebSite","@id":"https:\/\/blogdofarnesio.com.br\/#website","url":"https:\/\/blogdofarnesio.com.br\/","name":"Blog do Farn\u00e9sio","description":"Quer Saber Pol\u00edtica?","publisher":{"@id":"https:\/\/blogdofarnesio.com.br\/#organization"},"potentialAction":[{"@type":"SearchAction","target":{"@type":"EntryPoint","urlTemplate":"https:\/\/blogdofarnesio.com.br\/?s={search_term_string}"},"query-input":{"@type":"PropertyValueSpecification","valueRequired":true,"valueName":"search_term_string"}}],"inLanguage":"pt-BR"},{"@type":"Organization","@id":"https:\/\/blogdofarnesio.com.br\/#organization","name":"Blog do Farn\u00e9sio","url":"https:\/\/blogdofarnesio.com.br\/","logo":{"@type":"ImageObject","inLanguage":"pt-BR","@id":"https:\/\/blogdofarnesio.com.br\/#\/schema\/logo\/image\/","url":"https:\/\/blogdofarnesio.com.br\/wp-content\/uploads\/2026\/03\/cropped-logo_new-1.png","contentUrl":"https:\/\/blogdofarnesio.com.br\/wp-content\/uploads\/2026\/03\/cropped-logo_new-1.png","width":881,"height":685,"caption":"Blog do Farn\u00e9sio"},"image":{"@id":"https:\/\/blogdofarnesio.com.br\/#\/schema\/logo\/image\/"},"sameAs":["https:\/\/www.facebook.com\/BlogQuerSaberPolitica\/"]},{"@type":"Person","@id":"","url":"https:\/\/blogdofarnesio.com.br\/?author=7"}]}},"_links":{"self":[{"href":"https:\/\/blogdofarnesio.com.br\/index.php?rest_route=\/wp\/v2\/posts\/147378","targetHints":{"allow":["GET"]}}],"collection":[{"href":"https:\/\/blogdofarnesio.com.br\/index.php?rest_route=\/wp\/v2\/posts"}],"about":[{"href":"https:\/\/blogdofarnesio.com.br\/index.php?rest_route=\/wp\/v2\/types\/post"}],"author":[{"embeddable":true,"href":"https:\/\/blogdofarnesio.com.br\/index.php?rest_route=\/wp\/v2\/users\/7"}],"replies":[{"embeddable":true,"href":"https:\/\/blogdofarnesio.com.br\/index.php?rest_route=%2Fwp%2Fv2%2Fcomments&post=147378"}],"version-history":[{"count":0,"href":"https:\/\/blogdofarnesio.com.br\/index.php?rest_route=\/wp\/v2\/posts\/147378\/revisions"}],"wp:attachment":[{"href":"https:\/\/blogdofarnesio.com.br\/index.php?rest_route=%2Fwp%2Fv2%2Fmedia&parent=147378"}],"wp:term":[{"taxonomy":"category","embeddable":true,"href":"https:\/\/blogdofarnesio.com.br\/index.php?rest_route=%2Fwp%2Fv2%2Fcategories&post=147378"},{"taxonomy":"post_tag","embeddable":true,"href":"https:\/\/blogdofarnesio.com.br\/index.php?rest_route=%2Fwp%2Fv2%2Ftags&post=147378"}],"curies":[{"name":"wp","href":"https:\/\/api.w.org\/{rel}","templated":true}]}}