{"id":147376,"date":"2016-08-26T09:40:47","date_gmt":"2016-08-26T12:40:47","guid":{"rendered":"http:\/\/www.quersaberpolitica.com.br\/?p=147376"},"modified":"2016-08-26T07:25:00","modified_gmt":"2016-08-26T10:25:00","slug":"ibama-emite-nota-tecnica-e-atesta-prejuizos-para-o-sao-francisco-com-vazao-reduzida","status":"publish","type":"post","link":"https:\/\/blogdofarnesio.com.br\/?p=147376","title":{"rendered":"IBAMA EMITE NOTA T\u00c9CNICA E ATESTA PREJU\u00cdZOS PARA O S\u00c3O FRANCISCO COM VAZ\u00c3O REDUZIDA"},"content":{"rendered":"<div id=\"texto\">\n<figure id=\"attachment_120000\" aria-describedby=\"caption-attachment-120000\" style=\"width: 441px\" class=\"wp-caption aligncenter\"><a href=\"http:\/\/www.quersaberpolitica.com.br\/2016\/wp-content\/uploads\/2015\/03\/Blogqsprios\u00e3ofrancisco-Foto-Farn\u00e9sio-Silva.jpg\"><img loading=\"lazy\" decoding=\"async\" class=\" wp-image-120000\" src=\"http:\/\/www.quersaberpolitica.com.br\/2016\/wp-content\/uploads\/2015\/03\/Blogqsprios\u00e3ofrancisco-Foto-Farn\u00e9sio-Silva-300x170.jpg\" alt=\"Rio S\u00e3o Francisco Petrolina PE Foto Farn\u00e9sio Silva\" width=\"441\" height=\"257\" \/><\/a><figcaption id=\"caption-attachment-120000\" class=\"wp-caption-text\">Rio S\u00e3o Francisco Petrolina PE Foto Farn\u00e9sio Silva<\/figcaption><\/figure>\n<p style=\"text-align: justify\">Em nota t\u00e9cnica divulgada pela representa\u00e7\u00e3o do \u00f3rg\u00e3o em Sergipe, o Instituto Brasileiro de Meio Ambiente e Recursos Naturais Renov\u00e1veis (Ibama) emitiu posicionamento quanto aos impactos ambientais decorrentes da redu\u00e7\u00e3o de vaz\u00e3o do rio S\u00e3o Francisco. No documento, encaminhado para conhecimento da Ag\u00eancia Nacional de \u00c1guas (ANA), o Ibama informa que a crise de redu\u00e7\u00e3o da vaz\u00e3o h\u00eddrica no manancial est\u00e1 presente h\u00e1 pelo menos duas d\u00e9cadas. Entretanto, nunca como os registrados entre 2015 e 2016.<\/p>\n<p style=\"text-align: justify\">O texto aponta a exist\u00eancia de estudos realizados pelas universidades federais de Alagoas (Ufal) e de Sergipe (UFS) que demonstram a percep\u00e7\u00e3o da popula\u00e7\u00e3o ribeirinha e dos pescadores da regi\u00e3o quanto \u00e0 diminui\u00e7\u00e3o do n\u00edvel do rio. Segundo o documento, a indica\u00e7\u00e3o \u00e9 de que a principal respons\u00e1vel pela situa\u00e7\u00e3o \u00e9 a usina hidrel\u00e9trica de Xing\u00f3, instalada entre os dois estados. A regional do Ibama confirma que vem atendendo aos pedidos da Diretoria de Licenciamento Ambiental do pr\u00f3prio \u00f3rg\u00e3o, em Bras\u00edlia, para a realiza\u00e7\u00e3o de vistorias constantes a fim de embasar os posicionamentos frente ao setor el\u00e9trico, que solicita redu\u00e7\u00e3o da vaz\u00e3o desde 2013.<\/p>\n<p style=\"text-align: justify\">A nota t\u00e9cnica do Ibama, encaminhada para a ANA, Comit\u00ea da Bacia Hidrogr\u00e1fica do Rio S\u00e3o Francisco (CBHSF) e v\u00e1rios outros \u00f3rg\u00e3os, atesta os s\u00e9rios impactos ambientais provocados pela redu\u00e7\u00e3o de vaz\u00e3o recorrente na deflu\u00eancia do rio. &#8220;A cada nova redu\u00e7\u00e3o os aspectos e impactos ambientais v\u00eam se agravando, conforme vem sendo sistematicamente relatado nos documentos t\u00e9cnicos emitidos pela equipe de analistas ambientais da Superintend\u00eancia de Sergipe&#8221;, afirma o documento assinado por dois analistas ambientais do \u00f3rg\u00e3o.<\/p>\n<p style=\"text-align: justify\">O setor el\u00e9trico havia anunciado a disponibilidade de solicitar a redu\u00e7\u00e3o da vaz\u00e3o do rio do n\u00edvel atual, de 800 metros c\u00fabicos por segundo (m\u00b3\/s), para 700 m\u00b3\/s. A emiss\u00e3o da nota t\u00e9cnica impediu uma tomada de decis\u00e3o na \u00faltima reuni\u00e3o promovida pela ANA, segunda-feira (22.08), em Bras\u00edlia. O assunto ser\u00e1 pauta de novo encontro da ag\u00eancia federal com os \u00f3rg\u00e3os relacionados ao assunto, na manh\u00e3 do dia 29 pr\u00f3ximo.<\/p>\n<p>Confira a \u00edntegra da nota t\u00e9cnica do Ibama Sergipe<a href=\"http:\/\/cbhsaofrancisco.org.br\/wp-content\/uploads\/2016\/08\/2016-08-17-Nota_Tecnica_010_2016_Ditec_SE_IBAMA.pdf\"> AQUI<\/a><\/p>\n<\/div>\n<div id=\"creditos\" class=\"creditos-postagem\"><em>Ascom CBHSF<\/em><\/div>\n","protected":false},"excerpt":{"rendered":"<p>Em nota t\u00e9cnica divulgada pela representa\u00e7\u00e3o do \u00f3rg\u00e3o em Sergipe, o Instituto Brasileiro de Meio Ambiente e Recursos Naturais Renov\u00e1veis (Ibama) emitiu posicionamento quanto aos impactos ambientais decorrentes da redu\u00e7\u00e3o de vaz\u00e3o do rio S\u00e3o Francisco. No documento, encaminhado para conhecimento da Ag\u00eancia Nacional de \u00c1guas (ANA), o Ibama informa que a crise de redu\u00e7\u00e3o da vaz\u00e3o h\u00eddrica no manancial est\u00e1 presente h\u00e1 pelo menos duas d\u00e9cadas. Entretanto, nunca como os registrados entre 2015 e 2016. O texto aponta a exist\u00eancia de estudos realizados pelas universidades federais de Alagoas (Ufal) e de Sergipe (UFS) que demonstram a percep\u00e7\u00e3o da popula\u00e7\u00e3o ribeirinha e dos pescadores da regi\u00e3o quanto \u00e0 diminui\u00e7\u00e3o do n\u00edvel do rio. Segundo o documento, a indica\u00e7\u00e3o \u00e9 de&hellip; <\/p>\n","protected":false},"author":7,"featured_media":0,"comment_status":"open","ping_status":"open","sticky":false,"template":"","format":"standard","meta":{"_acf_changed":false,"footnotes":""},"categories":[44],"tags":[],"class_list":["post-147376","post","type-post","status-publish","format-standard","hentry","category-administracao"],"acf":[],"yoast_head":"<!-- This site is optimized with the Yoast SEO plugin v27.4 - https:\/\/yoast.com\/product\/yoast-seo-wordpress\/ -->\n<title>IBAMA EMITE NOTA T\u00c9CNICA E ATESTA PREJU\u00cdZOS PARA O S\u00c3O FRANCISCO COM VAZ\u00c3O REDUZIDA - Blog do Farn\u00e9sio<\/title>\n<meta name=\"robots\" content=\"index, follow, max-snippet:-1, max-image-preview:large, max-video-preview:-1\" \/>\n<link rel=\"canonical\" href=\"https:\/\/blogdofarnesio.com.br\/?p=147376\" \/>\n<meta property=\"og:locale\" content=\"pt_BR\" \/>\n<meta property=\"og:type\" content=\"article\" \/>\n<meta property=\"og:title\" content=\"IBAMA EMITE NOTA T\u00c9CNICA E ATESTA PREJU\u00cdZOS PARA O S\u00c3O FRANCISCO COM VAZ\u00c3O REDUZIDA - Blog do Farn\u00e9sio\" \/>\n<meta property=\"og:description\" content=\"Em nota t\u00e9cnica divulgada pela representa\u00e7\u00e3o do \u00f3rg\u00e3o em Sergipe, o Instituto Brasileiro de Meio Ambiente e Recursos Naturais Renov\u00e1veis (Ibama) emitiu posicionamento quanto aos impactos ambientais decorrentes da redu\u00e7\u00e3o de vaz\u00e3o do rio S\u00e3o Francisco. No documento, encaminhado para conhecimento da Ag\u00eancia Nacional de \u00c1guas (ANA), o Ibama informa que a crise de redu\u00e7\u00e3o da vaz\u00e3o h\u00eddrica no manancial est\u00e1 presente h\u00e1 pelo menos duas d\u00e9cadas. Entretanto, nunca como os registrados entre 2015 e 2016. O texto aponta a exist\u00eancia de estudos realizados pelas universidades federais de Alagoas (Ufal) e de Sergipe (UFS) que demonstram a percep\u00e7\u00e3o da popula\u00e7\u00e3o ribeirinha e dos pescadores da regi\u00e3o quanto \u00e0 diminui\u00e7\u00e3o do n\u00edvel do rio. Segundo o documento, a indica\u00e7\u00e3o \u00e9 de&hellip;\" \/>\n<meta property=\"og:url\" content=\"https:\/\/blogdofarnesio.com.br\/?p=147376\" \/>\n<meta property=\"og:site_name\" content=\"Blog do Farn\u00e9sio\" \/>\n<meta property=\"article:publisher\" content=\"https:\/\/www.facebook.com\/BlogQuerSaberPolitica\/\" \/>\n<meta property=\"article:published_time\" content=\"2016-08-26T12:40:47+00:00\" \/>\n<meta name=\"twitter:card\" content=\"summary_large_image\" \/>\n<meta name=\"twitter:label1\" content=\"Escrito por\" \/>\n\t<meta name=\"twitter:data1\" content=\"\" \/>\n\t<meta name=\"twitter:label2\" content=\"Est. tempo de leitura\" \/>\n\t<meta name=\"twitter:data2\" content=\"2 minutos\" \/>\n<script type=\"application\/ld+json\" class=\"yoast-schema-graph\">{\"@context\":\"https:\\\/\\\/schema.org\",\"@graph\":[{\"@type\":\"Article\",\"@id\":\"https:\\\/\\\/blogdofarnesio.com.br\\\/?p=147376#article\",\"isPartOf\":{\"@id\":\"https:\\\/\\\/blogdofarnesio.com.br\\\/?p=147376\"},\"author\":{\"name\":\"\",\"@id\":\"\"},\"headline\":\"IBAMA EMITE NOTA T\u00c9CNICA E ATESTA PREJU\u00cdZOS PARA O S\u00c3O FRANCISCO COM VAZ\u00c3O REDUZIDA\",\"datePublished\":\"2016-08-26T12:40:47+00:00\",\"mainEntityOfPage\":{\"@id\":\"https:\\\/\\\/blogdofarnesio.com.br\\\/?p=147376\"},\"wordCount\":423,\"commentCount\":0,\"publisher\":{\"@id\":\"https:\\\/\\\/blogdofarnesio.com.br\\\/#organization\"},\"articleSection\":[\"Administra\u00e7\u00e3o\"],\"inLanguage\":\"pt-BR\",\"potentialAction\":[{\"@type\":\"CommentAction\",\"name\":\"Comment\",\"target\":[\"https:\\\/\\\/blogdofarnesio.com.br\\\/?p=147376#respond\"]}]},{\"@type\":\"WebPage\",\"@id\":\"https:\\\/\\\/blogdofarnesio.com.br\\\/?p=147376\",\"url\":\"https:\\\/\\\/blogdofarnesio.com.br\\\/?p=147376\",\"name\":\"IBAMA EMITE NOTA T\u00c9CNICA E ATESTA PREJU\u00cdZOS PARA O S\u00c3O FRANCISCO COM VAZ\u00c3O REDUZIDA - Blog do Farn\u00e9sio\",\"isPartOf\":{\"@id\":\"https:\\\/\\\/blogdofarnesio.com.br\\\/#website\"},\"datePublished\":\"2016-08-26T12:40:47+00:00\",\"breadcrumb\":{\"@id\":\"https:\\\/\\\/blogdofarnesio.com.br\\\/?p=147376#breadcrumb\"},\"inLanguage\":\"pt-BR\",\"potentialAction\":[{\"@type\":\"ReadAction\",\"target\":[\"https:\\\/\\\/blogdofarnesio.com.br\\\/?p=147376\"]}]},{\"@type\":\"BreadcrumbList\",\"@id\":\"https:\\\/\\\/blogdofarnesio.com.br\\\/?p=147376#breadcrumb\",\"itemListElement\":[{\"@type\":\"ListItem\",\"position\":1,\"name\":\"In\u00edcio\",\"item\":\"https:\\\/\\\/blogdofarnesio.com.br\\\/\"},{\"@type\":\"ListItem\",\"position\":2,\"name\":\"IBAMA EMITE NOTA T\u00c9CNICA E ATESTA PREJU\u00cdZOS PARA O S\u00c3O FRANCISCO COM VAZ\u00c3O REDUZIDA\"}]},{\"@type\":\"WebSite\",\"@id\":\"https:\\\/\\\/blogdofarnesio.com.br\\\/#website\",\"url\":\"https:\\\/\\\/blogdofarnesio.com.br\\\/\",\"name\":\"Blog do Farn\u00e9sio\",\"description\":\"Quer Saber Pol\u00edtica?\",\"publisher\":{\"@id\":\"https:\\\/\\\/blogdofarnesio.com.br\\\/#organization\"},\"potentialAction\":[{\"@type\":\"SearchAction\",\"target\":{\"@type\":\"EntryPoint\",\"urlTemplate\":\"https:\\\/\\\/blogdofarnesio.com.br\\\/?s={search_term_string}\"},\"query-input\":{\"@type\":\"PropertyValueSpecification\",\"valueRequired\":true,\"valueName\":\"search_term_string\"}}],\"inLanguage\":\"pt-BR\"},{\"@type\":\"Organization\",\"@id\":\"https:\\\/\\\/blogdofarnesio.com.br\\\/#organization\",\"name\":\"Blog do Farn\u00e9sio\",\"url\":\"https:\\\/\\\/blogdofarnesio.com.br\\\/\",\"logo\":{\"@type\":\"ImageObject\",\"inLanguage\":\"pt-BR\",\"@id\":\"https:\\\/\\\/blogdofarnesio.com.br\\\/#\\\/schema\\\/logo\\\/image\\\/\",\"url\":\"https:\\\/\\\/blogdofarnesio.com.br\\\/wp-content\\\/uploads\\\/2026\\\/03\\\/cropped-logo_new-1.png\",\"contentUrl\":\"https:\\\/\\\/blogdofarnesio.com.br\\\/wp-content\\\/uploads\\\/2026\\\/03\\\/cropped-logo_new-1.png\",\"width\":881,\"height\":685,\"caption\":\"Blog do Farn\u00e9sio\"},\"image\":{\"@id\":\"https:\\\/\\\/blogdofarnesio.com.br\\\/#\\\/schema\\\/logo\\\/image\\\/\"},\"sameAs\":[\"https:\\\/\\\/www.facebook.com\\\/BlogQuerSaberPolitica\\\/\"]},{\"@type\":\"Person\",\"@id\":\"\",\"url\":\"https:\\\/\\\/blogdofarnesio.com.br\\\/?author=7\"}]}<\/script>\n<!-- \/ Yoast SEO plugin. -->","yoast_head_json":{"title":"IBAMA EMITE NOTA T\u00c9CNICA E ATESTA PREJU\u00cdZOS PARA O S\u00c3O FRANCISCO COM VAZ\u00c3O REDUZIDA - Blog do Farn\u00e9sio","robots":{"index":"index","follow":"follow","max-snippet":"max-snippet:-1","max-image-preview":"max-image-preview:large","max-video-preview":"max-video-preview:-1"},"canonical":"https:\/\/blogdofarnesio.com.br\/?p=147376","og_locale":"pt_BR","og_type":"article","og_title":"IBAMA EMITE NOTA T\u00c9CNICA E ATESTA PREJU\u00cdZOS PARA O S\u00c3O FRANCISCO COM VAZ\u00c3O REDUZIDA - Blog do Farn\u00e9sio","og_description":"Em nota t\u00e9cnica divulgada pela representa\u00e7\u00e3o do \u00f3rg\u00e3o em Sergipe, o Instituto Brasileiro de Meio Ambiente e Recursos Naturais Renov\u00e1veis (Ibama) emitiu posicionamento quanto aos impactos ambientais decorrentes da redu\u00e7\u00e3o de vaz\u00e3o do rio S\u00e3o Francisco. No documento, encaminhado para conhecimento da Ag\u00eancia Nacional de \u00c1guas (ANA), o Ibama informa que a crise de redu\u00e7\u00e3o da vaz\u00e3o h\u00eddrica no manancial est\u00e1 presente h\u00e1 pelo menos duas d\u00e9cadas. Entretanto, nunca como os registrados entre 2015 e 2016. O texto aponta a exist\u00eancia de estudos realizados pelas universidades federais de Alagoas (Ufal) e de Sergipe (UFS) que demonstram a percep\u00e7\u00e3o da popula\u00e7\u00e3o ribeirinha e dos pescadores da regi\u00e3o quanto \u00e0 diminui\u00e7\u00e3o do n\u00edvel do rio. Segundo o documento, a indica\u00e7\u00e3o \u00e9 de&hellip;","og_url":"https:\/\/blogdofarnesio.com.br\/?p=147376","og_site_name":"Blog do Farn\u00e9sio","article_publisher":"https:\/\/www.facebook.com\/BlogQuerSaberPolitica\/","article_published_time":"2016-08-26T12:40:47+00:00","twitter_card":"summary_large_image","twitter_misc":{"Escrito por":"","Est. tempo de leitura":"2 minutos"},"schema":{"@context":"https:\/\/schema.org","@graph":[{"@type":"Article","@id":"https:\/\/blogdofarnesio.com.br\/?p=147376#article","isPartOf":{"@id":"https:\/\/blogdofarnesio.com.br\/?p=147376"},"author":{"name":"","@id":""},"headline":"IBAMA EMITE NOTA T\u00c9CNICA E ATESTA PREJU\u00cdZOS PARA O S\u00c3O FRANCISCO COM VAZ\u00c3O REDUZIDA","datePublished":"2016-08-26T12:40:47+00:00","mainEntityOfPage":{"@id":"https:\/\/blogdofarnesio.com.br\/?p=147376"},"wordCount":423,"commentCount":0,"publisher":{"@id":"https:\/\/blogdofarnesio.com.br\/#organization"},"articleSection":["Administra\u00e7\u00e3o"],"inLanguage":"pt-BR","potentialAction":[{"@type":"CommentAction","name":"Comment","target":["https:\/\/blogdofarnesio.com.br\/?p=147376#respond"]}]},{"@type":"WebPage","@id":"https:\/\/blogdofarnesio.com.br\/?p=147376","url":"https:\/\/blogdofarnesio.com.br\/?p=147376","name":"IBAMA EMITE NOTA T\u00c9CNICA E ATESTA PREJU\u00cdZOS PARA O S\u00c3O FRANCISCO COM VAZ\u00c3O REDUZIDA - Blog do Farn\u00e9sio","isPartOf":{"@id":"https:\/\/blogdofarnesio.com.br\/#website"},"datePublished":"2016-08-26T12:40:47+00:00","breadcrumb":{"@id":"https:\/\/blogdofarnesio.com.br\/?p=147376#breadcrumb"},"inLanguage":"pt-BR","potentialAction":[{"@type":"ReadAction","target":["https:\/\/blogdofarnesio.com.br\/?p=147376"]}]},{"@type":"BreadcrumbList","@id":"https:\/\/blogdofarnesio.com.br\/?p=147376#breadcrumb","itemListElement":[{"@type":"ListItem","position":1,"name":"In\u00edcio","item":"https:\/\/blogdofarnesio.com.br\/"},{"@type":"ListItem","position":2,"name":"IBAMA EMITE NOTA T\u00c9CNICA E ATESTA PREJU\u00cdZOS PARA O S\u00c3O FRANCISCO COM VAZ\u00c3O REDUZIDA"}]},{"@type":"WebSite","@id":"https:\/\/blogdofarnesio.com.br\/#website","url":"https:\/\/blogdofarnesio.com.br\/","name":"Blog do Farn\u00e9sio","description":"Quer Saber Pol\u00edtica?","publisher":{"@id":"https:\/\/blogdofarnesio.com.br\/#organization"},"potentialAction":[{"@type":"SearchAction","target":{"@type":"EntryPoint","urlTemplate":"https:\/\/blogdofarnesio.com.br\/?s={search_term_string}"},"query-input":{"@type":"PropertyValueSpecification","valueRequired":true,"valueName":"search_term_string"}}],"inLanguage":"pt-BR"},{"@type":"Organization","@id":"https:\/\/blogdofarnesio.com.br\/#organization","name":"Blog do Farn\u00e9sio","url":"https:\/\/blogdofarnesio.com.br\/","logo":{"@type":"ImageObject","inLanguage":"pt-BR","@id":"https:\/\/blogdofarnesio.com.br\/#\/schema\/logo\/image\/","url":"https:\/\/blogdofarnesio.com.br\/wp-content\/uploads\/2026\/03\/cropped-logo_new-1.png","contentUrl":"https:\/\/blogdofarnesio.com.br\/wp-content\/uploads\/2026\/03\/cropped-logo_new-1.png","width":881,"height":685,"caption":"Blog do Farn\u00e9sio"},"image":{"@id":"https:\/\/blogdofarnesio.com.br\/#\/schema\/logo\/image\/"},"sameAs":["https:\/\/www.facebook.com\/BlogQuerSaberPolitica\/"]},{"@type":"Person","@id":"","url":"https:\/\/blogdofarnesio.com.br\/?author=7"}]}},"_links":{"self":[{"href":"https:\/\/blogdofarnesio.com.br\/index.php?rest_route=\/wp\/v2\/posts\/147376","targetHints":{"allow":["GET"]}}],"collection":[{"href":"https:\/\/blogdofarnesio.com.br\/index.php?rest_route=\/wp\/v2\/posts"}],"about":[{"href":"https:\/\/blogdofarnesio.com.br\/index.php?rest_route=\/wp\/v2\/types\/post"}],"author":[{"embeddable":true,"href":"https:\/\/blogdofarnesio.com.br\/index.php?rest_route=\/wp\/v2\/users\/7"}],"replies":[{"embeddable":true,"href":"https:\/\/blogdofarnesio.com.br\/index.php?rest_route=%2Fwp%2Fv2%2Fcomments&post=147376"}],"version-history":[{"count":0,"href":"https:\/\/blogdofarnesio.com.br\/index.php?rest_route=\/wp\/v2\/posts\/147376\/revisions"}],"wp:attachment":[{"href":"https:\/\/blogdofarnesio.com.br\/index.php?rest_route=%2Fwp%2Fv2%2Fmedia&parent=147376"}],"wp:term":[{"taxonomy":"category","embeddable":true,"href":"https:\/\/blogdofarnesio.com.br\/index.php?rest_route=%2Fwp%2Fv2%2Fcategories&post=147376"},{"taxonomy":"post_tag","embeddable":true,"href":"https:\/\/blogdofarnesio.com.br\/index.php?rest_route=%2Fwp%2Fv2%2Ftags&post=147376"}],"curies":[{"name":"wp","href":"https:\/\/api.w.org\/{rel}","templated":true}]}}