{"id":147373,"date":"2016-08-26T07:40:58","date_gmt":"2016-08-26T10:40:58","guid":{"rendered":"http:\/\/www.quersaberpolitica.com.br\/?p=147373"},"modified":"2016-08-25T21:36:09","modified_gmt":"2016-08-26T00:36:09","slug":"justica-nega-pedido-de-acao-contra-isaac-carvalho-e-paulo-bomfim","status":"publish","type":"post","link":"https:\/\/blogdofarnesio.com.br\/?p=147373","title":{"rendered":"JUSTI\u00c7A NEGA PEDIDO DE A\u00c7\u00c3O CONTRA ISAAC CARVALHO E PAULO BOMFIM"},"content":{"rendered":"<p style=\"text-align: justify\" align=\"justify\"><a href=\"http:\/\/www.quersaberpolitica.com.br\/2016\/wp-content\/uploads\/2016\/02\/blogqsppaulobonfim-Foto-Farn\u00e9sio-Silva.jpg\"><img loading=\"lazy\" decoding=\"async\" class=\"wp-image-136935 aligncenter\" src=\"http:\/\/www.quersaberpolitica.com.br\/2016\/wp-content\/uploads\/2016\/02\/blogqsppaulobonfim-Foto-Farn\u00e9sio-Silva-300x200.jpg\" alt=\"blogqsppaulobonfim   Foto Farn\u00e9sio Silva\" width=\"433\" height=\"294\" \/><\/a><\/p>\n<p style=\"text-align: justify\" align=\"justify\">O Juiz eleitoral da 47\u00aa Zona Eleitoral, Roberto Paranhos, negou pedido de medida cautelar solicitado pela coliga\u00e7\u00e3o \u201cA cara de Juazeiro\u201d contra a Coliga\u00e7\u00e3o Pra Juazeiro Mudar Mais. Em outra decis\u00e3o, o magistrado deferiu o pedido de Tutela de Urg\u00eancia para suspender divulga\u00e7\u00e3o de pesquisa eleitoral.<\/p>\n<p style=\"text-align: justify\" align=\"justify\">A coliga\u00e7\u00e3o do candidato Joseph Bandeira, atabalhoadamente, faz acusa\u00e7\u00f5es, inclusive pessoais, ao prefeito Isaac Carvalho, ao candidato Paulo Bomfim e correligion\u00e1rios, criando uma esp\u00e9cie de denuncismo e com declarado objetivo de atrapalhar e instigar o processo eleitoral, sem contar a tentativa de desonrar as pessoas. Na decis\u00e3o, em que a coliga\u00e7\u00e3o advers\u00e1ria, numa atitude descabida, solicita a apreens\u00e3o de computadores de servidores municipais, o juiz esclarece, quase pedagogicamente, que uma medida desta n\u00e3o pode ser \u201cdeferida apenas com relatos e aduna\u00e7\u00e3o de postagens em redes sociais, sem qualquer ind\u00edcio(circunst\u00e2ncia conhecida e provada que, tendo rela\u00e7\u00e3o com o fato, autorize, por indu\u00e7\u00e3o, concluir-se a exist\u00eancia de outra ou outras circunst\u00e2ncias) de que nos locais s\u00e3o realizadas condutas tido por vedadas, sendo certo, por not\u00f3rio, que publica\u00e7\u00f5es em redes sociais podem ser realizadas at\u00e9 por smarthphones\u201d, escreveu Roberto Paranhos.<\/p>\n<p style=\"text-align: justify\" align=\"justify\">A coliga\u00e7\u00e3o \u201c A cara de Juazeiro\u201d ainda tentou censurar a imprensa, o que, fervorosamente, foi repelida pelo juiz Roberto Paranhos. \u201cfinalmente, a medida requerida em desfavor da R\u00e1dio Juazeiro LTDA \u00e9 manifestamente descabida, podendo, inclusive, ofender a liberdade de imprensa, sendo certo que nos caso de extrapola\u00e7\u00e3o a legisla\u00e7\u00e3o eleitoral prev\u00ea as san\u00e7\u00f5es poss\u00edveis\u201d.<\/p>\n<p style=\"text-align: justify\" align=\"justify\">Na outra decis\u00e3o, o juiz da 47\u00aa Zona eleitoral , a empresa TOP Projetos e Consultoria LTDA\/Ampla Projetos e Consultoria, que registrou pesquisa e pleiteava a sua divulga\u00e7\u00e3o. Na decis\u00e3o, o magistrado Roberto Paranhos relatou que a \u201cAtividade econ\u00f4mica principal da representada \u00e9 a presta\u00e7\u00e3o de transporte escolar\u201d. Ele ainda continua: \u201ca relev\u00e2ncia do crit\u00e9rio invocado est\u00e1 demonstrado pela aus\u00eancia de n\u00edvel de confian\u00e7a e margem de erro da pesquisa eleitoral, bem como a omiss\u00e3o do nome de candidatos em algumas perguntas do question\u00e1rio\u201d, ficando clara a tentativa de viciar a escolha do eleitorado com o resultado.<\/p>\n<p style=\"text-align: justify\" align=\"justify\"><em>Ascom Paulo Bomfim<\/em><\/p>\n","protected":false},"excerpt":{"rendered":"<p>O Juiz eleitoral da 47\u00aa Zona Eleitoral, Roberto Paranhos, negou pedido de medida cautelar solicitado pela coliga\u00e7\u00e3o \u201cA cara de Juazeiro\u201d contra a Coliga\u00e7\u00e3o Pra Juazeiro Mudar Mais. Em outra decis\u00e3o, o magistrado deferiu o pedido de Tutela de Urg\u00eancia para suspender divulga\u00e7\u00e3o de pesquisa eleitoral. A coliga\u00e7\u00e3o do candidato Joseph Bandeira, atabalhoadamente, faz acusa\u00e7\u00f5es, inclusive pessoais, ao prefeito Isaac Carvalho, ao candidato Paulo Bomfim e correligion\u00e1rios, criando uma esp\u00e9cie de denuncismo e com declarado objetivo de atrapalhar e instigar o processo eleitoral, sem contar a tentativa de desonrar as pessoas. Na decis\u00e3o, em que a coliga\u00e7\u00e3o advers\u00e1ria, numa atitude descabida, solicita a apreens\u00e3o de computadores de servidores municipais, o juiz esclarece, quase pedagogicamente, que uma medida desta n\u00e3o pode&hellip; <\/p>\n","protected":false},"author":7,"featured_media":0,"comment_status":"open","ping_status":"open","sticky":false,"template":"","format":"standard","meta":{"_acf_changed":false,"footnotes":""},"categories":[1],"tags":[],"class_list":["post-147373","post","type-post","status-publish","format-standard","hentry","category-politica"],"acf":[],"yoast_head":"<!-- This site is optimized with the Yoast SEO plugin v27.4 - https:\/\/yoast.com\/product\/yoast-seo-wordpress\/ -->\n<title>JUSTI\u00c7A NEGA PEDIDO DE A\u00c7\u00c3O CONTRA ISAAC CARVALHO E PAULO BOMFIM - Blog do Farn\u00e9sio<\/title>\n<meta name=\"robots\" content=\"index, follow, max-snippet:-1, max-image-preview:large, max-video-preview:-1\" \/>\n<link rel=\"canonical\" href=\"https:\/\/blogdofarnesio.com.br\/?p=147373\" \/>\n<meta property=\"og:locale\" content=\"pt_BR\" \/>\n<meta property=\"og:type\" content=\"article\" \/>\n<meta property=\"og:title\" content=\"JUSTI\u00c7A NEGA PEDIDO DE A\u00c7\u00c3O CONTRA ISAAC CARVALHO E PAULO BOMFIM - Blog do Farn\u00e9sio\" \/>\n<meta property=\"og:description\" content=\"O Juiz eleitoral da 47\u00aa Zona Eleitoral, Roberto Paranhos, negou pedido de medida cautelar solicitado pela coliga\u00e7\u00e3o \u201cA cara de Juazeiro\u201d contra a Coliga\u00e7\u00e3o Pra Juazeiro Mudar Mais. Em outra decis\u00e3o, o magistrado deferiu o pedido de Tutela de Urg\u00eancia para suspender divulga\u00e7\u00e3o de pesquisa eleitoral. A coliga\u00e7\u00e3o do candidato Joseph Bandeira, atabalhoadamente, faz acusa\u00e7\u00f5es, inclusive pessoais, ao prefeito Isaac Carvalho, ao candidato Paulo Bomfim e correligion\u00e1rios, criando uma esp\u00e9cie de denuncismo e com declarado objetivo de atrapalhar e instigar o processo eleitoral, sem contar a tentativa de desonrar as pessoas. Na decis\u00e3o, em que a coliga\u00e7\u00e3o advers\u00e1ria, numa atitude descabida, solicita a apreens\u00e3o de computadores de servidores municipais, o juiz esclarece, quase pedagogicamente, que uma medida desta n\u00e3o pode&hellip;\" \/>\n<meta property=\"og:url\" content=\"https:\/\/blogdofarnesio.com.br\/?p=147373\" \/>\n<meta property=\"og:site_name\" content=\"Blog do Farn\u00e9sio\" \/>\n<meta property=\"article:publisher\" content=\"https:\/\/www.facebook.com\/BlogQuerSaberPolitica\/\" \/>\n<meta property=\"article:published_time\" content=\"2016-08-26T10:40:58+00:00\" \/>\n<meta name=\"twitter:card\" content=\"summary_large_image\" \/>\n<meta name=\"twitter:label1\" content=\"Escrito por\" \/>\n\t<meta name=\"twitter:data1\" content=\"\" \/>\n\t<meta name=\"twitter:label2\" content=\"Est. tempo de leitura\" \/>\n\t<meta name=\"twitter:data2\" content=\"2 minutos\" \/>\n<script type=\"application\/ld+json\" class=\"yoast-schema-graph\">{\"@context\":\"https:\\\/\\\/schema.org\",\"@graph\":[{\"@type\":\"Article\",\"@id\":\"https:\\\/\\\/blogdofarnesio.com.br\\\/?p=147373#article\",\"isPartOf\":{\"@id\":\"https:\\\/\\\/blogdofarnesio.com.br\\\/?p=147373\"},\"author\":{\"name\":\"\",\"@id\":\"\"},\"headline\":\"JUSTI\u00c7A NEGA PEDIDO DE A\u00c7\u00c3O CONTRA ISAAC CARVALHO E PAULO BOMFIM\",\"datePublished\":\"2016-08-26T10:40:58+00:00\",\"mainEntityOfPage\":{\"@id\":\"https:\\\/\\\/blogdofarnesio.com.br\\\/?p=147373\"},\"wordCount\":389,\"commentCount\":0,\"publisher\":{\"@id\":\"https:\\\/\\\/blogdofarnesio.com.br\\\/#organization\"},\"articleSection\":[\"Pol\u00edtica\"],\"inLanguage\":\"pt-BR\",\"potentialAction\":[{\"@type\":\"CommentAction\",\"name\":\"Comment\",\"target\":[\"https:\\\/\\\/blogdofarnesio.com.br\\\/?p=147373#respond\"]}]},{\"@type\":\"WebPage\",\"@id\":\"https:\\\/\\\/blogdofarnesio.com.br\\\/?p=147373\",\"url\":\"https:\\\/\\\/blogdofarnesio.com.br\\\/?p=147373\",\"name\":\"JUSTI\u00c7A NEGA PEDIDO DE A\u00c7\u00c3O CONTRA ISAAC CARVALHO E PAULO BOMFIM - Blog do Farn\u00e9sio\",\"isPartOf\":{\"@id\":\"https:\\\/\\\/blogdofarnesio.com.br\\\/#website\"},\"datePublished\":\"2016-08-26T10:40:58+00:00\",\"breadcrumb\":{\"@id\":\"https:\\\/\\\/blogdofarnesio.com.br\\\/?p=147373#breadcrumb\"},\"inLanguage\":\"pt-BR\",\"potentialAction\":[{\"@type\":\"ReadAction\",\"target\":[\"https:\\\/\\\/blogdofarnesio.com.br\\\/?p=147373\"]}]},{\"@type\":\"BreadcrumbList\",\"@id\":\"https:\\\/\\\/blogdofarnesio.com.br\\\/?p=147373#breadcrumb\",\"itemListElement\":[{\"@type\":\"ListItem\",\"position\":1,\"name\":\"In\u00edcio\",\"item\":\"https:\\\/\\\/blogdofarnesio.com.br\\\/\"},{\"@type\":\"ListItem\",\"position\":2,\"name\":\"JUSTI\u00c7A NEGA PEDIDO DE A\u00c7\u00c3O CONTRA ISAAC CARVALHO E PAULO BOMFIM\"}]},{\"@type\":\"WebSite\",\"@id\":\"https:\\\/\\\/blogdofarnesio.com.br\\\/#website\",\"url\":\"https:\\\/\\\/blogdofarnesio.com.br\\\/\",\"name\":\"Blog do Farn\u00e9sio\",\"description\":\"Quer Saber Pol\u00edtica?\",\"publisher\":{\"@id\":\"https:\\\/\\\/blogdofarnesio.com.br\\\/#organization\"},\"potentialAction\":[{\"@type\":\"SearchAction\",\"target\":{\"@type\":\"EntryPoint\",\"urlTemplate\":\"https:\\\/\\\/blogdofarnesio.com.br\\\/?s={search_term_string}\"},\"query-input\":{\"@type\":\"PropertyValueSpecification\",\"valueRequired\":true,\"valueName\":\"search_term_string\"}}],\"inLanguage\":\"pt-BR\"},{\"@type\":\"Organization\",\"@id\":\"https:\\\/\\\/blogdofarnesio.com.br\\\/#organization\",\"name\":\"Blog do Farn\u00e9sio\",\"url\":\"https:\\\/\\\/blogdofarnesio.com.br\\\/\",\"logo\":{\"@type\":\"ImageObject\",\"inLanguage\":\"pt-BR\",\"@id\":\"https:\\\/\\\/blogdofarnesio.com.br\\\/#\\\/schema\\\/logo\\\/image\\\/\",\"url\":\"https:\\\/\\\/blogdofarnesio.com.br\\\/wp-content\\\/uploads\\\/2026\\\/03\\\/cropped-logo_new-1.png\",\"contentUrl\":\"https:\\\/\\\/blogdofarnesio.com.br\\\/wp-content\\\/uploads\\\/2026\\\/03\\\/cropped-logo_new-1.png\",\"width\":881,\"height\":685,\"caption\":\"Blog do Farn\u00e9sio\"},\"image\":{\"@id\":\"https:\\\/\\\/blogdofarnesio.com.br\\\/#\\\/schema\\\/logo\\\/image\\\/\"},\"sameAs\":[\"https:\\\/\\\/www.facebook.com\\\/BlogQuerSaberPolitica\\\/\"]},{\"@type\":\"Person\",\"@id\":\"\",\"url\":\"https:\\\/\\\/blogdofarnesio.com.br\\\/?author=7\"}]}<\/script>\n<!-- \/ Yoast SEO plugin. -->","yoast_head_json":{"title":"JUSTI\u00c7A NEGA PEDIDO DE A\u00c7\u00c3O CONTRA ISAAC CARVALHO E PAULO BOMFIM - Blog do Farn\u00e9sio","robots":{"index":"index","follow":"follow","max-snippet":"max-snippet:-1","max-image-preview":"max-image-preview:large","max-video-preview":"max-video-preview:-1"},"canonical":"https:\/\/blogdofarnesio.com.br\/?p=147373","og_locale":"pt_BR","og_type":"article","og_title":"JUSTI\u00c7A NEGA PEDIDO DE A\u00c7\u00c3O CONTRA ISAAC CARVALHO E PAULO BOMFIM - Blog do Farn\u00e9sio","og_description":"O Juiz eleitoral da 47\u00aa Zona Eleitoral, Roberto Paranhos, negou pedido de medida cautelar solicitado pela coliga\u00e7\u00e3o \u201cA cara de Juazeiro\u201d contra a Coliga\u00e7\u00e3o Pra Juazeiro Mudar Mais. Em outra decis\u00e3o, o magistrado deferiu o pedido de Tutela de Urg\u00eancia para suspender divulga\u00e7\u00e3o de pesquisa eleitoral. A coliga\u00e7\u00e3o do candidato Joseph Bandeira, atabalhoadamente, faz acusa\u00e7\u00f5es, inclusive pessoais, ao prefeito Isaac Carvalho, ao candidato Paulo Bomfim e correligion\u00e1rios, criando uma esp\u00e9cie de denuncismo e com declarado objetivo de atrapalhar e instigar o processo eleitoral, sem contar a tentativa de desonrar as pessoas. Na decis\u00e3o, em que a coliga\u00e7\u00e3o advers\u00e1ria, numa atitude descabida, solicita a apreens\u00e3o de computadores de servidores municipais, o juiz esclarece, quase pedagogicamente, que uma medida desta n\u00e3o pode&hellip;","og_url":"https:\/\/blogdofarnesio.com.br\/?p=147373","og_site_name":"Blog do Farn\u00e9sio","article_publisher":"https:\/\/www.facebook.com\/BlogQuerSaberPolitica\/","article_published_time":"2016-08-26T10:40:58+00:00","twitter_card":"summary_large_image","twitter_misc":{"Escrito por":"","Est. tempo de leitura":"2 minutos"},"schema":{"@context":"https:\/\/schema.org","@graph":[{"@type":"Article","@id":"https:\/\/blogdofarnesio.com.br\/?p=147373#article","isPartOf":{"@id":"https:\/\/blogdofarnesio.com.br\/?p=147373"},"author":{"name":"","@id":""},"headline":"JUSTI\u00c7A NEGA PEDIDO DE A\u00c7\u00c3O CONTRA ISAAC CARVALHO E PAULO BOMFIM","datePublished":"2016-08-26T10:40:58+00:00","mainEntityOfPage":{"@id":"https:\/\/blogdofarnesio.com.br\/?p=147373"},"wordCount":389,"commentCount":0,"publisher":{"@id":"https:\/\/blogdofarnesio.com.br\/#organization"},"articleSection":["Pol\u00edtica"],"inLanguage":"pt-BR","potentialAction":[{"@type":"CommentAction","name":"Comment","target":["https:\/\/blogdofarnesio.com.br\/?p=147373#respond"]}]},{"@type":"WebPage","@id":"https:\/\/blogdofarnesio.com.br\/?p=147373","url":"https:\/\/blogdofarnesio.com.br\/?p=147373","name":"JUSTI\u00c7A NEGA PEDIDO DE A\u00c7\u00c3O CONTRA ISAAC CARVALHO E PAULO BOMFIM - Blog do Farn\u00e9sio","isPartOf":{"@id":"https:\/\/blogdofarnesio.com.br\/#website"},"datePublished":"2016-08-26T10:40:58+00:00","breadcrumb":{"@id":"https:\/\/blogdofarnesio.com.br\/?p=147373#breadcrumb"},"inLanguage":"pt-BR","potentialAction":[{"@type":"ReadAction","target":["https:\/\/blogdofarnesio.com.br\/?p=147373"]}]},{"@type":"BreadcrumbList","@id":"https:\/\/blogdofarnesio.com.br\/?p=147373#breadcrumb","itemListElement":[{"@type":"ListItem","position":1,"name":"In\u00edcio","item":"https:\/\/blogdofarnesio.com.br\/"},{"@type":"ListItem","position":2,"name":"JUSTI\u00c7A NEGA PEDIDO DE A\u00c7\u00c3O CONTRA ISAAC CARVALHO E PAULO BOMFIM"}]},{"@type":"WebSite","@id":"https:\/\/blogdofarnesio.com.br\/#website","url":"https:\/\/blogdofarnesio.com.br\/","name":"Blog do Farn\u00e9sio","description":"Quer Saber Pol\u00edtica?","publisher":{"@id":"https:\/\/blogdofarnesio.com.br\/#organization"},"potentialAction":[{"@type":"SearchAction","target":{"@type":"EntryPoint","urlTemplate":"https:\/\/blogdofarnesio.com.br\/?s={search_term_string}"},"query-input":{"@type":"PropertyValueSpecification","valueRequired":true,"valueName":"search_term_string"}}],"inLanguage":"pt-BR"},{"@type":"Organization","@id":"https:\/\/blogdofarnesio.com.br\/#organization","name":"Blog do Farn\u00e9sio","url":"https:\/\/blogdofarnesio.com.br\/","logo":{"@type":"ImageObject","inLanguage":"pt-BR","@id":"https:\/\/blogdofarnesio.com.br\/#\/schema\/logo\/image\/","url":"https:\/\/blogdofarnesio.com.br\/wp-content\/uploads\/2026\/03\/cropped-logo_new-1.png","contentUrl":"https:\/\/blogdofarnesio.com.br\/wp-content\/uploads\/2026\/03\/cropped-logo_new-1.png","width":881,"height":685,"caption":"Blog do Farn\u00e9sio"},"image":{"@id":"https:\/\/blogdofarnesio.com.br\/#\/schema\/logo\/image\/"},"sameAs":["https:\/\/www.facebook.com\/BlogQuerSaberPolitica\/"]},{"@type":"Person","@id":"","url":"https:\/\/blogdofarnesio.com.br\/?author=7"}]}},"_links":{"self":[{"href":"https:\/\/blogdofarnesio.com.br\/index.php?rest_route=\/wp\/v2\/posts\/147373","targetHints":{"allow":["GET"]}}],"collection":[{"href":"https:\/\/blogdofarnesio.com.br\/index.php?rest_route=\/wp\/v2\/posts"}],"about":[{"href":"https:\/\/blogdofarnesio.com.br\/index.php?rest_route=\/wp\/v2\/types\/post"}],"author":[{"embeddable":true,"href":"https:\/\/blogdofarnesio.com.br\/index.php?rest_route=\/wp\/v2\/users\/7"}],"replies":[{"embeddable":true,"href":"https:\/\/blogdofarnesio.com.br\/index.php?rest_route=%2Fwp%2Fv2%2Fcomments&post=147373"}],"version-history":[{"count":0,"href":"https:\/\/blogdofarnesio.com.br\/index.php?rest_route=\/wp\/v2\/posts\/147373\/revisions"}],"wp:attachment":[{"href":"https:\/\/blogdofarnesio.com.br\/index.php?rest_route=%2Fwp%2Fv2%2Fmedia&parent=147373"}],"wp:term":[{"taxonomy":"category","embeddable":true,"href":"https:\/\/blogdofarnesio.com.br\/index.php?rest_route=%2Fwp%2Fv2%2Fcategories&post=147373"},{"taxonomy":"post_tag","embeddable":true,"href":"https:\/\/blogdofarnesio.com.br\/index.php?rest_route=%2Fwp%2Fv2%2Ftags&post=147373"}],"curies":[{"name":"wp","href":"https:\/\/api.w.org\/{rel}","templated":true}]}}