{"id":147213,"date":"2016-08-22T17:00:50","date_gmt":"2016-08-22T20:00:50","guid":{"rendered":"http:\/\/www.quersaberpolitica.com.br\/?p=147213"},"modified":"2016-08-22T16:04:21","modified_gmt":"2016-08-22T19:04:21","slug":"ame-jardim-amazonas-sera-inaugurada-hoje","status":"publish","type":"post","link":"https:\/\/blogdofarnesio.com.br\/?p=147213","title":{"rendered":"AME JARDIM AMAZONAS SER\u00c1 INAUGURADA HOJE"},"content":{"rendered":"<p class=\"x_MsoNormal\" style=\"text-align: justify\">A popula\u00e7\u00e3o dos bairros Jardim Amazonas, Alto do Cocar I e II, Parque S\u00e3o Paulo e Jardim Bras\u00edlia passar\u00e1 a ser atendida na AME Sa\u00fade da Fam\u00edlia Dr. Gaud\u00eancio do Nascimento, no Jardim Amazonas. A unidade ser\u00e1 inaugurada nesta segunda-feira (22), \u00e0s 17h.<\/p>\n<p class=\"x_MsoNormal\" style=\"text-align: justify\"><a href=\"http:\/\/acaopopular.net\/jornal\/ame-jardim-amazonas-sera-inaugurada-nesta-segunda-feira-populacao-dos-bairros-jardim-amazonas-alto-do-cocar-i-e-ii-parque-sao-paulo-e-jardim-brasilia-passara-ser-atendida-na-ame-saude-da-f\/ame-predio-2\/\" rel=\"attachment wp-att-146302\"><img loading=\"lazy\" decoding=\"async\" class=\"wp-image-146302  aligncenter\" src=\"http:\/\/acaopopular.net\/jornal\/wp-content\/uploads\/2016\/08\/ame-predio-608x500.jpg\" alt=\"ame predio\" width=\"428\" height=\"354\" \/><\/a><\/p>\n<p class=\"x_MsoNormal\" style=\"text-align: justify\">Entre os servi\u00e7os dispon\u00edveis \u00e0 comunidade est\u00e3o consultas m\u00e9dicas, de enfermagem, odontol\u00f3gicas, vacina\u00e7\u00e3o, pequenos procedimentos, atendimento multidisciplinar com psic\u00f3logo, educador f\u00edsico, farmac\u00eautico, fisioterapeuta, nutricionista, dispensa\u00e7\u00e3o de medicamentos, etc.<\/p>\n<p class=\"x_MsoNormal\" style=\"text-align: justify\">A popula\u00e7\u00e3o dos bairros Jardim Amazonas, Alto do Cocar I e II, Parque S\u00e3o Paulo e Jardim Bras\u00edlia passar\u00e1 a ser atendida na AME Sa\u00fade da Fam\u00edlia Dr. Gaud\u00eancio do Nascimento, no Jardim Amazonas. A unidade ser\u00e1 inaugurada nesta segunda-feira (22), \u00e0s 17h.<\/p>\n<p class=\"x_MsoNormal\" style=\"text-align: justify\">Entre os servi\u00e7os dispon\u00edveis \u00e0 comunidade est\u00e3o consultas m\u00e9dicas, de enfermagem, odontol\u00f3gicas, vacina\u00e7\u00e3o, pequenos procedimentos, atendimento multidisciplinar com psic\u00f3logo, educador f\u00edsico, farmac\u00eautico, fisioterapeuta, nutricionista, dispensa\u00e7\u00e3o de medicamentos, etc.<\/p>\n","protected":false},"excerpt":{"rendered":"<p>A popula\u00e7\u00e3o dos bairros Jardim Amazonas, Alto do Cocar I e II, Parque S\u00e3o Paulo e Jardim Bras\u00edlia passar\u00e1 a ser atendida na AME Sa\u00fade da Fam\u00edlia Dr. Gaud\u00eancio do Nascimento, no Jardim Amazonas. A unidade ser\u00e1 inaugurada nesta segunda-feira (22), \u00e0s 17h. Entre os servi\u00e7os dispon\u00edveis \u00e0 comunidade est\u00e3o consultas m\u00e9dicas, de enfermagem, odontol\u00f3gicas, vacina\u00e7\u00e3o, pequenos procedimentos, atendimento multidisciplinar com psic\u00f3logo, educador f\u00edsico, farmac\u00eautico, fisioterapeuta, nutricionista, dispensa\u00e7\u00e3o de medicamentos, etc. A popula\u00e7\u00e3o dos bairros Jardim Amazonas, Alto do Cocar I e II, Parque S\u00e3o Paulo e Jardim Bras\u00edlia passar\u00e1 a ser atendida na AME Sa\u00fade da Fam\u00edlia Dr. Gaud\u00eancio do Nascimento, no Jardim Amazonas. A unidade ser\u00e1 inaugurada nesta segunda-feira (22), \u00e0s 17h. Entre os servi\u00e7os dispon\u00edveis \u00e0 comunidade&hellip; <\/p>\n","protected":false},"author":7,"featured_media":0,"comment_status":"open","ping_status":"open","sticky":false,"template":"","format":"standard","meta":{"_acf_changed":false,"footnotes":""},"categories":[44,4],"tags":[],"class_list":["post-147213","post","type-post","status-publish","format-standard","hentry","category-administracao","category-saude"],"acf":[],"yoast_head":"<!-- This site is optimized with the Yoast SEO plugin v27.4 - https:\/\/yoast.com\/product\/yoast-seo-wordpress\/ -->\n<title>AME JARDIM AMAZONAS SER\u00c1 INAUGURADA HOJE - Blog do Farn\u00e9sio<\/title>\n<meta name=\"robots\" content=\"index, follow, max-snippet:-1, max-image-preview:large, max-video-preview:-1\" \/>\n<link rel=\"canonical\" href=\"https:\/\/blogdofarnesio.com.br\/?p=147213\" \/>\n<meta property=\"og:locale\" content=\"pt_BR\" \/>\n<meta property=\"og:type\" content=\"article\" \/>\n<meta property=\"og:title\" content=\"AME JARDIM AMAZONAS SER\u00c1 INAUGURADA HOJE - Blog do Farn\u00e9sio\" \/>\n<meta property=\"og:description\" content=\"A popula\u00e7\u00e3o dos bairros Jardim Amazonas, Alto do Cocar I e II, Parque S\u00e3o Paulo e Jardim Bras\u00edlia passar\u00e1 a ser atendida na AME Sa\u00fade da Fam\u00edlia Dr. Gaud\u00eancio do Nascimento, no Jardim Amazonas. A unidade ser\u00e1 inaugurada nesta segunda-feira (22), \u00e0s 17h. Entre os servi\u00e7os dispon\u00edveis \u00e0 comunidade est\u00e3o consultas m\u00e9dicas, de enfermagem, odontol\u00f3gicas, vacina\u00e7\u00e3o, pequenos procedimentos, atendimento multidisciplinar com psic\u00f3logo, educador f\u00edsico, farmac\u00eautico, fisioterapeuta, nutricionista, dispensa\u00e7\u00e3o de medicamentos, etc. A popula\u00e7\u00e3o dos bairros Jardim Amazonas, Alto do Cocar I e II, Parque S\u00e3o Paulo e Jardim Bras\u00edlia passar\u00e1 a ser atendida na AME Sa\u00fade da Fam\u00edlia Dr. Gaud\u00eancio do Nascimento, no Jardim Amazonas. A unidade ser\u00e1 inaugurada nesta segunda-feira (22), \u00e0s 17h. Entre os servi\u00e7os dispon\u00edveis \u00e0 comunidade&hellip;\" \/>\n<meta property=\"og:url\" content=\"https:\/\/blogdofarnesio.com.br\/?p=147213\" \/>\n<meta property=\"og:site_name\" content=\"Blog do Farn\u00e9sio\" \/>\n<meta property=\"article:publisher\" content=\"https:\/\/www.facebook.com\/BlogQuerSaberPolitica\/\" \/>\n<meta property=\"article:published_time\" content=\"2016-08-22T20:00:50+00:00\" \/>\n<meta property=\"og:image\" content=\"http:\/\/acaopopular.net\/jornal\/wp-content\/uploads\/2016\/08\/ame-predio-608x500.jpg\" \/>\n<meta name=\"twitter:card\" content=\"summary_large_image\" \/>\n<meta name=\"twitter:label1\" content=\"Escrito por\" \/>\n\t<meta name=\"twitter:data1\" content=\"\" \/>\n\t<meta name=\"twitter:label2\" content=\"Est. tempo de leitura\" \/>\n\t<meta name=\"twitter:data2\" content=\"1 minuto\" \/>\n<script type=\"application\/ld+json\" class=\"yoast-schema-graph\">{\"@context\":\"https:\\\/\\\/schema.org\",\"@graph\":[{\"@type\":\"Article\",\"@id\":\"https:\\\/\\\/blogdofarnesio.com.br\\\/?p=147213#article\",\"isPartOf\":{\"@id\":\"https:\\\/\\\/blogdofarnesio.com.br\\\/?p=147213\"},\"author\":{\"name\":\"\",\"@id\":\"\"},\"headline\":\"AME JARDIM AMAZONAS SER\u00c1 INAUGURADA HOJE\",\"datePublished\":\"2016-08-22T20:00:50+00:00\",\"mainEntityOfPage\":{\"@id\":\"https:\\\/\\\/blogdofarnesio.com.br\\\/?p=147213\"},\"wordCount\":176,\"commentCount\":0,\"publisher\":{\"@id\":\"https:\\\/\\\/blogdofarnesio.com.br\\\/#organization\"},\"image\":{\"@id\":\"https:\\\/\\\/blogdofarnesio.com.br\\\/?p=147213#primaryimage\"},\"thumbnailUrl\":\"http:\\\/\\\/acaopopular.net\\\/jornal\\\/wp-content\\\/uploads\\\/2016\\\/08\\\/ame-predio-608x500.jpg\",\"articleSection\":[\"Administra\u00e7\u00e3o\",\"Sa\u00fade\"],\"inLanguage\":\"pt-BR\",\"potentialAction\":[{\"@type\":\"CommentAction\",\"name\":\"Comment\",\"target\":[\"https:\\\/\\\/blogdofarnesio.com.br\\\/?p=147213#respond\"]}]},{\"@type\":\"WebPage\",\"@id\":\"https:\\\/\\\/blogdofarnesio.com.br\\\/?p=147213\",\"url\":\"https:\\\/\\\/blogdofarnesio.com.br\\\/?p=147213\",\"name\":\"AME JARDIM AMAZONAS SER\u00c1 INAUGURADA HOJE - Blog do Farn\u00e9sio\",\"isPartOf\":{\"@id\":\"https:\\\/\\\/blogdofarnesio.com.br\\\/#website\"},\"primaryImageOfPage\":{\"@id\":\"https:\\\/\\\/blogdofarnesio.com.br\\\/?p=147213#primaryimage\"},\"image\":{\"@id\":\"https:\\\/\\\/blogdofarnesio.com.br\\\/?p=147213#primaryimage\"},\"thumbnailUrl\":\"http:\\\/\\\/acaopopular.net\\\/jornal\\\/wp-content\\\/uploads\\\/2016\\\/08\\\/ame-predio-608x500.jpg\",\"datePublished\":\"2016-08-22T20:00:50+00:00\",\"breadcrumb\":{\"@id\":\"https:\\\/\\\/blogdofarnesio.com.br\\\/?p=147213#breadcrumb\"},\"inLanguage\":\"pt-BR\",\"potentialAction\":[{\"@type\":\"ReadAction\",\"target\":[\"https:\\\/\\\/blogdofarnesio.com.br\\\/?p=147213\"]}]},{\"@type\":\"ImageObject\",\"inLanguage\":\"pt-BR\",\"@id\":\"https:\\\/\\\/blogdofarnesio.com.br\\\/?p=147213#primaryimage\",\"url\":\"http:\\\/\\\/acaopopular.net\\\/jornal\\\/wp-content\\\/uploads\\\/2016\\\/08\\\/ame-predio-608x500.jpg\",\"contentUrl\":\"http:\\\/\\\/acaopopular.net\\\/jornal\\\/wp-content\\\/uploads\\\/2016\\\/08\\\/ame-predio-608x500.jpg\"},{\"@type\":\"BreadcrumbList\",\"@id\":\"https:\\\/\\\/blogdofarnesio.com.br\\\/?p=147213#breadcrumb\",\"itemListElement\":[{\"@type\":\"ListItem\",\"position\":1,\"name\":\"In\u00edcio\",\"item\":\"https:\\\/\\\/blogdofarnesio.com.br\\\/\"},{\"@type\":\"ListItem\",\"position\":2,\"name\":\"AME JARDIM AMAZONAS SER\u00c1 INAUGURADA HOJE\"}]},{\"@type\":\"WebSite\",\"@id\":\"https:\\\/\\\/blogdofarnesio.com.br\\\/#website\",\"url\":\"https:\\\/\\\/blogdofarnesio.com.br\\\/\",\"name\":\"Blog do Farn\u00e9sio\",\"description\":\"Quer Saber Pol\u00edtica?\",\"publisher\":{\"@id\":\"https:\\\/\\\/blogdofarnesio.com.br\\\/#organization\"},\"potentialAction\":[{\"@type\":\"SearchAction\",\"target\":{\"@type\":\"EntryPoint\",\"urlTemplate\":\"https:\\\/\\\/blogdofarnesio.com.br\\\/?s={search_term_string}\"},\"query-input\":{\"@type\":\"PropertyValueSpecification\",\"valueRequired\":true,\"valueName\":\"search_term_string\"}}],\"inLanguage\":\"pt-BR\"},{\"@type\":\"Organization\",\"@id\":\"https:\\\/\\\/blogdofarnesio.com.br\\\/#organization\",\"name\":\"Blog do Farn\u00e9sio\",\"url\":\"https:\\\/\\\/blogdofarnesio.com.br\\\/\",\"logo\":{\"@type\":\"ImageObject\",\"inLanguage\":\"pt-BR\",\"@id\":\"https:\\\/\\\/blogdofarnesio.com.br\\\/#\\\/schema\\\/logo\\\/image\\\/\",\"url\":\"https:\\\/\\\/blogdofarnesio.com.br\\\/wp-content\\\/uploads\\\/2026\\\/03\\\/cropped-logo_new-1.png\",\"contentUrl\":\"https:\\\/\\\/blogdofarnesio.com.br\\\/wp-content\\\/uploads\\\/2026\\\/03\\\/cropped-logo_new-1.png\",\"width\":881,\"height\":685,\"caption\":\"Blog do Farn\u00e9sio\"},\"image\":{\"@id\":\"https:\\\/\\\/blogdofarnesio.com.br\\\/#\\\/schema\\\/logo\\\/image\\\/\"},\"sameAs\":[\"https:\\\/\\\/www.facebook.com\\\/BlogQuerSaberPolitica\\\/\"]},{\"@type\":\"Person\",\"@id\":\"\",\"url\":\"https:\\\/\\\/blogdofarnesio.com.br\\\/?author=7\"}]}<\/script>\n<!-- \/ Yoast SEO plugin. -->","yoast_head_json":{"title":"AME JARDIM AMAZONAS SER\u00c1 INAUGURADA HOJE - Blog do Farn\u00e9sio","robots":{"index":"index","follow":"follow","max-snippet":"max-snippet:-1","max-image-preview":"max-image-preview:large","max-video-preview":"max-video-preview:-1"},"canonical":"https:\/\/blogdofarnesio.com.br\/?p=147213","og_locale":"pt_BR","og_type":"article","og_title":"AME JARDIM AMAZONAS SER\u00c1 INAUGURADA HOJE - Blog do Farn\u00e9sio","og_description":"A popula\u00e7\u00e3o dos bairros Jardim Amazonas, Alto do Cocar I e II, Parque S\u00e3o Paulo e Jardim Bras\u00edlia passar\u00e1 a ser atendida na AME Sa\u00fade da Fam\u00edlia Dr. Gaud\u00eancio do Nascimento, no Jardim Amazonas. A unidade ser\u00e1 inaugurada nesta segunda-feira (22), \u00e0s 17h. Entre os servi\u00e7os dispon\u00edveis \u00e0 comunidade est\u00e3o consultas m\u00e9dicas, de enfermagem, odontol\u00f3gicas, vacina\u00e7\u00e3o, pequenos procedimentos, atendimento multidisciplinar com psic\u00f3logo, educador f\u00edsico, farmac\u00eautico, fisioterapeuta, nutricionista, dispensa\u00e7\u00e3o de medicamentos, etc. A popula\u00e7\u00e3o dos bairros Jardim Amazonas, Alto do Cocar I e II, Parque S\u00e3o Paulo e Jardim Bras\u00edlia passar\u00e1 a ser atendida na AME Sa\u00fade da Fam\u00edlia Dr. Gaud\u00eancio do Nascimento, no Jardim Amazonas. A unidade ser\u00e1 inaugurada nesta segunda-feira (22), \u00e0s 17h. Entre os servi\u00e7os dispon\u00edveis \u00e0 comunidade&hellip;","og_url":"https:\/\/blogdofarnesio.com.br\/?p=147213","og_site_name":"Blog do Farn\u00e9sio","article_publisher":"https:\/\/www.facebook.com\/BlogQuerSaberPolitica\/","article_published_time":"2016-08-22T20:00:50+00:00","og_image":[{"url":"http:\/\/acaopopular.net\/jornal\/wp-content\/uploads\/2016\/08\/ame-predio-608x500.jpg","type":"","width":"","height":""}],"twitter_card":"summary_large_image","twitter_misc":{"Escrito por":"","Est. tempo de leitura":"1 minuto"},"schema":{"@context":"https:\/\/schema.org","@graph":[{"@type":"Article","@id":"https:\/\/blogdofarnesio.com.br\/?p=147213#article","isPartOf":{"@id":"https:\/\/blogdofarnesio.com.br\/?p=147213"},"author":{"name":"","@id":""},"headline":"AME JARDIM AMAZONAS SER\u00c1 INAUGURADA HOJE","datePublished":"2016-08-22T20:00:50+00:00","mainEntityOfPage":{"@id":"https:\/\/blogdofarnesio.com.br\/?p=147213"},"wordCount":176,"commentCount":0,"publisher":{"@id":"https:\/\/blogdofarnesio.com.br\/#organization"},"image":{"@id":"https:\/\/blogdofarnesio.com.br\/?p=147213#primaryimage"},"thumbnailUrl":"http:\/\/acaopopular.net\/jornal\/wp-content\/uploads\/2016\/08\/ame-predio-608x500.jpg","articleSection":["Administra\u00e7\u00e3o","Sa\u00fade"],"inLanguage":"pt-BR","potentialAction":[{"@type":"CommentAction","name":"Comment","target":["https:\/\/blogdofarnesio.com.br\/?p=147213#respond"]}]},{"@type":"WebPage","@id":"https:\/\/blogdofarnesio.com.br\/?p=147213","url":"https:\/\/blogdofarnesio.com.br\/?p=147213","name":"AME JARDIM AMAZONAS SER\u00c1 INAUGURADA HOJE - Blog do Farn\u00e9sio","isPartOf":{"@id":"https:\/\/blogdofarnesio.com.br\/#website"},"primaryImageOfPage":{"@id":"https:\/\/blogdofarnesio.com.br\/?p=147213#primaryimage"},"image":{"@id":"https:\/\/blogdofarnesio.com.br\/?p=147213#primaryimage"},"thumbnailUrl":"http:\/\/acaopopular.net\/jornal\/wp-content\/uploads\/2016\/08\/ame-predio-608x500.jpg","datePublished":"2016-08-22T20:00:50+00:00","breadcrumb":{"@id":"https:\/\/blogdofarnesio.com.br\/?p=147213#breadcrumb"},"inLanguage":"pt-BR","potentialAction":[{"@type":"ReadAction","target":["https:\/\/blogdofarnesio.com.br\/?p=147213"]}]},{"@type":"ImageObject","inLanguage":"pt-BR","@id":"https:\/\/blogdofarnesio.com.br\/?p=147213#primaryimage","url":"http:\/\/acaopopular.net\/jornal\/wp-content\/uploads\/2016\/08\/ame-predio-608x500.jpg","contentUrl":"http:\/\/acaopopular.net\/jornal\/wp-content\/uploads\/2016\/08\/ame-predio-608x500.jpg"},{"@type":"BreadcrumbList","@id":"https:\/\/blogdofarnesio.com.br\/?p=147213#breadcrumb","itemListElement":[{"@type":"ListItem","position":1,"name":"In\u00edcio","item":"https:\/\/blogdofarnesio.com.br\/"},{"@type":"ListItem","position":2,"name":"AME JARDIM AMAZONAS SER\u00c1 INAUGURADA HOJE"}]},{"@type":"WebSite","@id":"https:\/\/blogdofarnesio.com.br\/#website","url":"https:\/\/blogdofarnesio.com.br\/","name":"Blog do Farn\u00e9sio","description":"Quer Saber Pol\u00edtica?","publisher":{"@id":"https:\/\/blogdofarnesio.com.br\/#organization"},"potentialAction":[{"@type":"SearchAction","target":{"@type":"EntryPoint","urlTemplate":"https:\/\/blogdofarnesio.com.br\/?s={search_term_string}"},"query-input":{"@type":"PropertyValueSpecification","valueRequired":true,"valueName":"search_term_string"}}],"inLanguage":"pt-BR"},{"@type":"Organization","@id":"https:\/\/blogdofarnesio.com.br\/#organization","name":"Blog do Farn\u00e9sio","url":"https:\/\/blogdofarnesio.com.br\/","logo":{"@type":"ImageObject","inLanguage":"pt-BR","@id":"https:\/\/blogdofarnesio.com.br\/#\/schema\/logo\/image\/","url":"https:\/\/blogdofarnesio.com.br\/wp-content\/uploads\/2026\/03\/cropped-logo_new-1.png","contentUrl":"https:\/\/blogdofarnesio.com.br\/wp-content\/uploads\/2026\/03\/cropped-logo_new-1.png","width":881,"height":685,"caption":"Blog do Farn\u00e9sio"},"image":{"@id":"https:\/\/blogdofarnesio.com.br\/#\/schema\/logo\/image\/"},"sameAs":["https:\/\/www.facebook.com\/BlogQuerSaberPolitica\/"]},{"@type":"Person","@id":"","url":"https:\/\/blogdofarnesio.com.br\/?author=7"}]}},"_links":{"self":[{"href":"https:\/\/blogdofarnesio.com.br\/index.php?rest_route=\/wp\/v2\/posts\/147213","targetHints":{"allow":["GET"]}}],"collection":[{"href":"https:\/\/blogdofarnesio.com.br\/index.php?rest_route=\/wp\/v2\/posts"}],"about":[{"href":"https:\/\/blogdofarnesio.com.br\/index.php?rest_route=\/wp\/v2\/types\/post"}],"author":[{"embeddable":true,"href":"https:\/\/blogdofarnesio.com.br\/index.php?rest_route=\/wp\/v2\/users\/7"}],"replies":[{"embeddable":true,"href":"https:\/\/blogdofarnesio.com.br\/index.php?rest_route=%2Fwp%2Fv2%2Fcomments&post=147213"}],"version-history":[{"count":0,"href":"https:\/\/blogdofarnesio.com.br\/index.php?rest_route=\/wp\/v2\/posts\/147213\/revisions"}],"wp:attachment":[{"href":"https:\/\/blogdofarnesio.com.br\/index.php?rest_route=%2Fwp%2Fv2%2Fmedia&parent=147213"}],"wp:term":[{"taxonomy":"category","embeddable":true,"href":"https:\/\/blogdofarnesio.com.br\/index.php?rest_route=%2Fwp%2Fv2%2Fcategories&post=147213"},{"taxonomy":"post_tag","embeddable":true,"href":"https:\/\/blogdofarnesio.com.br\/index.php?rest_route=%2Fwp%2Fv2%2Ftags&post=147213"}],"curies":[{"name":"wp","href":"https:\/\/api.w.org\/{rel}","templated":true}]}}