{"id":147210,"date":"2016-08-22T16:40:31","date_gmt":"2016-08-22T19:40:31","guid":{"rendered":"http:\/\/www.quersaberpolitica.com.br\/?p=147210"},"modified":"2016-08-22T16:11:20","modified_gmt":"2016-08-22T19:11:20","slug":"prefeito-de-juazeiro-assina-ordens-de-servicos-para-mais-seis-obras-em-juazeiro","status":"publish","type":"post","link":"https:\/\/blogdofarnesio.com.br\/?p=147210","title":{"rendered":"PREFEITO DE JUAZEIRO ASSINA ORDENS DE SERVI\u00c7OS PARA MAIS SEIS OBRAS NA CIDADE"},"content":{"rendered":"<p style=\"text-align: justify\"><a href=\"http:\/\/www.quersaberpolitica.com.br\/2016\/wp-content\/uploads\/2016\/08\/blogqsp-isaac-assinaordemdeservi\u00e7o.jpg\"><img loading=\"lazy\" decoding=\"async\" class=\"wp-image-147211 aligncenter\" src=\"http:\/\/www.quersaberpolitica.com.br\/2016\/wp-content\/uploads\/2016\/08\/blogqsp-isaac-assinaordemdeservi\u00e7o-300x200.jpg\" alt=\"blogqsp-isaac-assinaordemdeservi\u00e7o\" width=\"416\" height=\"283\" \/><\/a><\/p>\n<p style=\"text-align: justify\">O prefeito Isaac Carvalho assinou hoje (22), ordens de servi\u00e7os que d\u00e3o in\u00edcio a mais seis obras em Juazeiro, nas \u00e1reas de pavimenta\u00e7\u00e3o, recupera\u00e7\u00e3o e constru\u00e7\u00e3o de pra\u00e7as e postos de sa\u00fade.\u00a0 Obras com recursos pr\u00f3prios e de conv\u00eanios.<\/p>\n<p style=\"text-align: justify\">Entre elas a pavimenta\u00e7\u00e3o em paralelo das ruas projetadas I e II na comunidade de Campos dos Cavalos, distrito de Salitre, no total de 700 metros. Luciano Cardoso dos Santos, presidente da Associa\u00e7\u00e3o de Moradores participou do ato representando a localidade. \u201cToda comunidade ansiava por essa obra e agora temos a certeza que \u00e9 uma realidade\u201d, disse.<\/p>\n<p style=\"text-align: justify\">Outra \u00e1rea beneficiada ser\u00e1 o Centro comercial da cidade, mais precisamente a Pra\u00e7a Cordeiro de Miranda (mais conhecida como Pra\u00e7a Santiago Maior), integrando a segunda etapa do projeto de requalifica\u00e7\u00e3o do centro que atende tamb\u00e9m os cal\u00e7ad\u00f5es das Travessas Benjamin Constant e Josino Ribeiro, al\u00e9m do Camel\u00f3dromo 2 de julho, essas j\u00e1 em andamento.<\/p>\n<p style=\"text-align: justify\">J\u00e1 para a comunidade do projeto NH2 foi autorizada a constru\u00e7\u00e3o do Posto de Sa\u00fade e quem representou os moradores foi o presidente da Associa\u00e7\u00e3o, Adelm\u00e1rio Miranda. \u201cAgora tenho em minhas m\u00e3os esse documento autorizando a constru\u00e7\u00e3o do nosso posto de sa\u00fade. S\u00f3 temos a comemorar o sonho que se realiza. Agradecemos ao prefeito Isaac por essa obra que, com certeza, deixar\u00e1 a nossa comunidade do NH2 satisfeita\u201d.<\/p>\n<p style=\"text-align: justify\">Foram autorizadas tamb\u00e9m a pavimenta\u00e7\u00e3o da rua do Veraneio no bairro Jo\u00e3o XXIII, e a reforma de pra\u00e7a no bairro Jardim S\u00e3o Paulo. \u201c\u00c9 um momento nova para a cidade. Um momento em que crescemos economicamente sendo destaque na gera\u00e7\u00e3o de empregos em todo o pa\u00eds. Juazeiro que em 2009 quando assumimos tinha apenas duas obras: a da ponte e a do saneamento com problemas e paradas, hoje pode se orgulhar de ter condi\u00e7\u00f5es de investir com recursos pr\u00f3prios em muitas obras. J\u00e1 entregamos mais de 400 e mais de 100 obras est\u00e3o em andamento. At\u00e9 o final de 2016 vamos trabalhar para entregar muitas dessas e deixar muitos projetos para serem executados por mais um ano ainda\u201d, apresentou o prefeito Isaac.<\/p>\n<p><em>Ascom<\/em><\/p>\n","protected":false},"excerpt":{"rendered":"<p>O prefeito Isaac Carvalho assinou hoje (22), ordens de servi\u00e7os que d\u00e3o in\u00edcio a mais seis obras em Juazeiro, nas \u00e1reas de pavimenta\u00e7\u00e3o, recupera\u00e7\u00e3o e constru\u00e7\u00e3o de pra\u00e7as e postos de sa\u00fade.\u00a0 Obras com recursos pr\u00f3prios e de conv\u00eanios. Entre elas a pavimenta\u00e7\u00e3o em paralelo das ruas projetadas I e II na comunidade de Campos dos Cavalos, distrito de Salitre, no total de 700 metros. Luciano Cardoso dos Santos, presidente da Associa\u00e7\u00e3o de Moradores participou do ato representando a localidade. \u201cToda comunidade ansiava por essa obra e agora temos a certeza que \u00e9 uma realidade\u201d, disse. Outra \u00e1rea beneficiada ser\u00e1 o Centro comercial da cidade, mais precisamente a Pra\u00e7a Cordeiro de Miranda (mais conhecida como Pra\u00e7a Santiago Maior), integrando a&hellip; <\/p>\n","protected":false},"author":7,"featured_media":0,"comment_status":"open","ping_status":"open","sticky":false,"template":"","format":"standard","meta":{"_acf_changed":false,"footnotes":""},"categories":[44],"tags":[],"class_list":["post-147210","post","type-post","status-publish","format-standard","hentry","category-administracao"],"acf":[],"yoast_head":"<!-- This site is optimized with the Yoast SEO plugin v27.4 - https:\/\/yoast.com\/product\/yoast-seo-wordpress\/ -->\n<title>PREFEITO DE JUAZEIRO ASSINA ORDENS DE SERVI\u00c7OS PARA MAIS SEIS OBRAS NA CIDADE - Blog do Farn\u00e9sio<\/title>\n<meta name=\"robots\" content=\"index, follow, max-snippet:-1, max-image-preview:large, max-video-preview:-1\" \/>\n<link rel=\"canonical\" href=\"https:\/\/blogdofarnesio.com.br\/?p=147210\" \/>\n<meta property=\"og:locale\" content=\"pt_BR\" \/>\n<meta property=\"og:type\" content=\"article\" \/>\n<meta property=\"og:title\" content=\"PREFEITO DE JUAZEIRO ASSINA ORDENS DE SERVI\u00c7OS PARA MAIS SEIS OBRAS NA CIDADE - Blog do Farn\u00e9sio\" \/>\n<meta property=\"og:description\" content=\"O prefeito Isaac Carvalho assinou hoje (22), ordens de servi\u00e7os que d\u00e3o in\u00edcio a mais seis obras em Juazeiro, nas \u00e1reas de pavimenta\u00e7\u00e3o, recupera\u00e7\u00e3o e constru\u00e7\u00e3o de pra\u00e7as e postos de sa\u00fade.\u00a0 Obras com recursos pr\u00f3prios e de conv\u00eanios. Entre elas a pavimenta\u00e7\u00e3o em paralelo das ruas projetadas I e II na comunidade de Campos dos Cavalos, distrito de Salitre, no total de 700 metros. Luciano Cardoso dos Santos, presidente da Associa\u00e7\u00e3o de Moradores participou do ato representando a localidade. \u201cToda comunidade ansiava por essa obra e agora temos a certeza que \u00e9 uma realidade\u201d, disse. Outra \u00e1rea beneficiada ser\u00e1 o Centro comercial da cidade, mais precisamente a Pra\u00e7a Cordeiro de Miranda (mais conhecida como Pra\u00e7a Santiago Maior), integrando a&hellip;\" \/>\n<meta property=\"og:url\" content=\"https:\/\/blogdofarnesio.com.br\/?p=147210\" \/>\n<meta property=\"og:site_name\" content=\"Blog do Farn\u00e9sio\" \/>\n<meta property=\"article:publisher\" content=\"https:\/\/www.facebook.com\/BlogQuerSaberPolitica\/\" \/>\n<meta property=\"article:published_time\" content=\"2016-08-22T19:40:31+00:00\" \/>\n<meta name=\"twitter:card\" content=\"summary_large_image\" \/>\n<meta name=\"twitter:label1\" content=\"Escrito por\" \/>\n\t<meta name=\"twitter:data1\" content=\"\" \/>\n\t<meta name=\"twitter:label2\" content=\"Est. tempo de leitura\" \/>\n\t<meta name=\"twitter:data2\" content=\"2 minutos\" \/>\n<script type=\"application\/ld+json\" class=\"yoast-schema-graph\">{\"@context\":\"https:\\\/\\\/schema.org\",\"@graph\":[{\"@type\":\"Article\",\"@id\":\"https:\\\/\\\/blogdofarnesio.com.br\\\/?p=147210#article\",\"isPartOf\":{\"@id\":\"https:\\\/\\\/blogdofarnesio.com.br\\\/?p=147210\"},\"author\":{\"name\":\"\",\"@id\":\"\"},\"headline\":\"PREFEITO DE JUAZEIRO ASSINA ORDENS DE SERVI\u00c7OS PARA MAIS SEIS OBRAS NA CIDADE\",\"datePublished\":\"2016-08-22T19:40:31+00:00\",\"mainEntityOfPage\":{\"@id\":\"https:\\\/\\\/blogdofarnesio.com.br\\\/?p=147210\"},\"wordCount\":383,\"commentCount\":0,\"publisher\":{\"@id\":\"https:\\\/\\\/blogdofarnesio.com.br\\\/#organization\"},\"articleSection\":[\"Administra\u00e7\u00e3o\"],\"inLanguage\":\"pt-BR\",\"potentialAction\":[{\"@type\":\"CommentAction\",\"name\":\"Comment\",\"target\":[\"https:\\\/\\\/blogdofarnesio.com.br\\\/?p=147210#respond\"]}]},{\"@type\":\"WebPage\",\"@id\":\"https:\\\/\\\/blogdofarnesio.com.br\\\/?p=147210\",\"url\":\"https:\\\/\\\/blogdofarnesio.com.br\\\/?p=147210\",\"name\":\"PREFEITO DE JUAZEIRO ASSINA ORDENS DE SERVI\u00c7OS PARA MAIS SEIS OBRAS NA CIDADE - Blog do Farn\u00e9sio\",\"isPartOf\":{\"@id\":\"https:\\\/\\\/blogdofarnesio.com.br\\\/#website\"},\"datePublished\":\"2016-08-22T19:40:31+00:00\",\"breadcrumb\":{\"@id\":\"https:\\\/\\\/blogdofarnesio.com.br\\\/?p=147210#breadcrumb\"},\"inLanguage\":\"pt-BR\",\"potentialAction\":[{\"@type\":\"ReadAction\",\"target\":[\"https:\\\/\\\/blogdofarnesio.com.br\\\/?p=147210\"]}]},{\"@type\":\"BreadcrumbList\",\"@id\":\"https:\\\/\\\/blogdofarnesio.com.br\\\/?p=147210#breadcrumb\",\"itemListElement\":[{\"@type\":\"ListItem\",\"position\":1,\"name\":\"In\u00edcio\",\"item\":\"https:\\\/\\\/blogdofarnesio.com.br\\\/\"},{\"@type\":\"ListItem\",\"position\":2,\"name\":\"PREFEITO DE JUAZEIRO ASSINA ORDENS DE SERVI\u00c7OS PARA MAIS SEIS OBRAS NA CIDADE\"}]},{\"@type\":\"WebSite\",\"@id\":\"https:\\\/\\\/blogdofarnesio.com.br\\\/#website\",\"url\":\"https:\\\/\\\/blogdofarnesio.com.br\\\/\",\"name\":\"Blog do Farn\u00e9sio\",\"description\":\"Quer Saber Pol\u00edtica?\",\"publisher\":{\"@id\":\"https:\\\/\\\/blogdofarnesio.com.br\\\/#organization\"},\"potentialAction\":[{\"@type\":\"SearchAction\",\"target\":{\"@type\":\"EntryPoint\",\"urlTemplate\":\"https:\\\/\\\/blogdofarnesio.com.br\\\/?s={search_term_string}\"},\"query-input\":{\"@type\":\"PropertyValueSpecification\",\"valueRequired\":true,\"valueName\":\"search_term_string\"}}],\"inLanguage\":\"pt-BR\"},{\"@type\":\"Organization\",\"@id\":\"https:\\\/\\\/blogdofarnesio.com.br\\\/#organization\",\"name\":\"Blog do Farn\u00e9sio\",\"url\":\"https:\\\/\\\/blogdofarnesio.com.br\\\/\",\"logo\":{\"@type\":\"ImageObject\",\"inLanguage\":\"pt-BR\",\"@id\":\"https:\\\/\\\/blogdofarnesio.com.br\\\/#\\\/schema\\\/logo\\\/image\\\/\",\"url\":\"https:\\\/\\\/blogdofarnesio.com.br\\\/wp-content\\\/uploads\\\/2026\\\/03\\\/cropped-logo_new-1.png\",\"contentUrl\":\"https:\\\/\\\/blogdofarnesio.com.br\\\/wp-content\\\/uploads\\\/2026\\\/03\\\/cropped-logo_new-1.png\",\"width\":881,\"height\":685,\"caption\":\"Blog do Farn\u00e9sio\"},\"image\":{\"@id\":\"https:\\\/\\\/blogdofarnesio.com.br\\\/#\\\/schema\\\/logo\\\/image\\\/\"},\"sameAs\":[\"https:\\\/\\\/www.facebook.com\\\/BlogQuerSaberPolitica\\\/\"]},{\"@type\":\"Person\",\"@id\":\"\",\"url\":\"https:\\\/\\\/blogdofarnesio.com.br\\\/?author=7\"}]}<\/script>\n<!-- \/ Yoast SEO plugin. -->","yoast_head_json":{"title":"PREFEITO DE JUAZEIRO ASSINA ORDENS DE SERVI\u00c7OS PARA MAIS SEIS OBRAS NA CIDADE - Blog do Farn\u00e9sio","robots":{"index":"index","follow":"follow","max-snippet":"max-snippet:-1","max-image-preview":"max-image-preview:large","max-video-preview":"max-video-preview:-1"},"canonical":"https:\/\/blogdofarnesio.com.br\/?p=147210","og_locale":"pt_BR","og_type":"article","og_title":"PREFEITO DE JUAZEIRO ASSINA ORDENS DE SERVI\u00c7OS PARA MAIS SEIS OBRAS NA CIDADE - Blog do Farn\u00e9sio","og_description":"O prefeito Isaac Carvalho assinou hoje (22), ordens de servi\u00e7os que d\u00e3o in\u00edcio a mais seis obras em Juazeiro, nas \u00e1reas de pavimenta\u00e7\u00e3o, recupera\u00e7\u00e3o e constru\u00e7\u00e3o de pra\u00e7as e postos de sa\u00fade.\u00a0 Obras com recursos pr\u00f3prios e de conv\u00eanios. Entre elas a pavimenta\u00e7\u00e3o em paralelo das ruas projetadas I e II na comunidade de Campos dos Cavalos, distrito de Salitre, no total de 700 metros. Luciano Cardoso dos Santos, presidente da Associa\u00e7\u00e3o de Moradores participou do ato representando a localidade. \u201cToda comunidade ansiava por essa obra e agora temos a certeza que \u00e9 uma realidade\u201d, disse. Outra \u00e1rea beneficiada ser\u00e1 o Centro comercial da cidade, mais precisamente a Pra\u00e7a Cordeiro de Miranda (mais conhecida como Pra\u00e7a Santiago Maior), integrando a&hellip;","og_url":"https:\/\/blogdofarnesio.com.br\/?p=147210","og_site_name":"Blog do Farn\u00e9sio","article_publisher":"https:\/\/www.facebook.com\/BlogQuerSaberPolitica\/","article_published_time":"2016-08-22T19:40:31+00:00","twitter_card":"summary_large_image","twitter_misc":{"Escrito por":"","Est. tempo de leitura":"2 minutos"},"schema":{"@context":"https:\/\/schema.org","@graph":[{"@type":"Article","@id":"https:\/\/blogdofarnesio.com.br\/?p=147210#article","isPartOf":{"@id":"https:\/\/blogdofarnesio.com.br\/?p=147210"},"author":{"name":"","@id":""},"headline":"PREFEITO DE JUAZEIRO ASSINA ORDENS DE SERVI\u00c7OS PARA MAIS SEIS OBRAS NA CIDADE","datePublished":"2016-08-22T19:40:31+00:00","mainEntityOfPage":{"@id":"https:\/\/blogdofarnesio.com.br\/?p=147210"},"wordCount":383,"commentCount":0,"publisher":{"@id":"https:\/\/blogdofarnesio.com.br\/#organization"},"articleSection":["Administra\u00e7\u00e3o"],"inLanguage":"pt-BR","potentialAction":[{"@type":"CommentAction","name":"Comment","target":["https:\/\/blogdofarnesio.com.br\/?p=147210#respond"]}]},{"@type":"WebPage","@id":"https:\/\/blogdofarnesio.com.br\/?p=147210","url":"https:\/\/blogdofarnesio.com.br\/?p=147210","name":"PREFEITO DE JUAZEIRO ASSINA ORDENS DE SERVI\u00c7OS PARA MAIS SEIS OBRAS NA CIDADE - Blog do Farn\u00e9sio","isPartOf":{"@id":"https:\/\/blogdofarnesio.com.br\/#website"},"datePublished":"2016-08-22T19:40:31+00:00","breadcrumb":{"@id":"https:\/\/blogdofarnesio.com.br\/?p=147210#breadcrumb"},"inLanguage":"pt-BR","potentialAction":[{"@type":"ReadAction","target":["https:\/\/blogdofarnesio.com.br\/?p=147210"]}]},{"@type":"BreadcrumbList","@id":"https:\/\/blogdofarnesio.com.br\/?p=147210#breadcrumb","itemListElement":[{"@type":"ListItem","position":1,"name":"In\u00edcio","item":"https:\/\/blogdofarnesio.com.br\/"},{"@type":"ListItem","position":2,"name":"PREFEITO DE JUAZEIRO ASSINA ORDENS DE SERVI\u00c7OS PARA MAIS SEIS OBRAS NA CIDADE"}]},{"@type":"WebSite","@id":"https:\/\/blogdofarnesio.com.br\/#website","url":"https:\/\/blogdofarnesio.com.br\/","name":"Blog do Farn\u00e9sio","description":"Quer Saber Pol\u00edtica?","publisher":{"@id":"https:\/\/blogdofarnesio.com.br\/#organization"},"potentialAction":[{"@type":"SearchAction","target":{"@type":"EntryPoint","urlTemplate":"https:\/\/blogdofarnesio.com.br\/?s={search_term_string}"},"query-input":{"@type":"PropertyValueSpecification","valueRequired":true,"valueName":"search_term_string"}}],"inLanguage":"pt-BR"},{"@type":"Organization","@id":"https:\/\/blogdofarnesio.com.br\/#organization","name":"Blog do Farn\u00e9sio","url":"https:\/\/blogdofarnesio.com.br\/","logo":{"@type":"ImageObject","inLanguage":"pt-BR","@id":"https:\/\/blogdofarnesio.com.br\/#\/schema\/logo\/image\/","url":"https:\/\/blogdofarnesio.com.br\/wp-content\/uploads\/2026\/03\/cropped-logo_new-1.png","contentUrl":"https:\/\/blogdofarnesio.com.br\/wp-content\/uploads\/2026\/03\/cropped-logo_new-1.png","width":881,"height":685,"caption":"Blog do Farn\u00e9sio"},"image":{"@id":"https:\/\/blogdofarnesio.com.br\/#\/schema\/logo\/image\/"},"sameAs":["https:\/\/www.facebook.com\/BlogQuerSaberPolitica\/"]},{"@type":"Person","@id":"","url":"https:\/\/blogdofarnesio.com.br\/?author=7"}]}},"_links":{"self":[{"href":"https:\/\/blogdofarnesio.com.br\/index.php?rest_route=\/wp\/v2\/posts\/147210","targetHints":{"allow":["GET"]}}],"collection":[{"href":"https:\/\/blogdofarnesio.com.br\/index.php?rest_route=\/wp\/v2\/posts"}],"about":[{"href":"https:\/\/blogdofarnesio.com.br\/index.php?rest_route=\/wp\/v2\/types\/post"}],"author":[{"embeddable":true,"href":"https:\/\/blogdofarnesio.com.br\/index.php?rest_route=\/wp\/v2\/users\/7"}],"replies":[{"embeddable":true,"href":"https:\/\/blogdofarnesio.com.br\/index.php?rest_route=%2Fwp%2Fv2%2Fcomments&post=147210"}],"version-history":[{"count":0,"href":"https:\/\/blogdofarnesio.com.br\/index.php?rest_route=\/wp\/v2\/posts\/147210\/revisions"}],"wp:attachment":[{"href":"https:\/\/blogdofarnesio.com.br\/index.php?rest_route=%2Fwp%2Fv2%2Fmedia&parent=147210"}],"wp:term":[{"taxonomy":"category","embeddable":true,"href":"https:\/\/blogdofarnesio.com.br\/index.php?rest_route=%2Fwp%2Fv2%2Fcategories&post=147210"},{"taxonomy":"post_tag","embeddable":true,"href":"https:\/\/blogdofarnesio.com.br\/index.php?rest_route=%2Fwp%2Fv2%2Ftags&post=147210"}],"curies":[{"name":"wp","href":"https:\/\/api.w.org\/{rel}","templated":true}]}}