{"id":147208,"date":"2016-08-22T16:20:23","date_gmt":"2016-08-22T19:20:23","guid":{"rendered":"http:\/\/www.quersaberpolitica.com.br\/?p=147208"},"modified":"2016-08-22T15:48:24","modified_gmt":"2016-08-22T18:48:24","slug":"medeiros-aciona-o-mpe-para-investigar-recursos-do-mercado-produtor","status":"publish","type":"post","link":"https:\/\/blogdofarnesio.com.br\/?p=147208","title":{"rendered":"MEDEIROS ACIONA O MPE PARA INVESTIGAR RECURSOS DO MERCADO PRODUTOR"},"content":{"rendered":"<p><a href=\"http:\/\/www.quersaberpolitica.com.br\/2016\/wp-content\/uploads\/2016\/07\/bloqsp-Z\u00e9CarlosMedeiros.jpg\"><img loading=\"lazy\" decoding=\"async\" class=\"wp-image-145041 aligncenter\" src=\"http:\/\/www.quersaberpolitica.com.br\/2016\/wp-content\/uploads\/2016\/07\/bloqsp-Z\u00e9CarlosMedeiros-300x200.jpg\" alt=\"bloqsp-Z\u00e9CarlosMedeiros\" width=\"416\" height=\"283\" \/><\/a><\/p>\n<p style=\"text-align: justify\">Exercendo seu dever de fiscalizar o Executivo Municipal, o vereador Z\u00e9 Carlos Medeiros (PSDB) representou a municipalidade no Minist\u00e9rio P\u00fablico Estadual (MPE) referente aos recursos aplicados no Mercado do produtor de Juazeiro.<\/p>\n<p style=\"text-align: justify\">De acordo com a pe\u00e7a, \u2018nestes anos de administra\u00e7\u00e3o do governo Isaac Carvalho (2009-2016), n\u00e3o houve nenhum tipo de presta\u00e7\u00e3o de contas destes recursos \u00e0 sociedade, muito menos \u00e0 Casa Legislativa\u2019.\u00a0 \u201cO Mercado produtor \u00e9 um dos principais entrepostos comerciais do pa\u00eds e o maior do norte nordeste do Brasil, importante espa\u00e7o de desenvolvimento econ\u00f4mico e social, mas sua situa\u00e7\u00e3o \u00e9 deplor\u00e1vel\u201d, explica Medeiros.<\/p>\n<p style=\"text-align: justify\">Segundo o parlamentar, os permission\u00e1rios sofrem com a falta de limpeza, ilumina\u00e7\u00e3o prec\u00e1ria, inexist\u00eancia de seguran\u00e7a, as grades do entorno est\u00e3o desabando, o sistema de saneamento e escoamento de \u00e1guas pluviais \u00e9 ineficaz, a malha asf\u00e1ltica est\u00e1 totalmente danificada, as c\u00e2meras de seguran\u00e7as est\u00e3o sem funcionar plenamente, tornando o local ponto de prostitui\u00e7\u00e3o e tr\u00e1fico de drogas. \u201cAl\u00e9m das quest\u00f5es de ordem estruturais, o Mercado do Produtor sofre com a falta de transpar\u00eancia na gest\u00e3o dos recursos e na arrecada\u00e7\u00e3o feita de forma rudimentar na portaria do local, sem o devido controle dos \u00f3rg\u00e3os respons\u00e1veis\u201d, pontua o tucano.<\/p>\n<p style=\"text-align: justify\"><em>Ascom<\/em><\/p>\n","protected":false},"excerpt":{"rendered":"<p>Exercendo seu dever de fiscalizar o Executivo Municipal, o vereador Z\u00e9 Carlos Medeiros (PSDB) representou a municipalidade no Minist\u00e9rio P\u00fablico Estadual (MPE) referente aos recursos aplicados no Mercado do produtor de Juazeiro. De acordo com a pe\u00e7a, \u2018nestes anos de administra\u00e7\u00e3o do governo Isaac Carvalho (2009-2016), n\u00e3o houve nenhum tipo de presta\u00e7\u00e3o de contas destes recursos \u00e0 sociedade, muito menos \u00e0 Casa Legislativa\u2019.\u00a0 \u201cO Mercado produtor \u00e9 um dos principais entrepostos comerciais do pa\u00eds e o maior do norte nordeste do Brasil, importante espa\u00e7o de desenvolvimento econ\u00f4mico e social, mas sua situa\u00e7\u00e3o \u00e9 deplor\u00e1vel\u201d, explica Medeiros. Segundo o parlamentar, os permission\u00e1rios sofrem com a falta de limpeza, ilumina\u00e7\u00e3o prec\u00e1ria, inexist\u00eancia de seguran\u00e7a, as grades do entorno est\u00e3o desabando, o sistema&hellip; <\/p>\n","protected":false},"author":7,"featured_media":0,"comment_status":"open","ping_status":"open","sticky":false,"template":"","format":"standard","meta":{"_acf_changed":false,"footnotes":""},"categories":[44,1],"tags":[],"class_list":["post-147208","post","type-post","status-publish","format-standard","hentry","category-administracao","category-politica"],"acf":[],"yoast_head":"<!-- This site is optimized with the Yoast SEO plugin v27.4 - https:\/\/yoast.com\/product\/yoast-seo-wordpress\/ -->\n<title>MEDEIROS ACIONA O MPE PARA INVESTIGAR RECURSOS DO MERCADO PRODUTOR - Blog do Farn\u00e9sio<\/title>\n<meta name=\"robots\" content=\"index, follow, max-snippet:-1, max-image-preview:large, max-video-preview:-1\" \/>\n<link rel=\"canonical\" href=\"https:\/\/blogdofarnesio.com.br\/?p=147208\" \/>\n<meta property=\"og:locale\" content=\"pt_BR\" \/>\n<meta property=\"og:type\" content=\"article\" \/>\n<meta property=\"og:title\" content=\"MEDEIROS ACIONA O MPE PARA INVESTIGAR RECURSOS DO MERCADO PRODUTOR - Blog do Farn\u00e9sio\" \/>\n<meta property=\"og:description\" content=\"Exercendo seu dever de fiscalizar o Executivo Municipal, o vereador Z\u00e9 Carlos Medeiros (PSDB) representou a municipalidade no Minist\u00e9rio P\u00fablico Estadual (MPE) referente aos recursos aplicados no Mercado do produtor de Juazeiro. De acordo com a pe\u00e7a, \u2018nestes anos de administra\u00e7\u00e3o do governo Isaac Carvalho (2009-2016), n\u00e3o houve nenhum tipo de presta\u00e7\u00e3o de contas destes recursos \u00e0 sociedade, muito menos \u00e0 Casa Legislativa\u2019.\u00a0 \u201cO Mercado produtor \u00e9 um dos principais entrepostos comerciais do pa\u00eds e o maior do norte nordeste do Brasil, importante espa\u00e7o de desenvolvimento econ\u00f4mico e social, mas sua situa\u00e7\u00e3o \u00e9 deplor\u00e1vel\u201d, explica Medeiros. Segundo o parlamentar, os permission\u00e1rios sofrem com a falta de limpeza, ilumina\u00e7\u00e3o prec\u00e1ria, inexist\u00eancia de seguran\u00e7a, as grades do entorno est\u00e3o desabando, o sistema&hellip;\" \/>\n<meta property=\"og:url\" content=\"https:\/\/blogdofarnesio.com.br\/?p=147208\" \/>\n<meta property=\"og:site_name\" content=\"Blog do Farn\u00e9sio\" \/>\n<meta property=\"article:publisher\" content=\"https:\/\/www.facebook.com\/BlogQuerSaberPolitica\/\" \/>\n<meta property=\"article:published_time\" content=\"2016-08-22T19:20:23+00:00\" \/>\n<meta name=\"twitter:card\" content=\"summary_large_image\" \/>\n<meta name=\"twitter:label1\" content=\"Escrito por\" \/>\n\t<meta name=\"twitter:data1\" content=\"\" \/>\n\t<meta name=\"twitter:label2\" content=\"Est. tempo de leitura\" \/>\n\t<meta name=\"twitter:data2\" content=\"1 minuto\" \/>\n<script type=\"application\/ld+json\" class=\"yoast-schema-graph\">{\"@context\":\"https:\\\/\\\/schema.org\",\"@graph\":[{\"@type\":\"Article\",\"@id\":\"https:\\\/\\\/blogdofarnesio.com.br\\\/?p=147208#article\",\"isPartOf\":{\"@id\":\"https:\\\/\\\/blogdofarnesio.com.br\\\/?p=147208\"},\"author\":{\"name\":\"\",\"@id\":\"\"},\"headline\":\"MEDEIROS ACIONA O MPE PARA INVESTIGAR RECURSOS DO MERCADO PRODUTOR\",\"datePublished\":\"2016-08-22T19:20:23+00:00\",\"mainEntityOfPage\":{\"@id\":\"https:\\\/\\\/blogdofarnesio.com.br\\\/?p=147208\"},\"wordCount\":230,\"commentCount\":0,\"publisher\":{\"@id\":\"https:\\\/\\\/blogdofarnesio.com.br\\\/#organization\"},\"articleSection\":[\"Administra\u00e7\u00e3o\",\"Pol\u00edtica\"],\"inLanguage\":\"pt-BR\",\"potentialAction\":[{\"@type\":\"CommentAction\",\"name\":\"Comment\",\"target\":[\"https:\\\/\\\/blogdofarnesio.com.br\\\/?p=147208#respond\"]}]},{\"@type\":\"WebPage\",\"@id\":\"https:\\\/\\\/blogdofarnesio.com.br\\\/?p=147208\",\"url\":\"https:\\\/\\\/blogdofarnesio.com.br\\\/?p=147208\",\"name\":\"MEDEIROS ACIONA O MPE PARA INVESTIGAR RECURSOS DO MERCADO PRODUTOR - Blog do Farn\u00e9sio\",\"isPartOf\":{\"@id\":\"https:\\\/\\\/blogdofarnesio.com.br\\\/#website\"},\"datePublished\":\"2016-08-22T19:20:23+00:00\",\"breadcrumb\":{\"@id\":\"https:\\\/\\\/blogdofarnesio.com.br\\\/?p=147208#breadcrumb\"},\"inLanguage\":\"pt-BR\",\"potentialAction\":[{\"@type\":\"ReadAction\",\"target\":[\"https:\\\/\\\/blogdofarnesio.com.br\\\/?p=147208\"]}]},{\"@type\":\"BreadcrumbList\",\"@id\":\"https:\\\/\\\/blogdofarnesio.com.br\\\/?p=147208#breadcrumb\",\"itemListElement\":[{\"@type\":\"ListItem\",\"position\":1,\"name\":\"In\u00edcio\",\"item\":\"https:\\\/\\\/blogdofarnesio.com.br\\\/\"},{\"@type\":\"ListItem\",\"position\":2,\"name\":\"MEDEIROS ACIONA O MPE PARA INVESTIGAR RECURSOS DO MERCADO PRODUTOR\"}]},{\"@type\":\"WebSite\",\"@id\":\"https:\\\/\\\/blogdofarnesio.com.br\\\/#website\",\"url\":\"https:\\\/\\\/blogdofarnesio.com.br\\\/\",\"name\":\"Blog do Farn\u00e9sio\",\"description\":\"Quer Saber Pol\u00edtica?\",\"publisher\":{\"@id\":\"https:\\\/\\\/blogdofarnesio.com.br\\\/#organization\"},\"potentialAction\":[{\"@type\":\"SearchAction\",\"target\":{\"@type\":\"EntryPoint\",\"urlTemplate\":\"https:\\\/\\\/blogdofarnesio.com.br\\\/?s={search_term_string}\"},\"query-input\":{\"@type\":\"PropertyValueSpecification\",\"valueRequired\":true,\"valueName\":\"search_term_string\"}}],\"inLanguage\":\"pt-BR\"},{\"@type\":\"Organization\",\"@id\":\"https:\\\/\\\/blogdofarnesio.com.br\\\/#organization\",\"name\":\"Blog do Farn\u00e9sio\",\"url\":\"https:\\\/\\\/blogdofarnesio.com.br\\\/\",\"logo\":{\"@type\":\"ImageObject\",\"inLanguage\":\"pt-BR\",\"@id\":\"https:\\\/\\\/blogdofarnesio.com.br\\\/#\\\/schema\\\/logo\\\/image\\\/\",\"url\":\"https:\\\/\\\/blogdofarnesio.com.br\\\/wp-content\\\/uploads\\\/2026\\\/03\\\/cropped-logo_new-1.png\",\"contentUrl\":\"https:\\\/\\\/blogdofarnesio.com.br\\\/wp-content\\\/uploads\\\/2026\\\/03\\\/cropped-logo_new-1.png\",\"width\":881,\"height\":685,\"caption\":\"Blog do Farn\u00e9sio\"},\"image\":{\"@id\":\"https:\\\/\\\/blogdofarnesio.com.br\\\/#\\\/schema\\\/logo\\\/image\\\/\"},\"sameAs\":[\"https:\\\/\\\/www.facebook.com\\\/BlogQuerSaberPolitica\\\/\"]},{\"@type\":\"Person\",\"@id\":\"\",\"url\":\"https:\\\/\\\/blogdofarnesio.com.br\\\/?author=7\"}]}<\/script>\n<!-- \/ Yoast SEO plugin. -->","yoast_head_json":{"title":"MEDEIROS ACIONA O MPE PARA INVESTIGAR RECURSOS DO MERCADO PRODUTOR - Blog do Farn\u00e9sio","robots":{"index":"index","follow":"follow","max-snippet":"max-snippet:-1","max-image-preview":"max-image-preview:large","max-video-preview":"max-video-preview:-1"},"canonical":"https:\/\/blogdofarnesio.com.br\/?p=147208","og_locale":"pt_BR","og_type":"article","og_title":"MEDEIROS ACIONA O MPE PARA INVESTIGAR RECURSOS DO MERCADO PRODUTOR - Blog do Farn\u00e9sio","og_description":"Exercendo seu dever de fiscalizar o Executivo Municipal, o vereador Z\u00e9 Carlos Medeiros (PSDB) representou a municipalidade no Minist\u00e9rio P\u00fablico Estadual (MPE) referente aos recursos aplicados no Mercado do produtor de Juazeiro. De acordo com a pe\u00e7a, \u2018nestes anos de administra\u00e7\u00e3o do governo Isaac Carvalho (2009-2016), n\u00e3o houve nenhum tipo de presta\u00e7\u00e3o de contas destes recursos \u00e0 sociedade, muito menos \u00e0 Casa Legislativa\u2019.\u00a0 \u201cO Mercado produtor \u00e9 um dos principais entrepostos comerciais do pa\u00eds e o maior do norte nordeste do Brasil, importante espa\u00e7o de desenvolvimento econ\u00f4mico e social, mas sua situa\u00e7\u00e3o \u00e9 deplor\u00e1vel\u201d, explica Medeiros. Segundo o parlamentar, os permission\u00e1rios sofrem com a falta de limpeza, ilumina\u00e7\u00e3o prec\u00e1ria, inexist\u00eancia de seguran\u00e7a, as grades do entorno est\u00e3o desabando, o sistema&hellip;","og_url":"https:\/\/blogdofarnesio.com.br\/?p=147208","og_site_name":"Blog do Farn\u00e9sio","article_publisher":"https:\/\/www.facebook.com\/BlogQuerSaberPolitica\/","article_published_time":"2016-08-22T19:20:23+00:00","twitter_card":"summary_large_image","twitter_misc":{"Escrito por":"","Est. tempo de leitura":"1 minuto"},"schema":{"@context":"https:\/\/schema.org","@graph":[{"@type":"Article","@id":"https:\/\/blogdofarnesio.com.br\/?p=147208#article","isPartOf":{"@id":"https:\/\/blogdofarnesio.com.br\/?p=147208"},"author":{"name":"","@id":""},"headline":"MEDEIROS ACIONA O MPE PARA INVESTIGAR RECURSOS DO MERCADO PRODUTOR","datePublished":"2016-08-22T19:20:23+00:00","mainEntityOfPage":{"@id":"https:\/\/blogdofarnesio.com.br\/?p=147208"},"wordCount":230,"commentCount":0,"publisher":{"@id":"https:\/\/blogdofarnesio.com.br\/#organization"},"articleSection":["Administra\u00e7\u00e3o","Pol\u00edtica"],"inLanguage":"pt-BR","potentialAction":[{"@type":"CommentAction","name":"Comment","target":["https:\/\/blogdofarnesio.com.br\/?p=147208#respond"]}]},{"@type":"WebPage","@id":"https:\/\/blogdofarnesio.com.br\/?p=147208","url":"https:\/\/blogdofarnesio.com.br\/?p=147208","name":"MEDEIROS ACIONA O MPE PARA INVESTIGAR RECURSOS DO MERCADO PRODUTOR - Blog do Farn\u00e9sio","isPartOf":{"@id":"https:\/\/blogdofarnesio.com.br\/#website"},"datePublished":"2016-08-22T19:20:23+00:00","breadcrumb":{"@id":"https:\/\/blogdofarnesio.com.br\/?p=147208#breadcrumb"},"inLanguage":"pt-BR","potentialAction":[{"@type":"ReadAction","target":["https:\/\/blogdofarnesio.com.br\/?p=147208"]}]},{"@type":"BreadcrumbList","@id":"https:\/\/blogdofarnesio.com.br\/?p=147208#breadcrumb","itemListElement":[{"@type":"ListItem","position":1,"name":"In\u00edcio","item":"https:\/\/blogdofarnesio.com.br\/"},{"@type":"ListItem","position":2,"name":"MEDEIROS ACIONA O MPE PARA INVESTIGAR RECURSOS DO MERCADO PRODUTOR"}]},{"@type":"WebSite","@id":"https:\/\/blogdofarnesio.com.br\/#website","url":"https:\/\/blogdofarnesio.com.br\/","name":"Blog do Farn\u00e9sio","description":"Quer Saber Pol\u00edtica?","publisher":{"@id":"https:\/\/blogdofarnesio.com.br\/#organization"},"potentialAction":[{"@type":"SearchAction","target":{"@type":"EntryPoint","urlTemplate":"https:\/\/blogdofarnesio.com.br\/?s={search_term_string}"},"query-input":{"@type":"PropertyValueSpecification","valueRequired":true,"valueName":"search_term_string"}}],"inLanguage":"pt-BR"},{"@type":"Organization","@id":"https:\/\/blogdofarnesio.com.br\/#organization","name":"Blog do Farn\u00e9sio","url":"https:\/\/blogdofarnesio.com.br\/","logo":{"@type":"ImageObject","inLanguage":"pt-BR","@id":"https:\/\/blogdofarnesio.com.br\/#\/schema\/logo\/image\/","url":"https:\/\/blogdofarnesio.com.br\/wp-content\/uploads\/2026\/03\/cropped-logo_new-1.png","contentUrl":"https:\/\/blogdofarnesio.com.br\/wp-content\/uploads\/2026\/03\/cropped-logo_new-1.png","width":881,"height":685,"caption":"Blog do Farn\u00e9sio"},"image":{"@id":"https:\/\/blogdofarnesio.com.br\/#\/schema\/logo\/image\/"},"sameAs":["https:\/\/www.facebook.com\/BlogQuerSaberPolitica\/"]},{"@type":"Person","@id":"","url":"https:\/\/blogdofarnesio.com.br\/?author=7"}]}},"_links":{"self":[{"href":"https:\/\/blogdofarnesio.com.br\/index.php?rest_route=\/wp\/v2\/posts\/147208","targetHints":{"allow":["GET"]}}],"collection":[{"href":"https:\/\/blogdofarnesio.com.br\/index.php?rest_route=\/wp\/v2\/posts"}],"about":[{"href":"https:\/\/blogdofarnesio.com.br\/index.php?rest_route=\/wp\/v2\/types\/post"}],"author":[{"embeddable":true,"href":"https:\/\/blogdofarnesio.com.br\/index.php?rest_route=\/wp\/v2\/users\/7"}],"replies":[{"embeddable":true,"href":"https:\/\/blogdofarnesio.com.br\/index.php?rest_route=%2Fwp%2Fv2%2Fcomments&post=147208"}],"version-history":[{"count":0,"href":"https:\/\/blogdofarnesio.com.br\/index.php?rest_route=\/wp\/v2\/posts\/147208\/revisions"}],"wp:attachment":[{"href":"https:\/\/blogdofarnesio.com.br\/index.php?rest_route=%2Fwp%2Fv2%2Fmedia&parent=147208"}],"wp:term":[{"taxonomy":"category","embeddable":true,"href":"https:\/\/blogdofarnesio.com.br\/index.php?rest_route=%2Fwp%2Fv2%2Fcategories&post=147208"},{"taxonomy":"post_tag","embeddable":true,"href":"https:\/\/blogdofarnesio.com.br\/index.php?rest_route=%2Fwp%2Fv2%2Ftags&post=147208"}],"curies":[{"name":"wp","href":"https:\/\/api.w.org\/{rel}","templated":true}]}}