{"id":147012,"date":"2016-08-17T15:40:40","date_gmt":"2016-08-17T18:40:40","guid":{"rendered":"http:\/\/www.quersaberpolitica.com.br\/?p=147012"},"modified":"2016-08-17T11:31:13","modified_gmt":"2016-08-17T14:31:13","slug":"feira-de-caprinos-e-ovinos-de-rajada-acontece-em-setembro","status":"publish","type":"post","link":"https:\/\/blogdofarnesio.com.br\/?p=147012","title":{"rendered":"FEIRA DE CAPRINOS E OVINOS DE RAJADA ACONTECE EM SETEMBRO"},"content":{"rendered":"<div style=\"text-align: justify\"><a href=\"http:\/\/www.quersaberpolitica.com.br\/2016\/wp-content\/uploads\/2016\/08\/blogqsp-logo-rajada.png\"><img loading=\"lazy\" decoding=\"async\" class=\" wp-image-147013 aligncenter\" src=\"http:\/\/www.quersaberpolitica.com.br\/2016\/wp-content\/uploads\/2016\/08\/blogqsp-logo-rajada-300x300.png\" alt=\"blogqsp-logo-rajada\" width=\"350\" height=\"350\" srcset=\"https:\/\/blogdofarnesio.com.br\/wp-content\/uploads\/2016\/08\/blogqsp-logo-rajada-300x300.png 300w, https:\/\/blogdofarnesio.com.br\/wp-content\/uploads\/2016\/08\/blogqsp-logo-rajada-150x150.png 150w, https:\/\/blogdofarnesio.com.br\/wp-content\/uploads\/2016\/08\/blogqsp-logo-rajada.png 623w\" sizes=\"auto, (max-width: 350px) 100vw, 350px\" \/><\/a><\/div>\n<div style=\"text-align: justify\"><\/div>\n<div style=\"text-align: justify\">A Secretaria de Desenvolvimento Econ\u00f4mico e Agr\u00e1rio (Sedesa) e a Associa\u00e7\u00e3o dos Produtores Rurais de Rajada (Ascopraj) realizam no pr\u00f3ximo m\u00eas a sexta edi\u00e7\u00e3o da Exporajada. A feira de exposi\u00e7\u00e3o de ovinos e caprinos \u00e9 aberta ao p\u00fablico e acontece de 02 a 03 de setembro, na comunidade de Rajada, em Petrolina.<\/div>\n<div style=\"text-align: justify\"><\/div>\n<div style=\"text-align: justify\">Ao todo, 120 baias estar\u00e3o dispon\u00edveis durante a feira e os produtores interessados em expor seus animais devem entrar em contato com a organiza\u00e7\u00e3o do evento atrav\u00e9s dos telefones <a href=\"tel:%2887%29%203864-0747\" target=\"_blank\">(87) 3864-0747<\/a> ou 998096252 ou pelo e-mail <a href=\"mailto:exporajada@gmail.com\" target=\"_blank\">exporajada@gmail.com<\/a>.<\/div>\n<div style=\"text-align: justify\"><\/div>\n<div style=\"text-align: justify\"><em>Ascom<\/em><\/div>\n","protected":false},"excerpt":{"rendered":"<p>A Secretaria de Desenvolvimento Econ\u00f4mico e Agr\u00e1rio (Sedesa) e a Associa\u00e7\u00e3o dos Produtores Rurais de Rajada (Ascopraj) realizam no pr\u00f3ximo m\u00eas a sexta edi\u00e7\u00e3o da Exporajada. A feira de exposi\u00e7\u00e3o de ovinos e caprinos \u00e9 aberta ao p\u00fablico e acontece de 02 a 03 de setembro, na comunidade de Rajada, em Petrolina. Ao todo, 120 baias estar\u00e3o dispon\u00edveis durante a feira e os produtores interessados em expor seus animais devem entrar em contato com a organiza\u00e7\u00e3o do evento atrav\u00e9s dos telefones (87) 3864-0747 ou 998096252 ou pelo e-mail exporajada@gmail.com. Ascom<\/p>\n","protected":false},"author":7,"featured_media":0,"comment_status":"open","ping_status":"open","sticky":false,"template":"","format":"standard","meta":{"_acf_changed":false,"footnotes":""},"categories":[44],"tags":[],"class_list":["post-147012","post","type-post","status-publish","format-standard","hentry","category-administracao"],"acf":[],"yoast_head":"<!-- This site is optimized with the Yoast SEO plugin v27.4 - https:\/\/yoast.com\/product\/yoast-seo-wordpress\/ -->\n<title>FEIRA DE CAPRINOS E OVINOS DE RAJADA ACONTECE EM SETEMBRO - Blog do Farn\u00e9sio<\/title>\n<meta name=\"robots\" content=\"index, follow, max-snippet:-1, max-image-preview:large, max-video-preview:-1\" \/>\n<link rel=\"canonical\" href=\"https:\/\/blogdofarnesio.com.br\/?p=147012\" \/>\n<meta property=\"og:locale\" content=\"pt_BR\" \/>\n<meta property=\"og:type\" content=\"article\" \/>\n<meta property=\"og:title\" content=\"FEIRA DE CAPRINOS E OVINOS DE RAJADA ACONTECE EM SETEMBRO - Blog do Farn\u00e9sio\" \/>\n<meta property=\"og:description\" content=\"A Secretaria de Desenvolvimento Econ\u00f4mico e Agr\u00e1rio (Sedesa) e a Associa\u00e7\u00e3o dos Produtores Rurais de Rajada (Ascopraj) realizam no pr\u00f3ximo m\u00eas a sexta edi\u00e7\u00e3o da Exporajada. A feira de exposi\u00e7\u00e3o de ovinos e caprinos \u00e9 aberta ao p\u00fablico e acontece de 02 a 03 de setembro, na comunidade de Rajada, em Petrolina. Ao todo, 120 baias estar\u00e3o dispon\u00edveis durante a feira e os produtores interessados em expor seus animais devem entrar em contato com a organiza\u00e7\u00e3o do evento atrav\u00e9s dos telefones (87) 3864-0747 ou 998096252 ou pelo e-mail exporajada@gmail.com. Ascom\" \/>\n<meta property=\"og:url\" content=\"https:\/\/blogdofarnesio.com.br\/?p=147012\" \/>\n<meta property=\"og:site_name\" content=\"Blog do Farn\u00e9sio\" \/>\n<meta property=\"article:publisher\" content=\"https:\/\/www.facebook.com\/BlogQuerSaberPolitica\/\" \/>\n<meta property=\"article:published_time\" content=\"2016-08-17T18:40:40+00:00\" \/>\n<meta property=\"og:image\" content=\"http:\/\/www.quersaberpolitica.com.br\/2016\/wp-content\/uploads\/2016\/08\/blogqsp-logo-rajada-300x300.png\" \/>\n<meta name=\"twitter:card\" content=\"summary_large_image\" \/>\n<meta name=\"twitter:label1\" content=\"Escrito por\" \/>\n\t<meta name=\"twitter:data1\" content=\"\" \/>\n<script type=\"application\/ld+json\" class=\"yoast-schema-graph\">{\"@context\":\"https:\\\/\\\/schema.org\",\"@graph\":[{\"@type\":\"Article\",\"@id\":\"https:\\\/\\\/blogdofarnesio.com.br\\\/?p=147012#article\",\"isPartOf\":{\"@id\":\"https:\\\/\\\/blogdofarnesio.com.br\\\/?p=147012\"},\"author\":{\"name\":\"\",\"@id\":\"\"},\"headline\":\"FEIRA DE CAPRINOS E OVINOS DE RAJADA ACONTECE EM SETEMBRO\",\"datePublished\":\"2016-08-17T18:40:40+00:00\",\"mainEntityOfPage\":{\"@id\":\"https:\\\/\\\/blogdofarnesio.com.br\\\/?p=147012\"},\"wordCount\":108,\"commentCount\":0,\"publisher\":{\"@id\":\"https:\\\/\\\/blogdofarnesio.com.br\\\/#organization\"},\"image\":{\"@id\":\"https:\\\/\\\/blogdofarnesio.com.br\\\/?p=147012#primaryimage\"},\"thumbnailUrl\":\"http:\\\/\\\/www.quersaberpolitica.com.br\\\/2016\\\/wp-content\\\/uploads\\\/2016\\\/08\\\/blogqsp-logo-rajada-300x300.png\",\"articleSection\":[\"Administra\u00e7\u00e3o\"],\"inLanguage\":\"pt-BR\",\"potentialAction\":[{\"@type\":\"CommentAction\",\"name\":\"Comment\",\"target\":[\"https:\\\/\\\/blogdofarnesio.com.br\\\/?p=147012#respond\"]}]},{\"@type\":\"WebPage\",\"@id\":\"https:\\\/\\\/blogdofarnesio.com.br\\\/?p=147012\",\"url\":\"https:\\\/\\\/blogdofarnesio.com.br\\\/?p=147012\",\"name\":\"FEIRA DE CAPRINOS E OVINOS DE RAJADA ACONTECE EM SETEMBRO - Blog do Farn\u00e9sio\",\"isPartOf\":{\"@id\":\"https:\\\/\\\/blogdofarnesio.com.br\\\/#website\"},\"primaryImageOfPage\":{\"@id\":\"https:\\\/\\\/blogdofarnesio.com.br\\\/?p=147012#primaryimage\"},\"image\":{\"@id\":\"https:\\\/\\\/blogdofarnesio.com.br\\\/?p=147012#primaryimage\"},\"thumbnailUrl\":\"http:\\\/\\\/www.quersaberpolitica.com.br\\\/2016\\\/wp-content\\\/uploads\\\/2016\\\/08\\\/blogqsp-logo-rajada-300x300.png\",\"datePublished\":\"2016-08-17T18:40:40+00:00\",\"breadcrumb\":{\"@id\":\"https:\\\/\\\/blogdofarnesio.com.br\\\/?p=147012#breadcrumb\"},\"inLanguage\":\"pt-BR\",\"potentialAction\":[{\"@type\":\"ReadAction\",\"target\":[\"https:\\\/\\\/blogdofarnesio.com.br\\\/?p=147012\"]}]},{\"@type\":\"ImageObject\",\"inLanguage\":\"pt-BR\",\"@id\":\"https:\\\/\\\/blogdofarnesio.com.br\\\/?p=147012#primaryimage\",\"url\":\"http:\\\/\\\/www.quersaberpolitica.com.br\\\/2016\\\/wp-content\\\/uploads\\\/2016\\\/08\\\/blogqsp-logo-rajada-300x300.png\",\"contentUrl\":\"http:\\\/\\\/www.quersaberpolitica.com.br\\\/2016\\\/wp-content\\\/uploads\\\/2016\\\/08\\\/blogqsp-logo-rajada-300x300.png\"},{\"@type\":\"BreadcrumbList\",\"@id\":\"https:\\\/\\\/blogdofarnesio.com.br\\\/?p=147012#breadcrumb\",\"itemListElement\":[{\"@type\":\"ListItem\",\"position\":1,\"name\":\"In\u00edcio\",\"item\":\"https:\\\/\\\/blogdofarnesio.com.br\\\/\"},{\"@type\":\"ListItem\",\"position\":2,\"name\":\"FEIRA DE CAPRINOS E OVINOS DE RAJADA ACONTECE EM SETEMBRO\"}]},{\"@type\":\"WebSite\",\"@id\":\"https:\\\/\\\/blogdofarnesio.com.br\\\/#website\",\"url\":\"https:\\\/\\\/blogdofarnesio.com.br\\\/\",\"name\":\"Blog do Farn\u00e9sio\",\"description\":\"Quer Saber Pol\u00edtica?\",\"publisher\":{\"@id\":\"https:\\\/\\\/blogdofarnesio.com.br\\\/#organization\"},\"potentialAction\":[{\"@type\":\"SearchAction\",\"target\":{\"@type\":\"EntryPoint\",\"urlTemplate\":\"https:\\\/\\\/blogdofarnesio.com.br\\\/?s={search_term_string}\"},\"query-input\":{\"@type\":\"PropertyValueSpecification\",\"valueRequired\":true,\"valueName\":\"search_term_string\"}}],\"inLanguage\":\"pt-BR\"},{\"@type\":\"Organization\",\"@id\":\"https:\\\/\\\/blogdofarnesio.com.br\\\/#organization\",\"name\":\"Blog do Farn\u00e9sio\",\"url\":\"https:\\\/\\\/blogdofarnesio.com.br\\\/\",\"logo\":{\"@type\":\"ImageObject\",\"inLanguage\":\"pt-BR\",\"@id\":\"https:\\\/\\\/blogdofarnesio.com.br\\\/#\\\/schema\\\/logo\\\/image\\\/\",\"url\":\"https:\\\/\\\/blogdofarnesio.com.br\\\/wp-content\\\/uploads\\\/2026\\\/03\\\/cropped-logo_new-1.png\",\"contentUrl\":\"https:\\\/\\\/blogdofarnesio.com.br\\\/wp-content\\\/uploads\\\/2026\\\/03\\\/cropped-logo_new-1.png\",\"width\":881,\"height\":685,\"caption\":\"Blog do Farn\u00e9sio\"},\"image\":{\"@id\":\"https:\\\/\\\/blogdofarnesio.com.br\\\/#\\\/schema\\\/logo\\\/image\\\/\"},\"sameAs\":[\"https:\\\/\\\/www.facebook.com\\\/BlogQuerSaberPolitica\\\/\"]},{\"@type\":\"Person\",\"@id\":\"\",\"url\":\"https:\\\/\\\/blogdofarnesio.com.br\\\/?author=7\"}]}<\/script>\n<!-- \/ Yoast SEO plugin. -->","yoast_head_json":{"title":"FEIRA DE CAPRINOS E OVINOS DE RAJADA ACONTECE EM SETEMBRO - Blog do Farn\u00e9sio","robots":{"index":"index","follow":"follow","max-snippet":"max-snippet:-1","max-image-preview":"max-image-preview:large","max-video-preview":"max-video-preview:-1"},"canonical":"https:\/\/blogdofarnesio.com.br\/?p=147012","og_locale":"pt_BR","og_type":"article","og_title":"FEIRA DE CAPRINOS E OVINOS DE RAJADA ACONTECE EM SETEMBRO - Blog do Farn\u00e9sio","og_description":"A Secretaria de Desenvolvimento Econ\u00f4mico e Agr\u00e1rio (Sedesa) e a Associa\u00e7\u00e3o dos Produtores Rurais de Rajada (Ascopraj) realizam no pr\u00f3ximo m\u00eas a sexta edi\u00e7\u00e3o da Exporajada. A feira de exposi\u00e7\u00e3o de ovinos e caprinos \u00e9 aberta ao p\u00fablico e acontece de 02 a 03 de setembro, na comunidade de Rajada, em Petrolina. Ao todo, 120 baias estar\u00e3o dispon\u00edveis durante a feira e os produtores interessados em expor seus animais devem entrar em contato com a organiza\u00e7\u00e3o do evento atrav\u00e9s dos telefones (87) 3864-0747 ou 998096252 ou pelo e-mail exporajada@gmail.com. Ascom","og_url":"https:\/\/blogdofarnesio.com.br\/?p=147012","og_site_name":"Blog do Farn\u00e9sio","article_publisher":"https:\/\/www.facebook.com\/BlogQuerSaberPolitica\/","article_published_time":"2016-08-17T18:40:40+00:00","og_image":[{"url":"http:\/\/www.quersaberpolitica.com.br\/2016\/wp-content\/uploads\/2016\/08\/blogqsp-logo-rajada-300x300.png","type":"","width":"","height":""}],"twitter_card":"summary_large_image","twitter_misc":{"Escrito por":""},"schema":{"@context":"https:\/\/schema.org","@graph":[{"@type":"Article","@id":"https:\/\/blogdofarnesio.com.br\/?p=147012#article","isPartOf":{"@id":"https:\/\/blogdofarnesio.com.br\/?p=147012"},"author":{"name":"","@id":""},"headline":"FEIRA DE CAPRINOS E OVINOS DE RAJADA ACONTECE EM SETEMBRO","datePublished":"2016-08-17T18:40:40+00:00","mainEntityOfPage":{"@id":"https:\/\/blogdofarnesio.com.br\/?p=147012"},"wordCount":108,"commentCount":0,"publisher":{"@id":"https:\/\/blogdofarnesio.com.br\/#organization"},"image":{"@id":"https:\/\/blogdofarnesio.com.br\/?p=147012#primaryimage"},"thumbnailUrl":"http:\/\/www.quersaberpolitica.com.br\/2016\/wp-content\/uploads\/2016\/08\/blogqsp-logo-rajada-300x300.png","articleSection":["Administra\u00e7\u00e3o"],"inLanguage":"pt-BR","potentialAction":[{"@type":"CommentAction","name":"Comment","target":["https:\/\/blogdofarnesio.com.br\/?p=147012#respond"]}]},{"@type":"WebPage","@id":"https:\/\/blogdofarnesio.com.br\/?p=147012","url":"https:\/\/blogdofarnesio.com.br\/?p=147012","name":"FEIRA DE CAPRINOS E OVINOS DE RAJADA ACONTECE EM SETEMBRO - Blog do Farn\u00e9sio","isPartOf":{"@id":"https:\/\/blogdofarnesio.com.br\/#website"},"primaryImageOfPage":{"@id":"https:\/\/blogdofarnesio.com.br\/?p=147012#primaryimage"},"image":{"@id":"https:\/\/blogdofarnesio.com.br\/?p=147012#primaryimage"},"thumbnailUrl":"http:\/\/www.quersaberpolitica.com.br\/2016\/wp-content\/uploads\/2016\/08\/blogqsp-logo-rajada-300x300.png","datePublished":"2016-08-17T18:40:40+00:00","breadcrumb":{"@id":"https:\/\/blogdofarnesio.com.br\/?p=147012#breadcrumb"},"inLanguage":"pt-BR","potentialAction":[{"@type":"ReadAction","target":["https:\/\/blogdofarnesio.com.br\/?p=147012"]}]},{"@type":"ImageObject","inLanguage":"pt-BR","@id":"https:\/\/blogdofarnesio.com.br\/?p=147012#primaryimage","url":"http:\/\/www.quersaberpolitica.com.br\/2016\/wp-content\/uploads\/2016\/08\/blogqsp-logo-rajada-300x300.png","contentUrl":"http:\/\/www.quersaberpolitica.com.br\/2016\/wp-content\/uploads\/2016\/08\/blogqsp-logo-rajada-300x300.png"},{"@type":"BreadcrumbList","@id":"https:\/\/blogdofarnesio.com.br\/?p=147012#breadcrumb","itemListElement":[{"@type":"ListItem","position":1,"name":"In\u00edcio","item":"https:\/\/blogdofarnesio.com.br\/"},{"@type":"ListItem","position":2,"name":"FEIRA DE CAPRINOS E OVINOS DE RAJADA ACONTECE EM SETEMBRO"}]},{"@type":"WebSite","@id":"https:\/\/blogdofarnesio.com.br\/#website","url":"https:\/\/blogdofarnesio.com.br\/","name":"Blog do Farn\u00e9sio","description":"Quer Saber Pol\u00edtica?","publisher":{"@id":"https:\/\/blogdofarnesio.com.br\/#organization"},"potentialAction":[{"@type":"SearchAction","target":{"@type":"EntryPoint","urlTemplate":"https:\/\/blogdofarnesio.com.br\/?s={search_term_string}"},"query-input":{"@type":"PropertyValueSpecification","valueRequired":true,"valueName":"search_term_string"}}],"inLanguage":"pt-BR"},{"@type":"Organization","@id":"https:\/\/blogdofarnesio.com.br\/#organization","name":"Blog do Farn\u00e9sio","url":"https:\/\/blogdofarnesio.com.br\/","logo":{"@type":"ImageObject","inLanguage":"pt-BR","@id":"https:\/\/blogdofarnesio.com.br\/#\/schema\/logo\/image\/","url":"https:\/\/blogdofarnesio.com.br\/wp-content\/uploads\/2026\/03\/cropped-logo_new-1.png","contentUrl":"https:\/\/blogdofarnesio.com.br\/wp-content\/uploads\/2026\/03\/cropped-logo_new-1.png","width":881,"height":685,"caption":"Blog do Farn\u00e9sio"},"image":{"@id":"https:\/\/blogdofarnesio.com.br\/#\/schema\/logo\/image\/"},"sameAs":["https:\/\/www.facebook.com\/BlogQuerSaberPolitica\/"]},{"@type":"Person","@id":"","url":"https:\/\/blogdofarnesio.com.br\/?author=7"}]}},"_links":{"self":[{"href":"https:\/\/blogdofarnesio.com.br\/index.php?rest_route=\/wp\/v2\/posts\/147012","targetHints":{"allow":["GET"]}}],"collection":[{"href":"https:\/\/blogdofarnesio.com.br\/index.php?rest_route=\/wp\/v2\/posts"}],"about":[{"href":"https:\/\/blogdofarnesio.com.br\/index.php?rest_route=\/wp\/v2\/types\/post"}],"author":[{"embeddable":true,"href":"https:\/\/blogdofarnesio.com.br\/index.php?rest_route=\/wp\/v2\/users\/7"}],"replies":[{"embeddable":true,"href":"https:\/\/blogdofarnesio.com.br\/index.php?rest_route=%2Fwp%2Fv2%2Fcomments&post=147012"}],"version-history":[{"count":0,"href":"https:\/\/blogdofarnesio.com.br\/index.php?rest_route=\/wp\/v2\/posts\/147012\/revisions"}],"wp:attachment":[{"href":"https:\/\/blogdofarnesio.com.br\/index.php?rest_route=%2Fwp%2Fv2%2Fmedia&parent=147012"}],"wp:term":[{"taxonomy":"category","embeddable":true,"href":"https:\/\/blogdofarnesio.com.br\/index.php?rest_route=%2Fwp%2Fv2%2Fcategories&post=147012"},{"taxonomy":"post_tag","embeddable":true,"href":"https:\/\/blogdofarnesio.com.br\/index.php?rest_route=%2Fwp%2Fv2%2Ftags&post=147012"}],"curies":[{"name":"wp","href":"https:\/\/api.w.org\/{rel}","templated":true}]}}