{"id":146577,"date":"2016-08-09T10:00:26","date_gmt":"2016-08-09T13:00:26","guid":{"rendered":"http:\/\/www.quersaberpolitica.com.br\/?p=146577"},"modified":"2016-08-09T07:37:33","modified_gmt":"2016-08-09T10:37:33","slug":"concursada-a-procura-da-verdade","status":"publish","type":"post","link":"https:\/\/blogdofarnesio.com.br\/?p=146577","title":{"rendered":"CONCURSADA \u00c0 PROCURA DA VERDADE"},"content":{"rendered":"<p style=\"text-align: justify\"><a href=\"http:\/\/www.quersaberpolitica.com.br\/2016\/wp-content\/uploads\/2016\/08\/opiniao.jpg\"><img loading=\"lazy\" decoding=\"async\" class=\"  wp-image-146578 alignleft\" src=\"http:\/\/www.quersaberpolitica.com.br\/2016\/wp-content\/uploads\/2016\/08\/opiniao.jpg\" alt=\"opiniao\" width=\"258\" height=\"367\" \/><\/a>O que \u00e9 real ou ilus\u00e3o? Esta \u00e9 uma quest\u00e3o fundamental que a humanidade tem\u00a0buscado responder, \u00e9 a quest\u00e3o \u00e0 procura da verdade. O que \u00e9 verdadeiro? O que \u00e9\u00a0mentiroso? A inquietude sobre a verdade se tornou crucial nestes \u00faltimos dias, pois o\u00a0tempo \u2013 outro importante objeto de quest\u00f5es filos\u00f3ficas &#8211; tem sido usado como\u00a0argumento dissimulador da verdade, ou melhor, como fundamento da oficializa\u00e7\u00e3o da\u00a0mentira.\u00a0Sem mais delongas, vamos direto ao assunto. Assim como muitos que passam pela\u00a0mesma ang\u00fastia, fui aprovada e classificada para ocupar uma das vagas declaradas\u00a0existentes pelo Edital 001\/2016, da Prefeitura Municipal de Juazeiro. A prova, a\u00a0encargo da AOCP, foi realizada em 24 de abril de 2016, e a homologa\u00e7\u00e3o do resultado\u00a0final e classificat\u00f3rio ocorreu em 13 de junho de 2016. Entre a data da prova e a\u00a0homologa\u00e7\u00e3o do resultado transcorreram 50 (cinquenta) dias, menos de dois meses.\u00a0Na mesma data (13 de junho de 2016), atrav\u00e9s de Decreto do Executivo Municipal, foi\u00a0tamb\u00e9m homologado no Di\u00e1rio Oficial o resultado do certame, abrindo-se, desta\u00a0forma, o prazo para a convoca\u00e7\u00e3o e nomea\u00e7\u00e3o dos aprovados aptos a ocuparem os\u00a0respectivos cargos. Entre esta homologa\u00e7\u00e3o e o dia de hoje j\u00e1 transcorreram quase 60(sessenta) dias.\u00a0Pois bem. Ap\u00f3s in\u00fameros questionamentos sobre os motivos da n\u00e3o convoca\u00e7\u00e3o, a\u00a0administra\u00e7\u00e3o tem usado criativamente in\u00fameras desculpas, dentre elas e a mais\u00a0recorrente, a de que est\u00e1 organizando o edital para tal finalidade. Bingo! \u00c9 aqui que\u00a0reside a quest\u00e3o fundamental. Ser\u00e1 real ou ilus\u00e3o? O que a administra\u00e7\u00e3o diz \u00e9\u00a0verdadeiro ou \u00e9 mentiroso? Como crer como verdadeiro um argumento que tem como\u00a0fundamento o tempo para a elabora\u00e7\u00e3o de apenas um edital, se no mesmo tempo\u00a0foram elaboradas 25 (vinte e cinco) publica\u00e7\u00f5es pela AOCP, entre editais, anexos e\u00a0pareceres. Como ter por verdade a justificativa do tempo, se em menos tempo mais\u00a0atos similares e mais complexos foram praticados pela AOCP.\u00a0O argumento se torna mais improv\u00e1vel quando levamos em conta dados da pr\u00e1tica\u00a0costumeira e da realidade, mais precisamente quando sabemos que \u00e9 costume que a\u00a0administra\u00e7\u00e3o se utilize de pessoas contratadas para ocuparem cargos no servi\u00e7o\u00a0p\u00fablico, e que esta realidade \u00e9 sabida e pass\u00edvel de prova, a contrariar mais uma vez o\u00a0argumento posto. Ent\u00e3o, ser\u00e1 real que o motivo da n\u00e3o convoca\u00e7\u00e3o \u00e9 a elabora\u00e7\u00e3o do\u00a0edital para tal fim, ou o verdadeiro motivo \u00e9 que as vagas ainda est\u00e3o sendo ocupadas\u00a0por contratados, e o momento eleitoral \u2013 olha o tempo a\u00ed de novo- \u00e9 o fator\u00a0complicador da convoca\u00e7\u00e3o?\u00a0Enquanto o famigerado edital n\u00e3o sai, c\u00e1 estou eu, ou estamos n\u00f3s, \u00e0 procura da\u00a0verdade, mas, por \u00f3bvio, sem acreditar nas mentiras.<\/p>\n<p style=\"text-align: justify\"><em>Marieta dos Santos (Nomes fict\u00edcios por temer persegui\u00e7\u00e3o)<\/em><\/p>\n","protected":false},"excerpt":{"rendered":"<p>O que \u00e9 real ou ilus\u00e3o? Esta \u00e9 uma quest\u00e3o fundamental que a humanidade tem\u00a0buscado responder, \u00e9 a quest\u00e3o \u00e0 procura da verdade. O que \u00e9 verdadeiro? O que \u00e9\u00a0mentiroso? A inquietude sobre a verdade se tornou crucial nestes \u00faltimos dias, pois o\u00a0tempo \u2013 outro importante objeto de quest\u00f5es filos\u00f3ficas &#8211; tem sido usado como\u00a0argumento dissimulador da verdade, ou melhor, como fundamento da oficializa\u00e7\u00e3o da\u00a0mentira.\u00a0Sem mais delongas, vamos direto ao assunto. Assim como muitos que passam pela\u00a0mesma ang\u00fastia, fui aprovada e classificada para ocupar uma das vagas declaradas\u00a0existentes pelo Edital 001\/2016, da Prefeitura Municipal de Juazeiro. A prova, a\u00a0encargo da AOCP, foi realizada em 24 de abril de 2016, e a homologa\u00e7\u00e3o do resultado\u00a0final e classificat\u00f3rio ocorreu em 13 de&hellip; <\/p>\n","protected":false},"author":7,"featured_media":0,"comment_status":"open","ping_status":"open","sticky":false,"template":"","format":"standard","meta":{"_acf_changed":false,"footnotes":""},"categories":[30],"tags":[],"class_list":["post-146577","post","type-post","status-publish","format-standard","hentry","category-artigo"],"acf":[],"yoast_head":"<!-- This site is optimized with the Yoast SEO plugin v27.4 - https:\/\/yoast.com\/product\/yoast-seo-wordpress\/ -->\n<title>CONCURSADA \u00c0 PROCURA DA VERDADE - Blog do Farn\u00e9sio<\/title>\n<meta name=\"robots\" content=\"index, follow, max-snippet:-1, max-image-preview:large, max-video-preview:-1\" \/>\n<link rel=\"canonical\" href=\"https:\/\/blogdofarnesio.com.br\/?p=146577\" \/>\n<meta property=\"og:locale\" content=\"pt_BR\" \/>\n<meta property=\"og:type\" content=\"article\" \/>\n<meta property=\"og:title\" content=\"CONCURSADA \u00c0 PROCURA DA VERDADE - Blog do Farn\u00e9sio\" \/>\n<meta property=\"og:description\" content=\"O que \u00e9 real ou ilus\u00e3o? Esta \u00e9 uma quest\u00e3o fundamental que a humanidade tem\u00a0buscado responder, \u00e9 a quest\u00e3o \u00e0 procura da verdade. O que \u00e9 verdadeiro? O que \u00e9\u00a0mentiroso? A inquietude sobre a verdade se tornou crucial nestes \u00faltimos dias, pois o\u00a0tempo \u2013 outro importante objeto de quest\u00f5es filos\u00f3ficas &#8211; tem sido usado como\u00a0argumento dissimulador da verdade, ou melhor, como fundamento da oficializa\u00e7\u00e3o da\u00a0mentira.\u00a0Sem mais delongas, vamos direto ao assunto. Assim como muitos que passam pela\u00a0mesma ang\u00fastia, fui aprovada e classificada para ocupar uma das vagas declaradas\u00a0existentes pelo Edital 001\/2016, da Prefeitura Municipal de Juazeiro. A prova, a\u00a0encargo da AOCP, foi realizada em 24 de abril de 2016, e a homologa\u00e7\u00e3o do resultado\u00a0final e classificat\u00f3rio ocorreu em 13 de&hellip;\" \/>\n<meta property=\"og:url\" content=\"https:\/\/blogdofarnesio.com.br\/?p=146577\" \/>\n<meta property=\"og:site_name\" content=\"Blog do Farn\u00e9sio\" \/>\n<meta property=\"article:publisher\" content=\"https:\/\/www.facebook.com\/BlogQuerSaberPolitica\/\" \/>\n<meta property=\"article:published_time\" content=\"2016-08-09T13:00:26+00:00\" \/>\n<meta property=\"og:image\" content=\"http:\/\/www.quersaberpolitica.com.br\/2016\/wp-content\/uploads\/2016\/08\/opiniao.jpg\" \/>\n<meta name=\"twitter:card\" content=\"summary_large_image\" \/>\n<meta name=\"twitter:label1\" content=\"Escrito por\" \/>\n\t<meta name=\"twitter:data1\" content=\"\" \/>\n\t<meta name=\"twitter:label2\" content=\"Est. tempo de leitura\" \/>\n\t<meta name=\"twitter:data2\" content=\"2 minutos\" \/>\n<script type=\"application\/ld+json\" class=\"yoast-schema-graph\">{\"@context\":\"https:\\\/\\\/schema.org\",\"@graph\":[{\"@type\":\"Article\",\"@id\":\"https:\\\/\\\/blogdofarnesio.com.br\\\/?p=146577#article\",\"isPartOf\":{\"@id\":\"https:\\\/\\\/blogdofarnesio.com.br\\\/?p=146577\"},\"author\":{\"name\":\"\",\"@id\":\"\"},\"headline\":\"CONCURSADA \u00c0 PROCURA DA VERDADE\",\"datePublished\":\"2016-08-09T13:00:26+00:00\",\"mainEntityOfPage\":{\"@id\":\"https:\\\/\\\/blogdofarnesio.com.br\\\/?p=146577\"},\"wordCount\":477,\"commentCount\":0,\"publisher\":{\"@id\":\"https:\\\/\\\/blogdofarnesio.com.br\\\/#organization\"},\"image\":{\"@id\":\"https:\\\/\\\/blogdofarnesio.com.br\\\/?p=146577#primaryimage\"},\"thumbnailUrl\":\"http:\\\/\\\/www.quersaberpolitica.com.br\\\/2016\\\/wp-content\\\/uploads\\\/2016\\\/08\\\/opiniao.jpg\",\"articleSection\":[\"Artigo\"],\"inLanguage\":\"pt-BR\",\"potentialAction\":[{\"@type\":\"CommentAction\",\"name\":\"Comment\",\"target\":[\"https:\\\/\\\/blogdofarnesio.com.br\\\/?p=146577#respond\"]}]},{\"@type\":\"WebPage\",\"@id\":\"https:\\\/\\\/blogdofarnesio.com.br\\\/?p=146577\",\"url\":\"https:\\\/\\\/blogdofarnesio.com.br\\\/?p=146577\",\"name\":\"CONCURSADA \u00c0 PROCURA DA VERDADE - Blog do Farn\u00e9sio\",\"isPartOf\":{\"@id\":\"https:\\\/\\\/blogdofarnesio.com.br\\\/#website\"},\"primaryImageOfPage\":{\"@id\":\"https:\\\/\\\/blogdofarnesio.com.br\\\/?p=146577#primaryimage\"},\"image\":{\"@id\":\"https:\\\/\\\/blogdofarnesio.com.br\\\/?p=146577#primaryimage\"},\"thumbnailUrl\":\"http:\\\/\\\/www.quersaberpolitica.com.br\\\/2016\\\/wp-content\\\/uploads\\\/2016\\\/08\\\/opiniao.jpg\",\"datePublished\":\"2016-08-09T13:00:26+00:00\",\"breadcrumb\":{\"@id\":\"https:\\\/\\\/blogdofarnesio.com.br\\\/?p=146577#breadcrumb\"},\"inLanguage\":\"pt-BR\",\"potentialAction\":[{\"@type\":\"ReadAction\",\"target\":[\"https:\\\/\\\/blogdofarnesio.com.br\\\/?p=146577\"]}]},{\"@type\":\"ImageObject\",\"inLanguage\":\"pt-BR\",\"@id\":\"https:\\\/\\\/blogdofarnesio.com.br\\\/?p=146577#primaryimage\",\"url\":\"http:\\\/\\\/www.quersaberpolitica.com.br\\\/2016\\\/wp-content\\\/uploads\\\/2016\\\/08\\\/opiniao.jpg\",\"contentUrl\":\"http:\\\/\\\/www.quersaberpolitica.com.br\\\/2016\\\/wp-content\\\/uploads\\\/2016\\\/08\\\/opiniao.jpg\"},{\"@type\":\"BreadcrumbList\",\"@id\":\"https:\\\/\\\/blogdofarnesio.com.br\\\/?p=146577#breadcrumb\",\"itemListElement\":[{\"@type\":\"ListItem\",\"position\":1,\"name\":\"In\u00edcio\",\"item\":\"https:\\\/\\\/blogdofarnesio.com.br\\\/\"},{\"@type\":\"ListItem\",\"position\":2,\"name\":\"CONCURSADA \u00c0 PROCURA DA VERDADE\"}]},{\"@type\":\"WebSite\",\"@id\":\"https:\\\/\\\/blogdofarnesio.com.br\\\/#website\",\"url\":\"https:\\\/\\\/blogdofarnesio.com.br\\\/\",\"name\":\"Blog do Farn\u00e9sio\",\"description\":\"Quer Saber Pol\u00edtica?\",\"publisher\":{\"@id\":\"https:\\\/\\\/blogdofarnesio.com.br\\\/#organization\"},\"potentialAction\":[{\"@type\":\"SearchAction\",\"target\":{\"@type\":\"EntryPoint\",\"urlTemplate\":\"https:\\\/\\\/blogdofarnesio.com.br\\\/?s={search_term_string}\"},\"query-input\":{\"@type\":\"PropertyValueSpecification\",\"valueRequired\":true,\"valueName\":\"search_term_string\"}}],\"inLanguage\":\"pt-BR\"},{\"@type\":\"Organization\",\"@id\":\"https:\\\/\\\/blogdofarnesio.com.br\\\/#organization\",\"name\":\"Blog do Farn\u00e9sio\",\"url\":\"https:\\\/\\\/blogdofarnesio.com.br\\\/\",\"logo\":{\"@type\":\"ImageObject\",\"inLanguage\":\"pt-BR\",\"@id\":\"https:\\\/\\\/blogdofarnesio.com.br\\\/#\\\/schema\\\/logo\\\/image\\\/\",\"url\":\"https:\\\/\\\/blogdofarnesio.com.br\\\/wp-content\\\/uploads\\\/2026\\\/03\\\/cropped-logo_new-1.png\",\"contentUrl\":\"https:\\\/\\\/blogdofarnesio.com.br\\\/wp-content\\\/uploads\\\/2026\\\/03\\\/cropped-logo_new-1.png\",\"width\":881,\"height\":685,\"caption\":\"Blog do Farn\u00e9sio\"},\"image\":{\"@id\":\"https:\\\/\\\/blogdofarnesio.com.br\\\/#\\\/schema\\\/logo\\\/image\\\/\"},\"sameAs\":[\"https:\\\/\\\/www.facebook.com\\\/BlogQuerSaberPolitica\\\/\"]},{\"@type\":\"Person\",\"@id\":\"\",\"url\":\"https:\\\/\\\/blogdofarnesio.com.br\\\/?author=7\"}]}<\/script>\n<!-- \/ Yoast SEO plugin. -->","yoast_head_json":{"title":"CONCURSADA \u00c0 PROCURA DA VERDADE - Blog do Farn\u00e9sio","robots":{"index":"index","follow":"follow","max-snippet":"max-snippet:-1","max-image-preview":"max-image-preview:large","max-video-preview":"max-video-preview:-1"},"canonical":"https:\/\/blogdofarnesio.com.br\/?p=146577","og_locale":"pt_BR","og_type":"article","og_title":"CONCURSADA \u00c0 PROCURA DA VERDADE - Blog do Farn\u00e9sio","og_description":"O que \u00e9 real ou ilus\u00e3o? Esta \u00e9 uma quest\u00e3o fundamental que a humanidade tem\u00a0buscado responder, \u00e9 a quest\u00e3o \u00e0 procura da verdade. O que \u00e9 verdadeiro? O que \u00e9\u00a0mentiroso? A inquietude sobre a verdade se tornou crucial nestes \u00faltimos dias, pois o\u00a0tempo \u2013 outro importante objeto de quest\u00f5es filos\u00f3ficas &#8211; tem sido usado como\u00a0argumento dissimulador da verdade, ou melhor, como fundamento da oficializa\u00e7\u00e3o da\u00a0mentira.\u00a0Sem mais delongas, vamos direto ao assunto. Assim como muitos que passam pela\u00a0mesma ang\u00fastia, fui aprovada e classificada para ocupar uma das vagas declaradas\u00a0existentes pelo Edital 001\/2016, da Prefeitura Municipal de Juazeiro. A prova, a\u00a0encargo da AOCP, foi realizada em 24 de abril de 2016, e a homologa\u00e7\u00e3o do resultado\u00a0final e classificat\u00f3rio ocorreu em 13 de&hellip;","og_url":"https:\/\/blogdofarnesio.com.br\/?p=146577","og_site_name":"Blog do Farn\u00e9sio","article_publisher":"https:\/\/www.facebook.com\/BlogQuerSaberPolitica\/","article_published_time":"2016-08-09T13:00:26+00:00","og_image":[{"url":"http:\/\/www.quersaberpolitica.com.br\/2016\/wp-content\/uploads\/2016\/08\/opiniao.jpg","type":"","width":"","height":""}],"twitter_card":"summary_large_image","twitter_misc":{"Escrito por":"","Est. tempo de leitura":"2 minutos"},"schema":{"@context":"https:\/\/schema.org","@graph":[{"@type":"Article","@id":"https:\/\/blogdofarnesio.com.br\/?p=146577#article","isPartOf":{"@id":"https:\/\/blogdofarnesio.com.br\/?p=146577"},"author":{"name":"","@id":""},"headline":"CONCURSADA \u00c0 PROCURA DA VERDADE","datePublished":"2016-08-09T13:00:26+00:00","mainEntityOfPage":{"@id":"https:\/\/blogdofarnesio.com.br\/?p=146577"},"wordCount":477,"commentCount":0,"publisher":{"@id":"https:\/\/blogdofarnesio.com.br\/#organization"},"image":{"@id":"https:\/\/blogdofarnesio.com.br\/?p=146577#primaryimage"},"thumbnailUrl":"http:\/\/www.quersaberpolitica.com.br\/2016\/wp-content\/uploads\/2016\/08\/opiniao.jpg","articleSection":["Artigo"],"inLanguage":"pt-BR","potentialAction":[{"@type":"CommentAction","name":"Comment","target":["https:\/\/blogdofarnesio.com.br\/?p=146577#respond"]}]},{"@type":"WebPage","@id":"https:\/\/blogdofarnesio.com.br\/?p=146577","url":"https:\/\/blogdofarnesio.com.br\/?p=146577","name":"CONCURSADA \u00c0 PROCURA DA VERDADE - Blog do Farn\u00e9sio","isPartOf":{"@id":"https:\/\/blogdofarnesio.com.br\/#website"},"primaryImageOfPage":{"@id":"https:\/\/blogdofarnesio.com.br\/?p=146577#primaryimage"},"image":{"@id":"https:\/\/blogdofarnesio.com.br\/?p=146577#primaryimage"},"thumbnailUrl":"http:\/\/www.quersaberpolitica.com.br\/2016\/wp-content\/uploads\/2016\/08\/opiniao.jpg","datePublished":"2016-08-09T13:00:26+00:00","breadcrumb":{"@id":"https:\/\/blogdofarnesio.com.br\/?p=146577#breadcrumb"},"inLanguage":"pt-BR","potentialAction":[{"@type":"ReadAction","target":["https:\/\/blogdofarnesio.com.br\/?p=146577"]}]},{"@type":"ImageObject","inLanguage":"pt-BR","@id":"https:\/\/blogdofarnesio.com.br\/?p=146577#primaryimage","url":"http:\/\/www.quersaberpolitica.com.br\/2016\/wp-content\/uploads\/2016\/08\/opiniao.jpg","contentUrl":"http:\/\/www.quersaberpolitica.com.br\/2016\/wp-content\/uploads\/2016\/08\/opiniao.jpg"},{"@type":"BreadcrumbList","@id":"https:\/\/blogdofarnesio.com.br\/?p=146577#breadcrumb","itemListElement":[{"@type":"ListItem","position":1,"name":"In\u00edcio","item":"https:\/\/blogdofarnesio.com.br\/"},{"@type":"ListItem","position":2,"name":"CONCURSADA \u00c0 PROCURA DA VERDADE"}]},{"@type":"WebSite","@id":"https:\/\/blogdofarnesio.com.br\/#website","url":"https:\/\/blogdofarnesio.com.br\/","name":"Blog do Farn\u00e9sio","description":"Quer Saber Pol\u00edtica?","publisher":{"@id":"https:\/\/blogdofarnesio.com.br\/#organization"},"potentialAction":[{"@type":"SearchAction","target":{"@type":"EntryPoint","urlTemplate":"https:\/\/blogdofarnesio.com.br\/?s={search_term_string}"},"query-input":{"@type":"PropertyValueSpecification","valueRequired":true,"valueName":"search_term_string"}}],"inLanguage":"pt-BR"},{"@type":"Organization","@id":"https:\/\/blogdofarnesio.com.br\/#organization","name":"Blog do Farn\u00e9sio","url":"https:\/\/blogdofarnesio.com.br\/","logo":{"@type":"ImageObject","inLanguage":"pt-BR","@id":"https:\/\/blogdofarnesio.com.br\/#\/schema\/logo\/image\/","url":"https:\/\/blogdofarnesio.com.br\/wp-content\/uploads\/2026\/03\/cropped-logo_new-1.png","contentUrl":"https:\/\/blogdofarnesio.com.br\/wp-content\/uploads\/2026\/03\/cropped-logo_new-1.png","width":881,"height":685,"caption":"Blog do Farn\u00e9sio"},"image":{"@id":"https:\/\/blogdofarnesio.com.br\/#\/schema\/logo\/image\/"},"sameAs":["https:\/\/www.facebook.com\/BlogQuerSaberPolitica\/"]},{"@type":"Person","@id":"","url":"https:\/\/blogdofarnesio.com.br\/?author=7"}]}},"_links":{"self":[{"href":"https:\/\/blogdofarnesio.com.br\/index.php?rest_route=\/wp\/v2\/posts\/146577","targetHints":{"allow":["GET"]}}],"collection":[{"href":"https:\/\/blogdofarnesio.com.br\/index.php?rest_route=\/wp\/v2\/posts"}],"about":[{"href":"https:\/\/blogdofarnesio.com.br\/index.php?rest_route=\/wp\/v2\/types\/post"}],"author":[{"embeddable":true,"href":"https:\/\/blogdofarnesio.com.br\/index.php?rest_route=\/wp\/v2\/users\/7"}],"replies":[{"embeddable":true,"href":"https:\/\/blogdofarnesio.com.br\/index.php?rest_route=%2Fwp%2Fv2%2Fcomments&post=146577"}],"version-history":[{"count":0,"href":"https:\/\/blogdofarnesio.com.br\/index.php?rest_route=\/wp\/v2\/posts\/146577\/revisions"}],"wp:attachment":[{"href":"https:\/\/blogdofarnesio.com.br\/index.php?rest_route=%2Fwp%2Fv2%2Fmedia&parent=146577"}],"wp:term":[{"taxonomy":"category","embeddable":true,"href":"https:\/\/blogdofarnesio.com.br\/index.php?rest_route=%2Fwp%2Fv2%2Fcategories&post=146577"},{"taxonomy":"post_tag","embeddable":true,"href":"https:\/\/blogdofarnesio.com.br\/index.php?rest_route=%2Fwp%2Fv2%2Ftags&post=146577"}],"curies":[{"name":"wp","href":"https:\/\/api.w.org\/{rel}","templated":true}]}}