{"id":146026,"date":"2016-07-28T19:00:46","date_gmt":"2016-07-28T22:00:46","guid":{"rendered":"http:\/\/www.quersaberpolitica.com.br\/?p=146026"},"modified":"2016-07-28T15:20:36","modified_gmt":"2016-07-28T18:20:36","slug":"mais-remedios-serao-vendidos-sem-receitas-nas-farmacias","status":"publish","type":"post","link":"https:\/\/blogdofarnesio.com.br\/?p=146026","title":{"rendered":"MAIS REM\u00c9DIOS SER\u00c3O VENDIDOS SEM RECEITAS NAS FARM\u00c1CIAS"},"content":{"rendered":"<p style=\"text-align: justify\">\n<p style=\"text-align: justify\"><a href=\"http:\/\/www.quersaberpolitica.com.br\/2016\/wp-content\/uploads\/2014\/11\/blogqsp-rem\u00e9dio.jpg\"><img loading=\"lazy\" decoding=\"async\" class=\"  wp-image-106027 aligncenter\" src=\"http:\/\/www.quersaberpolitica.com.br\/2016\/wp-content\/uploads\/2014\/11\/blogqsp-rem\u00e9dio.jpg\" alt=\"blogqsp-rem\u00e9dio\" width=\"422\" height=\"287\" \/><\/a><\/p>\n<p style=\"text-align: justify\">Uma nova resolu\u00e7\u00e3o aprovada pela Anvisa (Ag\u00eancia Nacional de Vigil\u00e2ncia Sanit\u00e1ria) cria regras para definir quais medicamentos podem ser vendidos sem receita, cujo n\u00famero pode aumentar nas farm\u00e1cias brasileiras. A mudan\u00e7a atende a um pedido de ind\u00fastrias do setor, que afirma que rem\u00e9dios com tarja vermelha poderiam estar na lista dos \u201cisentos de prescri\u00e7\u00e3o\u201d.<\/p>\n<p style=\"text-align: justify\">Agora, a ag\u00eancia finaliza uma resolu\u00e7\u00e3o que define crit\u00e9rios para classificar quais medicamentos podem trocar de categoria e serem liberados da exig\u00eancia de receita. A Folha antecipou a mudan\u00e7a das regras.<span id=\"more-29857\"><\/span><\/p>\n<p style=\"text-align: justify\">A ideia \u00e9 que rem\u00e9dios considerados de baixo risco e indicados para sintomas mais simples e de f\u00e1cil identifica\u00e7\u00e3o sejam enquadrados como isentos de prescri\u00e7\u00e3o.<\/p>\n<p style=\"text-align: justify\">Esses medicamentos tamb\u00e9m devem cumprir outros crit\u00e9rios: estar no mercado h\u00e1 pelo menos dez anos (ou cinco no exterior sem precisar de receita), n\u00e3o produzir efeitos adversos significativos ou criar depend\u00eancia.<\/p>\n<p style=\"text-align: justify\">Da mesma forma, em rem\u00e9dios hoje isentos, a tarja poder\u00e1 ser aplicada em caso de relatos de efeitos colaterais.<\/p>\n<p style=\"text-align: justify\">Antes, essa troca n\u00e3o era poss\u00edvel, afirma o diretor-presidente da Anvisa, Jarbas Barbosa. \u201cCom isso, um medicamento pode mudar de condi\u00e7\u00e3o. \u00c9 a primeira vez que estabelecemos uma regra clara sobre isso.\u201d, afirma.<\/p>\n<p style=\"text-align: justify\">Fonte Folha de S\u00e3o Paulo<\/p>\n","protected":false},"excerpt":{"rendered":"<p>Uma nova resolu\u00e7\u00e3o aprovada pela Anvisa (Ag\u00eancia Nacional de Vigil\u00e2ncia Sanit\u00e1ria) cria regras para definir quais medicamentos podem ser vendidos sem receita, cujo n\u00famero pode aumentar nas farm\u00e1cias brasileiras. A mudan\u00e7a atende a um pedido de ind\u00fastrias do setor, que afirma que rem\u00e9dios com tarja vermelha poderiam estar na lista dos \u201cisentos de prescri\u00e7\u00e3o\u201d. Agora, a ag\u00eancia finaliza uma resolu\u00e7\u00e3o que define crit\u00e9rios para classificar quais medicamentos podem trocar de categoria e serem liberados da exig\u00eancia de receita. A Folha antecipou a mudan\u00e7a das regras. A ideia \u00e9 que rem\u00e9dios considerados de baixo risco e indicados para sintomas mais simples e de f\u00e1cil identifica\u00e7\u00e3o sejam enquadrados como isentos de prescri\u00e7\u00e3o. Esses medicamentos tamb\u00e9m devem cumprir outros crit\u00e9rios: estar no mercado&hellip; <\/p>\n","protected":false},"author":7,"featured_media":0,"comment_status":"open","ping_status":"open","sticky":false,"template":"","format":"standard","meta":{"_acf_changed":false,"footnotes":""},"categories":[44,4],"tags":[],"class_list":["post-146026","post","type-post","status-publish","format-standard","hentry","category-administracao","category-saude"],"acf":[],"yoast_head":"<!-- This site is optimized with the Yoast SEO plugin v27.4 - https:\/\/yoast.com\/product\/yoast-seo-wordpress\/ -->\n<title>MAIS REM\u00c9DIOS SER\u00c3O VENDIDOS SEM RECEITAS NAS FARM\u00c1CIAS - Blog do Farn\u00e9sio<\/title>\n<meta name=\"robots\" content=\"index, follow, max-snippet:-1, max-image-preview:large, max-video-preview:-1\" \/>\n<link rel=\"canonical\" href=\"https:\/\/blogdofarnesio.com.br\/?p=146026\" \/>\n<meta property=\"og:locale\" content=\"pt_BR\" \/>\n<meta property=\"og:type\" content=\"article\" \/>\n<meta property=\"og:title\" content=\"MAIS REM\u00c9DIOS SER\u00c3O VENDIDOS SEM RECEITAS NAS FARM\u00c1CIAS - Blog do Farn\u00e9sio\" \/>\n<meta property=\"og:description\" content=\"Uma nova resolu\u00e7\u00e3o aprovada pela Anvisa (Ag\u00eancia Nacional de Vigil\u00e2ncia Sanit\u00e1ria) cria regras para definir quais medicamentos podem ser vendidos sem receita, cujo n\u00famero pode aumentar nas farm\u00e1cias brasileiras. A mudan\u00e7a atende a um pedido de ind\u00fastrias do setor, que afirma que rem\u00e9dios com tarja vermelha poderiam estar na lista dos \u201cisentos de prescri\u00e7\u00e3o\u201d. Agora, a ag\u00eancia finaliza uma resolu\u00e7\u00e3o que define crit\u00e9rios para classificar quais medicamentos podem trocar de categoria e serem liberados da exig\u00eancia de receita. A Folha antecipou a mudan\u00e7a das regras. A ideia \u00e9 que rem\u00e9dios considerados de baixo risco e indicados para sintomas mais simples e de f\u00e1cil identifica\u00e7\u00e3o sejam enquadrados como isentos de prescri\u00e7\u00e3o. Esses medicamentos tamb\u00e9m devem cumprir outros crit\u00e9rios: estar no mercado&hellip;\" \/>\n<meta property=\"og:url\" content=\"https:\/\/blogdofarnesio.com.br\/?p=146026\" \/>\n<meta property=\"og:site_name\" content=\"Blog do Farn\u00e9sio\" \/>\n<meta property=\"article:publisher\" content=\"https:\/\/www.facebook.com\/BlogQuerSaberPolitica\/\" \/>\n<meta property=\"article:published_time\" content=\"2016-07-28T22:00:46+00:00\" \/>\n<meta name=\"twitter:card\" content=\"summary_large_image\" \/>\n<meta name=\"twitter:label1\" content=\"Escrito por\" \/>\n\t<meta name=\"twitter:data1\" content=\"\" \/>\n\t<meta name=\"twitter:label2\" content=\"Est. tempo de leitura\" \/>\n\t<meta name=\"twitter:data2\" content=\"1 minuto\" \/>\n<script type=\"application\/ld+json\" class=\"yoast-schema-graph\">{\"@context\":\"https:\\\/\\\/schema.org\",\"@graph\":[{\"@type\":\"Article\",\"@id\":\"https:\\\/\\\/blogdofarnesio.com.br\\\/?p=146026#article\",\"isPartOf\":{\"@id\":\"https:\\\/\\\/blogdofarnesio.com.br\\\/?p=146026\"},\"author\":{\"name\":\"\",\"@id\":\"\"},\"headline\":\"MAIS REM\u00c9DIOS SER\u00c3O VENDIDOS SEM RECEITAS NAS FARM\u00c1CIAS\",\"datePublished\":\"2016-07-28T22:00:46+00:00\",\"mainEntityOfPage\":{\"@id\":\"https:\\\/\\\/blogdofarnesio.com.br\\\/?p=146026\"},\"wordCount\":235,\"commentCount\":0,\"publisher\":{\"@id\":\"https:\\\/\\\/blogdofarnesio.com.br\\\/#organization\"},\"articleSection\":[\"Administra\u00e7\u00e3o\",\"Sa\u00fade\"],\"inLanguage\":\"pt-BR\",\"potentialAction\":[{\"@type\":\"CommentAction\",\"name\":\"Comment\",\"target\":[\"https:\\\/\\\/blogdofarnesio.com.br\\\/?p=146026#respond\"]}]},{\"@type\":\"WebPage\",\"@id\":\"https:\\\/\\\/blogdofarnesio.com.br\\\/?p=146026\",\"url\":\"https:\\\/\\\/blogdofarnesio.com.br\\\/?p=146026\",\"name\":\"MAIS REM\u00c9DIOS SER\u00c3O VENDIDOS SEM RECEITAS NAS FARM\u00c1CIAS - Blog do Farn\u00e9sio\",\"isPartOf\":{\"@id\":\"https:\\\/\\\/blogdofarnesio.com.br\\\/#website\"},\"datePublished\":\"2016-07-28T22:00:46+00:00\",\"breadcrumb\":{\"@id\":\"https:\\\/\\\/blogdofarnesio.com.br\\\/?p=146026#breadcrumb\"},\"inLanguage\":\"pt-BR\",\"potentialAction\":[{\"@type\":\"ReadAction\",\"target\":[\"https:\\\/\\\/blogdofarnesio.com.br\\\/?p=146026\"]}]},{\"@type\":\"BreadcrumbList\",\"@id\":\"https:\\\/\\\/blogdofarnesio.com.br\\\/?p=146026#breadcrumb\",\"itemListElement\":[{\"@type\":\"ListItem\",\"position\":1,\"name\":\"In\u00edcio\",\"item\":\"https:\\\/\\\/blogdofarnesio.com.br\\\/\"},{\"@type\":\"ListItem\",\"position\":2,\"name\":\"MAIS REM\u00c9DIOS SER\u00c3O VENDIDOS SEM RECEITAS NAS FARM\u00c1CIAS\"}]},{\"@type\":\"WebSite\",\"@id\":\"https:\\\/\\\/blogdofarnesio.com.br\\\/#website\",\"url\":\"https:\\\/\\\/blogdofarnesio.com.br\\\/\",\"name\":\"Blog do Farn\u00e9sio\",\"description\":\"Quer Saber Pol\u00edtica?\",\"publisher\":{\"@id\":\"https:\\\/\\\/blogdofarnesio.com.br\\\/#organization\"},\"potentialAction\":[{\"@type\":\"SearchAction\",\"target\":{\"@type\":\"EntryPoint\",\"urlTemplate\":\"https:\\\/\\\/blogdofarnesio.com.br\\\/?s={search_term_string}\"},\"query-input\":{\"@type\":\"PropertyValueSpecification\",\"valueRequired\":true,\"valueName\":\"search_term_string\"}}],\"inLanguage\":\"pt-BR\"},{\"@type\":\"Organization\",\"@id\":\"https:\\\/\\\/blogdofarnesio.com.br\\\/#organization\",\"name\":\"Blog do Farn\u00e9sio\",\"url\":\"https:\\\/\\\/blogdofarnesio.com.br\\\/\",\"logo\":{\"@type\":\"ImageObject\",\"inLanguage\":\"pt-BR\",\"@id\":\"https:\\\/\\\/blogdofarnesio.com.br\\\/#\\\/schema\\\/logo\\\/image\\\/\",\"url\":\"https:\\\/\\\/blogdofarnesio.com.br\\\/wp-content\\\/uploads\\\/2026\\\/03\\\/cropped-logo_new-1.png\",\"contentUrl\":\"https:\\\/\\\/blogdofarnesio.com.br\\\/wp-content\\\/uploads\\\/2026\\\/03\\\/cropped-logo_new-1.png\",\"width\":881,\"height\":685,\"caption\":\"Blog do Farn\u00e9sio\"},\"image\":{\"@id\":\"https:\\\/\\\/blogdofarnesio.com.br\\\/#\\\/schema\\\/logo\\\/image\\\/\"},\"sameAs\":[\"https:\\\/\\\/www.facebook.com\\\/BlogQuerSaberPolitica\\\/\"]},{\"@type\":\"Person\",\"@id\":\"\",\"url\":\"https:\\\/\\\/blogdofarnesio.com.br\\\/?author=7\"}]}<\/script>\n<!-- \/ Yoast SEO plugin. -->","yoast_head_json":{"title":"MAIS REM\u00c9DIOS SER\u00c3O VENDIDOS SEM RECEITAS NAS FARM\u00c1CIAS - Blog do Farn\u00e9sio","robots":{"index":"index","follow":"follow","max-snippet":"max-snippet:-1","max-image-preview":"max-image-preview:large","max-video-preview":"max-video-preview:-1"},"canonical":"https:\/\/blogdofarnesio.com.br\/?p=146026","og_locale":"pt_BR","og_type":"article","og_title":"MAIS REM\u00c9DIOS SER\u00c3O VENDIDOS SEM RECEITAS NAS FARM\u00c1CIAS - Blog do Farn\u00e9sio","og_description":"Uma nova resolu\u00e7\u00e3o aprovada pela Anvisa (Ag\u00eancia Nacional de Vigil\u00e2ncia Sanit\u00e1ria) cria regras para definir quais medicamentos podem ser vendidos sem receita, cujo n\u00famero pode aumentar nas farm\u00e1cias brasileiras. A mudan\u00e7a atende a um pedido de ind\u00fastrias do setor, que afirma que rem\u00e9dios com tarja vermelha poderiam estar na lista dos \u201cisentos de prescri\u00e7\u00e3o\u201d. Agora, a ag\u00eancia finaliza uma resolu\u00e7\u00e3o que define crit\u00e9rios para classificar quais medicamentos podem trocar de categoria e serem liberados da exig\u00eancia de receita. A Folha antecipou a mudan\u00e7a das regras. A ideia \u00e9 que rem\u00e9dios considerados de baixo risco e indicados para sintomas mais simples e de f\u00e1cil identifica\u00e7\u00e3o sejam enquadrados como isentos de prescri\u00e7\u00e3o. Esses medicamentos tamb\u00e9m devem cumprir outros crit\u00e9rios: estar no mercado&hellip;","og_url":"https:\/\/blogdofarnesio.com.br\/?p=146026","og_site_name":"Blog do Farn\u00e9sio","article_publisher":"https:\/\/www.facebook.com\/BlogQuerSaberPolitica\/","article_published_time":"2016-07-28T22:00:46+00:00","twitter_card":"summary_large_image","twitter_misc":{"Escrito por":"","Est. tempo de leitura":"1 minuto"},"schema":{"@context":"https:\/\/schema.org","@graph":[{"@type":"Article","@id":"https:\/\/blogdofarnesio.com.br\/?p=146026#article","isPartOf":{"@id":"https:\/\/blogdofarnesio.com.br\/?p=146026"},"author":{"name":"","@id":""},"headline":"MAIS REM\u00c9DIOS SER\u00c3O VENDIDOS SEM RECEITAS NAS FARM\u00c1CIAS","datePublished":"2016-07-28T22:00:46+00:00","mainEntityOfPage":{"@id":"https:\/\/blogdofarnesio.com.br\/?p=146026"},"wordCount":235,"commentCount":0,"publisher":{"@id":"https:\/\/blogdofarnesio.com.br\/#organization"},"articleSection":["Administra\u00e7\u00e3o","Sa\u00fade"],"inLanguage":"pt-BR","potentialAction":[{"@type":"CommentAction","name":"Comment","target":["https:\/\/blogdofarnesio.com.br\/?p=146026#respond"]}]},{"@type":"WebPage","@id":"https:\/\/blogdofarnesio.com.br\/?p=146026","url":"https:\/\/blogdofarnesio.com.br\/?p=146026","name":"MAIS REM\u00c9DIOS SER\u00c3O VENDIDOS SEM RECEITAS NAS FARM\u00c1CIAS - Blog do Farn\u00e9sio","isPartOf":{"@id":"https:\/\/blogdofarnesio.com.br\/#website"},"datePublished":"2016-07-28T22:00:46+00:00","breadcrumb":{"@id":"https:\/\/blogdofarnesio.com.br\/?p=146026#breadcrumb"},"inLanguage":"pt-BR","potentialAction":[{"@type":"ReadAction","target":["https:\/\/blogdofarnesio.com.br\/?p=146026"]}]},{"@type":"BreadcrumbList","@id":"https:\/\/blogdofarnesio.com.br\/?p=146026#breadcrumb","itemListElement":[{"@type":"ListItem","position":1,"name":"In\u00edcio","item":"https:\/\/blogdofarnesio.com.br\/"},{"@type":"ListItem","position":2,"name":"MAIS REM\u00c9DIOS SER\u00c3O VENDIDOS SEM RECEITAS NAS FARM\u00c1CIAS"}]},{"@type":"WebSite","@id":"https:\/\/blogdofarnesio.com.br\/#website","url":"https:\/\/blogdofarnesio.com.br\/","name":"Blog do Farn\u00e9sio","description":"Quer Saber Pol\u00edtica?","publisher":{"@id":"https:\/\/blogdofarnesio.com.br\/#organization"},"potentialAction":[{"@type":"SearchAction","target":{"@type":"EntryPoint","urlTemplate":"https:\/\/blogdofarnesio.com.br\/?s={search_term_string}"},"query-input":{"@type":"PropertyValueSpecification","valueRequired":true,"valueName":"search_term_string"}}],"inLanguage":"pt-BR"},{"@type":"Organization","@id":"https:\/\/blogdofarnesio.com.br\/#organization","name":"Blog do Farn\u00e9sio","url":"https:\/\/blogdofarnesio.com.br\/","logo":{"@type":"ImageObject","inLanguage":"pt-BR","@id":"https:\/\/blogdofarnesio.com.br\/#\/schema\/logo\/image\/","url":"https:\/\/blogdofarnesio.com.br\/wp-content\/uploads\/2026\/03\/cropped-logo_new-1.png","contentUrl":"https:\/\/blogdofarnesio.com.br\/wp-content\/uploads\/2026\/03\/cropped-logo_new-1.png","width":881,"height":685,"caption":"Blog do Farn\u00e9sio"},"image":{"@id":"https:\/\/blogdofarnesio.com.br\/#\/schema\/logo\/image\/"},"sameAs":["https:\/\/www.facebook.com\/BlogQuerSaberPolitica\/"]},{"@type":"Person","@id":"","url":"https:\/\/blogdofarnesio.com.br\/?author=7"}]}},"_links":{"self":[{"href":"https:\/\/blogdofarnesio.com.br\/index.php?rest_route=\/wp\/v2\/posts\/146026","targetHints":{"allow":["GET"]}}],"collection":[{"href":"https:\/\/blogdofarnesio.com.br\/index.php?rest_route=\/wp\/v2\/posts"}],"about":[{"href":"https:\/\/blogdofarnesio.com.br\/index.php?rest_route=\/wp\/v2\/types\/post"}],"author":[{"embeddable":true,"href":"https:\/\/blogdofarnesio.com.br\/index.php?rest_route=\/wp\/v2\/users\/7"}],"replies":[{"embeddable":true,"href":"https:\/\/blogdofarnesio.com.br\/index.php?rest_route=%2Fwp%2Fv2%2Fcomments&post=146026"}],"version-history":[{"count":0,"href":"https:\/\/blogdofarnesio.com.br\/index.php?rest_route=\/wp\/v2\/posts\/146026\/revisions"}],"wp:attachment":[{"href":"https:\/\/blogdofarnesio.com.br\/index.php?rest_route=%2Fwp%2Fv2%2Fmedia&parent=146026"}],"wp:term":[{"taxonomy":"category","embeddable":true,"href":"https:\/\/blogdofarnesio.com.br\/index.php?rest_route=%2Fwp%2Fv2%2Fcategories&post=146026"},{"taxonomy":"post_tag","embeddable":true,"href":"https:\/\/blogdofarnesio.com.br\/index.php?rest_route=%2Fwp%2Fv2%2Ftags&post=146026"}],"curies":[{"name":"wp","href":"https:\/\/api.w.org\/{rel}","templated":true}]}}