{"id":146021,"date":"2016-07-28T16:40:35","date_gmt":"2016-07-28T19:40:35","guid":{"rendered":"http:\/\/www.quersaberpolitica.com.br\/?p=146021"},"modified":"2016-07-28T14:55:58","modified_gmt":"2016-07-28T17:55:58","slug":"ligada-a-acoes-sociais-luska-portela-sera-a-companheira-de-chapa-de-miguel-coelho","status":"publish","type":"post","link":"https:\/\/blogdofarnesio.com.br\/?p=146021","title":{"rendered":"LIGADA A A\u00c7\u00d5ES SOCIAIS, LUSKA PORTELA SER\u00c1 A COMPANHEIRA DE CHAPA DE MIGUEL COELHO"},"content":{"rendered":"<p style=\"text-align: justify\"><a href=\"http:\/\/www.quersaberpolitica.com.br\/2016\/wp-content\/uploads\/2016\/07\/blogqsp-miguel-luska.jpg\"><img loading=\"lazy\" decoding=\"async\" class=\"  wp-image-146022 aligncenter\" src=\"http:\/\/www.quersaberpolitica.com.br\/2016\/wp-content\/uploads\/2016\/07\/blogqsp-miguel-luska-300x200.jpg\" alt=\"blogqsp-miguel-luska\" width=\"444\" height=\"302\" \/><\/a><\/p>\n<p style=\"text-align: justify\">Ex-secret\u00e1ria de A\u00e7\u00e3o Social e com largo hist\u00f3rico em defesa de idosos, a soci\u00f3loga Luska Portela (DEM) foi anunciada na manh\u00e3 desta quinta-feira (28) como a pr\u00e9-candidata a vice-prefeita de Petrolina na composi\u00e7\u00e3o com Miguel Coelho (PSB). O ato de an\u00fancio da futura chapa ainda foi marcado pela ades\u00e3o do Coronel Heitor Leite, ex-secret\u00e1rio de Educa\u00e7\u00e3o da atual gest\u00e3o municipal.<\/p>\n<p style=\"text-align: justify\">Miguel enfatizou a preocupa\u00e7\u00e3o com a maior participa\u00e7\u00e3o da mulher na pol\u00edtica e destacou as qualidades de Luska em defesa de v\u00e1rios segmentos sociais. \u201cH\u00e1 17 anos, Luska cuida da Casa Geri\u00e1trica de Petrolina, dando aten\u00e7\u00e3o ao idoso. Ela participou ainda do Rotary e outras causas. Enfim, tudo que \u00e9 ligado \u00e0 a\u00e7\u00e3o social tem o nome de Luska envolvido. Sempre disse que essa caminhada \u00e9 para cuidar das pessoas, olhar as crian\u00e7as, o idoso, e nossa pr\u00e9-candidata veio para passar uma mensagem. Se Petrolina, hoje, cuida das crian\u00e7as, no futuro vai cuidar tamb\u00e9m dos idosos, de todas as pessoas.\u201d<\/p>\n<p style=\"text-align: justify\">Aliada hist\u00f3rica de Osvaldo Coelho e do deputado federal Guilherme Coelho, Luska afirmou estar sensibilizada e orgulhosa de assumir a miss\u00e3o de compor a futura chapa como vice-prefeita numa ampla alian\u00e7a. \u201c\u00c9 uma mistura de emo\u00e7\u00f5es, prazer, honra, orgulho e gratid\u00e3o. Quero junto com Miguel, Guilherme e todos os petrolinenses uma Petrolina mais rica, alegre, humana, onde jovens, idosos, crian\u00e7as tenham chance.\u201d<\/p>\n<p style=\"text-align: justify\">Coronel Leite \u2013 Al\u00e9m do an\u00fancio de Luska, Miguel comunicou a alian\u00e7a com mais um ex-secret\u00e1rio da atual gest\u00e3o petrolinense. O ex-secret\u00e1rio de Educa\u00e7\u00e3o e respons\u00e1vel pelo programa Nova Semente, Coronel Heitor Leite, passa a integrar o grupo de for\u00e7as pol\u00edticas em torno de Miguel Coelho. \u201cEu aceitei o convite de Miguel honrado e feliz porque me sinto em casa, pois sempre tive uma boa rela\u00e7\u00e3o com a gera\u00e7\u00e3o mais antiga de Cyro, Guilherme e Fernando. Agora \u00e9 o momento de arrega\u00e7ar as mangas. Encerrei uma fase e inicio uma nova com o mesmo prop\u00f3sito de servir\u201d, destacou.<\/p>\n<p style=\"text-align: justify\">Com a chegada do Coronel Leite, a alian\u00e7a com Miguel conta com cinco ex-secret\u00e1rios da atual gest\u00e3o de Petrolina. J\u00e1 tinham aderido ao projeto pol\u00edtico Orlando Tolentino, Gleidson Castro, Brito Junior e Jorge Assun\u00e7\u00e3o.<\/p>\n<p><em>\u200bFOTOS: Jonas Santos\u200b<\/em><\/p>\n","protected":false},"excerpt":{"rendered":"<p>Ex-secret\u00e1ria de A\u00e7\u00e3o Social e com largo hist\u00f3rico em defesa de idosos, a soci\u00f3loga Luska Portela (DEM) foi anunciada na manh\u00e3 desta quinta-feira (28) como a pr\u00e9-candidata a vice-prefeita de Petrolina na composi\u00e7\u00e3o com Miguel Coelho (PSB). O ato de an\u00fancio da futura chapa ainda foi marcado pela ades\u00e3o do Coronel Heitor Leite, ex-secret\u00e1rio de Educa\u00e7\u00e3o da atual gest\u00e3o municipal. Miguel enfatizou a preocupa\u00e7\u00e3o com a maior participa\u00e7\u00e3o da mulher na pol\u00edtica e destacou as qualidades de Luska em defesa de v\u00e1rios segmentos sociais. \u201cH\u00e1 17 anos, Luska cuida da Casa Geri\u00e1trica de Petrolina, dando aten\u00e7\u00e3o ao idoso. Ela participou ainda do Rotary e outras causas. Enfim, tudo que \u00e9 ligado \u00e0 a\u00e7\u00e3o social tem o nome de Luska envolvido.&hellip; <\/p>\n","protected":false},"author":7,"featured_media":0,"comment_status":"open","ping_status":"open","sticky":false,"template":"","format":"standard","meta":{"_acf_changed":false,"footnotes":""},"categories":[1],"tags":[],"class_list":["post-146021","post","type-post","status-publish","format-standard","hentry","category-politica"],"acf":[],"yoast_head":"<!-- This site is optimized with the Yoast SEO plugin v27.4 - https:\/\/yoast.com\/product\/yoast-seo-wordpress\/ -->\n<title>LIGADA A A\u00c7\u00d5ES SOCIAIS, LUSKA PORTELA SER\u00c1 A COMPANHEIRA DE CHAPA DE MIGUEL COELHO - Blog do Farn\u00e9sio<\/title>\n<meta name=\"robots\" content=\"index, follow, max-snippet:-1, max-image-preview:large, max-video-preview:-1\" \/>\n<link rel=\"canonical\" href=\"https:\/\/blogdofarnesio.com.br\/?p=146021\" \/>\n<meta property=\"og:locale\" content=\"pt_BR\" \/>\n<meta property=\"og:type\" content=\"article\" \/>\n<meta property=\"og:title\" content=\"LIGADA A A\u00c7\u00d5ES SOCIAIS, LUSKA PORTELA SER\u00c1 A COMPANHEIRA DE CHAPA DE MIGUEL COELHO - Blog do Farn\u00e9sio\" \/>\n<meta property=\"og:description\" content=\"Ex-secret\u00e1ria de A\u00e7\u00e3o Social e com largo hist\u00f3rico em defesa de idosos, a soci\u00f3loga Luska Portela (DEM) foi anunciada na manh\u00e3 desta quinta-feira (28) como a pr\u00e9-candidata a vice-prefeita de Petrolina na composi\u00e7\u00e3o com Miguel Coelho (PSB). O ato de an\u00fancio da futura chapa ainda foi marcado pela ades\u00e3o do Coronel Heitor Leite, ex-secret\u00e1rio de Educa\u00e7\u00e3o da atual gest\u00e3o municipal. Miguel enfatizou a preocupa\u00e7\u00e3o com a maior participa\u00e7\u00e3o da mulher na pol\u00edtica e destacou as qualidades de Luska em defesa de v\u00e1rios segmentos sociais. \u201cH\u00e1 17 anos, Luska cuida da Casa Geri\u00e1trica de Petrolina, dando aten\u00e7\u00e3o ao idoso. Ela participou ainda do Rotary e outras causas. Enfim, tudo que \u00e9 ligado \u00e0 a\u00e7\u00e3o social tem o nome de Luska envolvido.&hellip;\" \/>\n<meta property=\"og:url\" content=\"https:\/\/blogdofarnesio.com.br\/?p=146021\" \/>\n<meta property=\"og:site_name\" content=\"Blog do Farn\u00e9sio\" \/>\n<meta property=\"article:publisher\" content=\"https:\/\/www.facebook.com\/BlogQuerSaberPolitica\/\" \/>\n<meta property=\"article:published_time\" content=\"2016-07-28T19:40:35+00:00\" \/>\n<meta property=\"og:image\" content=\"http:\/\/www.quersaberpolitica.com.br\/2016\/wp-content\/uploads\/2016\/07\/blogqsp-miguel-luska-300x200.jpg\" \/>\n<meta name=\"twitter:card\" content=\"summary_large_image\" \/>\n<meta name=\"twitter:label1\" content=\"Escrito por\" \/>\n\t<meta name=\"twitter:data1\" content=\"\" \/>\n\t<meta name=\"twitter:label2\" content=\"Est. tempo de leitura\" \/>\n\t<meta name=\"twitter:data2\" content=\"2 minutos\" \/>\n<script type=\"application\/ld+json\" class=\"yoast-schema-graph\">{\"@context\":\"https:\\\/\\\/schema.org\",\"@graph\":[{\"@type\":\"Article\",\"@id\":\"https:\\\/\\\/blogdofarnesio.com.br\\\/?p=146021#article\",\"isPartOf\":{\"@id\":\"https:\\\/\\\/blogdofarnesio.com.br\\\/?p=146021\"},\"author\":{\"name\":\"\",\"@id\":\"\"},\"headline\":\"LIGADA A A\u00c7\u00d5ES SOCIAIS, LUSKA PORTELA SER\u00c1 A COMPANHEIRA DE CHAPA DE MIGUEL COELHO\",\"datePublished\":\"2016-07-28T19:40:35+00:00\",\"mainEntityOfPage\":{\"@id\":\"https:\\\/\\\/blogdofarnesio.com.br\\\/?p=146021\"},\"wordCount\":411,\"commentCount\":0,\"publisher\":{\"@id\":\"https:\\\/\\\/blogdofarnesio.com.br\\\/#organization\"},\"image\":{\"@id\":\"https:\\\/\\\/blogdofarnesio.com.br\\\/?p=146021#primaryimage\"},\"thumbnailUrl\":\"http:\\\/\\\/www.quersaberpolitica.com.br\\\/2016\\\/wp-content\\\/uploads\\\/2016\\\/07\\\/blogqsp-miguel-luska-300x200.jpg\",\"articleSection\":[\"Pol\u00edtica\"],\"inLanguage\":\"pt-BR\",\"potentialAction\":[{\"@type\":\"CommentAction\",\"name\":\"Comment\",\"target\":[\"https:\\\/\\\/blogdofarnesio.com.br\\\/?p=146021#respond\"]}]},{\"@type\":\"WebPage\",\"@id\":\"https:\\\/\\\/blogdofarnesio.com.br\\\/?p=146021\",\"url\":\"https:\\\/\\\/blogdofarnesio.com.br\\\/?p=146021\",\"name\":\"LIGADA A A\u00c7\u00d5ES SOCIAIS, LUSKA PORTELA SER\u00c1 A COMPANHEIRA DE CHAPA DE MIGUEL COELHO - Blog do Farn\u00e9sio\",\"isPartOf\":{\"@id\":\"https:\\\/\\\/blogdofarnesio.com.br\\\/#website\"},\"primaryImageOfPage\":{\"@id\":\"https:\\\/\\\/blogdofarnesio.com.br\\\/?p=146021#primaryimage\"},\"image\":{\"@id\":\"https:\\\/\\\/blogdofarnesio.com.br\\\/?p=146021#primaryimage\"},\"thumbnailUrl\":\"http:\\\/\\\/www.quersaberpolitica.com.br\\\/2016\\\/wp-content\\\/uploads\\\/2016\\\/07\\\/blogqsp-miguel-luska-300x200.jpg\",\"datePublished\":\"2016-07-28T19:40:35+00:00\",\"breadcrumb\":{\"@id\":\"https:\\\/\\\/blogdofarnesio.com.br\\\/?p=146021#breadcrumb\"},\"inLanguage\":\"pt-BR\",\"potentialAction\":[{\"@type\":\"ReadAction\",\"target\":[\"https:\\\/\\\/blogdofarnesio.com.br\\\/?p=146021\"]}]},{\"@type\":\"ImageObject\",\"inLanguage\":\"pt-BR\",\"@id\":\"https:\\\/\\\/blogdofarnesio.com.br\\\/?p=146021#primaryimage\",\"url\":\"http:\\\/\\\/www.quersaberpolitica.com.br\\\/2016\\\/wp-content\\\/uploads\\\/2016\\\/07\\\/blogqsp-miguel-luska-300x200.jpg\",\"contentUrl\":\"http:\\\/\\\/www.quersaberpolitica.com.br\\\/2016\\\/wp-content\\\/uploads\\\/2016\\\/07\\\/blogqsp-miguel-luska-300x200.jpg\"},{\"@type\":\"BreadcrumbList\",\"@id\":\"https:\\\/\\\/blogdofarnesio.com.br\\\/?p=146021#breadcrumb\",\"itemListElement\":[{\"@type\":\"ListItem\",\"position\":1,\"name\":\"In\u00edcio\",\"item\":\"https:\\\/\\\/blogdofarnesio.com.br\\\/\"},{\"@type\":\"ListItem\",\"position\":2,\"name\":\"LIGADA A A\u00c7\u00d5ES SOCIAIS, LUSKA PORTELA SER\u00c1 A COMPANHEIRA DE CHAPA DE MIGUEL COELHO\"}]},{\"@type\":\"WebSite\",\"@id\":\"https:\\\/\\\/blogdofarnesio.com.br\\\/#website\",\"url\":\"https:\\\/\\\/blogdofarnesio.com.br\\\/\",\"name\":\"Blog do Farn\u00e9sio\",\"description\":\"Quer Saber Pol\u00edtica?\",\"publisher\":{\"@id\":\"https:\\\/\\\/blogdofarnesio.com.br\\\/#organization\"},\"potentialAction\":[{\"@type\":\"SearchAction\",\"target\":{\"@type\":\"EntryPoint\",\"urlTemplate\":\"https:\\\/\\\/blogdofarnesio.com.br\\\/?s={search_term_string}\"},\"query-input\":{\"@type\":\"PropertyValueSpecification\",\"valueRequired\":true,\"valueName\":\"search_term_string\"}}],\"inLanguage\":\"pt-BR\"},{\"@type\":\"Organization\",\"@id\":\"https:\\\/\\\/blogdofarnesio.com.br\\\/#organization\",\"name\":\"Blog do Farn\u00e9sio\",\"url\":\"https:\\\/\\\/blogdofarnesio.com.br\\\/\",\"logo\":{\"@type\":\"ImageObject\",\"inLanguage\":\"pt-BR\",\"@id\":\"https:\\\/\\\/blogdofarnesio.com.br\\\/#\\\/schema\\\/logo\\\/image\\\/\",\"url\":\"https:\\\/\\\/blogdofarnesio.com.br\\\/wp-content\\\/uploads\\\/2026\\\/03\\\/cropped-logo_new-1.png\",\"contentUrl\":\"https:\\\/\\\/blogdofarnesio.com.br\\\/wp-content\\\/uploads\\\/2026\\\/03\\\/cropped-logo_new-1.png\",\"width\":881,\"height\":685,\"caption\":\"Blog do Farn\u00e9sio\"},\"image\":{\"@id\":\"https:\\\/\\\/blogdofarnesio.com.br\\\/#\\\/schema\\\/logo\\\/image\\\/\"},\"sameAs\":[\"https:\\\/\\\/www.facebook.com\\\/BlogQuerSaberPolitica\\\/\"]},{\"@type\":\"Person\",\"@id\":\"\",\"url\":\"https:\\\/\\\/blogdofarnesio.com.br\\\/?author=7\"}]}<\/script>\n<!-- \/ Yoast SEO plugin. -->","yoast_head_json":{"title":"LIGADA A A\u00c7\u00d5ES SOCIAIS, LUSKA PORTELA SER\u00c1 A COMPANHEIRA DE CHAPA DE MIGUEL COELHO - Blog do Farn\u00e9sio","robots":{"index":"index","follow":"follow","max-snippet":"max-snippet:-1","max-image-preview":"max-image-preview:large","max-video-preview":"max-video-preview:-1"},"canonical":"https:\/\/blogdofarnesio.com.br\/?p=146021","og_locale":"pt_BR","og_type":"article","og_title":"LIGADA A A\u00c7\u00d5ES SOCIAIS, LUSKA PORTELA SER\u00c1 A COMPANHEIRA DE CHAPA DE MIGUEL COELHO - Blog do Farn\u00e9sio","og_description":"Ex-secret\u00e1ria de A\u00e7\u00e3o Social e com largo hist\u00f3rico em defesa de idosos, a soci\u00f3loga Luska Portela (DEM) foi anunciada na manh\u00e3 desta quinta-feira (28) como a pr\u00e9-candidata a vice-prefeita de Petrolina na composi\u00e7\u00e3o com Miguel Coelho (PSB). O ato de an\u00fancio da futura chapa ainda foi marcado pela ades\u00e3o do Coronel Heitor Leite, ex-secret\u00e1rio de Educa\u00e7\u00e3o da atual gest\u00e3o municipal. Miguel enfatizou a preocupa\u00e7\u00e3o com a maior participa\u00e7\u00e3o da mulher na pol\u00edtica e destacou as qualidades de Luska em defesa de v\u00e1rios segmentos sociais. \u201cH\u00e1 17 anos, Luska cuida da Casa Geri\u00e1trica de Petrolina, dando aten\u00e7\u00e3o ao idoso. Ela participou ainda do Rotary e outras causas. Enfim, tudo que \u00e9 ligado \u00e0 a\u00e7\u00e3o social tem o nome de Luska envolvido.&hellip;","og_url":"https:\/\/blogdofarnesio.com.br\/?p=146021","og_site_name":"Blog do Farn\u00e9sio","article_publisher":"https:\/\/www.facebook.com\/BlogQuerSaberPolitica\/","article_published_time":"2016-07-28T19:40:35+00:00","og_image":[{"url":"http:\/\/www.quersaberpolitica.com.br\/2016\/wp-content\/uploads\/2016\/07\/blogqsp-miguel-luska-300x200.jpg","type":"","width":"","height":""}],"twitter_card":"summary_large_image","twitter_misc":{"Escrito por":"","Est. tempo de leitura":"2 minutos"},"schema":{"@context":"https:\/\/schema.org","@graph":[{"@type":"Article","@id":"https:\/\/blogdofarnesio.com.br\/?p=146021#article","isPartOf":{"@id":"https:\/\/blogdofarnesio.com.br\/?p=146021"},"author":{"name":"","@id":""},"headline":"LIGADA A A\u00c7\u00d5ES SOCIAIS, LUSKA PORTELA SER\u00c1 A COMPANHEIRA DE CHAPA DE MIGUEL COELHO","datePublished":"2016-07-28T19:40:35+00:00","mainEntityOfPage":{"@id":"https:\/\/blogdofarnesio.com.br\/?p=146021"},"wordCount":411,"commentCount":0,"publisher":{"@id":"https:\/\/blogdofarnesio.com.br\/#organization"},"image":{"@id":"https:\/\/blogdofarnesio.com.br\/?p=146021#primaryimage"},"thumbnailUrl":"http:\/\/www.quersaberpolitica.com.br\/2016\/wp-content\/uploads\/2016\/07\/blogqsp-miguel-luska-300x200.jpg","articleSection":["Pol\u00edtica"],"inLanguage":"pt-BR","potentialAction":[{"@type":"CommentAction","name":"Comment","target":["https:\/\/blogdofarnesio.com.br\/?p=146021#respond"]}]},{"@type":"WebPage","@id":"https:\/\/blogdofarnesio.com.br\/?p=146021","url":"https:\/\/blogdofarnesio.com.br\/?p=146021","name":"LIGADA A A\u00c7\u00d5ES SOCIAIS, LUSKA PORTELA SER\u00c1 A COMPANHEIRA DE CHAPA DE MIGUEL COELHO - Blog do Farn\u00e9sio","isPartOf":{"@id":"https:\/\/blogdofarnesio.com.br\/#website"},"primaryImageOfPage":{"@id":"https:\/\/blogdofarnesio.com.br\/?p=146021#primaryimage"},"image":{"@id":"https:\/\/blogdofarnesio.com.br\/?p=146021#primaryimage"},"thumbnailUrl":"http:\/\/www.quersaberpolitica.com.br\/2016\/wp-content\/uploads\/2016\/07\/blogqsp-miguel-luska-300x200.jpg","datePublished":"2016-07-28T19:40:35+00:00","breadcrumb":{"@id":"https:\/\/blogdofarnesio.com.br\/?p=146021#breadcrumb"},"inLanguage":"pt-BR","potentialAction":[{"@type":"ReadAction","target":["https:\/\/blogdofarnesio.com.br\/?p=146021"]}]},{"@type":"ImageObject","inLanguage":"pt-BR","@id":"https:\/\/blogdofarnesio.com.br\/?p=146021#primaryimage","url":"http:\/\/www.quersaberpolitica.com.br\/2016\/wp-content\/uploads\/2016\/07\/blogqsp-miguel-luska-300x200.jpg","contentUrl":"http:\/\/www.quersaberpolitica.com.br\/2016\/wp-content\/uploads\/2016\/07\/blogqsp-miguel-luska-300x200.jpg"},{"@type":"BreadcrumbList","@id":"https:\/\/blogdofarnesio.com.br\/?p=146021#breadcrumb","itemListElement":[{"@type":"ListItem","position":1,"name":"In\u00edcio","item":"https:\/\/blogdofarnesio.com.br\/"},{"@type":"ListItem","position":2,"name":"LIGADA A A\u00c7\u00d5ES SOCIAIS, LUSKA PORTELA SER\u00c1 A COMPANHEIRA DE CHAPA DE MIGUEL COELHO"}]},{"@type":"WebSite","@id":"https:\/\/blogdofarnesio.com.br\/#website","url":"https:\/\/blogdofarnesio.com.br\/","name":"Blog do Farn\u00e9sio","description":"Quer Saber Pol\u00edtica?","publisher":{"@id":"https:\/\/blogdofarnesio.com.br\/#organization"},"potentialAction":[{"@type":"SearchAction","target":{"@type":"EntryPoint","urlTemplate":"https:\/\/blogdofarnesio.com.br\/?s={search_term_string}"},"query-input":{"@type":"PropertyValueSpecification","valueRequired":true,"valueName":"search_term_string"}}],"inLanguage":"pt-BR"},{"@type":"Organization","@id":"https:\/\/blogdofarnesio.com.br\/#organization","name":"Blog do Farn\u00e9sio","url":"https:\/\/blogdofarnesio.com.br\/","logo":{"@type":"ImageObject","inLanguage":"pt-BR","@id":"https:\/\/blogdofarnesio.com.br\/#\/schema\/logo\/image\/","url":"https:\/\/blogdofarnesio.com.br\/wp-content\/uploads\/2026\/03\/cropped-logo_new-1.png","contentUrl":"https:\/\/blogdofarnesio.com.br\/wp-content\/uploads\/2026\/03\/cropped-logo_new-1.png","width":881,"height":685,"caption":"Blog do Farn\u00e9sio"},"image":{"@id":"https:\/\/blogdofarnesio.com.br\/#\/schema\/logo\/image\/"},"sameAs":["https:\/\/www.facebook.com\/BlogQuerSaberPolitica\/"]},{"@type":"Person","@id":"","url":"https:\/\/blogdofarnesio.com.br\/?author=7"}]}},"_links":{"self":[{"href":"https:\/\/blogdofarnesio.com.br\/index.php?rest_route=\/wp\/v2\/posts\/146021","targetHints":{"allow":["GET"]}}],"collection":[{"href":"https:\/\/blogdofarnesio.com.br\/index.php?rest_route=\/wp\/v2\/posts"}],"about":[{"href":"https:\/\/blogdofarnesio.com.br\/index.php?rest_route=\/wp\/v2\/types\/post"}],"author":[{"embeddable":true,"href":"https:\/\/blogdofarnesio.com.br\/index.php?rest_route=\/wp\/v2\/users\/7"}],"replies":[{"embeddable":true,"href":"https:\/\/blogdofarnesio.com.br\/index.php?rest_route=%2Fwp%2Fv2%2Fcomments&post=146021"}],"version-history":[{"count":0,"href":"https:\/\/blogdofarnesio.com.br\/index.php?rest_route=\/wp\/v2\/posts\/146021\/revisions"}],"wp:attachment":[{"href":"https:\/\/blogdofarnesio.com.br\/index.php?rest_route=%2Fwp%2Fv2%2Fmedia&parent=146021"}],"wp:term":[{"taxonomy":"category","embeddable":true,"href":"https:\/\/blogdofarnesio.com.br\/index.php?rest_route=%2Fwp%2Fv2%2Fcategories&post=146021"},{"taxonomy":"post_tag","embeddable":true,"href":"https:\/\/blogdofarnesio.com.br\/index.php?rest_route=%2Fwp%2Fv2%2Ftags&post=146021"}],"curies":[{"name":"wp","href":"https:\/\/api.w.org\/{rel}","templated":true}]}}